{"id":8382,"date":"2023-12-15T18:56:55","date_gmt":"2023-12-15T17:56:55","guid":{"rendered":"https:\/\/thedailyreports.com\/fr\/?p=8382"},"modified":"2023-12-15T18:56:56","modified_gmt":"2023-12-15T17:56:56","slug":"emmanuel-macron-reporte-sa-visite-au-liban-pour-une-duree-indeterminee","status":"publish","type":"post","link":"https:\/\/thedailyreports.com\/fr\/2023\/12\/15\/emmanuel-macron-reporte-sa-visite-au-liban-pour-une-duree-indeterminee\/","title":{"rendered":"Emmanuel Macron reporte sa visite au Liban pour une dur\u00e9e ind\u00e9termin\u00e9e"},"content":{"rendered":"\n<p>La France occupe un r\u00f4le de premier plan aux c\u00f4t\u00e9s des parties libanaises dans la recherche d&#8217;une solution qui permettrait d&#8217;\u00e9viter une guerre entre le Liban et Isra\u00ebl et de parvenir \u00e0 une tr\u00eave durable. Le pr\u00e9sident Emmanuel Macron, qui devait se rendre \u00e0 Beyrouth ce mois-ci, a annul\u00e9 son voyage sans pr\u00e9ciser les raisons. &nbsp;<\/p>\n\n\n\n<p>Depuis le d\u00e9clenchement de la guerre \u00e0 Gaza, l\u2019Occident s\u2019emploie \u00e0 pr\u00e9venir son expansion sur d\u2019autres fronts, notamment le front libanais. La France mobilise sa diplomatie dans ce sens apr\u00e8s que les affrontements ont entra\u00een\u00e9 des d\u00e9placements forc\u00e9s dans les colonies adjacentes \u00e0 la fronti\u00e8re libanaise.<\/p>\n\n\n\n<p>Les dirigeants de la Force internationale se pr\u00e9parent \u00e0 recevoir des responsables politiques et s\u00e9curitaires fran\u00e7ais pour discuter des moyens de mettre en \u0153uvre le plan fran\u00e7ais visant \u00e0 \u00ab cr\u00e9er une zone tampon dans la r\u00e9gion sud du Litani et forcer le Hezbollah \u00e0 se retirer au nord du fleuve \u00bb.<\/p>\n\n\n\n<p>\u200bIl y a deux semaines, Jean-Yves Le Drian, l&#8217;envoy\u00e9 sp\u00e9cial d\u2019Emmanuel Macron pour le Liban, et Bernard Emier, le directeur du renseignement fran\u00e7ais ont pr\u00e9sent\u00e9 aux responsables libanais une feuille de route \u00e9tablie par la France pour notamment rassurer leurs colons et \u00e9viter l&#8217;expansion de la guerre.<\/p>\n\n\n\n<p>Ces derniers jours, une d\u00e9l\u00e9gation compos\u00e9e d&#8217;officiers de l&#8217;Elys\u00e9e et de diplomates du minist\u00e8re fran\u00e7ais des Affaires \u00e9trang\u00e8res a pris des dispositions \u00e0 l&#8217;a\u00e9roport de Beyrouth en vue de la visite d\u2019Emmanuel Macron, et s&#8217;est rendue au sud du Liban pour effectuer une inspection de terrain, sachant que le pr\u00e9sident fran\u00e7ais venait visiter le bataillon fran\u00e7ais op\u00e9rant dans le cadre de la \u00ab FINUL \u00bb, avant que la visite ne soit report\u00e9e.<\/p>\n\n\n\n<p>Toutefois, la ministre fran\u00e7aise des Affaires \u00e9trang\u00e8res, Catherine Colonna, devrait arriver vendredi soir \u00e0 Beyrouth pour une visite de deux jours, co\u00efncidant avec la visite annuelle du ministre fran\u00e7ais de la D\u00e9fense pour saluer les officiers et membres du bataillon fran\u00e7ais op\u00e9rant dans le cadre des forces internationales \u00ab&nbsp;FINUL&nbsp;\u00bb \u00e0 Naqoura.<\/p>\n\n\n\n<p>Les m\u00e9dias libanais affirment que l&#8217;envoy\u00e9 sp\u00e9cial fran\u00e7ais Jean-Yves Le Drian reviendra au Liban imm\u00e9diatement apr\u00e8s les vacances de fin d\u2019ann\u00e9e et sera accompagn\u00e9 de la ministre Catherine Colonna, afin qu&#8217;il ach\u00e8ve ce qu&#8217;il a commenc\u00e9, d&#8217;autant que la derni\u00e8re visite a \u00e9t\u00e9 fructueuse \u00e0 certains \u00e9gards, contrairement aux pr\u00e9c\u00e9dentes sessions qui visaient \u00e0 mettre fin \u00e0 la vacance \u00e0 la t\u00eate de l&#8217;arm\u00e9e libanaise. Le diplomate avait r\u00e9ussi \u00e0 faire bouger l\u2019inertie ambiante autour de la prolongation du commandement de l&#8217;arm\u00e9e et a provoqu\u00e9 un changement qualitatif gr\u00e2ce \u00e0 sa rencontre avec le chef du bloc parlementaire \u00ab&nbsp;Loyaut\u00e9 \u00e0 la R\u00e9sistance&nbsp;\u00bb, Mohammad Raad.<\/p>\n\n\n\n<p>A cela s\u2019ajoute l\u2019enjeu extr\u00eamement important pour la France, qui consiste \u00e0 \u00ab \u00e9tablir une ceinture de s\u00e9curit\u00e9 aux fronti\u00e8res d\u2019Isra\u00ebl \u00bb. Les d\u00e9l\u00e9gu\u00e9s ont propos\u00e9 aux responsables libanais \u00ab&nbsp;de d\u00e9ployer des forces fran\u00e7aises des deux c\u00f4t\u00e9s de la Ligne bleue pour assurer une distance entre le Hezbollah et la fronti\u00e8re d&#8217;une part, et pour prot\u00e9ger les colons d&#8217;autre part&nbsp;\u00bb.<\/p>\n\n\n\n<p>La France a indiqu\u00e9 qu\u2019en \u00e9change de la \u00ab zone tampon \u00bb, Isra\u00ebl ne se retirerait pas du nord de Ghajar, des fermes de Chebaa et des 13 points r\u00e9serv\u00e9s. La proposition est de \u00ab&nbsp;transf\u00e9rer la direction de la Finul hors du sud, sans pr\u00e9ciser la destination, Beyrouth ou Tel-Aviv&nbsp;\u00bb.<\/p>\n\n\n\n<p>L\u2019acc\u00e9l\u00e9ration du rythme des offensives a incit\u00e9 les \u00c9tats-Unis et la France \u00e0 redoubler d\u2019efforts pour d\u00e9samorcer l\u2019escalade militaire gr\u00e2ce \u00e0 la pleine mise en \u0153uvre de la r\u00e9solution internationale n\u00b0 1701 publi\u00e9e en ao\u00fbt 2006, en particulier l\u2019article 8, qui stipule que la zone qui s\u2019\u00e9tend de la fronti\u00e8re jusqu&#8217;au fleuve Litani doit \u00eatre \u00e9vacu\u00e9e de ses armes et de ses militants, \u00e0 l&#8217;exception de l&#8217;arm\u00e9e libanaise et des forces de la FINUL.<\/p>\n\n\n\n<p>Isra\u00ebl a exerc\u00e9 une forte pression par l\u2019interm\u00e9diaire de ses hauts responsables, notamment le ministre de la D\u00e9fense Yoav Galant, qui a promis de repousser les forces du Hezbollah hors de la zone susmentionn\u00e9e par voie diplomatique si cela est possible, ou par la force si cela s\u2019av\u00e8re n\u00e9cessaire.<\/p>\n\n\n\n<p>Le conseiller du pr\u00e9sident am\u00e9ricain en mati\u00e8re de s\u00e9curit\u00e9 \u00e9nerg\u00e9tique, Amos Hochstein, dirige ces efforts, et des sources au Liban indiquent qu&#8217;il s&#8217;int\u00e9resse particuli\u00e8rement \u00e0 la situation du sud pour des raisons personnelles et politiques. Le m\u00e9diateur am\u00e9ricain dans le dossier de la d\u00e9marcation des fronti\u00e8res maritimes entre le Liban et Isra\u00ebl sait pertinemment que toute guerre ult\u00e9rieure contre le Liban porterait atteinte \u00e0 l&#8217;accord de d\u00e9marcation &#8211; que Hochstein consid\u00e8re comme l&#8217;une de ses plus grandes r\u00e9ussites &#8211; \u00e9tant donn\u00e9 que les raffineries et les gisements de p\u00e9trole saisis par Isra\u00ebl figurent dans la liste des cibles.<\/p>\n\n\n\n<p>Hockstein tente de convaincre les responsables de l\u2019administration am\u00e9ricaine et du gouvernement isra\u00e9lien que la guerre sapera l\u2019accord maritime, ce qui ne sera pas facile car le Hezbollah est dans une position plus forte que le Hamas assi\u00e9g\u00e9.<\/p>\n","protected":false},"excerpt":{"rendered":"<p>La France occupe un r\u00f4le de premier plan aux c\u00f4t\u00e9s des parties libanaises dans la recherche d&#8217;une solution qui permettrait d&#8217;\u00e9viter une guerre entre le Liban et Isra\u00ebl et de parvenir \u00e0 une tr\u00eave durable. Le pr\u00e9sident Emmanuel Macron, qui devait se rendre \u00e0 Beyrouth ce mois-ci, a annul\u00e9 son voyage sans pr\u00e9ciser les raisons.<\/p>\n","protected":false},"author":5,"featured_media":8383,"comment_status":"open","ping_status":"open","sticky":false,"template":"","format":"standard","meta":{"footnotes":""},"categories":[27,32],"tags":[],"class_list":{"0":"post-8382","1":"post","2":"type-post","3":"status-publish","4":"format-standard","5":"has-post-thumbnail","7":"category-france","8":"category-regions"},"yoast_head":"<!-- This site is optimized with the Yoast SEO plugin v27.4 - https:\/\/yoast.com\/product\/yoast-seo-wordpress\/ -->\n<title>Emmanuel Macron reporte sa visite au Liban pour une dur\u00e9e ind\u00e9termin\u00e9e - Les Rapports Quotidiens<\/title>\n<meta name=\"robots\" content=\"index, follow, max-snippet:-1, max-image-preview:large, max-video-preview:-1\" \/>\n<link rel=\"canonical\" href=\"https:\/\/thedailyreports.com\/fr\/2023\/12\/15\/emmanuel-macron-reporte-sa-visite-au-liban-pour-une-duree-indeterminee\/\" \/>\n<meta property=\"og:locale\" content=\"en_US\" \/>\n<meta property=\"og:type\" content=\"article\" \/>\n<meta property=\"og:title\" content=\"Emmanuel Macron reporte sa visite au Liban pour une dur\u00e9e ind\u00e9termin\u00e9e - Les Rapports Quotidiens\" \/>\n<meta property=\"og:description\" content=\"La France occupe un r\u00f4le de premier plan aux c\u00f4t\u00e9s des parties libanaises dans la recherche d&#8217;une solution qui permettrait d&#8217;\u00e9viter une guerre entre le Liban et Isra\u00ebl et de parvenir \u00e0 une tr\u00eave durable. Le pr\u00e9sident Emmanuel Macron, qui devait se rendre \u00e0 Beyrouth ce mois-ci, a annul\u00e9 son voyage sans pr\u00e9ciser les raisons.\" \/>\n<meta property=\"og:url\" content=\"https:\/\/thedailyreports.com\/fr\/2023\/12\/15\/emmanuel-macron-reporte-sa-visite-au-liban-pour-une-duree-indeterminee\/\" \/>\n<meta property=\"og:site_name\" content=\"Les Rapports Quotidiens\" \/>\n<meta property=\"article:published_time\" content=\"2023-12-15T17:56:55+00:00\" \/>\n<meta property=\"article:modified_time\" content=\"2023-12-15T17:56:56+00:00\" \/>\n<meta property=\"og:image\" content=\"https:\/\/thedailyreports.com\/fr\/wp-content\/uploads\/2023\/12\/Dalati-Emmanuel-Macron-aide-residence-des-pins-AHM6921-696x463-1.jpg\" \/>\n\t<meta property=\"og:image:width\" content=\"696\" \/>\n\t<meta property=\"og:image:height\" content=\"463\" \/>\n\t<meta property=\"og:image:type\" content=\"image\/jpeg\" \/>\n<meta name=\"author\" content=\"The Daily Reports\" \/>\n<meta name=\"twitter:card\" content=\"summary_large_image\" \/>\n<meta name=\"twitter:label1\" content=\"Written by\" \/>\n\t<meta name=\"twitter:data1\" content=\"The Daily Reports\" \/>\n\t<meta name=\"twitter:label2\" content=\"Est. reading time\" \/>\n\t<meta name=\"twitter:data2\" content=\"4 minutes\" \/>\n<script type=\"application\/ld+json\" class=\"yoast-schema-graph\">{\"@context\":\"https:\\\/\\\/schema.org\",\"@graph\":[{\"@type\":\"Article\",\"@id\":\"https:\\\/\\\/thedailyreports.com\\\/fr\\\/2023\\\/12\\\/15\\\/emmanuel-macron-reporte-sa-visite-au-liban-pour-une-duree-indeterminee\\\/#article\",\"isPartOf\":{\"@id\":\"https:\\\/\\\/thedailyreports.com\\\/fr\\\/2023\\\/12\\\/15\\\/emmanuel-macron-reporte-sa-visite-au-liban-pour-une-duree-indeterminee\\\/\"},\"author\":{\"name\":\"The Daily Reports\",\"@id\":\"https:\\\/\\\/thedailyreports.com\\\/fr\\\/#\\\/schema\\\/person\\\/b00df16edad26ba8db109fb28c806a2a\"},\"headline\":\"Emmanuel Macron reporte sa visite au Liban pour une dur\u00e9e ind\u00e9termin\u00e9e\",\"datePublished\":\"2023-12-15T17:56:55+00:00\",\"dateModified\":\"2023-12-15T17:56:56+00:00\",\"mainEntityOfPage\":{\"@id\":\"https:\\\/\\\/thedailyreports.com\\\/fr\\\/2023\\\/12\\\/15\\\/emmanuel-macron-reporte-sa-visite-au-liban-pour-une-duree-indeterminee\\\/\"},\"wordCount\":940,\"commentCount\":0,\"image\":{\"@id\":\"https:\\\/\\\/thedailyreports.com\\\/fr\\\/2023\\\/12\\\/15\\\/emmanuel-macron-reporte-sa-visite-au-liban-pour-une-duree-indeterminee\\\/#primaryimage\"},\"thumbnailUrl\":\"https:\\\/\\\/thedailyreports.com\\\/fr\\\/wp-content\\\/uploads\\\/2023\\\/12\\\/Dalati-Emmanuel-Macron-aide-residence-des-pins-AHM6921-696x463-1.jpg\",\"articleSection\":[\"France\",\"Regions\"],\"inLanguage\":\"en-US\",\"potentialAction\":[{\"@type\":\"CommentAction\",\"name\":\"Comment\",\"target\":[\"https:\\\/\\\/thedailyreports.com\\\/fr\\\/2023\\\/12\\\/15\\\/emmanuel-macron-reporte-sa-visite-au-liban-pour-une-duree-indeterminee\\\/#respond\"]}]},{\"@type\":\"WebPage\",\"@id\":\"https:\\\/\\\/thedailyreports.com\\\/fr\\\/2023\\\/12\\\/15\\\/emmanuel-macron-reporte-sa-visite-au-liban-pour-une-duree-indeterminee\\\/\",\"url\":\"https:\\\/\\\/thedailyreports.com\\\/fr\\\/2023\\\/12\\\/15\\\/emmanuel-macron-reporte-sa-visite-au-liban-pour-une-duree-indeterminee\\\/\",\"name\":\"Emmanuel Macron reporte sa visite au Liban pour une dur\u00e9e ind\u00e9termin\u00e9e - Les Rapports Quotidiens\",\"isPartOf\":{\"@id\":\"https:\\\/\\\/thedailyreports.com\\\/fr\\\/#website\"},\"primaryImageOfPage\":{\"@id\":\"https:\\\/\\\/thedailyreports.com\\\/fr\\\/2023\\\/12\\\/15\\\/emmanuel-macron-reporte-sa-visite-au-liban-pour-une-duree-indeterminee\\\/#primaryimage\"},\"image\":{\"@id\":\"https:\\\/\\\/thedailyreports.com\\\/fr\\\/2023\\\/12\\\/15\\\/emmanuel-macron-reporte-sa-visite-au-liban-pour-une-duree-indeterminee\\\/#primaryimage\"},\"thumbnailUrl\":\"https:\\\/\\\/thedailyreports.com\\\/fr\\\/wp-content\\\/uploads\\\/2023\\\/12\\\/Dalati-Emmanuel-Macron-aide-residence-des-pins-AHM6921-696x463-1.jpg\",\"datePublished\":\"2023-12-15T17:56:55+00:00\",\"dateModified\":\"2023-12-15T17:56:56+00:00\",\"author\":{\"@id\":\"https:\\\/\\\/thedailyreports.com\\\/fr\\\/#\\\/schema\\\/person\\\/b00df16edad26ba8db109fb28c806a2a\"},\"breadcrumb\":{\"@id\":\"https:\\\/\\\/thedailyreports.com\\\/fr\\\/2023\\\/12\\\/15\\\/emmanuel-macron-reporte-sa-visite-au-liban-pour-une-duree-indeterminee\\\/#breadcrumb\"},\"inLanguage\":\"en-US\",\"potentialAction\":[{\"@type\":\"ReadAction\",\"target\":[\"https:\\\/\\\/thedailyreports.com\\\/fr\\\/2023\\\/12\\\/15\\\/emmanuel-macron-reporte-sa-visite-au-liban-pour-une-duree-indeterminee\\\/\"]}]},{\"@type\":\"ImageObject\",\"inLanguage\":\"en-US\",\"@id\":\"https:\\\/\\\/thedailyreports.com\\\/fr\\\/2023\\\/12\\\/15\\\/emmanuel-macron-reporte-sa-visite-au-liban-pour-une-duree-indeterminee\\\/#primaryimage\",\"url\":\"https:\\\/\\\/thedailyreports.com\\\/fr\\\/wp-content\\\/uploads\\\/2023\\\/12\\\/Dalati-Emmanuel-Macron-aide-residence-des-pins-AHM6921-696x463-1.jpg\",\"contentUrl\":\"https:\\\/\\\/thedailyreports.com\\\/fr\\\/wp-content\\\/uploads\\\/2023\\\/12\\\/Dalati-Emmanuel-Macron-aide-residence-des-pins-AHM6921-696x463-1.jpg\",\"width\":696,\"height\":463},{\"@type\":\"BreadcrumbList\",\"@id\":\"https:\\\/\\\/thedailyreports.com\\\/fr\\\/2023\\\/12\\\/15\\\/emmanuel-macron-reporte-sa-visite-au-liban-pour-une-duree-indeterminee\\\/#breadcrumb\",\"itemListElement\":[{\"@type\":\"ListItem\",\"position\":1,\"name\":\"Home\",\"item\":\"https:\\\/\\\/thedailyreports.com\\\/fr\\\/\"},{\"@type\":\"ListItem\",\"position\":2,\"name\":\"Emmanuel Macron reporte sa visite au Liban pour une dur\u00e9e ind\u00e9termin\u00e9e\"}]},{\"@type\":\"WebSite\",\"@id\":\"https:\\\/\\\/thedailyreports.com\\\/fr\\\/#website\",\"url\":\"https:\\\/\\\/thedailyreports.com\\\/fr\\\/\",\"name\":\"Les Rapports Quotidiens\",\"description\":\"Toute la v\u00e9rit\u00e9, rien que la v\u00e9rit\u00e9\",\"potentialAction\":[{\"@type\":\"SearchAction\",\"target\":{\"@type\":\"EntryPoint\",\"urlTemplate\":\"https:\\\/\\\/thedailyreports.com\\\/fr\\\/?s={search_term_string}\"},\"query-input\":{\"@type\":\"PropertyValueSpecification\",\"valueRequired\":true,\"valueName\":\"search_term_string\"}}],\"inLanguage\":\"en-US\"},{\"@type\":\"Person\",\"@id\":\"https:\\\/\\\/thedailyreports.com\\\/fr\\\/#\\\/schema\\\/person\\\/b00df16edad26ba8db109fb28c806a2a\",\"name\":\"The Daily Reports\",\"image\":{\"@type\":\"ImageObject\",\"inLanguage\":\"en-US\",\"@id\":\"https:\\\/\\\/secure.gravatar.com\\\/avatar\\\/302a03d420eae20396406f37e0504a570385b6e8478a3733ea8ee684acee8497?s=96&d=mm&r=g\",\"url\":\"https:\\\/\\\/secure.gravatar.com\\\/avatar\\\/302a03d420eae20396406f37e0504a570385b6e8478a3733ea8ee684acee8497?s=96&d=mm&r=g\",\"contentUrl\":\"https:\\\/\\\/secure.gravatar.com\\\/avatar\\\/302a03d420eae20396406f37e0504a570385b6e8478a3733ea8ee684acee8497?s=96&d=mm&r=g\",\"caption\":\"The Daily Reports\"},\"sameAs\":[\"https:\\\/\\\/thedailyreports.com\\\/fr\"],\"url\":\"https:\\\/\\\/thedailyreports.com\\\/fr\\\/author\\\/haythem\\\/\"}]}<\/script>\n<!-- \/ Yoast SEO plugin. -->","yoast_head_json":{"title":"Emmanuel Macron reporte sa visite au Liban pour une dur\u00e9e ind\u00e9termin\u00e9e - Les Rapports Quotidiens","robots":{"index":"index","follow":"follow","max-snippet":"max-snippet:-1","max-image-preview":"max-image-preview:large","max-video-preview":"max-video-preview:-1"},"canonical":"https:\/\/thedailyreports.com\/fr\/2023\/12\/15\/emmanuel-macron-reporte-sa-visite-au-liban-pour-une-duree-indeterminee\/","og_locale":"en_US","og_type":"article","og_title":"Emmanuel Macron reporte sa visite au Liban pour une dur\u00e9e ind\u00e9termin\u00e9e - Les Rapports Quotidiens","og_description":"La France occupe un r\u00f4le de premier plan aux c\u00f4t\u00e9s des parties libanaises dans la recherche d&#8217;une solution qui permettrait d&#8217;\u00e9viter une guerre entre le Liban et Isra\u00ebl et de parvenir \u00e0 une tr\u00eave durable. Le pr\u00e9sident Emmanuel Macron, qui devait se rendre \u00e0 Beyrouth ce mois-ci, a annul\u00e9 son voyage sans pr\u00e9ciser les raisons.","og_url":"https:\/\/thedailyreports.com\/fr\/2023\/12\/15\/emmanuel-macron-reporte-sa-visite-au-liban-pour-une-duree-indeterminee\/","og_site_name":"Les Rapports Quotidiens","article_published_time":"2023-12-15T17:56:55+00:00","article_modified_time":"2023-12-15T17:56:56+00:00","og_image":[{"width":696,"height":463,"url":"https:\/\/thedailyreports.com\/fr\/wp-content\/uploads\/2023\/12\/Dalati-Emmanuel-Macron-aide-residence-des-pins-AHM6921-696x463-1.jpg","type":"image\/jpeg"}],"author":"The Daily Reports","twitter_card":"summary_large_image","twitter_misc":{"Written by":"The Daily Reports","Est. reading time":"4 minutes"},"schema":{"@context":"https:\/\/schema.org","@graph":[{"@type":"Article","@id":"https:\/\/thedailyreports.com\/fr\/2023\/12\/15\/emmanuel-macron-reporte-sa-visite-au-liban-pour-une-duree-indeterminee\/#article","isPartOf":{"@id":"https:\/\/thedailyreports.com\/fr\/2023\/12\/15\/emmanuel-macron-reporte-sa-visite-au-liban-pour-une-duree-indeterminee\/"},"author":{"name":"The Daily Reports","@id":"https:\/\/thedailyreports.com\/fr\/#\/schema\/person\/b00df16edad26ba8db109fb28c806a2a"},"headline":"Emmanuel Macron reporte sa visite au Liban pour une dur\u00e9e ind\u00e9termin\u00e9e","datePublished":"2023-12-15T17:56:55+00:00","dateModified":"2023-12-15T17:56:56+00:00","mainEntityOfPage":{"@id":"https:\/\/thedailyreports.com\/fr\/2023\/12\/15\/emmanuel-macron-reporte-sa-visite-au-liban-pour-une-duree-indeterminee\/"},"wordCount":940,"commentCount":0,"image":{"@id":"https:\/\/thedailyreports.com\/fr\/2023\/12\/15\/emmanuel-macron-reporte-sa-visite-au-liban-pour-une-duree-indeterminee\/#primaryimage"},"thumbnailUrl":"https:\/\/thedailyreports.com\/fr\/wp-content\/uploads\/2023\/12\/Dalati-Emmanuel-Macron-aide-residence-des-pins-AHM6921-696x463-1.jpg","articleSection":["France","Regions"],"inLanguage":"en-US","potentialAction":[{"@type":"CommentAction","name":"Comment","target":["https:\/\/thedailyreports.com\/fr\/2023\/12\/15\/emmanuel-macron-reporte-sa-visite-au-liban-pour-une-duree-indeterminee\/#respond"]}]},{"@type":"WebPage","@id":"https:\/\/thedailyreports.com\/fr\/2023\/12\/15\/emmanuel-macron-reporte-sa-visite-au-liban-pour-une-duree-indeterminee\/","url":"https:\/\/thedailyreports.com\/fr\/2023\/12\/15\/emmanuel-macron-reporte-sa-visite-au-liban-pour-une-duree-indeterminee\/","name":"Emmanuel Macron reporte sa visite au Liban pour une dur\u00e9e ind\u00e9termin\u00e9e - Les Rapports Quotidiens","isPartOf":{"@id":"https:\/\/thedailyreports.com\/fr\/#website"},"primaryImageOfPage":{"@id":"https:\/\/thedailyreports.com\/fr\/2023\/12\/15\/emmanuel-macron-reporte-sa-visite-au-liban-pour-une-duree-indeterminee\/#primaryimage"},"image":{"@id":"https:\/\/thedailyreports.com\/fr\/2023\/12\/15\/emmanuel-macron-reporte-sa-visite-au-liban-pour-une-duree-indeterminee\/#primaryimage"},"thumbnailUrl":"https:\/\/thedailyreports.com\/fr\/wp-content\/uploads\/2023\/12\/Dalati-Emmanuel-Macron-aide-residence-des-pins-AHM6921-696x463-1.jpg","datePublished":"2023-12-15T17:56:55+00:00","dateModified":"2023-12-15T17:56:56+00:00","author":{"@id":"https:\/\/thedailyreports.com\/fr\/#\/schema\/person\/b00df16edad26ba8db109fb28c806a2a"},"breadcrumb":{"@id":"https:\/\/thedailyreports.com\/fr\/2023\/12\/15\/emmanuel-macron-reporte-sa-visite-au-liban-pour-une-duree-indeterminee\/#breadcrumb"},"inLanguage":"en-US","potentialAction":[{"@type":"ReadAction","target":["https:\/\/thedailyreports.com\/fr\/2023\/12\/15\/emmanuel-macron-reporte-sa-visite-au-liban-pour-une-duree-indeterminee\/"]}]},{"@type":"ImageObject","inLanguage":"en-US","@id":"https:\/\/thedailyreports.com\/fr\/2023\/12\/15\/emmanuel-macron-reporte-sa-visite-au-liban-pour-une-duree-indeterminee\/#primaryimage","url":"https:\/\/thedailyreports.com\/fr\/wp-content\/uploads\/2023\/12\/Dalati-Emmanuel-Macron-aide-residence-des-pins-AHM6921-696x463-1.jpg","contentUrl":"https:\/\/thedailyreports.com\/fr\/wp-content\/uploads\/2023\/12\/Dalati-Emmanuel-Macron-aide-residence-des-pins-AHM6921-696x463-1.jpg","width":696,"height":463},{"@type":"BreadcrumbList","@id":"https:\/\/thedailyreports.com\/fr\/2023\/12\/15\/emmanuel-macron-reporte-sa-visite-au-liban-pour-une-duree-indeterminee\/#breadcrumb","itemListElement":[{"@type":"ListItem","position":1,"name":"Home","item":"https:\/\/thedailyreports.com\/fr\/"},{"@type":"ListItem","position":2,"name":"Emmanuel Macron reporte sa visite au Liban pour une dur\u00e9e ind\u00e9termin\u00e9e"}]},{"@type":"WebSite","@id":"https:\/\/thedailyreports.com\/fr\/#website","url":"https:\/\/thedailyreports.com\/fr\/","name":"Les Rapports Quotidiens","description":"Toute la v\u00e9rit\u00e9, rien que la v\u00e9rit\u00e9","potentialAction":[{"@type":"SearchAction","target":{"@type":"EntryPoint","urlTemplate":"https:\/\/thedailyreports.com\/fr\/?s={search_term_string}"},"query-input":{"@type":"PropertyValueSpecification","valueRequired":true,"valueName":"search_term_string"}}],"inLanguage":"en-US"},{"@type":"Person","@id":"https:\/\/thedailyreports.com\/fr\/#\/schema\/person\/b00df16edad26ba8db109fb28c806a2a","name":"The Daily Reports","image":{"@type":"ImageObject","inLanguage":"en-US","@id":"https:\/\/secure.gravatar.com\/avatar\/302a03d420eae20396406f37e0504a570385b6e8478a3733ea8ee684acee8497?s=96&d=mm&r=g","url":"https:\/\/secure.gravatar.com\/avatar\/302a03d420eae20396406f37e0504a570385b6e8478a3733ea8ee684acee8497?s=96&d=mm&r=g","contentUrl":"https:\/\/secure.gravatar.com\/avatar\/302a03d420eae20396406f37e0504a570385b6e8478a3733ea8ee684acee8497?s=96&d=mm&r=g","caption":"The Daily Reports"},"sameAs":["https:\/\/thedailyreports.com\/fr"],"url":"https:\/\/thedailyreports.com\/fr\/author\/haythem\/"}]}},"_links":{"self":[{"href":"https:\/\/thedailyreports.com\/fr\/wp-json\/wp\/v2\/posts\/8382","targetHints":{"allow":["GET"]}}],"collection":[{"href":"https:\/\/thedailyreports.com\/fr\/wp-json\/wp\/v2\/posts"}],"about":[{"href":"https:\/\/thedailyreports.com\/fr\/wp-json\/wp\/v2\/types\/post"}],"author":[{"embeddable":true,"href":"https:\/\/thedailyreports.com\/fr\/wp-json\/wp\/v2\/users\/5"}],"replies":[{"embeddable":true,"href":"https:\/\/thedailyreports.com\/fr\/wp-json\/wp\/v2\/comments?post=8382"}],"version-history":[{"count":1,"href":"https:\/\/thedailyreports.com\/fr\/wp-json\/wp\/v2\/posts\/8382\/revisions"}],"predecessor-version":[{"id":8384,"href":"https:\/\/thedailyreports.com\/fr\/wp-json\/wp\/v2\/posts\/8382\/revisions\/8384"}],"wp:featuredmedia":[{"embeddable":true,"href":"https:\/\/thedailyreports.com\/fr\/wp-json\/wp\/v2\/media\/8383"}],"wp:attachment":[{"href":"https:\/\/thedailyreports.com\/fr\/wp-json\/wp\/v2\/media?parent=8382"}],"wp:term":[{"taxonomy":"category","embeddable":true,"href":"https:\/\/thedailyreports.com\/fr\/wp-json\/wp\/v2\/categories?post=8382"},{"taxonomy":"post_tag","embeddable":true,"href":"https:\/\/thedailyreports.com\/fr\/wp-json\/wp\/v2\/tags?post=8382"}],"curies":[{"name":"wp","href":"https:\/\/api.w.org\/{rel}","templated":true}]}}