{"id":8103,"date":"2023-09-15T19:12:09","date_gmt":"2023-09-15T18:12:09","guid":{"rendered":"https:\/\/thedailyreports.com\/fr\/?p=8103"},"modified":"2023-09-15T19:12:10","modified_gmt":"2023-09-15T18:12:10","slug":"joe-biden-annonce-de-nouvelles-sanctions-contre-liran-un-an-apres-le-meurtre-de-mahsa-amini","status":"publish","type":"post","link":"https:\/\/thedailyreports.com\/fr\/2023\/09\/15\/joe-biden-annonce-de-nouvelles-sanctions-contre-liran-un-an-apres-le-meurtre-de-mahsa-amini\/","title":{"rendered":"Joe Biden annonce de nouvelles sanctions contre l&#8217;Iran un an apr\u00e8s le meurtre de Mahsa Amini"},"content":{"rendered":"\n<p>Le pr\u00e9sident Joe Biden a annonc\u00e9 vendredi que les \u00c9tats-Unis allaient imposer des sanctions suppl\u00e9mentaires aux auteurs de violations des droits de l&#8217;homme \u00e0 T\u00e9h\u00e9ran, une d\u00e9cision qui marque le premier anniversaire de la mort de Mahsa Amini, tu\u00e9e par la police des m\u0153urs pendant sa garde \u00e0 vue apr\u00e8s avoir \u00e9t\u00e9 arr\u00eat\u00e9e pour \u00ab&nbsp;tenue inappropri\u00e9e&nbsp;\u00bb.<\/p>\n\n\n\n<p>Plus de 500 personnes ont \u00e9t\u00e9 tu\u00e9es durant les manifestations qui ont suivi la mort de la jeune fille le 16 septembre 2022, et dans lesquelles les femmes ont jou\u00e9 un r\u00f4le majeur.<\/p>\n\n\n\n<p>Le d\u00e9partement du Tr\u00e9sor am\u00e9ricain a indiqu\u00e9 que les sanctions visent 29 personnes et groupes, dont des membres importants de la police nationale iranienne et du Corps des gardiens de la r\u00e9volution islamique, ainsi que les m\u00e9dias contr\u00f4l\u00e9s par le r\u00e9gime, Fars News, Tasnim News et Press TV.<\/p>\n\n\n\n<p>Le Royaume-Uni et l&#8217;Union europ\u00e9enne ont \u00e9galement annonc\u00e9 de nouvelles sanctions contre T\u00e9h\u00e9ran.<\/p>\n\n\n\n<p>\u00ab&nbsp;Nous annon\u00e7ons des sanctions suppl\u00e9mentaires visant certains des plus grands abuseurs des droits de l&#8217;homme en Iran&nbsp;\u00bb, a d\u00e9clar\u00e9 Joe Biden.<\/p>\n\n\n\n<p>\u00ab&nbsp;Aujourd&#8217;hui, alors que nous nous souvenons de la mort tragique de Mahsa, nous r\u00e9affirmons notre engagement envers le courageux peuple iranien qui poursuit sa mission. Ils inspirent le monde entier par leur r\u00e9sistance et leur d\u00e9termination. Avec nos alli\u00e9s et nos partenaires, nous sommes \u00e0 leurs c\u00f4t\u00e9s.&nbsp;\u00bb<\/p>\n\n\n\n<p>Londres a indiqu\u00e9 que ses sanctions visaient des d\u00e9cideurs iraniens de haut rang charg\u00e9s d&#8217;appliquer la loi sur le hijab obligatoire \u00e0 T\u00e9h\u00e9ran, notamment le ministre iranien de la culture et de l&#8217;orientation islamique, son adjoint, le maire de T\u00e9h\u00e9ran et un porte-parole de la police iranienne.<\/p>\n\n\n\n<p>Parmi les personnes sanctionn\u00e9es par l&#8217;UE figure l&#8217;adjoint du commandant en chef du Corps des gardiens de la r\u00e9volution islamique au quartier g\u00e9n\u00e9ral de la s\u00e9curit\u00e9 centrale Imam Ali, \u00e0 l&#8217;ouest de T\u00e9h\u00e9ran.<\/p>\n\n\n\n<p>\u00ab&nbsp;L&#8217;histoire de Mahsa ne s&#8217;est pas arr\u00eat\u00e9e \u00e0 sa mort brutale. Elle a inspir\u00e9 un mouvement historique &#8211; Femme, Vie, Libert\u00e9 &#8211; qui a eu un impact sur l&#8217;Iran et a influenc\u00e9 des personnes dans le monde entier qui plaident sans rel\u00e2che pour l&#8217;\u00e9galit\u00e9 des sexes et le respect des droits de l&#8217;homme&nbsp;\u00bb, a d\u00e9clar\u00e9 M. Biden.<\/p>\n\n\n\n<p>Le pr\u00e9sident am\u00e9ricain a rappel\u00e9 les efforts d\u00e9ploy\u00e9s par les \u00c9tats-Unis pour soutenir les manifestations, notamment en aidant les manifestants \u00e0 contourner la censure stricte impos\u00e9e en l&#8217;Iran et la suppression de l&#8217;acc\u00e8s \u00e0 l&#8217;internet.<\/p>\n\n\n\n<p>Il a d\u00e9clar\u00e9 qu&#8217;au plus fort des manifestations, 30 millions d&#8217;Iraniens, soit pr\u00e8s d\u2019un tiers, ont utilis\u00e9 des outils de lutte contre la censure avec le soutien des \u00c9tats-Unis.<\/p>\n\n\n\n<p>Le Tr\u00e9sor a impos\u00e9 des sanctions \u00e0 Alireza Abedinejad, directeur g\u00e9n\u00e9ral de Douran Software Technologies, une entreprise de premier plan en Iran qui, selon les \u00c9tats-Unis, aide le gouvernement \u00e0 censurer et \u00e0 filtrer l&#8217;internet.<\/p>\n\n\n\n<p>\u00ab&nbsp;Outre la censure de longue date des m\u00e9dias, les autorit\u00e9s iraniennes ont r\u00e9agi aux manifestations par des coupures g\u00e9n\u00e9ralis\u00e9es de l&#8217;Internet, en r\u00e9duisant les vitesses de connexion et en augmentant le recours au filtrage du Net, par exemple en bloquant des sites Web et des r\u00e9seaux priv\u00e9s virtuels afin de limiter la communication et le partage d&#8217;informations&nbsp;\u00bb, a d\u00e9clar\u00e9 le Tr\u00e9sor am\u00e9ricain.<\/p>\n\n\n\n<p>Trois m\u00e9dias ont \u00e9t\u00e9 sanctionn\u00e9s parce qu&#8217;ils \u00ab&nbsp;travaillent en tandem avec les services de s\u00e9curit\u00e9 et de renseignement iraniens&nbsp;\u00bb, a ajout\u00e9 le minist\u00e8re, notant que Press TV avait diffus\u00e9 des aveux forc\u00e9s de militants avant leur proc\u00e8s.<\/p>\n\n\n\n<p>Les sanctions am\u00e9ricaines interdisent g\u00e9n\u00e9ralement aux Am\u00e9ricains d&#8217;effectuer des transactions avec les personnes vis\u00e9es.<\/p>\n\n\n\n<p>\u00ab&nbsp;Les Iraniens d\u00e9termineront seuls le destin de leur pays, mais les \u00c9tats-Unis restent d\u00e9termin\u00e9s \u00e0 se tenir \u00e0 leurs c\u00f4t\u00e9s, notamment en fournissant des outils pour aider les Iraniens \u00e0 prendre en main leur propre avenir&nbsp;\u00bb, a d\u00e9clar\u00e9 Joe Biden.<\/p>\n\n\n\n<p>Les autorit\u00e9s iraniennes ont annonc\u00e9 que Mahsa Amini est d\u00e9c\u00e9d\u00e9e d&#8217;une crise cardiaque, mais sa famille a contest\u00e9 cette affirmation, d\u00e9clenchant des manifestations dans tout le pays et dans le monde entier.<\/p>\n\n\n\n<p>Dans un message vid\u00e9o, le secr\u00e9taire d&#8217;\u00c9tat Antony Blinken a d\u00e9clar\u00e9 que les \u00c9tats-Unis \u00ab&nbsp;continueraient \u00e0 prendre des mesures appropri\u00e9es contre ceux qui suppriment les droits de l&#8217;homme fondamentaux des Iraniens&nbsp;\u00bb.<\/p>\n\n\n\n<p>Les \u00c9tats-Unis ont d\u00e9j\u00e0 impos\u00e9 des sanctions \u00e0 plus de 70 personnes et entit\u00e9s iraniennes \u00ab&nbsp;responsables du soutien apport\u00e9 par le r\u00e9gime \u00e0 l&#8217;oppression de son peuple&nbsp;\u00bb, a d\u00e9clar\u00e9 M. Biden.<\/p>\n\n\n\n<p>Ces sanctions interviennent apr\u00e8s que les \u00c9tats-Unis et l&#8217;Iran ont conclu un accord pr\u00e9voyant la lib\u00e9ration de cinq d\u00e9tenus am\u00e9ricains en \u00e9change du d\u00e9blocage de 6 milliards de dollars de fonds iraniens cens\u00e9s \u00eatre utilis\u00e9s \u00e0 des fins humanitaires.<\/p>\n","protected":false},"excerpt":{"rendered":"<p>Le pr\u00e9sident Joe Biden a annonc\u00e9 vendredi que les \u00c9tats-Unis allaient imposer des sanctions suppl\u00e9mentaires aux auteurs de violations des droits de l&#8217;homme \u00e0 T\u00e9h\u00e9ran, une d\u00e9cision qui marque le premier anniversaire de la mort de Mahsa Amini, tu\u00e9e par la police des m\u0153urs pendant sa garde \u00e0 vue apr\u00e8s avoir \u00e9t\u00e9 arr\u00eat\u00e9e pour \u00ab&nbsp;tenue<\/p>\n","protected":false},"author":5,"featured_media":8104,"comment_status":"open","ping_status":"open","sticky":false,"template":"","format":"standard","meta":{"footnotes":""},"categories":[25],"tags":[],"class_list":{"0":"post-8103","1":"post","2":"type-post","3":"status-publish","4":"format-standard","5":"has-post-thumbnail","7":"category-iran"},"yoast_head":"<!-- This site is optimized with the Yoast SEO plugin v27.4 - https:\/\/yoast.com\/product\/yoast-seo-wordpress\/ -->\n<title>Joe Biden annonce de nouvelles sanctions contre l&#039;Iran un an apr\u00e8s le meurtre de Mahsa Amini - Les Rapports Quotidiens<\/title>\n<meta name=\"robots\" content=\"index, follow, max-snippet:-1, max-image-preview:large, max-video-preview:-1\" \/>\n<link rel=\"canonical\" href=\"https:\/\/thedailyreports.com\/fr\/2023\/09\/15\/joe-biden-annonce-de-nouvelles-sanctions-contre-liran-un-an-apres-le-meurtre-de-mahsa-amini\/\" \/>\n<meta property=\"og:locale\" content=\"en_US\" \/>\n<meta property=\"og:type\" content=\"article\" \/>\n<meta property=\"og:title\" content=\"Joe Biden annonce de nouvelles sanctions contre l&#039;Iran un an apr\u00e8s le meurtre de Mahsa Amini - Les Rapports Quotidiens\" \/>\n<meta property=\"og:description\" content=\"Le pr\u00e9sident Joe Biden a annonc\u00e9 vendredi que les \u00c9tats-Unis allaient imposer des sanctions suppl\u00e9mentaires aux auteurs de violations des droits de l&#8217;homme \u00e0 T\u00e9h\u00e9ran, une d\u00e9cision qui marque le premier anniversaire de la mort de Mahsa Amini, tu\u00e9e par la police des m\u0153urs pendant sa garde \u00e0 vue apr\u00e8s avoir \u00e9t\u00e9 arr\u00eat\u00e9e pour \u00ab&nbsp;tenue\" \/>\n<meta property=\"og:url\" content=\"https:\/\/thedailyreports.com\/fr\/2023\/09\/15\/joe-biden-annonce-de-nouvelles-sanctions-contre-liran-un-an-apres-le-meurtre-de-mahsa-amini\/\" \/>\n<meta property=\"og:site_name\" content=\"Les Rapports Quotidiens\" \/>\n<meta property=\"article:published_time\" content=\"2023-09-15T18:12:09+00:00\" \/>\n<meta property=\"article:modified_time\" content=\"2023-09-15T18:12:10+00:00\" \/>\n<meta property=\"og:image\" content=\"https:\/\/thedailyreports.com\/fr\/wp-content\/uploads\/2023\/09\/hekwf5rmdj3hnhec_1665816636.webp\" \/>\n\t<meta property=\"og:image:width\" content=\"768\" \/>\n\t<meta property=\"og:image:height\" content=\"439\" \/>\n\t<meta property=\"og:image:type\" content=\"image\/webp\" \/>\n<meta name=\"author\" content=\"The Daily Reports\" \/>\n<meta name=\"twitter:card\" content=\"summary_large_image\" \/>\n<meta name=\"twitter:label1\" content=\"Written by\" \/>\n\t<meta name=\"twitter:data1\" content=\"The Daily Reports\" \/>\n\t<meta name=\"twitter:label2\" content=\"Est. reading time\" \/>\n\t<meta name=\"twitter:data2\" content=\"4 minutes\" \/>\n<script type=\"application\/ld+json\" class=\"yoast-schema-graph\">{\"@context\":\"https:\\\/\\\/schema.org\",\"@graph\":[{\"@type\":\"Article\",\"@id\":\"https:\\\/\\\/thedailyreports.com\\\/fr\\\/2023\\\/09\\\/15\\\/joe-biden-annonce-de-nouvelles-sanctions-contre-liran-un-an-apres-le-meurtre-de-mahsa-amini\\\/#article\",\"isPartOf\":{\"@id\":\"https:\\\/\\\/thedailyreports.com\\\/fr\\\/2023\\\/09\\\/15\\\/joe-biden-annonce-de-nouvelles-sanctions-contre-liran-un-an-apres-le-meurtre-de-mahsa-amini\\\/\"},\"author\":{\"name\":\"The Daily Reports\",\"@id\":\"https:\\\/\\\/thedailyreports.com\\\/fr\\\/#\\\/schema\\\/person\\\/b00df16edad26ba8db109fb28c806a2a\"},\"headline\":\"Joe Biden annonce de nouvelles sanctions contre l&#8217;Iran un an apr\u00e8s le meurtre de Mahsa Amini\",\"datePublished\":\"2023-09-15T18:12:09+00:00\",\"dateModified\":\"2023-09-15T18:12:10+00:00\",\"mainEntityOfPage\":{\"@id\":\"https:\\\/\\\/thedailyreports.com\\\/fr\\\/2023\\\/09\\\/15\\\/joe-biden-annonce-de-nouvelles-sanctions-contre-liran-un-an-apres-le-meurtre-de-mahsa-amini\\\/\"},\"wordCount\":892,\"commentCount\":0,\"image\":{\"@id\":\"https:\\\/\\\/thedailyreports.com\\\/fr\\\/2023\\\/09\\\/15\\\/joe-biden-annonce-de-nouvelles-sanctions-contre-liran-un-an-apres-le-meurtre-de-mahsa-amini\\\/#primaryimage\"},\"thumbnailUrl\":\"https:\\\/\\\/thedailyreports.com\\\/fr\\\/wp-content\\\/uploads\\\/2023\\\/09\\\/hekwf5rmdj3hnhec_1665816636.webp\",\"articleSection\":[\"Iran\"],\"inLanguage\":\"en-US\",\"potentialAction\":[{\"@type\":\"CommentAction\",\"name\":\"Comment\",\"target\":[\"https:\\\/\\\/thedailyreports.com\\\/fr\\\/2023\\\/09\\\/15\\\/joe-biden-annonce-de-nouvelles-sanctions-contre-liran-un-an-apres-le-meurtre-de-mahsa-amini\\\/#respond\"]}]},{\"@type\":\"WebPage\",\"@id\":\"https:\\\/\\\/thedailyreports.com\\\/fr\\\/2023\\\/09\\\/15\\\/joe-biden-annonce-de-nouvelles-sanctions-contre-liran-un-an-apres-le-meurtre-de-mahsa-amini\\\/\",\"url\":\"https:\\\/\\\/thedailyreports.com\\\/fr\\\/2023\\\/09\\\/15\\\/joe-biden-annonce-de-nouvelles-sanctions-contre-liran-un-an-apres-le-meurtre-de-mahsa-amini\\\/\",\"name\":\"Joe Biden annonce de nouvelles sanctions contre l'Iran un an apr\u00e8s le meurtre de Mahsa Amini - Les Rapports Quotidiens\",\"isPartOf\":{\"@id\":\"https:\\\/\\\/thedailyreports.com\\\/fr\\\/#website\"},\"primaryImageOfPage\":{\"@id\":\"https:\\\/\\\/thedailyreports.com\\\/fr\\\/2023\\\/09\\\/15\\\/joe-biden-annonce-de-nouvelles-sanctions-contre-liran-un-an-apres-le-meurtre-de-mahsa-amini\\\/#primaryimage\"},\"image\":{\"@id\":\"https:\\\/\\\/thedailyreports.com\\\/fr\\\/2023\\\/09\\\/15\\\/joe-biden-annonce-de-nouvelles-sanctions-contre-liran-un-an-apres-le-meurtre-de-mahsa-amini\\\/#primaryimage\"},\"thumbnailUrl\":\"https:\\\/\\\/thedailyreports.com\\\/fr\\\/wp-content\\\/uploads\\\/2023\\\/09\\\/hekwf5rmdj3hnhec_1665816636.webp\",\"datePublished\":\"2023-09-15T18:12:09+00:00\",\"dateModified\":\"2023-09-15T18:12:10+00:00\",\"author\":{\"@id\":\"https:\\\/\\\/thedailyreports.com\\\/fr\\\/#\\\/schema\\\/person\\\/b00df16edad26ba8db109fb28c806a2a\"},\"breadcrumb\":{\"@id\":\"https:\\\/\\\/thedailyreports.com\\\/fr\\\/2023\\\/09\\\/15\\\/joe-biden-annonce-de-nouvelles-sanctions-contre-liran-un-an-apres-le-meurtre-de-mahsa-amini\\\/#breadcrumb\"},\"inLanguage\":\"en-US\",\"potentialAction\":[{\"@type\":\"ReadAction\",\"target\":[\"https:\\\/\\\/thedailyreports.com\\\/fr\\\/2023\\\/09\\\/15\\\/joe-biden-annonce-de-nouvelles-sanctions-contre-liran-un-an-apres-le-meurtre-de-mahsa-amini\\\/\"]}]},{\"@type\":\"ImageObject\",\"inLanguage\":\"en-US\",\"@id\":\"https:\\\/\\\/thedailyreports.com\\\/fr\\\/2023\\\/09\\\/15\\\/joe-biden-annonce-de-nouvelles-sanctions-contre-liran-un-an-apres-le-meurtre-de-mahsa-amini\\\/#primaryimage\",\"url\":\"https:\\\/\\\/thedailyreports.com\\\/fr\\\/wp-content\\\/uploads\\\/2023\\\/09\\\/hekwf5rmdj3hnhec_1665816636.webp\",\"contentUrl\":\"https:\\\/\\\/thedailyreports.com\\\/fr\\\/wp-content\\\/uploads\\\/2023\\\/09\\\/hekwf5rmdj3hnhec_1665816636.webp\",\"width\":768,\"height\":439},{\"@type\":\"BreadcrumbList\",\"@id\":\"https:\\\/\\\/thedailyreports.com\\\/fr\\\/2023\\\/09\\\/15\\\/joe-biden-annonce-de-nouvelles-sanctions-contre-liran-un-an-apres-le-meurtre-de-mahsa-amini\\\/#breadcrumb\",\"itemListElement\":[{\"@type\":\"ListItem\",\"position\":1,\"name\":\"Home\",\"item\":\"https:\\\/\\\/thedailyreports.com\\\/fr\\\/\"},{\"@type\":\"ListItem\",\"position\":2,\"name\":\"Joe Biden annonce de nouvelles sanctions contre l&#8217;Iran un an apr\u00e8s le meurtre de Mahsa Amini\"}]},{\"@type\":\"WebSite\",\"@id\":\"https:\\\/\\\/thedailyreports.com\\\/fr\\\/#website\",\"url\":\"https:\\\/\\\/thedailyreports.com\\\/fr\\\/\",\"name\":\"Les Rapports Quotidiens\",\"description\":\"Toute la v\u00e9rit\u00e9, rien que la v\u00e9rit\u00e9\",\"potentialAction\":[{\"@type\":\"SearchAction\",\"target\":{\"@type\":\"EntryPoint\",\"urlTemplate\":\"https:\\\/\\\/thedailyreports.com\\\/fr\\\/?s={search_term_string}\"},\"query-input\":{\"@type\":\"PropertyValueSpecification\",\"valueRequired\":true,\"valueName\":\"search_term_string\"}}],\"inLanguage\":\"en-US\"},{\"@type\":\"Person\",\"@id\":\"https:\\\/\\\/thedailyreports.com\\\/fr\\\/#\\\/schema\\\/person\\\/b00df16edad26ba8db109fb28c806a2a\",\"name\":\"The Daily Reports\",\"image\":{\"@type\":\"ImageObject\",\"inLanguage\":\"en-US\",\"@id\":\"https:\\\/\\\/secure.gravatar.com\\\/avatar\\\/302a03d420eae20396406f37e0504a570385b6e8478a3733ea8ee684acee8497?s=96&d=mm&r=g\",\"url\":\"https:\\\/\\\/secure.gravatar.com\\\/avatar\\\/302a03d420eae20396406f37e0504a570385b6e8478a3733ea8ee684acee8497?s=96&d=mm&r=g\",\"contentUrl\":\"https:\\\/\\\/secure.gravatar.com\\\/avatar\\\/302a03d420eae20396406f37e0504a570385b6e8478a3733ea8ee684acee8497?s=96&d=mm&r=g\",\"caption\":\"The Daily Reports\"},\"sameAs\":[\"https:\\\/\\\/thedailyreports.com\\\/fr\"],\"url\":\"https:\\\/\\\/thedailyreports.com\\\/fr\\\/author\\\/haythem\\\/\"}]}<\/script>\n<!-- \/ Yoast SEO plugin. -->","yoast_head_json":{"title":"Joe Biden annonce de nouvelles sanctions contre l'Iran un an apr\u00e8s le meurtre de Mahsa Amini - Les Rapports Quotidiens","robots":{"index":"index","follow":"follow","max-snippet":"max-snippet:-1","max-image-preview":"max-image-preview:large","max-video-preview":"max-video-preview:-1"},"canonical":"https:\/\/thedailyreports.com\/fr\/2023\/09\/15\/joe-biden-annonce-de-nouvelles-sanctions-contre-liran-un-an-apres-le-meurtre-de-mahsa-amini\/","og_locale":"en_US","og_type":"article","og_title":"Joe Biden annonce de nouvelles sanctions contre l'Iran un an apr\u00e8s le meurtre de Mahsa Amini - Les Rapports Quotidiens","og_description":"Le pr\u00e9sident Joe Biden a annonc\u00e9 vendredi que les \u00c9tats-Unis allaient imposer des sanctions suppl\u00e9mentaires aux auteurs de violations des droits de l&#8217;homme \u00e0 T\u00e9h\u00e9ran, une d\u00e9cision qui marque le premier anniversaire de la mort de Mahsa Amini, tu\u00e9e par la police des m\u0153urs pendant sa garde \u00e0 vue apr\u00e8s avoir \u00e9t\u00e9 arr\u00eat\u00e9e pour \u00ab&nbsp;tenue","og_url":"https:\/\/thedailyreports.com\/fr\/2023\/09\/15\/joe-biden-annonce-de-nouvelles-sanctions-contre-liran-un-an-apres-le-meurtre-de-mahsa-amini\/","og_site_name":"Les Rapports Quotidiens","article_published_time":"2023-09-15T18:12:09+00:00","article_modified_time":"2023-09-15T18:12:10+00:00","og_image":[{"width":768,"height":439,"url":"https:\/\/thedailyreports.com\/fr\/wp-content\/uploads\/2023\/09\/hekwf5rmdj3hnhec_1665816636.webp","type":"image\/webp"}],"author":"The Daily Reports","twitter_card":"summary_large_image","twitter_misc":{"Written by":"The Daily Reports","Est. reading time":"4 minutes"},"schema":{"@context":"https:\/\/schema.org","@graph":[{"@type":"Article","@id":"https:\/\/thedailyreports.com\/fr\/2023\/09\/15\/joe-biden-annonce-de-nouvelles-sanctions-contre-liran-un-an-apres-le-meurtre-de-mahsa-amini\/#article","isPartOf":{"@id":"https:\/\/thedailyreports.com\/fr\/2023\/09\/15\/joe-biden-annonce-de-nouvelles-sanctions-contre-liran-un-an-apres-le-meurtre-de-mahsa-amini\/"},"author":{"name":"The Daily Reports","@id":"https:\/\/thedailyreports.com\/fr\/#\/schema\/person\/b00df16edad26ba8db109fb28c806a2a"},"headline":"Joe Biden annonce de nouvelles sanctions contre l&#8217;Iran un an apr\u00e8s le meurtre de Mahsa Amini","datePublished":"2023-09-15T18:12:09+00:00","dateModified":"2023-09-15T18:12:10+00:00","mainEntityOfPage":{"@id":"https:\/\/thedailyreports.com\/fr\/2023\/09\/15\/joe-biden-annonce-de-nouvelles-sanctions-contre-liran-un-an-apres-le-meurtre-de-mahsa-amini\/"},"wordCount":892,"commentCount":0,"image":{"@id":"https:\/\/thedailyreports.com\/fr\/2023\/09\/15\/joe-biden-annonce-de-nouvelles-sanctions-contre-liran-un-an-apres-le-meurtre-de-mahsa-amini\/#primaryimage"},"thumbnailUrl":"https:\/\/thedailyreports.com\/fr\/wp-content\/uploads\/2023\/09\/hekwf5rmdj3hnhec_1665816636.webp","articleSection":["Iran"],"inLanguage":"en-US","potentialAction":[{"@type":"CommentAction","name":"Comment","target":["https:\/\/thedailyreports.com\/fr\/2023\/09\/15\/joe-biden-annonce-de-nouvelles-sanctions-contre-liran-un-an-apres-le-meurtre-de-mahsa-amini\/#respond"]}]},{"@type":"WebPage","@id":"https:\/\/thedailyreports.com\/fr\/2023\/09\/15\/joe-biden-annonce-de-nouvelles-sanctions-contre-liran-un-an-apres-le-meurtre-de-mahsa-amini\/","url":"https:\/\/thedailyreports.com\/fr\/2023\/09\/15\/joe-biden-annonce-de-nouvelles-sanctions-contre-liran-un-an-apres-le-meurtre-de-mahsa-amini\/","name":"Joe Biden annonce de nouvelles sanctions contre l'Iran un an apr\u00e8s le meurtre de Mahsa Amini - Les Rapports Quotidiens","isPartOf":{"@id":"https:\/\/thedailyreports.com\/fr\/#website"},"primaryImageOfPage":{"@id":"https:\/\/thedailyreports.com\/fr\/2023\/09\/15\/joe-biden-annonce-de-nouvelles-sanctions-contre-liran-un-an-apres-le-meurtre-de-mahsa-amini\/#primaryimage"},"image":{"@id":"https:\/\/thedailyreports.com\/fr\/2023\/09\/15\/joe-biden-annonce-de-nouvelles-sanctions-contre-liran-un-an-apres-le-meurtre-de-mahsa-amini\/#primaryimage"},"thumbnailUrl":"https:\/\/thedailyreports.com\/fr\/wp-content\/uploads\/2023\/09\/hekwf5rmdj3hnhec_1665816636.webp","datePublished":"2023-09-15T18:12:09+00:00","dateModified":"2023-09-15T18:12:10+00:00","author":{"@id":"https:\/\/thedailyreports.com\/fr\/#\/schema\/person\/b00df16edad26ba8db109fb28c806a2a"},"breadcrumb":{"@id":"https:\/\/thedailyreports.com\/fr\/2023\/09\/15\/joe-biden-annonce-de-nouvelles-sanctions-contre-liran-un-an-apres-le-meurtre-de-mahsa-amini\/#breadcrumb"},"inLanguage":"en-US","potentialAction":[{"@type":"ReadAction","target":["https:\/\/thedailyreports.com\/fr\/2023\/09\/15\/joe-biden-annonce-de-nouvelles-sanctions-contre-liran-un-an-apres-le-meurtre-de-mahsa-amini\/"]}]},{"@type":"ImageObject","inLanguage":"en-US","@id":"https:\/\/thedailyreports.com\/fr\/2023\/09\/15\/joe-biden-annonce-de-nouvelles-sanctions-contre-liran-un-an-apres-le-meurtre-de-mahsa-amini\/#primaryimage","url":"https:\/\/thedailyreports.com\/fr\/wp-content\/uploads\/2023\/09\/hekwf5rmdj3hnhec_1665816636.webp","contentUrl":"https:\/\/thedailyreports.com\/fr\/wp-content\/uploads\/2023\/09\/hekwf5rmdj3hnhec_1665816636.webp","width":768,"height":439},{"@type":"BreadcrumbList","@id":"https:\/\/thedailyreports.com\/fr\/2023\/09\/15\/joe-biden-annonce-de-nouvelles-sanctions-contre-liran-un-an-apres-le-meurtre-de-mahsa-amini\/#breadcrumb","itemListElement":[{"@type":"ListItem","position":1,"name":"Home","item":"https:\/\/thedailyreports.com\/fr\/"},{"@type":"ListItem","position":2,"name":"Joe Biden annonce de nouvelles sanctions contre l&#8217;Iran un an apr\u00e8s le meurtre de Mahsa Amini"}]},{"@type":"WebSite","@id":"https:\/\/thedailyreports.com\/fr\/#website","url":"https:\/\/thedailyreports.com\/fr\/","name":"Les Rapports Quotidiens","description":"Toute la v\u00e9rit\u00e9, rien que la v\u00e9rit\u00e9","potentialAction":[{"@type":"SearchAction","target":{"@type":"EntryPoint","urlTemplate":"https:\/\/thedailyreports.com\/fr\/?s={search_term_string}"},"query-input":{"@type":"PropertyValueSpecification","valueRequired":true,"valueName":"search_term_string"}}],"inLanguage":"en-US"},{"@type":"Person","@id":"https:\/\/thedailyreports.com\/fr\/#\/schema\/person\/b00df16edad26ba8db109fb28c806a2a","name":"The Daily Reports","image":{"@type":"ImageObject","inLanguage":"en-US","@id":"https:\/\/secure.gravatar.com\/avatar\/302a03d420eae20396406f37e0504a570385b6e8478a3733ea8ee684acee8497?s=96&d=mm&r=g","url":"https:\/\/secure.gravatar.com\/avatar\/302a03d420eae20396406f37e0504a570385b6e8478a3733ea8ee684acee8497?s=96&d=mm&r=g","contentUrl":"https:\/\/secure.gravatar.com\/avatar\/302a03d420eae20396406f37e0504a570385b6e8478a3733ea8ee684acee8497?s=96&d=mm&r=g","caption":"The Daily Reports"},"sameAs":["https:\/\/thedailyreports.com\/fr"],"url":"https:\/\/thedailyreports.com\/fr\/author\/haythem\/"}]}},"_links":{"self":[{"href":"https:\/\/thedailyreports.com\/fr\/wp-json\/wp\/v2\/posts\/8103","targetHints":{"allow":["GET"]}}],"collection":[{"href":"https:\/\/thedailyreports.com\/fr\/wp-json\/wp\/v2\/posts"}],"about":[{"href":"https:\/\/thedailyreports.com\/fr\/wp-json\/wp\/v2\/types\/post"}],"author":[{"embeddable":true,"href":"https:\/\/thedailyreports.com\/fr\/wp-json\/wp\/v2\/users\/5"}],"replies":[{"embeddable":true,"href":"https:\/\/thedailyreports.com\/fr\/wp-json\/wp\/v2\/comments?post=8103"}],"version-history":[{"count":1,"href":"https:\/\/thedailyreports.com\/fr\/wp-json\/wp\/v2\/posts\/8103\/revisions"}],"predecessor-version":[{"id":8105,"href":"https:\/\/thedailyreports.com\/fr\/wp-json\/wp\/v2\/posts\/8103\/revisions\/8105"}],"wp:featuredmedia":[{"embeddable":true,"href":"https:\/\/thedailyreports.com\/fr\/wp-json\/wp\/v2\/media\/8104"}],"wp:attachment":[{"href":"https:\/\/thedailyreports.com\/fr\/wp-json\/wp\/v2\/media?parent=8103"}],"wp:term":[{"taxonomy":"category","embeddable":true,"href":"https:\/\/thedailyreports.com\/fr\/wp-json\/wp\/v2\/categories?post=8103"},{"taxonomy":"post_tag","embeddable":true,"href":"https:\/\/thedailyreports.com\/fr\/wp-json\/wp\/v2\/tags?post=8103"}],"curies":[{"name":"wp","href":"https:\/\/api.w.org\/{rel}","templated":true}]}}