{"id":8045,"date":"2023-08-28T07:33:34","date_gmt":"2023-08-28T06:33:34","guid":{"rendered":"https:\/\/thedailyreports.com\/fr\/?p=8045"},"modified":"2023-08-28T07:33:35","modified_gmt":"2023-08-28T06:33:35","slug":"syrie-laeroport-dalep-hors-dusage-apres-une-frappe-aerienne-israelienne","status":"publish","type":"post","link":"https:\/\/thedailyreports.com\/fr\/2023\/08\/28\/syrie-laeroport-dalep-hors-dusage-apres-une-frappe-aerienne-israelienne\/","title":{"rendered":"Syrie\u00a0: l&#8217;a\u00e9roport d&#8217;Alep hors d\u2019usage apr\u00e8s une \u00ab\u00a0frappe a\u00e9rienne\u00a0\u00bb isra\u00e9lienne"},"content":{"rendered":"\n<p>Une \u00ab&nbsp;frappe a\u00e9rienne&nbsp;\u00bb de l\u2019arm\u00e9e isra\u00e9lienne a mis hors service l&#8217;a\u00e9roport international d&#8217;Alep, a d\u00e9clar\u00e9 lundi le minist\u00e8re syrien de la D\u00e9fense.<\/p>\n\n\n\n<p>\u00ab&nbsp;L&#8217;ennemi isra\u00e9lien a men\u00e9 une attaque a\u00e9rienne [&#8230;] visant l&#8217;a\u00e9roport international d&#8217;Alep&nbsp;\u00bb, a d\u00e9clar\u00e9 une source militaire.<\/p>\n\n\n\n<p>L&#8217;attaque a\u00e9rienne pr\u00e9sum\u00e9e a eu lieu \u00e0 4h30 du matin, selon l\u2019agence syrienne d\u2019information SANA.<\/p>\n\n\n\n<p>Les pistes de l&#8217;a\u00e9roport ont \u00e9t\u00e9 endommag\u00e9es lors de l\u2019attaque, ce qui a conduit \u00e0 sa mise hors service, indique le rapport. \u00ab&nbsp;L&#8217;agression a caus\u00e9 des dommages mat\u00e9riels \u00e0 la piste de l&#8217;a\u00e9roport et l&#8217;a mise hors service&nbsp;\u00bb, a rapport\u00e9 la source.<\/p>\n\n\n\n<p>La derni\u00e8re fois que le r\u00e9gime syrien a affirm\u00e9 que l&#8217;a\u00e9roport avait \u00e9t\u00e9 attaqu\u00e9 \u00e9tait au d\u00e9but du mois de mai. La Syrie avait d\u00e9clar\u00e9 que plusieurs civils et soldats ont \u00e9t\u00e9 bless\u00e9s. Le r\u00e9gime syrien avait alors indiqu\u00e9 que l&#8217;a\u00e9roport \u00e9tait utilis\u00e9 pour acheminer l&#8217;aide humanitaire aux victimes du tremblement de terre dans le nord de la Syrie.<\/p>\n\n\n\n<p>Au mois de mars, l&#8217;agence de presse du gouvernement SANA a d\u00e9clar\u00e9 qu&#8217;Isra\u00ebl avait \u00ab men\u00e9 une attaque a\u00e9rienne depuis la M\u00e9diterran\u00e9e, \u00e0 l&#8217;ouest de Lattaqui\u00e9, contre l&#8217;a\u00e9roport international d&#8217;Alep&nbsp;\u00bb. Les autorit\u00e9s avaient \u00e9galement rapport\u00e9 que l&#8217;a\u00e9roport a \u00e9t\u00e9 endommag\u00e9.<\/p>\n\n\n\n<p>Selon Reuters, qui s&#8217;est appuy\u00e9 sur diverses sources pour \u00e9tablir un rapport en avril, l&#8217;Iran s\u2019est servi de l&#8217;a\u00e9roport d&#8217;Alep pour acheminer des armes et du mat\u00e9riel militaire vers la Syrie. Par ailleurs, la R\u00e9publique islamique a utilis\u00e9 l&#8217;a\u00e9roport pour exploiter l&#8217;acheminement de l&#8217;aide apr\u00e8s le tremblement de terre du 6 f\u00e9vrier en Turquie, qui a \u00e9galement provoqu\u00e9 des d\u00e9g\u00e2ts et des morts dans le nord-ouest de la Syrie.<\/p>\n\n\n\n<p>Alep se situe \u00e0 proximit\u00e9 de la fronti\u00e8re turque et des r\u00e9gions d&#8217;Idlib et de Lattaqui\u00e9 qui ont subi des dommages. Le r\u00e9gime syrien a reconquis Alep en 2016. Depuis, les mandataires pro-iraniens et le Hezbollah sont actifs dans la r\u00e9gion.&nbsp;<\/p>\n\n\n\n<p>Un document divulgu\u00e9 \u00e0 l\u2019issue d&#8217;une fuite au sein du renseignement am\u00e9ricain a \u00e9galement not\u00e9 que l&#8217;Iran a utilis\u00e9 le tremblement de terre comme couverture pour livrer des armes en Syrie.<\/p>\n\n\n\n<p>L&#8217;a\u00e9roport d&#8217;Alep a \u00e9t\u00e9 endommag\u00e9 par deux frappes a\u00e9riennes en septembre 2022. Sur les images satellites d&#8217;ImageSat International (ISI), la piste semblait hors d&#8217;usage. Le rapport de l&#8217;ISI a not\u00e9 que, selon les m\u00e9dias, \u00ab&nbsp;l&#8217;a\u00e9roport est utilis\u00e9 par l&#8217;Iran pour transporter des armes vers le Hezbollah&#8230; \u00c9valuation de l&#8217;ISI : L&#8217;attaque visait \u00e0 mettre la piste et l&#8217;a\u00e9roport hors service&nbsp;\u00bb.<\/p>\n\n\n\n<p>Selon le centre de recherche et d&#8217;\u00e9ducation ALMA, il existe un complexe du minist\u00e8re syrien de la D\u00e9fense pr\u00e8s de Safirah, qui se trouve \u00e0 proximit\u00e9 d&#8217;Alep. Le centre de recherche a publi\u00e9 au d\u00e9but de l&#8217;ann\u00e9e des articles consacr\u00e9s \u00e0 Alep. Il y aurait \u00e9galement un centre syrien du CERS \u00e0 Safirah, li\u00e9 au programme syrien d&#8217;armes et de missiles avanc\u00e9s.<\/p>\n","protected":false},"excerpt":{"rendered":"<p>Une \u00ab&nbsp;frappe a\u00e9rienne&nbsp;\u00bb de l\u2019arm\u00e9e isra\u00e9lienne a mis hors service l&#8217;a\u00e9roport international d&#8217;Alep, a d\u00e9clar\u00e9 lundi le minist\u00e8re syrien de la D\u00e9fense. \u00ab&nbsp;L&#8217;ennemi isra\u00e9lien a men\u00e9 une attaque a\u00e9rienne [&#8230;] visant l&#8217;a\u00e9roport international d&#8217;Alep&nbsp;\u00bb, a d\u00e9clar\u00e9 une source militaire. L&#8217;attaque a\u00e9rienne pr\u00e9sum\u00e9e a eu lieu \u00e0 4h30 du matin, selon l\u2019agence syrienne d\u2019information SANA. Les<\/p>\n","protected":false},"author":5,"featured_media":8046,"comment_status":"open","ping_status":"open","sticky":false,"template":"","format":"standard","meta":{"footnotes":""},"categories":[25,32],"tags":[],"class_list":{"0":"post-8045","1":"post","2":"type-post","3":"status-publish","4":"format-standard","5":"has-post-thumbnail","7":"category-iran","8":"category-regions"},"yoast_head":"<!-- This site is optimized with the Yoast SEO plugin v27.4 - https:\/\/yoast.com\/product\/yoast-seo-wordpress\/ -->\n<title>Syrie\u00a0: l&#039;a\u00e9roport d&#039;Alep hors d\u2019usage apr\u00e8s une \u00ab\u00a0frappe a\u00e9rienne\u00a0\u00bb isra\u00e9lienne - Les Rapports Quotidiens<\/title>\n<meta name=\"robots\" content=\"index, follow, max-snippet:-1, max-image-preview:large, max-video-preview:-1\" \/>\n<link rel=\"canonical\" href=\"https:\/\/thedailyreports.com\/fr\/2023\/08\/28\/syrie-laeroport-dalep-hors-dusage-apres-une-frappe-aerienne-israelienne\/\" \/>\n<meta property=\"og:locale\" content=\"en_US\" \/>\n<meta property=\"og:type\" content=\"article\" \/>\n<meta property=\"og:title\" content=\"Syrie\u00a0: l&#039;a\u00e9roport d&#039;Alep hors d\u2019usage apr\u00e8s une \u00ab\u00a0frappe a\u00e9rienne\u00a0\u00bb isra\u00e9lienne - Les Rapports Quotidiens\" \/>\n<meta property=\"og:description\" content=\"Une \u00ab&nbsp;frappe a\u00e9rienne&nbsp;\u00bb de l\u2019arm\u00e9e isra\u00e9lienne a mis hors service l&#8217;a\u00e9roport international d&#8217;Alep, a d\u00e9clar\u00e9 lundi le minist\u00e8re syrien de la D\u00e9fense. \u00ab&nbsp;L&#8217;ennemi isra\u00e9lien a men\u00e9 une attaque a\u00e9rienne [&#8230;] visant l&#8217;a\u00e9roport international d&#8217;Alep&nbsp;\u00bb, a d\u00e9clar\u00e9 une source militaire. L&#8217;attaque a\u00e9rienne pr\u00e9sum\u00e9e a eu lieu \u00e0 4h30 du matin, selon l\u2019agence syrienne d\u2019information SANA. Les\" \/>\n<meta property=\"og:url\" content=\"https:\/\/thedailyreports.com\/fr\/2023\/08\/28\/syrie-laeroport-dalep-hors-dusage-apres-une-frappe-aerienne-israelienne\/\" \/>\n<meta property=\"og:site_name\" content=\"Les Rapports Quotidiens\" \/>\n<meta property=\"article:published_time\" content=\"2023-08-28T06:33:34+00:00\" \/>\n<meta property=\"article:modified_time\" content=\"2023-08-28T06:33:35+00:00\" \/>\n<meta property=\"og:image\" content=\"https:\/\/thedailyreports.com\/fr\/wp-content\/uploads\/2023\/08\/Alep-1-e1582755372824.jpg\" \/>\n\t<meta property=\"og:image:width\" content=\"960\" \/>\n\t<meta property=\"og:image:height\" content=\"504\" \/>\n\t<meta property=\"og:image:type\" content=\"image\/jpeg\" \/>\n<meta name=\"author\" content=\"The Daily Reports\" \/>\n<meta name=\"twitter:card\" content=\"summary_large_image\" \/>\n<meta name=\"twitter:label1\" content=\"Written by\" \/>\n\t<meta name=\"twitter:data1\" content=\"The Daily Reports\" \/>\n\t<meta name=\"twitter:label2\" content=\"Est. reading time\" \/>\n\t<meta name=\"twitter:data2\" content=\"2 minutes\" \/>\n<script type=\"application\/ld+json\" class=\"yoast-schema-graph\">{\"@context\":\"https:\\\/\\\/schema.org\",\"@graph\":[{\"@type\":\"Article\",\"@id\":\"https:\\\/\\\/thedailyreports.com\\\/fr\\\/2023\\\/08\\\/28\\\/syrie-laeroport-dalep-hors-dusage-apres-une-frappe-aerienne-israelienne\\\/#article\",\"isPartOf\":{\"@id\":\"https:\\\/\\\/thedailyreports.com\\\/fr\\\/2023\\\/08\\\/28\\\/syrie-laeroport-dalep-hors-dusage-apres-une-frappe-aerienne-israelienne\\\/\"},\"author\":{\"name\":\"The Daily Reports\",\"@id\":\"https:\\\/\\\/thedailyreports.com\\\/fr\\\/#\\\/schema\\\/person\\\/b00df16edad26ba8db109fb28c806a2a\"},\"headline\":\"Syrie\u00a0: l&#8217;a\u00e9roport d&#8217;Alep hors d\u2019usage apr\u00e8s une \u00ab\u00a0frappe a\u00e9rienne\u00a0\u00bb isra\u00e9lienne\",\"datePublished\":\"2023-08-28T06:33:34+00:00\",\"dateModified\":\"2023-08-28T06:33:35+00:00\",\"mainEntityOfPage\":{\"@id\":\"https:\\\/\\\/thedailyreports.com\\\/fr\\\/2023\\\/08\\\/28\\\/syrie-laeroport-dalep-hors-dusage-apres-une-frappe-aerienne-israelienne\\\/\"},\"wordCount\":577,\"commentCount\":0,\"image\":{\"@id\":\"https:\\\/\\\/thedailyreports.com\\\/fr\\\/2023\\\/08\\\/28\\\/syrie-laeroport-dalep-hors-dusage-apres-une-frappe-aerienne-israelienne\\\/#primaryimage\"},\"thumbnailUrl\":\"https:\\\/\\\/thedailyreports.com\\\/fr\\\/wp-content\\\/uploads\\\/2023\\\/08\\\/Alep-1-e1582755372824.jpg\",\"articleSection\":[\"Iran\",\"Regions\"],\"inLanguage\":\"en-US\",\"potentialAction\":[{\"@type\":\"CommentAction\",\"name\":\"Comment\",\"target\":[\"https:\\\/\\\/thedailyreports.com\\\/fr\\\/2023\\\/08\\\/28\\\/syrie-laeroport-dalep-hors-dusage-apres-une-frappe-aerienne-israelienne\\\/#respond\"]}]},{\"@type\":\"WebPage\",\"@id\":\"https:\\\/\\\/thedailyreports.com\\\/fr\\\/2023\\\/08\\\/28\\\/syrie-laeroport-dalep-hors-dusage-apres-une-frappe-aerienne-israelienne\\\/\",\"url\":\"https:\\\/\\\/thedailyreports.com\\\/fr\\\/2023\\\/08\\\/28\\\/syrie-laeroport-dalep-hors-dusage-apres-une-frappe-aerienne-israelienne\\\/\",\"name\":\"Syrie\u00a0: l'a\u00e9roport d'Alep hors d\u2019usage apr\u00e8s une \u00ab\u00a0frappe a\u00e9rienne\u00a0\u00bb isra\u00e9lienne - Les Rapports Quotidiens\",\"isPartOf\":{\"@id\":\"https:\\\/\\\/thedailyreports.com\\\/fr\\\/#website\"},\"primaryImageOfPage\":{\"@id\":\"https:\\\/\\\/thedailyreports.com\\\/fr\\\/2023\\\/08\\\/28\\\/syrie-laeroport-dalep-hors-dusage-apres-une-frappe-aerienne-israelienne\\\/#primaryimage\"},\"image\":{\"@id\":\"https:\\\/\\\/thedailyreports.com\\\/fr\\\/2023\\\/08\\\/28\\\/syrie-laeroport-dalep-hors-dusage-apres-une-frappe-aerienne-israelienne\\\/#primaryimage\"},\"thumbnailUrl\":\"https:\\\/\\\/thedailyreports.com\\\/fr\\\/wp-content\\\/uploads\\\/2023\\\/08\\\/Alep-1-e1582755372824.jpg\",\"datePublished\":\"2023-08-28T06:33:34+00:00\",\"dateModified\":\"2023-08-28T06:33:35+00:00\",\"author\":{\"@id\":\"https:\\\/\\\/thedailyreports.com\\\/fr\\\/#\\\/schema\\\/person\\\/b00df16edad26ba8db109fb28c806a2a\"},\"breadcrumb\":{\"@id\":\"https:\\\/\\\/thedailyreports.com\\\/fr\\\/2023\\\/08\\\/28\\\/syrie-laeroport-dalep-hors-dusage-apres-une-frappe-aerienne-israelienne\\\/#breadcrumb\"},\"inLanguage\":\"en-US\",\"potentialAction\":[{\"@type\":\"ReadAction\",\"target\":[\"https:\\\/\\\/thedailyreports.com\\\/fr\\\/2023\\\/08\\\/28\\\/syrie-laeroport-dalep-hors-dusage-apres-une-frappe-aerienne-israelienne\\\/\"]}]},{\"@type\":\"ImageObject\",\"inLanguage\":\"en-US\",\"@id\":\"https:\\\/\\\/thedailyreports.com\\\/fr\\\/2023\\\/08\\\/28\\\/syrie-laeroport-dalep-hors-dusage-apres-une-frappe-aerienne-israelienne\\\/#primaryimage\",\"url\":\"https:\\\/\\\/thedailyreports.com\\\/fr\\\/wp-content\\\/uploads\\\/2023\\\/08\\\/Alep-1-e1582755372824.jpg\",\"contentUrl\":\"https:\\\/\\\/thedailyreports.com\\\/fr\\\/wp-content\\\/uploads\\\/2023\\\/08\\\/Alep-1-e1582755372824.jpg\",\"width\":960,\"height\":504},{\"@type\":\"BreadcrumbList\",\"@id\":\"https:\\\/\\\/thedailyreports.com\\\/fr\\\/2023\\\/08\\\/28\\\/syrie-laeroport-dalep-hors-dusage-apres-une-frappe-aerienne-israelienne\\\/#breadcrumb\",\"itemListElement\":[{\"@type\":\"ListItem\",\"position\":1,\"name\":\"Home\",\"item\":\"https:\\\/\\\/thedailyreports.com\\\/fr\\\/\"},{\"@type\":\"ListItem\",\"position\":2,\"name\":\"Syrie\u00a0: l&#8217;a\u00e9roport d&#8217;Alep hors d\u2019usage apr\u00e8s une \u00ab\u00a0frappe a\u00e9rienne\u00a0\u00bb isra\u00e9lienne\"}]},{\"@type\":\"WebSite\",\"@id\":\"https:\\\/\\\/thedailyreports.com\\\/fr\\\/#website\",\"url\":\"https:\\\/\\\/thedailyreports.com\\\/fr\\\/\",\"name\":\"Les Rapports Quotidiens\",\"description\":\"Toute la v\u00e9rit\u00e9, rien que la v\u00e9rit\u00e9\",\"potentialAction\":[{\"@type\":\"SearchAction\",\"target\":{\"@type\":\"EntryPoint\",\"urlTemplate\":\"https:\\\/\\\/thedailyreports.com\\\/fr\\\/?s={search_term_string}\"},\"query-input\":{\"@type\":\"PropertyValueSpecification\",\"valueRequired\":true,\"valueName\":\"search_term_string\"}}],\"inLanguage\":\"en-US\"},{\"@type\":\"Person\",\"@id\":\"https:\\\/\\\/thedailyreports.com\\\/fr\\\/#\\\/schema\\\/person\\\/b00df16edad26ba8db109fb28c806a2a\",\"name\":\"The Daily Reports\",\"image\":{\"@type\":\"ImageObject\",\"inLanguage\":\"en-US\",\"@id\":\"https:\\\/\\\/secure.gravatar.com\\\/avatar\\\/302a03d420eae20396406f37e0504a570385b6e8478a3733ea8ee684acee8497?s=96&d=mm&r=g\",\"url\":\"https:\\\/\\\/secure.gravatar.com\\\/avatar\\\/302a03d420eae20396406f37e0504a570385b6e8478a3733ea8ee684acee8497?s=96&d=mm&r=g\",\"contentUrl\":\"https:\\\/\\\/secure.gravatar.com\\\/avatar\\\/302a03d420eae20396406f37e0504a570385b6e8478a3733ea8ee684acee8497?s=96&d=mm&r=g\",\"caption\":\"The Daily Reports\"},\"sameAs\":[\"https:\\\/\\\/thedailyreports.com\\\/fr\"],\"url\":\"https:\\\/\\\/thedailyreports.com\\\/fr\\\/author\\\/haythem\\\/\"}]}<\/script>\n<!-- \/ Yoast SEO plugin. -->","yoast_head_json":{"title":"Syrie\u00a0: l'a\u00e9roport d'Alep hors d\u2019usage apr\u00e8s une \u00ab\u00a0frappe a\u00e9rienne\u00a0\u00bb isra\u00e9lienne - Les Rapports Quotidiens","robots":{"index":"index","follow":"follow","max-snippet":"max-snippet:-1","max-image-preview":"max-image-preview:large","max-video-preview":"max-video-preview:-1"},"canonical":"https:\/\/thedailyreports.com\/fr\/2023\/08\/28\/syrie-laeroport-dalep-hors-dusage-apres-une-frappe-aerienne-israelienne\/","og_locale":"en_US","og_type":"article","og_title":"Syrie\u00a0: l'a\u00e9roport d'Alep hors d\u2019usage apr\u00e8s une \u00ab\u00a0frappe a\u00e9rienne\u00a0\u00bb isra\u00e9lienne - Les Rapports Quotidiens","og_description":"Une \u00ab&nbsp;frappe a\u00e9rienne&nbsp;\u00bb de l\u2019arm\u00e9e isra\u00e9lienne a mis hors service l&#8217;a\u00e9roport international d&#8217;Alep, a d\u00e9clar\u00e9 lundi le minist\u00e8re syrien de la D\u00e9fense. \u00ab&nbsp;L&#8217;ennemi isra\u00e9lien a men\u00e9 une attaque a\u00e9rienne [&#8230;] visant l&#8217;a\u00e9roport international d&#8217;Alep&nbsp;\u00bb, a d\u00e9clar\u00e9 une source militaire. L&#8217;attaque a\u00e9rienne pr\u00e9sum\u00e9e a eu lieu \u00e0 4h30 du matin, selon l\u2019agence syrienne d\u2019information SANA. Les","og_url":"https:\/\/thedailyreports.com\/fr\/2023\/08\/28\/syrie-laeroport-dalep-hors-dusage-apres-une-frappe-aerienne-israelienne\/","og_site_name":"Les Rapports Quotidiens","article_published_time":"2023-08-28T06:33:34+00:00","article_modified_time":"2023-08-28T06:33:35+00:00","og_image":[{"width":960,"height":504,"url":"https:\/\/thedailyreports.com\/fr\/wp-content\/uploads\/2023\/08\/Alep-1-e1582755372824.jpg","type":"image\/jpeg"}],"author":"The Daily Reports","twitter_card":"summary_large_image","twitter_misc":{"Written by":"The Daily Reports","Est. reading time":"2 minutes"},"schema":{"@context":"https:\/\/schema.org","@graph":[{"@type":"Article","@id":"https:\/\/thedailyreports.com\/fr\/2023\/08\/28\/syrie-laeroport-dalep-hors-dusage-apres-une-frappe-aerienne-israelienne\/#article","isPartOf":{"@id":"https:\/\/thedailyreports.com\/fr\/2023\/08\/28\/syrie-laeroport-dalep-hors-dusage-apres-une-frappe-aerienne-israelienne\/"},"author":{"name":"The Daily Reports","@id":"https:\/\/thedailyreports.com\/fr\/#\/schema\/person\/b00df16edad26ba8db109fb28c806a2a"},"headline":"Syrie\u00a0: l&#8217;a\u00e9roport d&#8217;Alep hors d\u2019usage apr\u00e8s une \u00ab\u00a0frappe a\u00e9rienne\u00a0\u00bb isra\u00e9lienne","datePublished":"2023-08-28T06:33:34+00:00","dateModified":"2023-08-28T06:33:35+00:00","mainEntityOfPage":{"@id":"https:\/\/thedailyreports.com\/fr\/2023\/08\/28\/syrie-laeroport-dalep-hors-dusage-apres-une-frappe-aerienne-israelienne\/"},"wordCount":577,"commentCount":0,"image":{"@id":"https:\/\/thedailyreports.com\/fr\/2023\/08\/28\/syrie-laeroport-dalep-hors-dusage-apres-une-frappe-aerienne-israelienne\/#primaryimage"},"thumbnailUrl":"https:\/\/thedailyreports.com\/fr\/wp-content\/uploads\/2023\/08\/Alep-1-e1582755372824.jpg","articleSection":["Iran","Regions"],"inLanguage":"en-US","potentialAction":[{"@type":"CommentAction","name":"Comment","target":["https:\/\/thedailyreports.com\/fr\/2023\/08\/28\/syrie-laeroport-dalep-hors-dusage-apres-une-frappe-aerienne-israelienne\/#respond"]}]},{"@type":"WebPage","@id":"https:\/\/thedailyreports.com\/fr\/2023\/08\/28\/syrie-laeroport-dalep-hors-dusage-apres-une-frappe-aerienne-israelienne\/","url":"https:\/\/thedailyreports.com\/fr\/2023\/08\/28\/syrie-laeroport-dalep-hors-dusage-apres-une-frappe-aerienne-israelienne\/","name":"Syrie\u00a0: l'a\u00e9roport d'Alep hors d\u2019usage apr\u00e8s une \u00ab\u00a0frappe a\u00e9rienne\u00a0\u00bb isra\u00e9lienne - Les Rapports Quotidiens","isPartOf":{"@id":"https:\/\/thedailyreports.com\/fr\/#website"},"primaryImageOfPage":{"@id":"https:\/\/thedailyreports.com\/fr\/2023\/08\/28\/syrie-laeroport-dalep-hors-dusage-apres-une-frappe-aerienne-israelienne\/#primaryimage"},"image":{"@id":"https:\/\/thedailyreports.com\/fr\/2023\/08\/28\/syrie-laeroport-dalep-hors-dusage-apres-une-frappe-aerienne-israelienne\/#primaryimage"},"thumbnailUrl":"https:\/\/thedailyreports.com\/fr\/wp-content\/uploads\/2023\/08\/Alep-1-e1582755372824.jpg","datePublished":"2023-08-28T06:33:34+00:00","dateModified":"2023-08-28T06:33:35+00:00","author":{"@id":"https:\/\/thedailyreports.com\/fr\/#\/schema\/person\/b00df16edad26ba8db109fb28c806a2a"},"breadcrumb":{"@id":"https:\/\/thedailyreports.com\/fr\/2023\/08\/28\/syrie-laeroport-dalep-hors-dusage-apres-une-frappe-aerienne-israelienne\/#breadcrumb"},"inLanguage":"en-US","potentialAction":[{"@type":"ReadAction","target":["https:\/\/thedailyreports.com\/fr\/2023\/08\/28\/syrie-laeroport-dalep-hors-dusage-apres-une-frappe-aerienne-israelienne\/"]}]},{"@type":"ImageObject","inLanguage":"en-US","@id":"https:\/\/thedailyreports.com\/fr\/2023\/08\/28\/syrie-laeroport-dalep-hors-dusage-apres-une-frappe-aerienne-israelienne\/#primaryimage","url":"https:\/\/thedailyreports.com\/fr\/wp-content\/uploads\/2023\/08\/Alep-1-e1582755372824.jpg","contentUrl":"https:\/\/thedailyreports.com\/fr\/wp-content\/uploads\/2023\/08\/Alep-1-e1582755372824.jpg","width":960,"height":504},{"@type":"BreadcrumbList","@id":"https:\/\/thedailyreports.com\/fr\/2023\/08\/28\/syrie-laeroport-dalep-hors-dusage-apres-une-frappe-aerienne-israelienne\/#breadcrumb","itemListElement":[{"@type":"ListItem","position":1,"name":"Home","item":"https:\/\/thedailyreports.com\/fr\/"},{"@type":"ListItem","position":2,"name":"Syrie\u00a0: l&#8217;a\u00e9roport d&#8217;Alep hors d\u2019usage apr\u00e8s une \u00ab\u00a0frappe a\u00e9rienne\u00a0\u00bb isra\u00e9lienne"}]},{"@type":"WebSite","@id":"https:\/\/thedailyreports.com\/fr\/#website","url":"https:\/\/thedailyreports.com\/fr\/","name":"Les Rapports Quotidiens","description":"Toute la v\u00e9rit\u00e9, rien que la v\u00e9rit\u00e9","potentialAction":[{"@type":"SearchAction","target":{"@type":"EntryPoint","urlTemplate":"https:\/\/thedailyreports.com\/fr\/?s={search_term_string}"},"query-input":{"@type":"PropertyValueSpecification","valueRequired":true,"valueName":"search_term_string"}}],"inLanguage":"en-US"},{"@type":"Person","@id":"https:\/\/thedailyreports.com\/fr\/#\/schema\/person\/b00df16edad26ba8db109fb28c806a2a","name":"The Daily Reports","image":{"@type":"ImageObject","inLanguage":"en-US","@id":"https:\/\/secure.gravatar.com\/avatar\/302a03d420eae20396406f37e0504a570385b6e8478a3733ea8ee684acee8497?s=96&d=mm&r=g","url":"https:\/\/secure.gravatar.com\/avatar\/302a03d420eae20396406f37e0504a570385b6e8478a3733ea8ee684acee8497?s=96&d=mm&r=g","contentUrl":"https:\/\/secure.gravatar.com\/avatar\/302a03d420eae20396406f37e0504a570385b6e8478a3733ea8ee684acee8497?s=96&d=mm&r=g","caption":"The Daily Reports"},"sameAs":["https:\/\/thedailyreports.com\/fr"],"url":"https:\/\/thedailyreports.com\/fr\/author\/haythem\/"}]}},"_links":{"self":[{"href":"https:\/\/thedailyreports.com\/fr\/wp-json\/wp\/v2\/posts\/8045","targetHints":{"allow":["GET"]}}],"collection":[{"href":"https:\/\/thedailyreports.com\/fr\/wp-json\/wp\/v2\/posts"}],"about":[{"href":"https:\/\/thedailyreports.com\/fr\/wp-json\/wp\/v2\/types\/post"}],"author":[{"embeddable":true,"href":"https:\/\/thedailyreports.com\/fr\/wp-json\/wp\/v2\/users\/5"}],"replies":[{"embeddable":true,"href":"https:\/\/thedailyreports.com\/fr\/wp-json\/wp\/v2\/comments?post=8045"}],"version-history":[{"count":1,"href":"https:\/\/thedailyreports.com\/fr\/wp-json\/wp\/v2\/posts\/8045\/revisions"}],"predecessor-version":[{"id":8047,"href":"https:\/\/thedailyreports.com\/fr\/wp-json\/wp\/v2\/posts\/8045\/revisions\/8047"}],"wp:featuredmedia":[{"embeddable":true,"href":"https:\/\/thedailyreports.com\/fr\/wp-json\/wp\/v2\/media\/8046"}],"wp:attachment":[{"href":"https:\/\/thedailyreports.com\/fr\/wp-json\/wp\/v2\/media?parent=8045"}],"wp:term":[{"taxonomy":"category","embeddable":true,"href":"https:\/\/thedailyreports.com\/fr\/wp-json\/wp\/v2\/categories?post=8045"},{"taxonomy":"post_tag","embeddable":true,"href":"https:\/\/thedailyreports.com\/fr\/wp-json\/wp\/v2\/tags?post=8045"}],"curies":[{"name":"wp","href":"https:\/\/api.w.org\/{rel}","templated":true}]}}