{"id":8027,"date":"2023-08-22T00:23:51","date_gmt":"2023-08-21T23:23:51","guid":{"rendered":"https:\/\/thedailyreports.com\/fr\/?p=8027"},"modified":"2023-08-22T00:23:53","modified_gmt":"2023-08-21T23:23:53","slug":"benjamin-netanyahu-accuse-liran-de-financer-lactuelle-vague-de-terreur-en-israel","status":"publish","type":"post","link":"https:\/\/thedailyreports.com\/fr\/2023\/08\/22\/benjamin-netanyahu-accuse-liran-de-financer-lactuelle-vague-de-terreur-en-israel\/","title":{"rendered":"Benjamin Netanyahu accuse l&#8217;Iran de financer l\u2019actuelle vague de terreur en Isra\u00ebl"},"content":{"rendered":"\n<p>La derni\u00e8re vague de terrorisme qui s\u00e9vit en Cisjordanie est financ\u00e9e par l\u2019Iran, a d\u00e9clar\u00e9 le Premier ministre isra\u00e9lien, Benjamin Netanyahu, sur les lieux de l\u2019attaque meurtri\u00e8re qui a eu lieu lundi dans les collines du sud d&#8217;H\u00e9bron, en Cisjordanie.<\/p>\n\n\n\n<p>\u00ab&nbsp;Nous nous trouvons face \u00e0 un assaut terroriste qui est encourag\u00e9, guid\u00e9 et financ\u00e9 par l&#8217;Iran et ses mandataires&nbsp;\u00bb, a d\u00e9clar\u00e9 le Premier ministre.<\/p>\n\n\n\n<p>\u00ab&nbsp;Une partie importante de cette vague de terrorisme a \u00e9t\u00e9 guid\u00e9e depuis l&#8217;ext\u00e9rieur&nbsp;\u00bb, a-t-il ajout\u00e9.<\/p>\n\n\n\n<p>Il est plut\u00f4t inhabituel que Benjamin Netanyahu se rende en Jud\u00e9e et en Samarie, et encore plus sur le lieu d&#8217;un attentat terroriste. Il est arriv\u00e9 avec le ministre de la D\u00e9fense, Yoav Gallant, en pleine p\u00e9riode de pol\u00e9mique et de critiques envers son gouvernement pour son manque de fermet\u00e9 face au terrorisme. &nbsp;<\/p>\n\n\n\n<p>Yoav Gallant a point\u00e9 du doigt T\u00e9h\u00e9ran, d\u00e9clarant que le financement iranien marque un \u00ab&nbsp;changement significatif&nbsp;\u00bb et permet \u00e0 davantage d\u2019armes de parvenir en Cisjordanie.<\/p>\n\n\n\n<p>Le terrorisme est \u00ab&nbsp;enti\u00e8rement guid\u00e9 par l&#8217;Iran, qui cherche par tous les moyens \u00e0 nuire aux citoyens isra\u00e9liens&nbsp;\u00bb, a d\u00e9clar\u00e9 M. Gallant. \u00ab&nbsp;Nous atteindrons les terroristes et prendrons des mesures suppl\u00e9mentaires pour assurer la s\u00e9curit\u00e9 des citoyens d&#8217;Isra\u00ebl et faire payer le prix aux responsables&nbsp;\u00bb, a-t-il averti.<\/p>\n\n\n\n<p>Benjamin Netanyahu a soulign\u00e9 qu&#8217;Isra\u00ebl \u00ab&nbsp;agit 24 heures sur 24&#8230; pour trouver les meurtriers et ceux qui cherchent \u00e0 assassiner des citoyens d&#8217;Isra\u00ebl&#8230; Nous utiliserons des moyens d&#8217;attaque et de d\u00e9fense suppl\u00e9mentaires pour faire payer les terroristes et ceux qui les envoient, de pr\u00e8s ou de loin&nbsp;\u00bb.<\/p>\n\n\n\n<p>Le Premier ministre a \u00e9galement assur\u00e9 qu&#8217;il apportait son \u00ab&nbsp;soutien \u00e0 tous les commandants et \u00e0 tous les soldats qui travaillent jour et nuit [&#8230;] pour nous d\u00e9fendre tous, et nous devons tous les soutenir&nbsp;\u00bb.<\/p>\n\n\n\n<p>Au cours des derni\u00e8res semaines, des membres du Likoud, le parti du Premier ministre, et de la coalition gouvernementale, ainsi que son fils Yair Netanyahu, ont critiqu\u00e9 certains des principaux commandants de Tsahal, notamment le chef d&#8217;\u00e9tat-major, le g\u00e9n\u00e9ral de division Herzy Halevi.<\/p>\n\n\n\n<p>Pour \u00e9laborer une r\u00e9ponse \u00e0 l&#8217;attaque de lundi, qui a \u00e9t\u00e9 pr\u00e9c\u00e9d\u00e9e samedi par une fusillade mortelle faisant deux victimes, M. Netanyahu pr\u00e9voit de r\u00e9unir le cabinet de s\u00e9curit\u00e9 dans le courant de la semaine.<\/p>\n\n\n\n<p>Par ailleurs, le ministre de la S\u00e9curit\u00e9 nationale, Itamar Ben-Gvir, a somm\u00e9 Benjamin Netanyahu de convoquer le cabinet de s\u00e9curit\u00e9 plus t\u00f4t que la date initialement fix\u00e9e au 10 septembre.<\/p>\n\n\n\n<p>Ben-Gvir devrait exiger de nouvelles mesures restrictives comme la fermeture de routes et le refus d\u2019octroyer des permis de travail aux Palestiniens.<\/p>\n\n\n\n<p>Le d\u00e9put\u00e9 Dan Illuoz du Likoud a r\u00e9dig\u00e9 sur Twitter : \u00ab&nbsp;Un attentat succ\u00e8de \u00e0 un attentat&#8230; Nous devons r\u00e9tablir la dissuasion et ne pas attendre un instant de plus. Nous ne devons pas laisser le terrorisme se d\u00e9velopper. Nous poursuivrons nos ennemis et les d\u00e9passerons, et nous ne reculerons pas tant qu&#8217;ils ne seront pas partis&nbsp;\u00bb.<\/p>\n\n\n\n<p>\u00ab&nbsp;Les routes de Jud\u00e9e et de Samarie ne seront plus une voie verte pour le terrorisme ! Ministre de la D\u00e9fense [Gallant], la d\u00e9cision est entre vos mains, acceptez-la avant le prochain attentat&nbsp;\u00bb, a d\u00e9clar\u00e9, \u00e9galement sur Twitter, la ministre des missions nationales, Orit Struck (RZP).<\/p>\n\n\n\n<p>Pour sa part, le d\u00e9put\u00e9 d&#8217;Otzma Yehudit, Yitzhak Kreuzer, a simplement tweet\u00e9 : \u00ab&nbsp;nous r\u00e9clamons vengeance&nbsp;\u00bb.<\/p>\n\n\n\n<p>Le ministre des Finances, Bezalel Smotrich, s&#8217;est rendu dans les collines sud d&#8217;H\u00e9bron plus t\u00f4t dans la journ\u00e9e et a rencontr\u00e9 le chef du conseil r\u00e9gional, Yochai Damri.<\/p>\n\n\n\n<p>\u00c0 l&#8217;issue de cette rencontre, il s&#8217;est engag\u00e9 \u00e0 pr\u00e9senter au gouvernement, dimanche, une d\u00e9cision visant \u00e0 \u00e9tendre les activit\u00e9s de colonisation en Cisjordanie, en particulier dans les collines du sud d&#8217;H\u00e9bron.<\/p>\n\n\n\n<p>Cette d\u00e9cision inclurait l&#8217;extension des colonies de Beit Hagai et d&#8217;Otniel, ainsi que des mesures visant \u00e0 am\u00e9liorer la s\u00e9curit\u00e9 sur la route o\u00f9 s&#8217;est produit l&#8217;attentat.<\/p>\n\n\n\n<p>\u00ab&nbsp;C&#8217;est ce qui montrera \u00e0 nos ennemis que la terreur ne paie pas&nbsp;\u00bb, a-t-il d\u00e9clar\u00e9.<\/p>\n\n\n\n<p>Les responsables des colonies pr\u00e9voient de manifester mardi devant le bureau du Premier ministre pour exiger une r\u00e9ponse militaire aux attaques terroristes.<\/p>\n\n\n\n<p>\u00ab&nbsp;Cela ne peut plus durer. Le sang juif a \u00e9t\u00e9 vers\u00e9 et le terrorisme meurtrier nous fait payer un prix terrible. Nous avons pr\u00e9venu que le concept de s\u00e9curit\u00e9 actuel ne permet pas d&#8217;arr\u00eater les attaques terroristes&nbsp;\u00bb, a d\u00e9clar\u00e9 le chef du conseil r\u00e9gional de Binyamin, Isra\u00ebl Gantz.<\/p>\n\n\n\n<p>\u00ab&nbsp;Nous exigeons la s\u00e9curit\u00e9. Nous exigeons que nos r\u00e9sidents puissent vivre ici en paix. C&#8217;est un minimum que les forces de d\u00e9fense isra\u00e9liennes et le gouvernement doivent assurer aux citoyens.&nbsp;\u00bb<\/p>\n","protected":false},"excerpt":{"rendered":"<p>La derni\u00e8re vague de terrorisme qui s\u00e9vit en Cisjordanie est financ\u00e9e par l\u2019Iran, a d\u00e9clar\u00e9 le Premier ministre isra\u00e9lien, Benjamin Netanyahu, sur les lieux de l\u2019attaque meurtri\u00e8re qui a eu lieu lundi dans les collines du sud d&#8217;H\u00e9bron, en Cisjordanie. \u00ab&nbsp;Nous nous trouvons face \u00e0 un assaut terroriste qui est encourag\u00e9, guid\u00e9 et financ\u00e9 par<\/p>\n","protected":false},"author":5,"featured_media":8028,"comment_status":"open","ping_status":"open","sticky":false,"template":"","format":"standard","meta":{"footnotes":""},"categories":[25,32],"tags":[],"class_list":{"0":"post-8027","1":"post","2":"type-post","3":"status-publish","4":"format-standard","5":"has-post-thumbnail","7":"category-iran","8":"category-regions"},"yoast_head":"<!-- This site is optimized with the Yoast SEO plugin v27.4 - https:\/\/yoast.com\/product\/yoast-seo-wordpress\/ -->\n<title>Benjamin Netanyahu accuse l&#039;Iran de financer l\u2019actuelle vague de terreur en Isra\u00ebl - Les Rapports Quotidiens<\/title>\n<meta name=\"robots\" content=\"index, follow, max-snippet:-1, max-image-preview:large, max-video-preview:-1\" \/>\n<link rel=\"canonical\" href=\"https:\/\/thedailyreports.com\/fr\/2023\/08\/22\/benjamin-netanyahu-accuse-liran-de-financer-lactuelle-vague-de-terreur-en-israel\/\" \/>\n<meta property=\"og:locale\" content=\"en_US\" \/>\n<meta property=\"og:type\" content=\"article\" \/>\n<meta property=\"og:title\" content=\"Benjamin Netanyahu accuse l&#039;Iran de financer l\u2019actuelle vague de terreur en Isra\u00ebl - Les Rapports Quotidiens\" \/>\n<meta property=\"og:description\" content=\"La derni\u00e8re vague de terrorisme qui s\u00e9vit en Cisjordanie est financ\u00e9e par l\u2019Iran, a d\u00e9clar\u00e9 le Premier ministre isra\u00e9lien, Benjamin Netanyahu, sur les lieux de l\u2019attaque meurtri\u00e8re qui a eu lieu lundi dans les collines du sud d&#8217;H\u00e9bron, en Cisjordanie. \u00ab&nbsp;Nous nous trouvons face \u00e0 un assaut terroriste qui est encourag\u00e9, guid\u00e9 et financ\u00e9 par\" \/>\n<meta property=\"og:url\" content=\"https:\/\/thedailyreports.com\/fr\/2023\/08\/22\/benjamin-netanyahu-accuse-liran-de-financer-lactuelle-vague-de-terreur-en-israel\/\" \/>\n<meta property=\"og:site_name\" content=\"Les Rapports Quotidiens\" \/>\n<meta property=\"article:published_time\" content=\"2023-08-21T23:23:51+00:00\" \/>\n<meta property=\"article:modified_time\" content=\"2023-08-21T23:23:53+00:00\" \/>\n<meta property=\"og:image\" content=\"https:\/\/thedailyreports.com\/fr\/wp-content\/uploads\/2023\/08\/549167.webp\" \/>\n\t<meta property=\"og:image:width\" content=\"822\" \/>\n\t<meta property=\"og:image:height\" content=\"537\" \/>\n\t<meta property=\"og:image:type\" content=\"image\/webp\" \/>\n<meta name=\"author\" content=\"The Daily Reports\" \/>\n<meta name=\"twitter:card\" content=\"summary_large_image\" \/>\n<meta name=\"twitter:label1\" content=\"Written by\" \/>\n\t<meta name=\"twitter:data1\" content=\"The Daily Reports\" \/>\n\t<meta name=\"twitter:label2\" content=\"Est. reading time\" \/>\n\t<meta name=\"twitter:data2\" content=\"4 minutes\" \/>\n<script type=\"application\/ld+json\" class=\"yoast-schema-graph\">{\"@context\":\"https:\\\/\\\/schema.org\",\"@graph\":[{\"@type\":\"Article\",\"@id\":\"https:\\\/\\\/thedailyreports.com\\\/fr\\\/2023\\\/08\\\/22\\\/benjamin-netanyahu-accuse-liran-de-financer-lactuelle-vague-de-terreur-en-israel\\\/#article\",\"isPartOf\":{\"@id\":\"https:\\\/\\\/thedailyreports.com\\\/fr\\\/2023\\\/08\\\/22\\\/benjamin-netanyahu-accuse-liran-de-financer-lactuelle-vague-de-terreur-en-israel\\\/\"},\"author\":{\"name\":\"The Daily Reports\",\"@id\":\"https:\\\/\\\/thedailyreports.com\\\/fr\\\/#\\\/schema\\\/person\\\/b00df16edad26ba8db109fb28c806a2a\"},\"headline\":\"Benjamin Netanyahu accuse l&#8217;Iran de financer l\u2019actuelle vague de terreur en Isra\u00ebl\",\"datePublished\":\"2023-08-21T23:23:51+00:00\",\"dateModified\":\"2023-08-21T23:23:53+00:00\",\"mainEntityOfPage\":{\"@id\":\"https:\\\/\\\/thedailyreports.com\\\/fr\\\/2023\\\/08\\\/22\\\/benjamin-netanyahu-accuse-liran-de-financer-lactuelle-vague-de-terreur-en-israel\\\/\"},\"wordCount\":869,\"commentCount\":0,\"image\":{\"@id\":\"https:\\\/\\\/thedailyreports.com\\\/fr\\\/2023\\\/08\\\/22\\\/benjamin-netanyahu-accuse-liran-de-financer-lactuelle-vague-de-terreur-en-israel\\\/#primaryimage\"},\"thumbnailUrl\":\"https:\\\/\\\/thedailyreports.com\\\/fr\\\/wp-content\\\/uploads\\\/2023\\\/08\\\/549167.webp\",\"articleSection\":[\"Iran\",\"Regions\"],\"inLanguage\":\"en-US\",\"potentialAction\":[{\"@type\":\"CommentAction\",\"name\":\"Comment\",\"target\":[\"https:\\\/\\\/thedailyreports.com\\\/fr\\\/2023\\\/08\\\/22\\\/benjamin-netanyahu-accuse-liran-de-financer-lactuelle-vague-de-terreur-en-israel\\\/#respond\"]}]},{\"@type\":\"WebPage\",\"@id\":\"https:\\\/\\\/thedailyreports.com\\\/fr\\\/2023\\\/08\\\/22\\\/benjamin-netanyahu-accuse-liran-de-financer-lactuelle-vague-de-terreur-en-israel\\\/\",\"url\":\"https:\\\/\\\/thedailyreports.com\\\/fr\\\/2023\\\/08\\\/22\\\/benjamin-netanyahu-accuse-liran-de-financer-lactuelle-vague-de-terreur-en-israel\\\/\",\"name\":\"Benjamin Netanyahu accuse l'Iran de financer l\u2019actuelle vague de terreur en Isra\u00ebl - Les Rapports Quotidiens\",\"isPartOf\":{\"@id\":\"https:\\\/\\\/thedailyreports.com\\\/fr\\\/#website\"},\"primaryImageOfPage\":{\"@id\":\"https:\\\/\\\/thedailyreports.com\\\/fr\\\/2023\\\/08\\\/22\\\/benjamin-netanyahu-accuse-liran-de-financer-lactuelle-vague-de-terreur-en-israel\\\/#primaryimage\"},\"image\":{\"@id\":\"https:\\\/\\\/thedailyreports.com\\\/fr\\\/2023\\\/08\\\/22\\\/benjamin-netanyahu-accuse-liran-de-financer-lactuelle-vague-de-terreur-en-israel\\\/#primaryimage\"},\"thumbnailUrl\":\"https:\\\/\\\/thedailyreports.com\\\/fr\\\/wp-content\\\/uploads\\\/2023\\\/08\\\/549167.webp\",\"datePublished\":\"2023-08-21T23:23:51+00:00\",\"dateModified\":\"2023-08-21T23:23:53+00:00\",\"author\":{\"@id\":\"https:\\\/\\\/thedailyreports.com\\\/fr\\\/#\\\/schema\\\/person\\\/b00df16edad26ba8db109fb28c806a2a\"},\"breadcrumb\":{\"@id\":\"https:\\\/\\\/thedailyreports.com\\\/fr\\\/2023\\\/08\\\/22\\\/benjamin-netanyahu-accuse-liran-de-financer-lactuelle-vague-de-terreur-en-israel\\\/#breadcrumb\"},\"inLanguage\":\"en-US\",\"potentialAction\":[{\"@type\":\"ReadAction\",\"target\":[\"https:\\\/\\\/thedailyreports.com\\\/fr\\\/2023\\\/08\\\/22\\\/benjamin-netanyahu-accuse-liran-de-financer-lactuelle-vague-de-terreur-en-israel\\\/\"]}]},{\"@type\":\"ImageObject\",\"inLanguage\":\"en-US\",\"@id\":\"https:\\\/\\\/thedailyreports.com\\\/fr\\\/2023\\\/08\\\/22\\\/benjamin-netanyahu-accuse-liran-de-financer-lactuelle-vague-de-terreur-en-israel\\\/#primaryimage\",\"url\":\"https:\\\/\\\/thedailyreports.com\\\/fr\\\/wp-content\\\/uploads\\\/2023\\\/08\\\/549167.webp\",\"contentUrl\":\"https:\\\/\\\/thedailyreports.com\\\/fr\\\/wp-content\\\/uploads\\\/2023\\\/08\\\/549167.webp\",\"width\":822,\"height\":537,\"caption\":\"Les forces de s\u00e9curit\u00e9 isra\u00e9liennes \u00e0 l'entr\u00e9e de la ville d'H\u00e9bron, en Cisjordanie, apr\u00e8s l'attentat meurtrier sur la route 60, le 21 ao\u00fbt 2023. (cr\u00e9dit : CHAIM GOLDBEG\\\/FLASH90)\"},{\"@type\":\"BreadcrumbList\",\"@id\":\"https:\\\/\\\/thedailyreports.com\\\/fr\\\/2023\\\/08\\\/22\\\/benjamin-netanyahu-accuse-liran-de-financer-lactuelle-vague-de-terreur-en-israel\\\/#breadcrumb\",\"itemListElement\":[{\"@type\":\"ListItem\",\"position\":1,\"name\":\"Home\",\"item\":\"https:\\\/\\\/thedailyreports.com\\\/fr\\\/\"},{\"@type\":\"ListItem\",\"position\":2,\"name\":\"Benjamin Netanyahu accuse l&#8217;Iran de financer l\u2019actuelle vague de terreur en Isra\u00ebl\"}]},{\"@type\":\"WebSite\",\"@id\":\"https:\\\/\\\/thedailyreports.com\\\/fr\\\/#website\",\"url\":\"https:\\\/\\\/thedailyreports.com\\\/fr\\\/\",\"name\":\"Les Rapports Quotidiens\",\"description\":\"Toute la v\u00e9rit\u00e9, rien que la v\u00e9rit\u00e9\",\"potentialAction\":[{\"@type\":\"SearchAction\",\"target\":{\"@type\":\"EntryPoint\",\"urlTemplate\":\"https:\\\/\\\/thedailyreports.com\\\/fr\\\/?s={search_term_string}\"},\"query-input\":{\"@type\":\"PropertyValueSpecification\",\"valueRequired\":true,\"valueName\":\"search_term_string\"}}],\"inLanguage\":\"en-US\"},{\"@type\":\"Person\",\"@id\":\"https:\\\/\\\/thedailyreports.com\\\/fr\\\/#\\\/schema\\\/person\\\/b00df16edad26ba8db109fb28c806a2a\",\"name\":\"The Daily Reports\",\"image\":{\"@type\":\"ImageObject\",\"inLanguage\":\"en-US\",\"@id\":\"https:\\\/\\\/secure.gravatar.com\\\/avatar\\\/302a03d420eae20396406f37e0504a570385b6e8478a3733ea8ee684acee8497?s=96&d=mm&r=g\",\"url\":\"https:\\\/\\\/secure.gravatar.com\\\/avatar\\\/302a03d420eae20396406f37e0504a570385b6e8478a3733ea8ee684acee8497?s=96&d=mm&r=g\",\"contentUrl\":\"https:\\\/\\\/secure.gravatar.com\\\/avatar\\\/302a03d420eae20396406f37e0504a570385b6e8478a3733ea8ee684acee8497?s=96&d=mm&r=g\",\"caption\":\"The Daily Reports\"},\"sameAs\":[\"https:\\\/\\\/thedailyreports.com\\\/fr\"],\"url\":\"https:\\\/\\\/thedailyreports.com\\\/fr\\\/author\\\/haythem\\\/\"}]}<\/script>\n<!-- \/ Yoast SEO plugin. -->","yoast_head_json":{"title":"Benjamin Netanyahu accuse l'Iran de financer l\u2019actuelle vague de terreur en Isra\u00ebl - Les Rapports Quotidiens","robots":{"index":"index","follow":"follow","max-snippet":"max-snippet:-1","max-image-preview":"max-image-preview:large","max-video-preview":"max-video-preview:-1"},"canonical":"https:\/\/thedailyreports.com\/fr\/2023\/08\/22\/benjamin-netanyahu-accuse-liran-de-financer-lactuelle-vague-de-terreur-en-israel\/","og_locale":"en_US","og_type":"article","og_title":"Benjamin Netanyahu accuse l'Iran de financer l\u2019actuelle vague de terreur en Isra\u00ebl - Les Rapports Quotidiens","og_description":"La derni\u00e8re vague de terrorisme qui s\u00e9vit en Cisjordanie est financ\u00e9e par l\u2019Iran, a d\u00e9clar\u00e9 le Premier ministre isra\u00e9lien, Benjamin Netanyahu, sur les lieux de l\u2019attaque meurtri\u00e8re qui a eu lieu lundi dans les collines du sud d&#8217;H\u00e9bron, en Cisjordanie. \u00ab&nbsp;Nous nous trouvons face \u00e0 un assaut terroriste qui est encourag\u00e9, guid\u00e9 et financ\u00e9 par","og_url":"https:\/\/thedailyreports.com\/fr\/2023\/08\/22\/benjamin-netanyahu-accuse-liran-de-financer-lactuelle-vague-de-terreur-en-israel\/","og_site_name":"Les Rapports Quotidiens","article_published_time":"2023-08-21T23:23:51+00:00","article_modified_time":"2023-08-21T23:23:53+00:00","og_image":[{"width":822,"height":537,"url":"https:\/\/thedailyreports.com\/fr\/wp-content\/uploads\/2023\/08\/549167.webp","type":"image\/webp"}],"author":"The Daily Reports","twitter_card":"summary_large_image","twitter_misc":{"Written by":"The Daily Reports","Est. reading time":"4 minutes"},"schema":{"@context":"https:\/\/schema.org","@graph":[{"@type":"Article","@id":"https:\/\/thedailyreports.com\/fr\/2023\/08\/22\/benjamin-netanyahu-accuse-liran-de-financer-lactuelle-vague-de-terreur-en-israel\/#article","isPartOf":{"@id":"https:\/\/thedailyreports.com\/fr\/2023\/08\/22\/benjamin-netanyahu-accuse-liran-de-financer-lactuelle-vague-de-terreur-en-israel\/"},"author":{"name":"The Daily Reports","@id":"https:\/\/thedailyreports.com\/fr\/#\/schema\/person\/b00df16edad26ba8db109fb28c806a2a"},"headline":"Benjamin Netanyahu accuse l&#8217;Iran de financer l\u2019actuelle vague de terreur en Isra\u00ebl","datePublished":"2023-08-21T23:23:51+00:00","dateModified":"2023-08-21T23:23:53+00:00","mainEntityOfPage":{"@id":"https:\/\/thedailyreports.com\/fr\/2023\/08\/22\/benjamin-netanyahu-accuse-liran-de-financer-lactuelle-vague-de-terreur-en-israel\/"},"wordCount":869,"commentCount":0,"image":{"@id":"https:\/\/thedailyreports.com\/fr\/2023\/08\/22\/benjamin-netanyahu-accuse-liran-de-financer-lactuelle-vague-de-terreur-en-israel\/#primaryimage"},"thumbnailUrl":"https:\/\/thedailyreports.com\/fr\/wp-content\/uploads\/2023\/08\/549167.webp","articleSection":["Iran","Regions"],"inLanguage":"en-US","potentialAction":[{"@type":"CommentAction","name":"Comment","target":["https:\/\/thedailyreports.com\/fr\/2023\/08\/22\/benjamin-netanyahu-accuse-liran-de-financer-lactuelle-vague-de-terreur-en-israel\/#respond"]}]},{"@type":"WebPage","@id":"https:\/\/thedailyreports.com\/fr\/2023\/08\/22\/benjamin-netanyahu-accuse-liran-de-financer-lactuelle-vague-de-terreur-en-israel\/","url":"https:\/\/thedailyreports.com\/fr\/2023\/08\/22\/benjamin-netanyahu-accuse-liran-de-financer-lactuelle-vague-de-terreur-en-israel\/","name":"Benjamin Netanyahu accuse l'Iran de financer l\u2019actuelle vague de terreur en Isra\u00ebl - Les Rapports Quotidiens","isPartOf":{"@id":"https:\/\/thedailyreports.com\/fr\/#website"},"primaryImageOfPage":{"@id":"https:\/\/thedailyreports.com\/fr\/2023\/08\/22\/benjamin-netanyahu-accuse-liran-de-financer-lactuelle-vague-de-terreur-en-israel\/#primaryimage"},"image":{"@id":"https:\/\/thedailyreports.com\/fr\/2023\/08\/22\/benjamin-netanyahu-accuse-liran-de-financer-lactuelle-vague-de-terreur-en-israel\/#primaryimage"},"thumbnailUrl":"https:\/\/thedailyreports.com\/fr\/wp-content\/uploads\/2023\/08\/549167.webp","datePublished":"2023-08-21T23:23:51+00:00","dateModified":"2023-08-21T23:23:53+00:00","author":{"@id":"https:\/\/thedailyreports.com\/fr\/#\/schema\/person\/b00df16edad26ba8db109fb28c806a2a"},"breadcrumb":{"@id":"https:\/\/thedailyreports.com\/fr\/2023\/08\/22\/benjamin-netanyahu-accuse-liran-de-financer-lactuelle-vague-de-terreur-en-israel\/#breadcrumb"},"inLanguage":"en-US","potentialAction":[{"@type":"ReadAction","target":["https:\/\/thedailyreports.com\/fr\/2023\/08\/22\/benjamin-netanyahu-accuse-liran-de-financer-lactuelle-vague-de-terreur-en-israel\/"]}]},{"@type":"ImageObject","inLanguage":"en-US","@id":"https:\/\/thedailyreports.com\/fr\/2023\/08\/22\/benjamin-netanyahu-accuse-liran-de-financer-lactuelle-vague-de-terreur-en-israel\/#primaryimage","url":"https:\/\/thedailyreports.com\/fr\/wp-content\/uploads\/2023\/08\/549167.webp","contentUrl":"https:\/\/thedailyreports.com\/fr\/wp-content\/uploads\/2023\/08\/549167.webp","width":822,"height":537,"caption":"Les forces de s\u00e9curit\u00e9 isra\u00e9liennes \u00e0 l'entr\u00e9e de la ville d'H\u00e9bron, en Cisjordanie, apr\u00e8s l'attentat meurtrier sur la route 60, le 21 ao\u00fbt 2023. (cr\u00e9dit : CHAIM GOLDBEG\/FLASH90)"},{"@type":"BreadcrumbList","@id":"https:\/\/thedailyreports.com\/fr\/2023\/08\/22\/benjamin-netanyahu-accuse-liran-de-financer-lactuelle-vague-de-terreur-en-israel\/#breadcrumb","itemListElement":[{"@type":"ListItem","position":1,"name":"Home","item":"https:\/\/thedailyreports.com\/fr\/"},{"@type":"ListItem","position":2,"name":"Benjamin Netanyahu accuse l&#8217;Iran de financer l\u2019actuelle vague de terreur en Isra\u00ebl"}]},{"@type":"WebSite","@id":"https:\/\/thedailyreports.com\/fr\/#website","url":"https:\/\/thedailyreports.com\/fr\/","name":"Les Rapports Quotidiens","description":"Toute la v\u00e9rit\u00e9, rien que la v\u00e9rit\u00e9","potentialAction":[{"@type":"SearchAction","target":{"@type":"EntryPoint","urlTemplate":"https:\/\/thedailyreports.com\/fr\/?s={search_term_string}"},"query-input":{"@type":"PropertyValueSpecification","valueRequired":true,"valueName":"search_term_string"}}],"inLanguage":"en-US"},{"@type":"Person","@id":"https:\/\/thedailyreports.com\/fr\/#\/schema\/person\/b00df16edad26ba8db109fb28c806a2a","name":"The Daily Reports","image":{"@type":"ImageObject","inLanguage":"en-US","@id":"https:\/\/secure.gravatar.com\/avatar\/302a03d420eae20396406f37e0504a570385b6e8478a3733ea8ee684acee8497?s=96&d=mm&r=g","url":"https:\/\/secure.gravatar.com\/avatar\/302a03d420eae20396406f37e0504a570385b6e8478a3733ea8ee684acee8497?s=96&d=mm&r=g","contentUrl":"https:\/\/secure.gravatar.com\/avatar\/302a03d420eae20396406f37e0504a570385b6e8478a3733ea8ee684acee8497?s=96&d=mm&r=g","caption":"The Daily Reports"},"sameAs":["https:\/\/thedailyreports.com\/fr"],"url":"https:\/\/thedailyreports.com\/fr\/author\/haythem\/"}]}},"_links":{"self":[{"href":"https:\/\/thedailyreports.com\/fr\/wp-json\/wp\/v2\/posts\/8027","targetHints":{"allow":["GET"]}}],"collection":[{"href":"https:\/\/thedailyreports.com\/fr\/wp-json\/wp\/v2\/posts"}],"about":[{"href":"https:\/\/thedailyreports.com\/fr\/wp-json\/wp\/v2\/types\/post"}],"author":[{"embeddable":true,"href":"https:\/\/thedailyreports.com\/fr\/wp-json\/wp\/v2\/users\/5"}],"replies":[{"embeddable":true,"href":"https:\/\/thedailyreports.com\/fr\/wp-json\/wp\/v2\/comments?post=8027"}],"version-history":[{"count":1,"href":"https:\/\/thedailyreports.com\/fr\/wp-json\/wp\/v2\/posts\/8027\/revisions"}],"predecessor-version":[{"id":8029,"href":"https:\/\/thedailyreports.com\/fr\/wp-json\/wp\/v2\/posts\/8027\/revisions\/8029"}],"wp:featuredmedia":[{"embeddable":true,"href":"https:\/\/thedailyreports.com\/fr\/wp-json\/wp\/v2\/media\/8028"}],"wp:attachment":[{"href":"https:\/\/thedailyreports.com\/fr\/wp-json\/wp\/v2\/media?parent=8027"}],"wp:term":[{"taxonomy":"category","embeddable":true,"href":"https:\/\/thedailyreports.com\/fr\/wp-json\/wp\/v2\/categories?post=8027"},{"taxonomy":"post_tag","embeddable":true,"href":"https:\/\/thedailyreports.com\/fr\/wp-json\/wp\/v2\/tags?post=8027"}],"curies":[{"name":"wp","href":"https:\/\/api.w.org\/{rel}","templated":true}]}}