{"id":8006,"date":"2023-08-14T20:01:10","date_gmt":"2023-08-14T19:01:10","guid":{"rendered":"https:\/\/thedailyreports.com\/fr\/?p=8006"},"modified":"2023-08-14T20:02:20","modified_gmt":"2023-08-14T19:02:20","slug":"les-emirats-arabes-unis-accueillent-un-sommet-pour-la-mise-en-oeuvre-dun-accord-energetique","status":"publish","type":"post","link":"https:\/\/thedailyreports.com\/fr\/2023\/08\/14\/les-emirats-arabes-unis-accueillent-un-sommet-pour-la-mise-en-oeuvre-dun-accord-energetique\/","title":{"rendered":"Les Emirats arabes unis accueillent un sommet pour la mise en \u0153uvre d\u2019un accord \u00e9nerg\u00e9tique"},"content":{"rendered":"\n<p>Des repr\u00e9sentants jordaniens, \u00e9miratis et isra\u00e9liens ont pris part \u00e0 une r\u00e9union tripartie \u00e0 Abou Dhabi afin obtenir la mise en \u0153uvre de la \u00ab&nbsp;D\u00e9claration d&#8217;intention&nbsp;\u00bb qui a \u00e9t\u00e9 sign\u00e9e entre les trois pays en 2021, pour troquer l&#8217;eau contre l&#8217;\u00e9nergie, selon les informations rapport\u00e9es par la t\u00e9l\u00e9vision jordanienne \u00ab Kingdom&nbsp;\u00bb. La tenue de cette r\u00e9union a \u00e9t\u00e9 motiv\u00e9e par les risques auxquels la r\u00e9gion est confront\u00e9e, notamment les s\u00e9cheresses et les p\u00e9nuries d&#8217;eau, Oman \u00e9tant l&#8217;un des pays les plus touch\u00e9s par le changement climatique.<\/p>\n\n\n\n<p>La d\u00e9l\u00e9gation jordanienne sera repr\u00e9sent\u00e9e \u00e0 la prochaine r\u00e9union par le ministre de l\u2019Eau et de l\u2019irrigation, Mohammad al-Najjar, le ministre de l&#8217;Energie et des ressources min\u00e9rales, Saleh Kharabsheh, et le ministre de l&#8217;Environnement, Muawiya al-Radaydah, selon la m\u00eame source.<\/p>\n\n\n\n<p>L&#8217;agence de presse jordanienne a d\u00e9clar\u00e9 que la visite de la d\u00e9l\u00e9gation minist\u00e9rielle aux \u00c9mirats arabes unis pour une dur\u00e9e ind\u00e9termin\u00e9e pr\u00e9voit \u00ab&nbsp;une r\u00e9union tripartite avec le ministre \u00e9mirati de l&#8217;\u00e9nergie Suhail al-Mazrouei, le ministre isra\u00e9lien de l&#8217;\u00e9nergie Israel Katz, durant laquelle il discuteront du projet de prosp\u00e9rit\u00e9, avec ses volets eau et \u00e9nergie, et des moyens d&#8217;avancer vers la mise en \u0153uvre de la d\u00e9claration d&#8217;intention sign\u00e9e par les trois parties, en plus de la partie am\u00e9ricaine en 2021&nbsp;\u00bb.<\/p>\n\n\n\n<p>En 2021, les trois pays ont sign\u00e9 une \u00ab&nbsp;d\u00e9claration d&#8217;intention&nbsp;\u00bb leur permettant d\u2019entrer dans un processus de n\u00e9gociation autour de la faisabilit\u00e9 d&#8217;un projet commun li\u00e9 \u00e0 l\u2019\u00e9nergie et \u00e0 l&#8217;eau, repr\u00e9sent\u00e9 par une coop\u00e9ration pour produire de l&#8217;\u00e9lectricit\u00e9 \u00e0 partir de l&#8217;\u00e9nergie solaire et dessaler l&#8217;eau de mer.<\/p>\n\n\n\n<p>Selon l\u2019explication fournie lors de sa signature, la \u00ab&nbsp;d\u00e9claration d&#8217;intention&nbsp;\u00bb implique \u00ab&nbsp;l\u2019engagement dans un cycle d&#8217;\u00e9tudes de faisabilit\u00e9, gr\u00e2ce auquel la Jordanie pourrait obtenir 200 millions de m\u00e8tres cubes d&#8217;eau par an, la Jordanie \u00e9tant le deuxi\u00e8me pays au monde le plus pauvre en eau, selon les indicateurs internationaux.<\/p>\n\n\n\n<p>L&#8217;accord stipule que la Jordanie produira de l&#8217;\u00e9lectricit\u00e9 \u00e0 partir de l&#8217;\u00e9nergie solaire pour Isra\u00ebl et dessalera l&#8217;eau pour Oman.<\/p>\n\n\n\n<p>La Jordanie et Isra\u00ebl ont sign\u00e9 un protocole d&#8217;accord selon lequel Oman produira 600 m\u00e9gawatts d&#8217;\u00e9nergie renouvelable pour Isra\u00ebl.<\/p>\n\n\n\n<p>Selon l&#8217;accord, une entreprise \u00e9miratie construira une centrale solaire en Jordanie pour produire de l&#8217;\u00e9lectricit\u00e9 pour Isra\u00ebl.<\/p>\n\n\n\n<p>En 2022, des discussions ont \u00e9t\u00e9 lanc\u00e9es entre les trois parties sur la faisabilit\u00e9 du projet. Omar Salama, le porte-parole du minist\u00e8re de l&#8217;Eau et de l&#8217;Irrigation, a affirm\u00e9 que le protocole d&#8217;accord n\u2019est pas juridiquement ou techniquement contraignant, et qu\u2019il ne se poursuivra pas si Oman n\u2019obtient pas 200 millions de m\u00e8tres cubes d&#8217;eau par an pour lutter contre la s\u00e9cheresse.<\/p>\n\n\n\n<p>En 2021, les fortes s\u00e9cheresses ont contraint la Jordanie \u00e0 acheter 50 millions de m\u00e8tres cubes d&#8217;eau \u00e0 Isra\u00ebl.<\/p>\n\n\n\n<p>La Jordanie est li\u00e9e \u00e0 un trait\u00e9 de paix avec Isra\u00ebl datant de 1994, qui lui a donn\u00e9 la possibilit\u00e9 de coop\u00e9rer avec l&#8217;\u00c9tat h\u00e9breu dans le domaine de l&#8217;approvisionnement en eau, tandis que les \u00c9mirats arabes unis sont engag\u00e9s dans un accord de paix conclu en 2020 sous l&#8217;administration de l&#8217;ancien pr\u00e9sident am\u00e9ricain Donald Trump.<\/p>\n","protected":false},"excerpt":{"rendered":"<p>Des repr\u00e9sentants jordaniens, \u00e9miratis et isra\u00e9liens ont pris part \u00e0 une r\u00e9union tripartie \u00e0 Abou Dhabi afin obtenir la mise en \u0153uvre de la \u00ab&nbsp;D\u00e9claration d&#8217;intention&nbsp;\u00bb qui a \u00e9t\u00e9 sign\u00e9e entre les trois pays en 2021, pour troquer l&#8217;eau contre l&#8217;\u00e9nergie, selon les informations rapport\u00e9es par la t\u00e9l\u00e9vision jordanienne \u00ab Kingdom&nbsp;\u00bb. La tenue de cette<\/p>\n","protected":false},"author":5,"featured_media":8007,"comment_status":"open","ping_status":"open","sticky":false,"template":"","format":"standard","meta":{"footnotes":""},"categories":[32],"tags":[],"class_list":{"0":"post-8006","1":"post","2":"type-post","3":"status-publish","4":"format-standard","5":"has-post-thumbnail","7":"category-regions"},"yoast_head":"<!-- This site is optimized with the Yoast SEO plugin v27.4 - https:\/\/yoast.com\/product\/yoast-seo-wordpress\/ -->\n<title>Les Emirats arabes unis accueillent un sommet pour la mise en \u0153uvre d\u2019un accord \u00e9nerg\u00e9tique - Les Rapports Quotidiens<\/title>\n<meta name=\"robots\" content=\"index, follow, max-snippet:-1, max-image-preview:large, max-video-preview:-1\" \/>\n<link rel=\"canonical\" href=\"https:\/\/thedailyreports.com\/fr\/2023\/08\/14\/les-emirats-arabes-unis-accueillent-un-sommet-pour-la-mise-en-oeuvre-dun-accord-energetique\/\" \/>\n<meta property=\"og:locale\" content=\"en_US\" \/>\n<meta property=\"og:type\" content=\"article\" \/>\n<meta property=\"og:title\" content=\"Les Emirats arabes unis accueillent un sommet pour la mise en \u0153uvre d\u2019un accord \u00e9nerg\u00e9tique - Les Rapports Quotidiens\" \/>\n<meta property=\"og:description\" content=\"Des repr\u00e9sentants jordaniens, \u00e9miratis et isra\u00e9liens ont pris part \u00e0 une r\u00e9union tripartie \u00e0 Abou Dhabi afin obtenir la mise en \u0153uvre de la \u00ab&nbsp;D\u00e9claration d&#8217;intention&nbsp;\u00bb qui a \u00e9t\u00e9 sign\u00e9e entre les trois pays en 2021, pour troquer l&#8217;eau contre l&#8217;\u00e9nergie, selon les informations rapport\u00e9es par la t\u00e9l\u00e9vision jordanienne \u00ab Kingdom&nbsp;\u00bb. La tenue de cette\" \/>\n<meta property=\"og:url\" content=\"https:\/\/thedailyreports.com\/fr\/2023\/08\/14\/les-emirats-arabes-unis-accueillent-un-sommet-pour-la-mise-en-oeuvre-dun-accord-energetique\/\" \/>\n<meta property=\"og:site_name\" content=\"Les Rapports Quotidiens\" \/>\n<meta property=\"article:published_time\" content=\"2023-08-14T19:01:10+00:00\" \/>\n<meta property=\"article:modified_time\" content=\"2023-08-14T19:02:20+00:00\" \/>\n<meta property=\"og:image\" content=\"https:\/\/thedailyreports.com\/fr\/wp-content\/uploads\/2023\/08\/Untitled-3-2-640x400-1.jpeg?v=1692039663\" \/>\n\t<meta property=\"og:image:width\" content=\"640\" \/>\n\t<meta property=\"og:image:height\" content=\"400\" \/>\n\t<meta property=\"og:image:type\" content=\"image\/jpeg\" \/>\n<meta name=\"author\" content=\"The Daily Reports\" \/>\n<meta name=\"twitter:card\" content=\"summary_large_image\" \/>\n<meta name=\"twitter:label1\" content=\"Written by\" \/>\n\t<meta name=\"twitter:data1\" content=\"The Daily Reports\" \/>\n\t<meta name=\"twitter:label2\" content=\"Est. reading time\" \/>\n\t<meta name=\"twitter:data2\" content=\"3 minutes\" \/>\n<script type=\"application\/ld+json\" class=\"yoast-schema-graph\">{\"@context\":\"https:\\\/\\\/schema.org\",\"@graph\":[{\"@type\":\"Article\",\"@id\":\"https:\\\/\\\/thedailyreports.com\\\/fr\\\/2023\\\/08\\\/14\\\/les-emirats-arabes-unis-accueillent-un-sommet-pour-la-mise-en-oeuvre-dun-accord-energetique\\\/#article\",\"isPartOf\":{\"@id\":\"https:\\\/\\\/thedailyreports.com\\\/fr\\\/2023\\\/08\\\/14\\\/les-emirats-arabes-unis-accueillent-un-sommet-pour-la-mise-en-oeuvre-dun-accord-energetique\\\/\"},\"author\":{\"name\":\"The Daily Reports\",\"@id\":\"https:\\\/\\\/thedailyreports.com\\\/fr\\\/#\\\/schema\\\/person\\\/b00df16edad26ba8db109fb28c806a2a\"},\"headline\":\"Les Emirats arabes unis accueillent un sommet pour la mise en \u0153uvre d\u2019un accord \u00e9nerg\u00e9tique\",\"datePublished\":\"2023-08-14T19:01:10+00:00\",\"dateModified\":\"2023-08-14T19:02:20+00:00\",\"mainEntityOfPage\":{\"@id\":\"https:\\\/\\\/thedailyreports.com\\\/fr\\\/2023\\\/08\\\/14\\\/les-emirats-arabes-unis-accueillent-un-sommet-pour-la-mise-en-oeuvre-dun-accord-energetique\\\/\"},\"wordCount\":612,\"commentCount\":0,\"image\":{\"@id\":\"https:\\\/\\\/thedailyreports.com\\\/fr\\\/2023\\\/08\\\/14\\\/les-emirats-arabes-unis-accueillent-un-sommet-pour-la-mise-en-oeuvre-dun-accord-energetique\\\/#primaryimage\"},\"thumbnailUrl\":\"https:\\\/\\\/thedailyreports.com\\\/fr\\\/wp-content\\\/uploads\\\/2023\\\/08\\\/Untitled-3-2-640x400-1.jpeg\",\"articleSection\":[\"Regions\"],\"inLanguage\":\"en-US\",\"potentialAction\":[{\"@type\":\"CommentAction\",\"name\":\"Comment\",\"target\":[\"https:\\\/\\\/thedailyreports.com\\\/fr\\\/2023\\\/08\\\/14\\\/les-emirats-arabes-unis-accueillent-un-sommet-pour-la-mise-en-oeuvre-dun-accord-energetique\\\/#respond\"]}]},{\"@type\":\"WebPage\",\"@id\":\"https:\\\/\\\/thedailyreports.com\\\/fr\\\/2023\\\/08\\\/14\\\/les-emirats-arabes-unis-accueillent-un-sommet-pour-la-mise-en-oeuvre-dun-accord-energetique\\\/\",\"url\":\"https:\\\/\\\/thedailyreports.com\\\/fr\\\/2023\\\/08\\\/14\\\/les-emirats-arabes-unis-accueillent-un-sommet-pour-la-mise-en-oeuvre-dun-accord-energetique\\\/\",\"name\":\"Les Emirats arabes unis accueillent un sommet pour la mise en \u0153uvre d\u2019un accord \u00e9nerg\u00e9tique - Les Rapports Quotidiens\",\"isPartOf\":{\"@id\":\"https:\\\/\\\/thedailyreports.com\\\/fr\\\/#website\"},\"primaryImageOfPage\":{\"@id\":\"https:\\\/\\\/thedailyreports.com\\\/fr\\\/2023\\\/08\\\/14\\\/les-emirats-arabes-unis-accueillent-un-sommet-pour-la-mise-en-oeuvre-dun-accord-energetique\\\/#primaryimage\"},\"image\":{\"@id\":\"https:\\\/\\\/thedailyreports.com\\\/fr\\\/2023\\\/08\\\/14\\\/les-emirats-arabes-unis-accueillent-un-sommet-pour-la-mise-en-oeuvre-dun-accord-energetique\\\/#primaryimage\"},\"thumbnailUrl\":\"https:\\\/\\\/thedailyreports.com\\\/fr\\\/wp-content\\\/uploads\\\/2023\\\/08\\\/Untitled-3-2-640x400-1.jpeg\",\"datePublished\":\"2023-08-14T19:01:10+00:00\",\"dateModified\":\"2023-08-14T19:02:20+00:00\",\"author\":{\"@id\":\"https:\\\/\\\/thedailyreports.com\\\/fr\\\/#\\\/schema\\\/person\\\/b00df16edad26ba8db109fb28c806a2a\"},\"breadcrumb\":{\"@id\":\"https:\\\/\\\/thedailyreports.com\\\/fr\\\/2023\\\/08\\\/14\\\/les-emirats-arabes-unis-accueillent-un-sommet-pour-la-mise-en-oeuvre-dun-accord-energetique\\\/#breadcrumb\"},\"inLanguage\":\"en-US\",\"potentialAction\":[{\"@type\":\"ReadAction\",\"target\":[\"https:\\\/\\\/thedailyreports.com\\\/fr\\\/2023\\\/08\\\/14\\\/les-emirats-arabes-unis-accueillent-un-sommet-pour-la-mise-en-oeuvre-dun-accord-energetique\\\/\"]}]},{\"@type\":\"ImageObject\",\"inLanguage\":\"en-US\",\"@id\":\"https:\\\/\\\/thedailyreports.com\\\/fr\\\/2023\\\/08\\\/14\\\/les-emirats-arabes-unis-accueillent-un-sommet-pour-la-mise-en-oeuvre-dun-accord-energetique\\\/#primaryimage\",\"url\":\"https:\\\/\\\/thedailyreports.com\\\/fr\\\/wp-content\\\/uploads\\\/2023\\\/08\\\/Untitled-3-2-640x400-1.jpeg\",\"contentUrl\":\"https:\\\/\\\/thedailyreports.com\\\/fr\\\/wp-content\\\/uploads\\\/2023\\\/08\\\/Untitled-3-2-640x400-1.jpeg\",\"width\":640,\"height\":400},{\"@type\":\"BreadcrumbList\",\"@id\":\"https:\\\/\\\/thedailyreports.com\\\/fr\\\/2023\\\/08\\\/14\\\/les-emirats-arabes-unis-accueillent-un-sommet-pour-la-mise-en-oeuvre-dun-accord-energetique\\\/#breadcrumb\",\"itemListElement\":[{\"@type\":\"ListItem\",\"position\":1,\"name\":\"Home\",\"item\":\"https:\\\/\\\/thedailyreports.com\\\/fr\\\/\"},{\"@type\":\"ListItem\",\"position\":2,\"name\":\"Les Emirats arabes unis accueillent un sommet pour la mise en \u0153uvre d\u2019un accord \u00e9nerg\u00e9tique\"}]},{\"@type\":\"WebSite\",\"@id\":\"https:\\\/\\\/thedailyreports.com\\\/fr\\\/#website\",\"url\":\"https:\\\/\\\/thedailyreports.com\\\/fr\\\/\",\"name\":\"Les Rapports Quotidiens\",\"description\":\"Toute la v\u00e9rit\u00e9, rien que la v\u00e9rit\u00e9\",\"potentialAction\":[{\"@type\":\"SearchAction\",\"target\":{\"@type\":\"EntryPoint\",\"urlTemplate\":\"https:\\\/\\\/thedailyreports.com\\\/fr\\\/?s={search_term_string}\"},\"query-input\":{\"@type\":\"PropertyValueSpecification\",\"valueRequired\":true,\"valueName\":\"search_term_string\"}}],\"inLanguage\":\"en-US\"},{\"@type\":\"Person\",\"@id\":\"https:\\\/\\\/thedailyreports.com\\\/fr\\\/#\\\/schema\\\/person\\\/b00df16edad26ba8db109fb28c806a2a\",\"name\":\"The Daily Reports\",\"image\":{\"@type\":\"ImageObject\",\"inLanguage\":\"en-US\",\"@id\":\"https:\\\/\\\/secure.gravatar.com\\\/avatar\\\/302a03d420eae20396406f37e0504a570385b6e8478a3733ea8ee684acee8497?s=96&d=mm&r=g\",\"url\":\"https:\\\/\\\/secure.gravatar.com\\\/avatar\\\/302a03d420eae20396406f37e0504a570385b6e8478a3733ea8ee684acee8497?s=96&d=mm&r=g\",\"contentUrl\":\"https:\\\/\\\/secure.gravatar.com\\\/avatar\\\/302a03d420eae20396406f37e0504a570385b6e8478a3733ea8ee684acee8497?s=96&d=mm&r=g\",\"caption\":\"The Daily Reports\"},\"sameAs\":[\"https:\\\/\\\/thedailyreports.com\\\/fr\"],\"url\":\"https:\\\/\\\/thedailyreports.com\\\/fr\\\/author\\\/haythem\\\/\"}]}<\/script>\n<!-- \/ Yoast SEO plugin. -->","yoast_head_json":{"title":"Les Emirats arabes unis accueillent un sommet pour la mise en \u0153uvre d\u2019un accord \u00e9nerg\u00e9tique - Les Rapports Quotidiens","robots":{"index":"index","follow":"follow","max-snippet":"max-snippet:-1","max-image-preview":"max-image-preview:large","max-video-preview":"max-video-preview:-1"},"canonical":"https:\/\/thedailyreports.com\/fr\/2023\/08\/14\/les-emirats-arabes-unis-accueillent-un-sommet-pour-la-mise-en-oeuvre-dun-accord-energetique\/","og_locale":"en_US","og_type":"article","og_title":"Les Emirats arabes unis accueillent un sommet pour la mise en \u0153uvre d\u2019un accord \u00e9nerg\u00e9tique - Les Rapports Quotidiens","og_description":"Des repr\u00e9sentants jordaniens, \u00e9miratis et isra\u00e9liens ont pris part \u00e0 une r\u00e9union tripartie \u00e0 Abou Dhabi afin obtenir la mise en \u0153uvre de la \u00ab&nbsp;D\u00e9claration d&#8217;intention&nbsp;\u00bb qui a \u00e9t\u00e9 sign\u00e9e entre les trois pays en 2021, pour troquer l&#8217;eau contre l&#8217;\u00e9nergie, selon les informations rapport\u00e9es par la t\u00e9l\u00e9vision jordanienne \u00ab Kingdom&nbsp;\u00bb. La tenue de cette","og_url":"https:\/\/thedailyreports.com\/fr\/2023\/08\/14\/les-emirats-arabes-unis-accueillent-un-sommet-pour-la-mise-en-oeuvre-dun-accord-energetique\/","og_site_name":"Les Rapports Quotidiens","article_published_time":"2023-08-14T19:01:10+00:00","article_modified_time":"2023-08-14T19:02:20+00:00","og_image":[{"width":640,"height":400,"url":"https:\/\/thedailyreports.com\/fr\/wp-content\/uploads\/2023\/08\/Untitled-3-2-640x400-1.jpeg?v=1692039663","type":"image\/jpeg"}],"author":"The Daily Reports","twitter_card":"summary_large_image","twitter_misc":{"Written by":"The Daily Reports","Est. reading time":"3 minutes"},"schema":{"@context":"https:\/\/schema.org","@graph":[{"@type":"Article","@id":"https:\/\/thedailyreports.com\/fr\/2023\/08\/14\/les-emirats-arabes-unis-accueillent-un-sommet-pour-la-mise-en-oeuvre-dun-accord-energetique\/#article","isPartOf":{"@id":"https:\/\/thedailyreports.com\/fr\/2023\/08\/14\/les-emirats-arabes-unis-accueillent-un-sommet-pour-la-mise-en-oeuvre-dun-accord-energetique\/"},"author":{"name":"The Daily Reports","@id":"https:\/\/thedailyreports.com\/fr\/#\/schema\/person\/b00df16edad26ba8db109fb28c806a2a"},"headline":"Les Emirats arabes unis accueillent un sommet pour la mise en \u0153uvre d\u2019un accord \u00e9nerg\u00e9tique","datePublished":"2023-08-14T19:01:10+00:00","dateModified":"2023-08-14T19:02:20+00:00","mainEntityOfPage":{"@id":"https:\/\/thedailyreports.com\/fr\/2023\/08\/14\/les-emirats-arabes-unis-accueillent-un-sommet-pour-la-mise-en-oeuvre-dun-accord-energetique\/"},"wordCount":612,"commentCount":0,"image":{"@id":"https:\/\/thedailyreports.com\/fr\/2023\/08\/14\/les-emirats-arabes-unis-accueillent-un-sommet-pour-la-mise-en-oeuvre-dun-accord-energetique\/#primaryimage"},"thumbnailUrl":"https:\/\/thedailyreports.com\/fr\/wp-content\/uploads\/2023\/08\/Untitled-3-2-640x400-1.jpeg","articleSection":["Regions"],"inLanguage":"en-US","potentialAction":[{"@type":"CommentAction","name":"Comment","target":["https:\/\/thedailyreports.com\/fr\/2023\/08\/14\/les-emirats-arabes-unis-accueillent-un-sommet-pour-la-mise-en-oeuvre-dun-accord-energetique\/#respond"]}]},{"@type":"WebPage","@id":"https:\/\/thedailyreports.com\/fr\/2023\/08\/14\/les-emirats-arabes-unis-accueillent-un-sommet-pour-la-mise-en-oeuvre-dun-accord-energetique\/","url":"https:\/\/thedailyreports.com\/fr\/2023\/08\/14\/les-emirats-arabes-unis-accueillent-un-sommet-pour-la-mise-en-oeuvre-dun-accord-energetique\/","name":"Les Emirats arabes unis accueillent un sommet pour la mise en \u0153uvre d\u2019un accord \u00e9nerg\u00e9tique - Les Rapports Quotidiens","isPartOf":{"@id":"https:\/\/thedailyreports.com\/fr\/#website"},"primaryImageOfPage":{"@id":"https:\/\/thedailyreports.com\/fr\/2023\/08\/14\/les-emirats-arabes-unis-accueillent-un-sommet-pour-la-mise-en-oeuvre-dun-accord-energetique\/#primaryimage"},"image":{"@id":"https:\/\/thedailyreports.com\/fr\/2023\/08\/14\/les-emirats-arabes-unis-accueillent-un-sommet-pour-la-mise-en-oeuvre-dun-accord-energetique\/#primaryimage"},"thumbnailUrl":"https:\/\/thedailyreports.com\/fr\/wp-content\/uploads\/2023\/08\/Untitled-3-2-640x400-1.jpeg","datePublished":"2023-08-14T19:01:10+00:00","dateModified":"2023-08-14T19:02:20+00:00","author":{"@id":"https:\/\/thedailyreports.com\/fr\/#\/schema\/person\/b00df16edad26ba8db109fb28c806a2a"},"breadcrumb":{"@id":"https:\/\/thedailyreports.com\/fr\/2023\/08\/14\/les-emirats-arabes-unis-accueillent-un-sommet-pour-la-mise-en-oeuvre-dun-accord-energetique\/#breadcrumb"},"inLanguage":"en-US","potentialAction":[{"@type":"ReadAction","target":["https:\/\/thedailyreports.com\/fr\/2023\/08\/14\/les-emirats-arabes-unis-accueillent-un-sommet-pour-la-mise-en-oeuvre-dun-accord-energetique\/"]}]},{"@type":"ImageObject","inLanguage":"en-US","@id":"https:\/\/thedailyreports.com\/fr\/2023\/08\/14\/les-emirats-arabes-unis-accueillent-un-sommet-pour-la-mise-en-oeuvre-dun-accord-energetique\/#primaryimage","url":"https:\/\/thedailyreports.com\/fr\/wp-content\/uploads\/2023\/08\/Untitled-3-2-640x400-1.jpeg","contentUrl":"https:\/\/thedailyreports.com\/fr\/wp-content\/uploads\/2023\/08\/Untitled-3-2-640x400-1.jpeg","width":640,"height":400},{"@type":"BreadcrumbList","@id":"https:\/\/thedailyreports.com\/fr\/2023\/08\/14\/les-emirats-arabes-unis-accueillent-un-sommet-pour-la-mise-en-oeuvre-dun-accord-energetique\/#breadcrumb","itemListElement":[{"@type":"ListItem","position":1,"name":"Home","item":"https:\/\/thedailyreports.com\/fr\/"},{"@type":"ListItem","position":2,"name":"Les Emirats arabes unis accueillent un sommet pour la mise en \u0153uvre d\u2019un accord \u00e9nerg\u00e9tique"}]},{"@type":"WebSite","@id":"https:\/\/thedailyreports.com\/fr\/#website","url":"https:\/\/thedailyreports.com\/fr\/","name":"Les Rapports Quotidiens","description":"Toute la v\u00e9rit\u00e9, rien que la v\u00e9rit\u00e9","potentialAction":[{"@type":"SearchAction","target":{"@type":"EntryPoint","urlTemplate":"https:\/\/thedailyreports.com\/fr\/?s={search_term_string}"},"query-input":{"@type":"PropertyValueSpecification","valueRequired":true,"valueName":"search_term_string"}}],"inLanguage":"en-US"},{"@type":"Person","@id":"https:\/\/thedailyreports.com\/fr\/#\/schema\/person\/b00df16edad26ba8db109fb28c806a2a","name":"The Daily Reports","image":{"@type":"ImageObject","inLanguage":"en-US","@id":"https:\/\/secure.gravatar.com\/avatar\/302a03d420eae20396406f37e0504a570385b6e8478a3733ea8ee684acee8497?s=96&d=mm&r=g","url":"https:\/\/secure.gravatar.com\/avatar\/302a03d420eae20396406f37e0504a570385b6e8478a3733ea8ee684acee8497?s=96&d=mm&r=g","contentUrl":"https:\/\/secure.gravatar.com\/avatar\/302a03d420eae20396406f37e0504a570385b6e8478a3733ea8ee684acee8497?s=96&d=mm&r=g","caption":"The Daily Reports"},"sameAs":["https:\/\/thedailyreports.com\/fr"],"url":"https:\/\/thedailyreports.com\/fr\/author\/haythem\/"}]}},"_links":{"self":[{"href":"https:\/\/thedailyreports.com\/fr\/wp-json\/wp\/v2\/posts\/8006","targetHints":{"allow":["GET"]}}],"collection":[{"href":"https:\/\/thedailyreports.com\/fr\/wp-json\/wp\/v2\/posts"}],"about":[{"href":"https:\/\/thedailyreports.com\/fr\/wp-json\/wp\/v2\/types\/post"}],"author":[{"embeddable":true,"href":"https:\/\/thedailyreports.com\/fr\/wp-json\/wp\/v2\/users\/5"}],"replies":[{"embeddable":true,"href":"https:\/\/thedailyreports.com\/fr\/wp-json\/wp\/v2\/comments?post=8006"}],"version-history":[{"count":1,"href":"https:\/\/thedailyreports.com\/fr\/wp-json\/wp\/v2\/posts\/8006\/revisions"}],"predecessor-version":[{"id":8008,"href":"https:\/\/thedailyreports.com\/fr\/wp-json\/wp\/v2\/posts\/8006\/revisions\/8008"}],"wp:featuredmedia":[{"embeddable":true,"href":"https:\/\/thedailyreports.com\/fr\/wp-json\/wp\/v2\/media\/8007"}],"wp:attachment":[{"href":"https:\/\/thedailyreports.com\/fr\/wp-json\/wp\/v2\/media?parent=8006"}],"wp:term":[{"taxonomy":"category","embeddable":true,"href":"https:\/\/thedailyreports.com\/fr\/wp-json\/wp\/v2\/categories?post=8006"},{"taxonomy":"post_tag","embeddable":true,"href":"https:\/\/thedailyreports.com\/fr\/wp-json\/wp\/v2\/tags?post=8006"}],"curies":[{"name":"wp","href":"https:\/\/api.w.org\/{rel}","templated":true}]}}