{"id":8001,"date":"2023-08-12T20:08:43","date_gmt":"2023-08-12T19:08:43","guid":{"rendered":"https:\/\/thedailyreports.com\/fr\/?p=8001"},"modified":"2023-08-12T20:09:37","modified_gmt":"2023-08-12T19:09:37","slug":"les-americains-esperent-etablir-un-partenariat-militaire-avec-lirak-selon-un-responsable-americain","status":"publish","type":"post","link":"https:\/\/thedailyreports.com\/fr\/2023\/08\/12\/les-americains-esperent-etablir-un-partenariat-militaire-avec-lirak-selon-un-responsable-americain\/","title":{"rendered":"Les Etats-Unis esp\u00e8rent cr\u00e9er un partenariat militaire avec l&#8217;Irak, selon un responsable am\u00e9ricain"},"content":{"rendered":"\n<p>La semaine derni\u00e8re, la capitale am\u00e9ricaine a assist\u00e9 \u00e0 la premi\u00e8re rencontre irako-am\u00e9ricaine autour de la &#8220;coop\u00e9ration conjointe en mati\u00e8re de s\u00e9curit\u00e9&#8221;.<\/p>\n\n\n\n<p>Il y a vingt ans, les relations am\u00e9ricano-irakiennes \u00e9taient celles d&#8217;une arm\u00e9e qui a envahi le territoire d&#8217;un autre pays et renvers\u00e9 le r\u00e9gime de Saddam Hussein, qui a affront\u00e9 la r\u00e9bellion puis quitt\u00e9 le territoire selon un accord pour revenir affronter l\u2019Etat islamique. D\u00e9sormais, les Am\u00e9ricains souhaitent travailler aux c\u00f4t\u00e9s du gouvernement irakien pour aider ce dernier \u00e0 mener cette derni\u00e8re mission.<\/p>\n\n\n\n<p>Un haut responsable du d\u00e9partement am\u00e9ricain de la D\u00e9fense a confirm\u00e9 que les \u00c9tats-Unis comprennent bien que la mission contre l&#8217;Etat islamique prendra fin, les deux parties ont donc commenc\u00e9 \u00e0 tenir des discussions sur ce qui pourrait advenir de leurs relations apr\u00e8s cette mission. &nbsp;<\/p>\n\n\n\n<p>La d\u00e9claration conjointe publi\u00e9e \u00e0 la fin des pourparlers au Pentagone \u00e9voque un &#8220;partenariat global \u00e0 360 degr\u00e9s&#8221;. \u00c0 l\u2019issue de ces pourparlers, un haut responsable du d\u00e9partement am\u00e9ricain de la D\u00e9fense a d\u00e9clar\u00e9 lors d&#8217;une r\u00e9union avec la presse, que les relations &#8220;promises&#8221; pourraient compter &#8220;des exercices militaires bilat\u00e9raux et multilat\u00e9raux, l&#8217;\u00e9change d&#8217;informations et de renseignements, et bien s\u00fbr la vente d&#8217;armes am\u00e9ricaines et l&#8217;aide aux Irakiens pour entretenir les \u00e9quipements pour la protection des fronti\u00e8res et d&#8217;autres op\u00e9rations&#8221;.<\/p>\n\n\n\n<p>Les propositions am\u00e9ricaines sont porteuses de nombreux d\u00e9fis, le plus important \u00e9tant de faire des forces irakiennes une arm\u00e9e semblable \u00e0 celle des Etats-Unis. S&#8217;engager dans des exercices bilat\u00e9raux ou multilat\u00e9raux implique que les \u00e9l\u00e9ments des deux arm\u00e9es parlent le m\u00eame langage. Quant \u00e0 l&#8217;\u00e9change d&#8217;informations, notamment de renseignements, cela signifie que les deux parties travailleront \u00e0 devenir deux arm\u00e9es amies qui s\u2019\u00e9changent des informations confidentielles, et que chaque partie doit \u00eatre convaincue que ces informations ne seront pas divulgu\u00e9es \u00e0 un tiers.<\/p>\n\n\n\n<p>Les Am\u00e9ricains constatent maintenant que les forces irakiennes ont de bonne capacit\u00e9 dans le domaine du contre-terrorisme, et le grand d\u00e9fi pour les deux parties sera de transformer cette force militaire irakienne en une arm\u00e9e qui \u0153uvre aux c\u00f4t\u00e9s des Am\u00e9ricains pour atteindre les objectifs de \u00ab la dissuasion et de la s\u00e9curit\u00e9 r\u00e9gionale&nbsp;\u00bb, selon le responsable am\u00e9ricain. L&#8217;Irak deviendrait une partie de la structure de coop\u00e9ration am\u00e9ricano-arabe pour prot\u00e9ger l&#8217;espace a\u00e9rien, les terres et les eaux contre toute agression, qu\u2019elle provienne d\u2019un \u00c9tat ou d&#8217;une organisation terroriste.<\/p>\n\n\n\n<p>Ces consid\u00e9rations ne sont pas nouvelles pour les Am\u00e9ricains : lorsque l&#8217;actuel pr\u00e9sident, Joe Biden, s&#8217;est rendu \u00e0 Djeddah en 2022, les pays du Conseil de coop\u00e9ration du Golfe \u00e9taient pr\u00e9sents et l&#8217;Irak l\u2019\u00e9tait \u00e9galement, tout comme la Jordanie et l&#8217;\u00c9gypte, mais les pressions externes et internes auxquelles l&#8217;Irak \u00e9tait expos\u00e9 l\u2019ont plac\u00e9 dans une case diff\u00e9rente.<\/p>\n\n\n\n<p>L&#8217;Irak a de longues fronti\u00e8res avec l&#8217;Iran. Les Gardiens iraniens de la r\u00e9volution exercent une grande influence sur les milices chiites et l&#8217;Iran utilise les terres et l&#8217;espace a\u00e9rien irakiens pour entrer en Syrie. L&#8217;Irak coexiste selon le principe du f\u00e9d\u00e9ralisme avec la r\u00e9gion du Kurdistan, o\u00f9 les Peshmergas ont leur leadership et des contacts distincts avec les Am\u00e9ricains, et la Turquie entend maintenir son influence \u00e0 l&#8217;int\u00e9rieur des fronti\u00e8res irakiennes sous pr\u00e9texte de combattre les opposants kurdes.<\/p>\n\n\n\n<p>Les Am\u00e9ricains n&#8217;ont pas de r\u00e9ponses \u00e0 toutes les questions, et les Irakiens n&#8217;ont pas d&#8217;engagements d\u00e9finitifs \u00e0 pr\u00e9senter aux Am\u00e9ricains, mais la ma\u00eetrise par l&#8217;Irak du syst\u00e8me de commandement et de contr\u00f4le de ses forces arm\u00e9es ouvrira une grande porte \u00e0 la coop\u00e9ration avec les Etats-Unis.<\/p>\n\n\n\n<p>Et si l\u2019Irak parvient \u00e9galement \u00e0 contr\u00f4ler les milices et les fronti\u00e8res, les deux parties pourront d\u00e9velopper davantage une relation militaire entre une puissance r\u00e9gionale et p\u00e9troli\u00e8re, et un pays qui a plus de puissance militaire que toute l&#8217;Europe r\u00e9unie.<\/p>\n","protected":false},"excerpt":{"rendered":"<p>La semaine derni\u00e8re, la capitale am\u00e9ricaine a assist\u00e9 \u00e0 la premi\u00e8re rencontre irako-am\u00e9ricaine autour de la &#8220;coop\u00e9ration conjointe en mati\u00e8re de s\u00e9curit\u00e9&#8221;. Il y a vingt ans, les relations am\u00e9ricano-irakiennes \u00e9taient celles d&#8217;une arm\u00e9e qui a envahi le territoire d&#8217;un autre pays et renvers\u00e9 le r\u00e9gime de Saddam Hussein, qui a affront\u00e9 la r\u00e9bellion puis<\/p>\n","protected":false},"author":5,"featured_media":8002,"comment_status":"open","ping_status":"open","sticky":false,"template":"","format":"standard","meta":{"footnotes":""},"categories":[32],"tags":[],"class_list":{"0":"post-8001","1":"post","2":"type-post","3":"status-publish","4":"format-standard","5":"has-post-thumbnail","7":"category-regions"},"yoast_head":"<!-- This site is optimized with the Yoast SEO plugin v27.4 - https:\/\/yoast.com\/product\/yoast-seo-wordpress\/ -->\n<title>Les Etats-Unis esp\u00e8rent cr\u00e9er un partenariat militaire avec l&#039;Irak, selon un responsable am\u00e9ricain - Les Rapports Quotidiens<\/title>\n<meta name=\"robots\" content=\"index, follow, max-snippet:-1, max-image-preview:large, max-video-preview:-1\" \/>\n<link rel=\"canonical\" href=\"https:\/\/thedailyreports.com\/fr\/2023\/08\/12\/les-americains-esperent-etablir-un-partenariat-militaire-avec-lirak-selon-un-responsable-americain\/\" \/>\n<meta property=\"og:locale\" content=\"en_US\" \/>\n<meta property=\"og:type\" content=\"article\" \/>\n<meta property=\"og:title\" content=\"Les Etats-Unis esp\u00e8rent cr\u00e9er un partenariat militaire avec l&#039;Irak, selon un responsable am\u00e9ricain - Les Rapports Quotidiens\" \/>\n<meta property=\"og:description\" content=\"La semaine derni\u00e8re, la capitale am\u00e9ricaine a assist\u00e9 \u00e0 la premi\u00e8re rencontre irako-am\u00e9ricaine autour de la &#8220;coop\u00e9ration conjointe en mati\u00e8re de s\u00e9curit\u00e9&#8221;. Il y a vingt ans, les relations am\u00e9ricano-irakiennes \u00e9taient celles d&#8217;une arm\u00e9e qui a envahi le territoire d&#8217;un autre pays et renvers\u00e9 le r\u00e9gime de Saddam Hussein, qui a affront\u00e9 la r\u00e9bellion puis\" \/>\n<meta property=\"og:url\" content=\"https:\/\/thedailyreports.com\/fr\/2023\/08\/12\/les-americains-esperent-etablir-un-partenariat-militaire-avec-lirak-selon-un-responsable-americain\/\" \/>\n<meta property=\"og:site_name\" content=\"Les Rapports Quotidiens\" \/>\n<meta property=\"article:published_time\" content=\"2023-08-12T19:08:43+00:00\" \/>\n<meta property=\"article:modified_time\" content=\"2023-08-12T19:09:37+00:00\" \/>\n<meta property=\"og:image\" content=\"https:\/\/thedailyreports.com\/fr\/wp-content\/uploads\/2023\/08\/le-secretaire-a-la-defense-americain-leon-panetta-deuxieme-au-fond-a-gauche-a-preside-la-ceremonie-a-bagdad-photo-afp-1323984423.jpg\" \/>\n\t<meta property=\"og:image:width\" content=\"1112\" \/>\n\t<meta property=\"og:image:height\" content=\"971\" \/>\n\t<meta property=\"og:image:type\" content=\"image\/jpeg\" \/>\n<meta name=\"author\" content=\"The Daily Reports\" \/>\n<meta name=\"twitter:card\" content=\"summary_large_image\" \/>\n<meta name=\"twitter:label1\" content=\"Written by\" \/>\n\t<meta name=\"twitter:data1\" content=\"The Daily Reports\" \/>\n\t<meta name=\"twitter:label2\" content=\"Est. reading time\" \/>\n\t<meta name=\"twitter:data2\" content=\"3 minutes\" \/>\n<script type=\"application\/ld+json\" class=\"yoast-schema-graph\">{\"@context\":\"https:\\\/\\\/schema.org\",\"@graph\":[{\"@type\":\"Article\",\"@id\":\"https:\\\/\\\/thedailyreports.com\\\/fr\\\/2023\\\/08\\\/12\\\/les-americains-esperent-etablir-un-partenariat-militaire-avec-lirak-selon-un-responsable-americain\\\/#article\",\"isPartOf\":{\"@id\":\"https:\\\/\\\/thedailyreports.com\\\/fr\\\/2023\\\/08\\\/12\\\/les-americains-esperent-etablir-un-partenariat-militaire-avec-lirak-selon-un-responsable-americain\\\/\"},\"author\":{\"name\":\"The Daily Reports\",\"@id\":\"https:\\\/\\\/thedailyreports.com\\\/fr\\\/#\\\/schema\\\/person\\\/b00df16edad26ba8db109fb28c806a2a\"},\"headline\":\"Les Etats-Unis esp\u00e8rent cr\u00e9er un partenariat militaire avec l&#8217;Irak, selon un responsable am\u00e9ricain\",\"datePublished\":\"2023-08-12T19:08:43+00:00\",\"dateModified\":\"2023-08-12T19:09:37+00:00\",\"mainEntityOfPage\":{\"@id\":\"https:\\\/\\\/thedailyreports.com\\\/fr\\\/2023\\\/08\\\/12\\\/les-americains-esperent-etablir-un-partenariat-militaire-avec-lirak-selon-un-responsable-americain\\\/\"},\"wordCount\":731,\"commentCount\":0,\"image\":{\"@id\":\"https:\\\/\\\/thedailyreports.com\\\/fr\\\/2023\\\/08\\\/12\\\/les-americains-esperent-etablir-un-partenariat-militaire-avec-lirak-selon-un-responsable-americain\\\/#primaryimage\"},\"thumbnailUrl\":\"https:\\\/\\\/thedailyreports.com\\\/fr\\\/wp-content\\\/uploads\\\/2023\\\/08\\\/le-secretaire-a-la-defense-americain-leon-panetta-deuxieme-au-fond-a-gauche-a-preside-la-ceremonie-a-bagdad-photo-afp-1323984423.jpg\",\"articleSection\":[\"Regions\"],\"inLanguage\":\"en-US\",\"potentialAction\":[{\"@type\":\"CommentAction\",\"name\":\"Comment\",\"target\":[\"https:\\\/\\\/thedailyreports.com\\\/fr\\\/2023\\\/08\\\/12\\\/les-americains-esperent-etablir-un-partenariat-militaire-avec-lirak-selon-un-responsable-americain\\\/#respond\"]}]},{\"@type\":\"WebPage\",\"@id\":\"https:\\\/\\\/thedailyreports.com\\\/fr\\\/2023\\\/08\\\/12\\\/les-americains-esperent-etablir-un-partenariat-militaire-avec-lirak-selon-un-responsable-americain\\\/\",\"url\":\"https:\\\/\\\/thedailyreports.com\\\/fr\\\/2023\\\/08\\\/12\\\/les-americains-esperent-etablir-un-partenariat-militaire-avec-lirak-selon-un-responsable-americain\\\/\",\"name\":\"Les Etats-Unis esp\u00e8rent cr\u00e9er un partenariat militaire avec l'Irak, selon un responsable am\u00e9ricain - Les Rapports Quotidiens\",\"isPartOf\":{\"@id\":\"https:\\\/\\\/thedailyreports.com\\\/fr\\\/#website\"},\"primaryImageOfPage\":{\"@id\":\"https:\\\/\\\/thedailyreports.com\\\/fr\\\/2023\\\/08\\\/12\\\/les-americains-esperent-etablir-un-partenariat-militaire-avec-lirak-selon-un-responsable-americain\\\/#primaryimage\"},\"image\":{\"@id\":\"https:\\\/\\\/thedailyreports.com\\\/fr\\\/2023\\\/08\\\/12\\\/les-americains-esperent-etablir-un-partenariat-militaire-avec-lirak-selon-un-responsable-americain\\\/#primaryimage\"},\"thumbnailUrl\":\"https:\\\/\\\/thedailyreports.com\\\/fr\\\/wp-content\\\/uploads\\\/2023\\\/08\\\/le-secretaire-a-la-defense-americain-leon-panetta-deuxieme-au-fond-a-gauche-a-preside-la-ceremonie-a-bagdad-photo-afp-1323984423.jpg\",\"datePublished\":\"2023-08-12T19:08:43+00:00\",\"dateModified\":\"2023-08-12T19:09:37+00:00\",\"author\":{\"@id\":\"https:\\\/\\\/thedailyreports.com\\\/fr\\\/#\\\/schema\\\/person\\\/b00df16edad26ba8db109fb28c806a2a\"},\"breadcrumb\":{\"@id\":\"https:\\\/\\\/thedailyreports.com\\\/fr\\\/2023\\\/08\\\/12\\\/les-americains-esperent-etablir-un-partenariat-militaire-avec-lirak-selon-un-responsable-americain\\\/#breadcrumb\"},\"inLanguage\":\"en-US\",\"potentialAction\":[{\"@type\":\"ReadAction\",\"target\":[\"https:\\\/\\\/thedailyreports.com\\\/fr\\\/2023\\\/08\\\/12\\\/les-americains-esperent-etablir-un-partenariat-militaire-avec-lirak-selon-un-responsable-americain\\\/\"]}]},{\"@type\":\"ImageObject\",\"inLanguage\":\"en-US\",\"@id\":\"https:\\\/\\\/thedailyreports.com\\\/fr\\\/2023\\\/08\\\/12\\\/les-americains-esperent-etablir-un-partenariat-militaire-avec-lirak-selon-un-responsable-americain\\\/#primaryimage\",\"url\":\"https:\\\/\\\/thedailyreports.com\\\/fr\\\/wp-content\\\/uploads\\\/2023\\\/08\\\/le-secretaire-a-la-defense-americain-leon-panetta-deuxieme-au-fond-a-gauche-a-preside-la-ceremonie-a-bagdad-photo-afp-1323984423.jpg\",\"contentUrl\":\"https:\\\/\\\/thedailyreports.com\\\/fr\\\/wp-content\\\/uploads\\\/2023\\\/08\\\/le-secretaire-a-la-defense-americain-leon-panetta-deuxieme-au-fond-a-gauche-a-preside-la-ceremonie-a-bagdad-photo-afp-1323984423.jpg\",\"width\":1112,\"height\":971},{\"@type\":\"BreadcrumbList\",\"@id\":\"https:\\\/\\\/thedailyreports.com\\\/fr\\\/2023\\\/08\\\/12\\\/les-americains-esperent-etablir-un-partenariat-militaire-avec-lirak-selon-un-responsable-americain\\\/#breadcrumb\",\"itemListElement\":[{\"@type\":\"ListItem\",\"position\":1,\"name\":\"Home\",\"item\":\"https:\\\/\\\/thedailyreports.com\\\/fr\\\/\"},{\"@type\":\"ListItem\",\"position\":2,\"name\":\"Les Etats-Unis esp\u00e8rent cr\u00e9er un partenariat militaire avec l&#8217;Irak, selon un responsable am\u00e9ricain\"}]},{\"@type\":\"WebSite\",\"@id\":\"https:\\\/\\\/thedailyreports.com\\\/fr\\\/#website\",\"url\":\"https:\\\/\\\/thedailyreports.com\\\/fr\\\/\",\"name\":\"Les Rapports Quotidiens\",\"description\":\"Toute la v\u00e9rit\u00e9, rien que la v\u00e9rit\u00e9\",\"potentialAction\":[{\"@type\":\"SearchAction\",\"target\":{\"@type\":\"EntryPoint\",\"urlTemplate\":\"https:\\\/\\\/thedailyreports.com\\\/fr\\\/?s={search_term_string}\"},\"query-input\":{\"@type\":\"PropertyValueSpecification\",\"valueRequired\":true,\"valueName\":\"search_term_string\"}}],\"inLanguage\":\"en-US\"},{\"@type\":\"Person\",\"@id\":\"https:\\\/\\\/thedailyreports.com\\\/fr\\\/#\\\/schema\\\/person\\\/b00df16edad26ba8db109fb28c806a2a\",\"name\":\"The Daily Reports\",\"image\":{\"@type\":\"ImageObject\",\"inLanguage\":\"en-US\",\"@id\":\"https:\\\/\\\/secure.gravatar.com\\\/avatar\\\/302a03d420eae20396406f37e0504a570385b6e8478a3733ea8ee684acee8497?s=96&d=mm&r=g\",\"url\":\"https:\\\/\\\/secure.gravatar.com\\\/avatar\\\/302a03d420eae20396406f37e0504a570385b6e8478a3733ea8ee684acee8497?s=96&d=mm&r=g\",\"contentUrl\":\"https:\\\/\\\/secure.gravatar.com\\\/avatar\\\/302a03d420eae20396406f37e0504a570385b6e8478a3733ea8ee684acee8497?s=96&d=mm&r=g\",\"caption\":\"The Daily Reports\"},\"sameAs\":[\"https:\\\/\\\/thedailyreports.com\\\/fr\"],\"url\":\"https:\\\/\\\/thedailyreports.com\\\/fr\\\/author\\\/haythem\\\/\"}]}<\/script>\n<!-- \/ Yoast SEO plugin. -->","yoast_head_json":{"title":"Les Etats-Unis esp\u00e8rent cr\u00e9er un partenariat militaire avec l'Irak, selon un responsable am\u00e9ricain - Les Rapports Quotidiens","robots":{"index":"index","follow":"follow","max-snippet":"max-snippet:-1","max-image-preview":"max-image-preview:large","max-video-preview":"max-video-preview:-1"},"canonical":"https:\/\/thedailyreports.com\/fr\/2023\/08\/12\/les-americains-esperent-etablir-un-partenariat-militaire-avec-lirak-selon-un-responsable-americain\/","og_locale":"en_US","og_type":"article","og_title":"Les Etats-Unis esp\u00e8rent cr\u00e9er un partenariat militaire avec l'Irak, selon un responsable am\u00e9ricain - Les Rapports Quotidiens","og_description":"La semaine derni\u00e8re, la capitale am\u00e9ricaine a assist\u00e9 \u00e0 la premi\u00e8re rencontre irako-am\u00e9ricaine autour de la &#8220;coop\u00e9ration conjointe en mati\u00e8re de s\u00e9curit\u00e9&#8221;. Il y a vingt ans, les relations am\u00e9ricano-irakiennes \u00e9taient celles d&#8217;une arm\u00e9e qui a envahi le territoire d&#8217;un autre pays et renvers\u00e9 le r\u00e9gime de Saddam Hussein, qui a affront\u00e9 la r\u00e9bellion puis","og_url":"https:\/\/thedailyreports.com\/fr\/2023\/08\/12\/les-americains-esperent-etablir-un-partenariat-militaire-avec-lirak-selon-un-responsable-americain\/","og_site_name":"Les Rapports Quotidiens","article_published_time":"2023-08-12T19:08:43+00:00","article_modified_time":"2023-08-12T19:09:37+00:00","og_image":[{"width":1112,"height":971,"url":"https:\/\/thedailyreports.com\/fr\/wp-content\/uploads\/2023\/08\/le-secretaire-a-la-defense-americain-leon-panetta-deuxieme-au-fond-a-gauche-a-preside-la-ceremonie-a-bagdad-photo-afp-1323984423.jpg","type":"image\/jpeg"}],"author":"The Daily Reports","twitter_card":"summary_large_image","twitter_misc":{"Written by":"The Daily Reports","Est. reading time":"3 minutes"},"schema":{"@context":"https:\/\/schema.org","@graph":[{"@type":"Article","@id":"https:\/\/thedailyreports.com\/fr\/2023\/08\/12\/les-americains-esperent-etablir-un-partenariat-militaire-avec-lirak-selon-un-responsable-americain\/#article","isPartOf":{"@id":"https:\/\/thedailyreports.com\/fr\/2023\/08\/12\/les-americains-esperent-etablir-un-partenariat-militaire-avec-lirak-selon-un-responsable-americain\/"},"author":{"name":"The Daily Reports","@id":"https:\/\/thedailyreports.com\/fr\/#\/schema\/person\/b00df16edad26ba8db109fb28c806a2a"},"headline":"Les Etats-Unis esp\u00e8rent cr\u00e9er un partenariat militaire avec l&#8217;Irak, selon un responsable am\u00e9ricain","datePublished":"2023-08-12T19:08:43+00:00","dateModified":"2023-08-12T19:09:37+00:00","mainEntityOfPage":{"@id":"https:\/\/thedailyreports.com\/fr\/2023\/08\/12\/les-americains-esperent-etablir-un-partenariat-militaire-avec-lirak-selon-un-responsable-americain\/"},"wordCount":731,"commentCount":0,"image":{"@id":"https:\/\/thedailyreports.com\/fr\/2023\/08\/12\/les-americains-esperent-etablir-un-partenariat-militaire-avec-lirak-selon-un-responsable-americain\/#primaryimage"},"thumbnailUrl":"https:\/\/thedailyreports.com\/fr\/wp-content\/uploads\/2023\/08\/le-secretaire-a-la-defense-americain-leon-panetta-deuxieme-au-fond-a-gauche-a-preside-la-ceremonie-a-bagdad-photo-afp-1323984423.jpg","articleSection":["Regions"],"inLanguage":"en-US","potentialAction":[{"@type":"CommentAction","name":"Comment","target":["https:\/\/thedailyreports.com\/fr\/2023\/08\/12\/les-americains-esperent-etablir-un-partenariat-militaire-avec-lirak-selon-un-responsable-americain\/#respond"]}]},{"@type":"WebPage","@id":"https:\/\/thedailyreports.com\/fr\/2023\/08\/12\/les-americains-esperent-etablir-un-partenariat-militaire-avec-lirak-selon-un-responsable-americain\/","url":"https:\/\/thedailyreports.com\/fr\/2023\/08\/12\/les-americains-esperent-etablir-un-partenariat-militaire-avec-lirak-selon-un-responsable-americain\/","name":"Les Etats-Unis esp\u00e8rent cr\u00e9er un partenariat militaire avec l'Irak, selon un responsable am\u00e9ricain - Les Rapports Quotidiens","isPartOf":{"@id":"https:\/\/thedailyreports.com\/fr\/#website"},"primaryImageOfPage":{"@id":"https:\/\/thedailyreports.com\/fr\/2023\/08\/12\/les-americains-esperent-etablir-un-partenariat-militaire-avec-lirak-selon-un-responsable-americain\/#primaryimage"},"image":{"@id":"https:\/\/thedailyreports.com\/fr\/2023\/08\/12\/les-americains-esperent-etablir-un-partenariat-militaire-avec-lirak-selon-un-responsable-americain\/#primaryimage"},"thumbnailUrl":"https:\/\/thedailyreports.com\/fr\/wp-content\/uploads\/2023\/08\/le-secretaire-a-la-defense-americain-leon-panetta-deuxieme-au-fond-a-gauche-a-preside-la-ceremonie-a-bagdad-photo-afp-1323984423.jpg","datePublished":"2023-08-12T19:08:43+00:00","dateModified":"2023-08-12T19:09:37+00:00","author":{"@id":"https:\/\/thedailyreports.com\/fr\/#\/schema\/person\/b00df16edad26ba8db109fb28c806a2a"},"breadcrumb":{"@id":"https:\/\/thedailyreports.com\/fr\/2023\/08\/12\/les-americains-esperent-etablir-un-partenariat-militaire-avec-lirak-selon-un-responsable-americain\/#breadcrumb"},"inLanguage":"en-US","potentialAction":[{"@type":"ReadAction","target":["https:\/\/thedailyreports.com\/fr\/2023\/08\/12\/les-americains-esperent-etablir-un-partenariat-militaire-avec-lirak-selon-un-responsable-americain\/"]}]},{"@type":"ImageObject","inLanguage":"en-US","@id":"https:\/\/thedailyreports.com\/fr\/2023\/08\/12\/les-americains-esperent-etablir-un-partenariat-militaire-avec-lirak-selon-un-responsable-americain\/#primaryimage","url":"https:\/\/thedailyreports.com\/fr\/wp-content\/uploads\/2023\/08\/le-secretaire-a-la-defense-americain-leon-panetta-deuxieme-au-fond-a-gauche-a-preside-la-ceremonie-a-bagdad-photo-afp-1323984423.jpg","contentUrl":"https:\/\/thedailyreports.com\/fr\/wp-content\/uploads\/2023\/08\/le-secretaire-a-la-defense-americain-leon-panetta-deuxieme-au-fond-a-gauche-a-preside-la-ceremonie-a-bagdad-photo-afp-1323984423.jpg","width":1112,"height":971},{"@type":"BreadcrumbList","@id":"https:\/\/thedailyreports.com\/fr\/2023\/08\/12\/les-americains-esperent-etablir-un-partenariat-militaire-avec-lirak-selon-un-responsable-americain\/#breadcrumb","itemListElement":[{"@type":"ListItem","position":1,"name":"Home","item":"https:\/\/thedailyreports.com\/fr\/"},{"@type":"ListItem","position":2,"name":"Les Etats-Unis esp\u00e8rent cr\u00e9er un partenariat militaire avec l&#8217;Irak, selon un responsable am\u00e9ricain"}]},{"@type":"WebSite","@id":"https:\/\/thedailyreports.com\/fr\/#website","url":"https:\/\/thedailyreports.com\/fr\/","name":"Les Rapports Quotidiens","description":"Toute la v\u00e9rit\u00e9, rien que la v\u00e9rit\u00e9","potentialAction":[{"@type":"SearchAction","target":{"@type":"EntryPoint","urlTemplate":"https:\/\/thedailyreports.com\/fr\/?s={search_term_string}"},"query-input":{"@type":"PropertyValueSpecification","valueRequired":true,"valueName":"search_term_string"}}],"inLanguage":"en-US"},{"@type":"Person","@id":"https:\/\/thedailyreports.com\/fr\/#\/schema\/person\/b00df16edad26ba8db109fb28c806a2a","name":"The Daily Reports","image":{"@type":"ImageObject","inLanguage":"en-US","@id":"https:\/\/secure.gravatar.com\/avatar\/302a03d420eae20396406f37e0504a570385b6e8478a3733ea8ee684acee8497?s=96&d=mm&r=g","url":"https:\/\/secure.gravatar.com\/avatar\/302a03d420eae20396406f37e0504a570385b6e8478a3733ea8ee684acee8497?s=96&d=mm&r=g","contentUrl":"https:\/\/secure.gravatar.com\/avatar\/302a03d420eae20396406f37e0504a570385b6e8478a3733ea8ee684acee8497?s=96&d=mm&r=g","caption":"The Daily Reports"},"sameAs":["https:\/\/thedailyreports.com\/fr"],"url":"https:\/\/thedailyreports.com\/fr\/author\/haythem\/"}]}},"_links":{"self":[{"href":"https:\/\/thedailyreports.com\/fr\/wp-json\/wp\/v2\/posts\/8001","targetHints":{"allow":["GET"]}}],"collection":[{"href":"https:\/\/thedailyreports.com\/fr\/wp-json\/wp\/v2\/posts"}],"about":[{"href":"https:\/\/thedailyreports.com\/fr\/wp-json\/wp\/v2\/types\/post"}],"author":[{"embeddable":true,"href":"https:\/\/thedailyreports.com\/fr\/wp-json\/wp\/v2\/users\/5"}],"replies":[{"embeddable":true,"href":"https:\/\/thedailyreports.com\/fr\/wp-json\/wp\/v2\/comments?post=8001"}],"version-history":[{"count":3,"href":"https:\/\/thedailyreports.com\/fr\/wp-json\/wp\/v2\/posts\/8001\/revisions"}],"predecessor-version":[{"id":8005,"href":"https:\/\/thedailyreports.com\/fr\/wp-json\/wp\/v2\/posts\/8001\/revisions\/8005"}],"wp:featuredmedia":[{"embeddable":true,"href":"https:\/\/thedailyreports.com\/fr\/wp-json\/wp\/v2\/media\/8002"}],"wp:attachment":[{"href":"https:\/\/thedailyreports.com\/fr\/wp-json\/wp\/v2\/media?parent=8001"}],"wp:term":[{"taxonomy":"category","embeddable":true,"href":"https:\/\/thedailyreports.com\/fr\/wp-json\/wp\/v2\/categories?post=8001"},{"taxonomy":"post_tag","embeddable":true,"href":"https:\/\/thedailyreports.com\/fr\/wp-json\/wp\/v2\/tags?post=8001"}],"curies":[{"name":"wp","href":"https:\/\/api.w.org\/{rel}","templated":true}]}}