{"id":7818,"date":"2023-06-18T02:37:31","date_gmt":"2023-06-18T01:37:31","guid":{"rendered":"https:\/\/thedailyreports.com\/fr\/?p=7818"},"modified":"2023-06-18T02:40:50","modified_gmt":"2023-06-18T01:40:50","slug":"liran-lance-une-nouvelle-purge-universitaire-en-licenciant-des-professeurs-independants-et-reformistes","status":"publish","type":"post","link":"https:\/\/thedailyreports.com\/fr\/2023\/06\/18\/liran-lance-une-nouvelle-purge-universitaire-en-licenciant-des-professeurs-independants-et-reformistes\/","title":{"rendered":"L\u2019Iran lance une nouvelle purge universitaire en licenciant des professeurs ind\u00e9pendants et r\u00e9formistes"},"content":{"rendered":"\n<p>Le gouvernement fondamentaliste du pr\u00e9sident iranien Ebrahim Raissi a lanc\u00e9 ces derniers mois une purge qui consiste \u00e0 expulser des universit\u00e9s les r\u00e9formistes et les professeurs ind\u00e9pendants.<\/p>\n\n\n\n<p>Cette nouvelle campagne de purges a pris de l&#8217;ampleur \u00e0 la suite des manifestations massives de septembre 2022, d\u00e9clench\u00e9es par la mort de Mahsa Amini, une jeune kurde de 22 ans tu\u00e9e par la police des m\u0153urs. Les forces de l\u2019ordre ont fait des centaines de victimes parmi les manifestants.<\/p>\n\n\n\n<p>Dans une d\u00e9claration du 5 f\u00e9vrier, l&#8217;association scientifique des \u00e9tudiants de l&#8217;universit\u00e9 Allameh Tabatabai, a exprim\u00e9 ses pr\u00e9occupations au sujet de la nouvelle politique visant les professeurs en d\u00e9clarant \u00ab&nbsp;R\u00e9cemment, nous avons d\u00e9couvert que des professeurs d&#8217;universit\u00e9s de tout le pays, de T\u00e9h\u00e9ran au Kurdistan, ont \u00e9t\u00e9 soumis \u00e0 une &#8216;cessation de coop\u00e9ration&#8217; (ce qui signifie essentiellement un licenciement).&nbsp;\u00bb Ces professeurs auraient soutenu les \u00e9tudiants qui ont manifest\u00e9 contre le gouvernement et la R\u00e9publique islamique pendant les troubles.<\/p>\n\n\n\n<p>Aussi, neuf professeurs de sciences politiques de l&#8217;universit\u00e9 Azad ont pris leur retraite de mani\u00e8re soudaine et inattendue.<\/p>\n\n\n\n<p>Sousan Safaverdi, professeure \u00e0 la facult\u00e9 des sciences politiques de l&#8217;universit\u00e9 Azad de T\u00e9h\u00e9ran, a confirm\u00e9 un \u00ab&nbsp;d\u00e9part massif \u00e0 la retraite&nbsp;\u00bb et a soulign\u00e9 qu\u2019en r\u00e9alit\u00e9, ces mesures repr\u00e9sentaient une \u00ab&nbsp;purge&nbsp;\u00bb.<\/p>\n\n\n\n<p>D&#8217;\u00e9minents professeurs ont \u00e9t\u00e9 victimes de cette tendance. Parmi eux, le c\u00e9l\u00e8bre sociologue Saeed Madani, arr\u00eat\u00e9 en 2022 et r\u00e9cemment condamn\u00e9 \u00e0 une peine de neuf ans d&#8217;emprisonnement. Mohsen Borhani, professeur de droit respect\u00e9 \u00e0 l&#8217;universit\u00e9 de T\u00e9h\u00e9ran, est \u00e9galement sur le point d&#8217;\u00eatre licenci\u00e9 pour avoir exprim\u00e9 son soutien aux manifestants et critiqu\u00e9 ouvertement les proc\u00e8s qui ont abouti \u00e0 des condamnations \u00e0 mort.<\/p>\n\n\n\n<p>Arash Raisinejad, c\u00e9l\u00e8bre professeur de relations internationales \u00e0 l&#8217;universit\u00e9 de T\u00e9h\u00e9ran, a \u00e9t\u00e9 renvoy\u00e9 en raison de son soutien aux \u00e9tudiants protestataires. Confirmant son renvoi de l&#8217;universit\u00e9 de T\u00e9h\u00e9ran, il a d\u00e9clar\u00e9 dans un tweet le 23 avril : \u00ab&nbsp;Et si, un jour, les familles iraniennes pouvaient vivre dans la prosp\u00e9rit\u00e9, le bonheur et la dignit\u00e9 dans leur patrie ? Serai-je t\u00e9moin de ce jour ? Je l\u2019ignore, mais je garde espoir&nbsp;\u00bb.<\/p>\n\n\n\n<p>En f\u00e9vrier, Morteza Mardiha, professeur de philosophie \u00e0 l&#8217;universit\u00e9 Allameh Tabatabai, s&#8217;est retrouv\u00e9 parmi les personnes dont les activit\u00e9s ont \u00e9t\u00e9 \u00ab&nbsp;suspendues&nbsp;\u00bb.<\/p>\n\n\n\n<p>Ali Sarzaiem, professeur d&#8217;\u00e9conomie \u00e0 l&#8217;universit\u00e9 Allameh Tabatabai, fait \u00e9galement la une des journaux \u00e0 ce sujet. Il a confirm\u00e9 la nouvelle le 2 mai.<\/p>\n\n\n\n<p>Ces cas mettent en \u00e9vidence le lourd impact des purges acad\u00e9miques sur des professeurs estim\u00e9s, et soul\u00e8vent de nouvelles inqui\u00e9tudes quant \u00e0 la libert\u00e9 d&#8217;expression et \u00e0 la diversit\u00e9 des perspectives au sein du syst\u00e8me \u00e9ducatif iranien.<\/p>\n\n\n\n<p>Morteza Farrokhi, adjoint au minist\u00e8re des sciences, a r\u00e9agi le 13 f\u00e9vrier en affirmant&nbsp;: \u00ab&nbsp;Il n&#8217;y a pas d&#8217;archives officielles concernant le licenciement de professeurs d&#8217;universit\u00e9 \u00e0 la suite des r\u00e9centes manifestations. Si des licenciements ont eu lieu, ils sont probablement dus \u00e0 une incomp\u00e9tence acad\u00e9mique ou \u00e0 des retards dans l&#8217;obtention des qualifications requises&nbsp;\u00bb.<\/p>\n\n\n\n<p>Il a ajout\u00e9 qu\u2019 \u00ab&nbsp;aucun professeur n&#8217;a \u00e9t\u00e9 licenci\u00e9 pour des raisons politiques&nbsp;\u00bb.<\/p>\n\n\n\n<p>Il est important de pr\u00e9ciser que les professeurs mentionn\u00e9s ci-dessus ne sont pas les seuls \u00e0 avoir \u00e9t\u00e9 vis\u00e9s par les licenciements. Bien d\u2019autres ont subi des cons\u00e9quences similaires avant les manifestations de septembre 2022.<\/p>\n\n\n\n<p>Reza Omidi, professeur reconnu pour ses importantes contributions scientifiques et ses recherches sur la lutte contre la pauvret\u00e9 et les in\u00e9galit\u00e9s, a \u00e9galement vu sa coop\u00e9ration avec l&#8217;universit\u00e9 de T\u00e9h\u00e9ran prendre fin. Cette d\u00e9cision a \u00e9t\u00e9 rendue publique dans les premiers mois de 2022, incitant 870 \u00e9tudiants et professeurs \u00e0 publier une d\u00e9claration pour la d\u00e9noncer.<\/p>\n\n\n\n<p>En outre, le 21 janvier 2022, l&#8217;universit\u00e9 Shahid Beheshti s\u2019est s\u00e9par\u00e9e du professeur de sociologie Mohammad Fazeli, qui \u00e9tait \u00e9galement conseiller principal au sein du gouvernement de l\u2019ancien pr\u00e9sident r\u00e9formiste Hassan Rohani (2013-2021).<\/p>\n\n\n\n<p>Au m\u00eame moment, l&#8217;universit\u00e9 technologique Sharif a renvoy\u00e9 Arash Abazari, un professeur de philosophie renomm\u00e9, parce que le minist\u00e8re des sciences \u00ab&nbsp;n&#8217;a pas valid\u00e9 ses qualifications&nbsp;\u00bb pour le maintien de son poste \u00e0 l&#8217;universit\u00e9.<\/p>\n\n\n\n<p>Dans le cyberespace, les partisans du gouvernement actuel cherchent \u00e0 remettre en question les qualifications acad\u00e9miques des professeurs licenci\u00e9s, affichant ainsi un point de vue diff\u00e9rent sur la question.<\/p>\n\n\n\n<p>D\u00e9sormais, la pr\u00e9occupation majeure concerne le remplacement potentiel de professeurs comp\u00e9tents par des personnes employ\u00e9es principalement pour leurs opinions communes avec l&#8217;id\u00e9ologie de la R\u00e9publique islamique.<\/p>\n","protected":false},"excerpt":{"rendered":"<p>Le gouvernement fondamentaliste du pr\u00e9sident iranien Ebrahim Raissi a lanc\u00e9 ces derniers mois une purge qui consiste \u00e0 expulser des universit\u00e9s les r\u00e9formistes et les professeurs ind\u00e9pendants. Cette nouvelle campagne de purges a pris de l&#8217;ampleur \u00e0 la suite des manifestations massives de septembre 2022, d\u00e9clench\u00e9es par la mort de Mahsa Amini, une jeune kurde<\/p>\n","protected":false},"author":5,"featured_media":7821,"comment_status":"open","ping_status":"open","sticky":false,"template":"","format":"standard","meta":{"footnotes":""},"categories":[25],"tags":[],"class_list":{"0":"post-7818","1":"post","2":"type-post","3":"status-publish","4":"format-standard","5":"has-post-thumbnail","7":"category-iran"},"yoast_head":"<!-- This site is optimized with the Yoast SEO plugin v27.4 - https:\/\/yoast.com\/product\/yoast-seo-wordpress\/ -->\n<title>L\u2019Iran lance une nouvelle purge universitaire en licenciant des professeurs ind\u00e9pendants et r\u00e9formistes - Les Rapports Quotidiens<\/title>\n<meta name=\"robots\" content=\"index, follow, max-snippet:-1, max-image-preview:large, max-video-preview:-1\" \/>\n<link rel=\"canonical\" href=\"https:\/\/thedailyreports.com\/fr\/2023\/06\/18\/liran-lance-une-nouvelle-purge-universitaire-en-licenciant-des-professeurs-independants-et-reformistes\/\" \/>\n<meta property=\"og:locale\" content=\"en_US\" \/>\n<meta property=\"og:type\" content=\"article\" \/>\n<meta property=\"og:title\" content=\"L\u2019Iran lance une nouvelle purge universitaire en licenciant des professeurs ind\u00e9pendants et r\u00e9formistes - Les Rapports Quotidiens\" \/>\n<meta property=\"og:description\" content=\"Le gouvernement fondamentaliste du pr\u00e9sident iranien Ebrahim Raissi a lanc\u00e9 ces derniers mois une purge qui consiste \u00e0 expulser des universit\u00e9s les r\u00e9formistes et les professeurs ind\u00e9pendants. Cette nouvelle campagne de purges a pris de l&#8217;ampleur \u00e0 la suite des manifestations massives de septembre 2022, d\u00e9clench\u00e9es par la mort de Mahsa Amini, une jeune kurde\" \/>\n<meta property=\"og:url\" content=\"https:\/\/thedailyreports.com\/fr\/2023\/06\/18\/liran-lance-une-nouvelle-purge-universitaire-en-licenciant-des-professeurs-independants-et-reformistes\/\" \/>\n<meta property=\"og:site_name\" content=\"Les Rapports Quotidiens\" \/>\n<meta property=\"article:published_time\" content=\"2023-06-18T01:37:31+00:00\" \/>\n<meta property=\"article:modified_time\" content=\"2023-06-18T01:40:50+00:00\" \/>\n<meta property=\"og:image\" content=\"https:\/\/thedailyreports.com\/fr\/wp-content\/uploads\/2023\/06\/Iran-Raisi-June-19-2021.webp\" \/>\n\t<meta property=\"og:image:width\" content=\"1600\" \/>\n\t<meta property=\"og:image:height\" content=\"1067\" \/>\n\t<meta property=\"og:image:type\" content=\"image\/webp\" \/>\n<meta name=\"author\" content=\"The Daily Reports\" \/>\n<meta name=\"twitter:card\" content=\"summary_large_image\" \/>\n<meta name=\"twitter:label1\" content=\"Written by\" \/>\n\t<meta name=\"twitter:data1\" content=\"The Daily Reports\" \/>\n\t<meta name=\"twitter:label2\" content=\"Est. reading time\" \/>\n\t<meta name=\"twitter:data2\" content=\"4 minutes\" \/>\n<script type=\"application\/ld+json\" class=\"yoast-schema-graph\">{\"@context\":\"https:\\\/\\\/schema.org\",\"@graph\":[{\"@type\":\"Article\",\"@id\":\"https:\\\/\\\/thedailyreports.com\\\/fr\\\/2023\\\/06\\\/18\\\/liran-lance-une-nouvelle-purge-universitaire-en-licenciant-des-professeurs-independants-et-reformistes\\\/#article\",\"isPartOf\":{\"@id\":\"https:\\\/\\\/thedailyreports.com\\\/fr\\\/2023\\\/06\\\/18\\\/liran-lance-une-nouvelle-purge-universitaire-en-licenciant-des-professeurs-independants-et-reformistes\\\/\"},\"author\":{\"name\":\"The Daily Reports\",\"@id\":\"https:\\\/\\\/thedailyreports.com\\\/fr\\\/#\\\/schema\\\/person\\\/b00df16edad26ba8db109fb28c806a2a\"},\"headline\":\"L\u2019Iran lance une nouvelle purge universitaire en licenciant des professeurs ind\u00e9pendants et r\u00e9formistes\",\"datePublished\":\"2023-06-18T01:37:31+00:00\",\"dateModified\":\"2023-06-18T01:40:50+00:00\",\"mainEntityOfPage\":{\"@id\":\"https:\\\/\\\/thedailyreports.com\\\/fr\\\/2023\\\/06\\\/18\\\/liran-lance-une-nouvelle-purge-universitaire-en-licenciant-des-professeurs-independants-et-reformistes\\\/\"},\"wordCount\":818,\"commentCount\":0,\"image\":{\"@id\":\"https:\\\/\\\/thedailyreports.com\\\/fr\\\/2023\\\/06\\\/18\\\/liran-lance-une-nouvelle-purge-universitaire-en-licenciant-des-professeurs-independants-et-reformistes\\\/#primaryimage\"},\"thumbnailUrl\":\"https:\\\/\\\/thedailyreports.com\\\/fr\\\/wp-content\\\/uploads\\\/2023\\\/06\\\/Iran-Raisi-June-19-2021.webp\",\"articleSection\":[\"Iran\"],\"inLanguage\":\"en-US\",\"potentialAction\":[{\"@type\":\"CommentAction\",\"name\":\"Comment\",\"target\":[\"https:\\\/\\\/thedailyreports.com\\\/fr\\\/2023\\\/06\\\/18\\\/liran-lance-une-nouvelle-purge-universitaire-en-licenciant-des-professeurs-independants-et-reformistes\\\/#respond\"]}]},{\"@type\":\"WebPage\",\"@id\":\"https:\\\/\\\/thedailyreports.com\\\/fr\\\/2023\\\/06\\\/18\\\/liran-lance-une-nouvelle-purge-universitaire-en-licenciant-des-professeurs-independants-et-reformistes\\\/\",\"url\":\"https:\\\/\\\/thedailyreports.com\\\/fr\\\/2023\\\/06\\\/18\\\/liran-lance-une-nouvelle-purge-universitaire-en-licenciant-des-professeurs-independants-et-reformistes\\\/\",\"name\":\"L\u2019Iran lance une nouvelle purge universitaire en licenciant des professeurs ind\u00e9pendants et r\u00e9formistes - Les Rapports Quotidiens\",\"isPartOf\":{\"@id\":\"https:\\\/\\\/thedailyreports.com\\\/fr\\\/#website\"},\"primaryImageOfPage\":{\"@id\":\"https:\\\/\\\/thedailyreports.com\\\/fr\\\/2023\\\/06\\\/18\\\/liran-lance-une-nouvelle-purge-universitaire-en-licenciant-des-professeurs-independants-et-reformistes\\\/#primaryimage\"},\"image\":{\"@id\":\"https:\\\/\\\/thedailyreports.com\\\/fr\\\/2023\\\/06\\\/18\\\/liran-lance-une-nouvelle-purge-universitaire-en-licenciant-des-professeurs-independants-et-reformistes\\\/#primaryimage\"},\"thumbnailUrl\":\"https:\\\/\\\/thedailyreports.com\\\/fr\\\/wp-content\\\/uploads\\\/2023\\\/06\\\/Iran-Raisi-June-19-2021.webp\",\"datePublished\":\"2023-06-18T01:37:31+00:00\",\"dateModified\":\"2023-06-18T01:40:50+00:00\",\"author\":{\"@id\":\"https:\\\/\\\/thedailyreports.com\\\/fr\\\/#\\\/schema\\\/person\\\/b00df16edad26ba8db109fb28c806a2a\"},\"breadcrumb\":{\"@id\":\"https:\\\/\\\/thedailyreports.com\\\/fr\\\/2023\\\/06\\\/18\\\/liran-lance-une-nouvelle-purge-universitaire-en-licenciant-des-professeurs-independants-et-reformistes\\\/#breadcrumb\"},\"inLanguage\":\"en-US\",\"potentialAction\":[{\"@type\":\"ReadAction\",\"target\":[\"https:\\\/\\\/thedailyreports.com\\\/fr\\\/2023\\\/06\\\/18\\\/liran-lance-une-nouvelle-purge-universitaire-en-licenciant-des-professeurs-independants-et-reformistes\\\/\"]}]},{\"@type\":\"ImageObject\",\"inLanguage\":\"en-US\",\"@id\":\"https:\\\/\\\/thedailyreports.com\\\/fr\\\/2023\\\/06\\\/18\\\/liran-lance-une-nouvelle-purge-universitaire-en-licenciant-des-professeurs-independants-et-reformistes\\\/#primaryimage\",\"url\":\"https:\\\/\\\/thedailyreports.com\\\/fr\\\/wp-content\\\/uploads\\\/2023\\\/06\\\/Iran-Raisi-June-19-2021.webp\",\"contentUrl\":\"https:\\\/\\\/thedailyreports.com\\\/fr\\\/wp-content\\\/uploads\\\/2023\\\/06\\\/Iran-Raisi-June-19-2021.webp\",\"width\":1600,\"height\":1067},{\"@type\":\"BreadcrumbList\",\"@id\":\"https:\\\/\\\/thedailyreports.com\\\/fr\\\/2023\\\/06\\\/18\\\/liran-lance-une-nouvelle-purge-universitaire-en-licenciant-des-professeurs-independants-et-reformistes\\\/#breadcrumb\",\"itemListElement\":[{\"@type\":\"ListItem\",\"position\":1,\"name\":\"Home\",\"item\":\"https:\\\/\\\/thedailyreports.com\\\/fr\\\/\"},{\"@type\":\"ListItem\",\"position\":2,\"name\":\"L\u2019Iran lance une nouvelle purge universitaire en licenciant des professeurs ind\u00e9pendants et r\u00e9formistes\"}]},{\"@type\":\"WebSite\",\"@id\":\"https:\\\/\\\/thedailyreports.com\\\/fr\\\/#website\",\"url\":\"https:\\\/\\\/thedailyreports.com\\\/fr\\\/\",\"name\":\"Les Rapports Quotidiens\",\"description\":\"Toute la v\u00e9rit\u00e9, rien que la v\u00e9rit\u00e9\",\"potentialAction\":[{\"@type\":\"SearchAction\",\"target\":{\"@type\":\"EntryPoint\",\"urlTemplate\":\"https:\\\/\\\/thedailyreports.com\\\/fr\\\/?s={search_term_string}\"},\"query-input\":{\"@type\":\"PropertyValueSpecification\",\"valueRequired\":true,\"valueName\":\"search_term_string\"}}],\"inLanguage\":\"en-US\"},{\"@type\":\"Person\",\"@id\":\"https:\\\/\\\/thedailyreports.com\\\/fr\\\/#\\\/schema\\\/person\\\/b00df16edad26ba8db109fb28c806a2a\",\"name\":\"The Daily Reports\",\"image\":{\"@type\":\"ImageObject\",\"inLanguage\":\"en-US\",\"@id\":\"https:\\\/\\\/secure.gravatar.com\\\/avatar\\\/302a03d420eae20396406f37e0504a570385b6e8478a3733ea8ee684acee8497?s=96&d=mm&r=g\",\"url\":\"https:\\\/\\\/secure.gravatar.com\\\/avatar\\\/302a03d420eae20396406f37e0504a570385b6e8478a3733ea8ee684acee8497?s=96&d=mm&r=g\",\"contentUrl\":\"https:\\\/\\\/secure.gravatar.com\\\/avatar\\\/302a03d420eae20396406f37e0504a570385b6e8478a3733ea8ee684acee8497?s=96&d=mm&r=g\",\"caption\":\"The Daily Reports\"},\"sameAs\":[\"https:\\\/\\\/thedailyreports.com\\\/fr\"],\"url\":\"https:\\\/\\\/thedailyreports.com\\\/fr\\\/author\\\/haythem\\\/\"}]}<\/script>\n<!-- \/ Yoast SEO plugin. -->","yoast_head_json":{"title":"L\u2019Iran lance une nouvelle purge universitaire en licenciant des professeurs ind\u00e9pendants et r\u00e9formistes - Les Rapports Quotidiens","robots":{"index":"index","follow":"follow","max-snippet":"max-snippet:-1","max-image-preview":"max-image-preview:large","max-video-preview":"max-video-preview:-1"},"canonical":"https:\/\/thedailyreports.com\/fr\/2023\/06\/18\/liran-lance-une-nouvelle-purge-universitaire-en-licenciant-des-professeurs-independants-et-reformistes\/","og_locale":"en_US","og_type":"article","og_title":"L\u2019Iran lance une nouvelle purge universitaire en licenciant des professeurs ind\u00e9pendants et r\u00e9formistes - Les Rapports Quotidiens","og_description":"Le gouvernement fondamentaliste du pr\u00e9sident iranien Ebrahim Raissi a lanc\u00e9 ces derniers mois une purge qui consiste \u00e0 expulser des universit\u00e9s les r\u00e9formistes et les professeurs ind\u00e9pendants. Cette nouvelle campagne de purges a pris de l&#8217;ampleur \u00e0 la suite des manifestations massives de septembre 2022, d\u00e9clench\u00e9es par la mort de Mahsa Amini, une jeune kurde","og_url":"https:\/\/thedailyreports.com\/fr\/2023\/06\/18\/liran-lance-une-nouvelle-purge-universitaire-en-licenciant-des-professeurs-independants-et-reformistes\/","og_site_name":"Les Rapports Quotidiens","article_published_time":"2023-06-18T01:37:31+00:00","article_modified_time":"2023-06-18T01:40:50+00:00","og_image":[{"width":1600,"height":1067,"url":"https:\/\/thedailyreports.com\/fr\/wp-content\/uploads\/2023\/06\/Iran-Raisi-June-19-2021.webp","type":"image\/webp"}],"author":"The Daily Reports","twitter_card":"summary_large_image","twitter_misc":{"Written by":"The Daily Reports","Est. reading time":"4 minutes"},"schema":{"@context":"https:\/\/schema.org","@graph":[{"@type":"Article","@id":"https:\/\/thedailyreports.com\/fr\/2023\/06\/18\/liran-lance-une-nouvelle-purge-universitaire-en-licenciant-des-professeurs-independants-et-reformistes\/#article","isPartOf":{"@id":"https:\/\/thedailyreports.com\/fr\/2023\/06\/18\/liran-lance-une-nouvelle-purge-universitaire-en-licenciant-des-professeurs-independants-et-reformistes\/"},"author":{"name":"The Daily Reports","@id":"https:\/\/thedailyreports.com\/fr\/#\/schema\/person\/b00df16edad26ba8db109fb28c806a2a"},"headline":"L\u2019Iran lance une nouvelle purge universitaire en licenciant des professeurs ind\u00e9pendants et r\u00e9formistes","datePublished":"2023-06-18T01:37:31+00:00","dateModified":"2023-06-18T01:40:50+00:00","mainEntityOfPage":{"@id":"https:\/\/thedailyreports.com\/fr\/2023\/06\/18\/liran-lance-une-nouvelle-purge-universitaire-en-licenciant-des-professeurs-independants-et-reformistes\/"},"wordCount":818,"commentCount":0,"image":{"@id":"https:\/\/thedailyreports.com\/fr\/2023\/06\/18\/liran-lance-une-nouvelle-purge-universitaire-en-licenciant-des-professeurs-independants-et-reformistes\/#primaryimage"},"thumbnailUrl":"https:\/\/thedailyreports.com\/fr\/wp-content\/uploads\/2023\/06\/Iran-Raisi-June-19-2021.webp","articleSection":["Iran"],"inLanguage":"en-US","potentialAction":[{"@type":"CommentAction","name":"Comment","target":["https:\/\/thedailyreports.com\/fr\/2023\/06\/18\/liran-lance-une-nouvelle-purge-universitaire-en-licenciant-des-professeurs-independants-et-reformistes\/#respond"]}]},{"@type":"WebPage","@id":"https:\/\/thedailyreports.com\/fr\/2023\/06\/18\/liran-lance-une-nouvelle-purge-universitaire-en-licenciant-des-professeurs-independants-et-reformistes\/","url":"https:\/\/thedailyreports.com\/fr\/2023\/06\/18\/liran-lance-une-nouvelle-purge-universitaire-en-licenciant-des-professeurs-independants-et-reformistes\/","name":"L\u2019Iran lance une nouvelle purge universitaire en licenciant des professeurs ind\u00e9pendants et r\u00e9formistes - Les Rapports Quotidiens","isPartOf":{"@id":"https:\/\/thedailyreports.com\/fr\/#website"},"primaryImageOfPage":{"@id":"https:\/\/thedailyreports.com\/fr\/2023\/06\/18\/liran-lance-une-nouvelle-purge-universitaire-en-licenciant-des-professeurs-independants-et-reformistes\/#primaryimage"},"image":{"@id":"https:\/\/thedailyreports.com\/fr\/2023\/06\/18\/liran-lance-une-nouvelle-purge-universitaire-en-licenciant-des-professeurs-independants-et-reformistes\/#primaryimage"},"thumbnailUrl":"https:\/\/thedailyreports.com\/fr\/wp-content\/uploads\/2023\/06\/Iran-Raisi-June-19-2021.webp","datePublished":"2023-06-18T01:37:31+00:00","dateModified":"2023-06-18T01:40:50+00:00","author":{"@id":"https:\/\/thedailyreports.com\/fr\/#\/schema\/person\/b00df16edad26ba8db109fb28c806a2a"},"breadcrumb":{"@id":"https:\/\/thedailyreports.com\/fr\/2023\/06\/18\/liran-lance-une-nouvelle-purge-universitaire-en-licenciant-des-professeurs-independants-et-reformistes\/#breadcrumb"},"inLanguage":"en-US","potentialAction":[{"@type":"ReadAction","target":["https:\/\/thedailyreports.com\/fr\/2023\/06\/18\/liran-lance-une-nouvelle-purge-universitaire-en-licenciant-des-professeurs-independants-et-reformistes\/"]}]},{"@type":"ImageObject","inLanguage":"en-US","@id":"https:\/\/thedailyreports.com\/fr\/2023\/06\/18\/liran-lance-une-nouvelle-purge-universitaire-en-licenciant-des-professeurs-independants-et-reformistes\/#primaryimage","url":"https:\/\/thedailyreports.com\/fr\/wp-content\/uploads\/2023\/06\/Iran-Raisi-June-19-2021.webp","contentUrl":"https:\/\/thedailyreports.com\/fr\/wp-content\/uploads\/2023\/06\/Iran-Raisi-June-19-2021.webp","width":1600,"height":1067},{"@type":"BreadcrumbList","@id":"https:\/\/thedailyreports.com\/fr\/2023\/06\/18\/liran-lance-une-nouvelle-purge-universitaire-en-licenciant-des-professeurs-independants-et-reformistes\/#breadcrumb","itemListElement":[{"@type":"ListItem","position":1,"name":"Home","item":"https:\/\/thedailyreports.com\/fr\/"},{"@type":"ListItem","position":2,"name":"L\u2019Iran lance une nouvelle purge universitaire en licenciant des professeurs ind\u00e9pendants et r\u00e9formistes"}]},{"@type":"WebSite","@id":"https:\/\/thedailyreports.com\/fr\/#website","url":"https:\/\/thedailyreports.com\/fr\/","name":"Les Rapports Quotidiens","description":"Toute la v\u00e9rit\u00e9, rien que la v\u00e9rit\u00e9","potentialAction":[{"@type":"SearchAction","target":{"@type":"EntryPoint","urlTemplate":"https:\/\/thedailyreports.com\/fr\/?s={search_term_string}"},"query-input":{"@type":"PropertyValueSpecification","valueRequired":true,"valueName":"search_term_string"}}],"inLanguage":"en-US"},{"@type":"Person","@id":"https:\/\/thedailyreports.com\/fr\/#\/schema\/person\/b00df16edad26ba8db109fb28c806a2a","name":"The Daily Reports","image":{"@type":"ImageObject","inLanguage":"en-US","@id":"https:\/\/secure.gravatar.com\/avatar\/302a03d420eae20396406f37e0504a570385b6e8478a3733ea8ee684acee8497?s=96&d=mm&r=g","url":"https:\/\/secure.gravatar.com\/avatar\/302a03d420eae20396406f37e0504a570385b6e8478a3733ea8ee684acee8497?s=96&d=mm&r=g","contentUrl":"https:\/\/secure.gravatar.com\/avatar\/302a03d420eae20396406f37e0504a570385b6e8478a3733ea8ee684acee8497?s=96&d=mm&r=g","caption":"The Daily Reports"},"sameAs":["https:\/\/thedailyreports.com\/fr"],"url":"https:\/\/thedailyreports.com\/fr\/author\/haythem\/"}]}},"_links":{"self":[{"href":"https:\/\/thedailyreports.com\/fr\/wp-json\/wp\/v2\/posts\/7818","targetHints":{"allow":["GET"]}}],"collection":[{"href":"https:\/\/thedailyreports.com\/fr\/wp-json\/wp\/v2\/posts"}],"about":[{"href":"https:\/\/thedailyreports.com\/fr\/wp-json\/wp\/v2\/types\/post"}],"author":[{"embeddable":true,"href":"https:\/\/thedailyreports.com\/fr\/wp-json\/wp\/v2\/users\/5"}],"replies":[{"embeddable":true,"href":"https:\/\/thedailyreports.com\/fr\/wp-json\/wp\/v2\/comments?post=7818"}],"version-history":[{"count":1,"href":"https:\/\/thedailyreports.com\/fr\/wp-json\/wp\/v2\/posts\/7818\/revisions"}],"predecessor-version":[{"id":7820,"href":"https:\/\/thedailyreports.com\/fr\/wp-json\/wp\/v2\/posts\/7818\/revisions\/7820"}],"wp:featuredmedia":[{"embeddable":true,"href":"https:\/\/thedailyreports.com\/fr\/wp-json\/wp\/v2\/media\/7821"}],"wp:attachment":[{"href":"https:\/\/thedailyreports.com\/fr\/wp-json\/wp\/v2\/media?parent=7818"}],"wp:term":[{"taxonomy":"category","embeddable":true,"href":"https:\/\/thedailyreports.com\/fr\/wp-json\/wp\/v2\/categories?post=7818"},{"taxonomy":"post_tag","embeddable":true,"href":"https:\/\/thedailyreports.com\/fr\/wp-json\/wp\/v2\/tags?post=7818"}],"curies":[{"name":"wp","href":"https:\/\/api.w.org\/{rel}","templated":true}]}}