{"id":7812,"date":"2023-06-15T17:14:43","date_gmt":"2023-06-15T16:14:43","guid":{"rendered":"https:\/\/thedailyreports.com\/fr\/?p=7812"},"modified":"2023-06-15T17:14:44","modified_gmt":"2023-06-15T16:14:44","slug":"rencontre-entre-emmanuel-macron-et-le-prince-mohammed-ben-salmane-a-paris","status":"publish","type":"post","link":"https:\/\/thedailyreports.com\/fr\/2023\/06\/15\/rencontre-entre-emmanuel-macron-et-le-prince-mohammed-ben-salmane-a-paris\/","title":{"rendered":"Rencontre entre Emmanuel Macron et le prince Mohammed Ben Salmane \u00e0 Paris"},"content":{"rendered":"\n<p>Plusieurs dossiers sensibles devraient \u00eatre discut\u00e9s entre le prince Mohammed ben Salmane, prince h\u00e9ritier et Premier ministre d&#8217;Arabie saoudite, et le pr\u00e9sident fran\u00e7ais Emmanuel Macron, \u00e0 l\u2019occasion de la visite officielle du prince h\u00e9ritier en France, o\u00f9 il est arriv\u00e9 mercredi, accompagn\u00e9 d&#8217;une importante d\u00e9l\u00e9gation minist\u00e9rielle.<\/p>\n\n\n\n<p>Le gouvernement fran\u00e7ais a indiqu\u00e9 dans un communiqu\u00e9 que le monarque saoudien arrivera \u00e0 l&#8217;Elys\u00e9e \u00e0 une heure et quart vendredi apr\u00e8s-midi, o\u00f9 il sera re\u00e7u par le pr\u00e9sident fran\u00e7ais.<\/p>\n\n\n\n<p>La visite du prince h\u00e9ritier \u00e0 Paris suscite une grande attention politique et b\u00e9n\u00e9ficie d&#8217;une large couverture m\u00e9diatique. Le communiqu\u00e9 du gouvernement indique que les entretiens entre les deux parties se d\u00e9rouleront autour d&#8217;un d\u00e9jeuner durant lequel divers dossiers seront trait\u00e9s, dont les relations bilat\u00e9rales existantes entre les deux pays.<\/p>\n\n\n\n<p>Cette rencontre s&#8217;inscrit dans le cadre du \u00ab&nbsp;partenariat strat\u00e9gique&nbsp;\u00bb ancien et renouvel\u00e9 qui lie les deux parties, et qui a \u00e9t\u00e9 mis en avant lors des diff\u00e9rentes rencontres qui ont r\u00e9uni le pr\u00e9sident fran\u00e7ais et le prince h\u00e9ritier.<\/p>\n\n\n\n<p><strong>Les axes de discussion<\/strong><\/p>\n\n\n\n<p>La question des d\u00e9fis r\u00e9gionaux et internationaux, dont les d\u00e9veloppements positifs dans la r\u00e9gion, occupera une grande partie de la r\u00e9union. Le communiqu\u00e9 de l&#8217;Elys\u00e9e a d\u00e9clar\u00e9 que les pourparlers aborderont \u00ab&nbsp;les d\u00e9fis de la stabilit\u00e9 r\u00e9gionale ainsi que les grands probl\u00e8mes r\u00e9gionaux, et plus particuli\u00e8rement leur impact sur le reste du monde&nbsp;\u00bb.<\/p>\n\n\n\n<p>Alors que la d\u00e9claration pr\u00e9sidentielle n\u2019a \u00e9voqu\u00e9 que les g\u00e9n\u00e9ralit\u00e9s des th\u00e8mes qui seront trait\u00e9s, des sources officielles ont rapport\u00e9 que les deux hauts responsables discuteront de la s\u00e9curit\u00e9 du Golfe, de la lutte contre le terrorisme, de l&#8217;\u00e9volution du dossier nucl\u00e9aire iranien, de la guerre au Y\u00e9men, du vide pr\u00e9sidentiel qui dure depuis plus de 8 mois au Liban, ainsi que de la r\u00e9habilitation de la Syrie au sein de la Ligue arabe.<\/p>\n\n\n\n<p>La France avait salu\u00e9 l&#8217;accord saoudo-iranien visant \u00e0 r\u00e9tablir les relations diplomatiques et rouvrir les ambassades des deux pays \u00e0 Riyad et T\u00e9h\u00e9ran. Les sources s&#8217;attendent \u00e0 ce que le pr\u00e9sident Macron informe le prince h\u00e9ritier du contenu de la conversation t\u00e9l\u00e9phonique qu\u2019il a eue samedi avec le pr\u00e9sident iranien Ibrahim Raissi, et qui a dur\u00e9 plus d&#8217;une heure.<\/p>\n\n\n\n<p><strong>Les dossiers internationaux<\/strong><\/p>\n\n\n\n<p>Au niveau international, deux dossiers principaux seront abord\u00e9s : la guerre en Ukraine et le sommet que Paris accueillera les 22 et 23 juin. En sa qualit\u00e9 de pr\u00e9sident du sommet arabe du mois dernier \u00e0 Djeddah, le pr\u00e9sident Macron a jou\u00e9 un r\u00f4le dans le dossier ukrainien en encourageant le pr\u00e9sident Volodymyr Zelensky \u00e0 accepter l&#8217;invitation de l&#8217;Arabie saoudite et \u00e0 parler aux dirigeants arabes. Macron a mis \u00e0 sa disposition un avion officiel fran\u00e7ais qui l&#8217;a conduit en Arabie saoudite puis au Japon, o\u00f9 se tenait le sommet du G7. Le pr\u00e9sident fran\u00e7ais cherche encore \u00e0 exhorter les pays qui ont adopt\u00e9 une position neutre \u00e0 se ranger du c\u00f4t\u00e9 de l&#8217;Ukraine. Lors de leur pr\u00e9c\u00e9dente rencontre, les deux parties avaient convenu de limiter les effets n\u00e9gatifs de la guerre en Ukraine, notamment en termes de hausse des prix de l&#8217;\u00e9nergie et de s\u00e9curit\u00e9 alimentaire.<\/p>\n\n\n\n<p><strong>Sommet de Paris<\/strong><\/p>\n\n\n\n<p>Le Sommet pour un nouveau pacte financier mondial organis\u00e9 par la France et l\u2019Inde repr\u00e9sente un autre dossier international important. Les discussions porteront sur les pr\u00e9paratifs avec l\u2019examen des attentes de chacun. Le prince Mohammed ben Salmane dirige la d\u00e9l\u00e9gation officielle du royaume. Le but du sommet, comme l&#8217;expliquent des sources de l&#8217;Elys\u00e9e, est de \u00ab&nbsp;mobiliser les ressources financi\u00e8res publiques et priv\u00e9es l\u00e0 o\u00f9 elles sont n\u00e9cessaires, que ce soit pour lutter contre la pauvret\u00e9 dans les r\u00e9gions les plus touch\u00e9es ou pour prot\u00e9ger la biodiversit\u00e9, lutter contre le changement climatique et r\u00e9aliser une transition \u00e9cologique&nbsp;\u00bb.<\/p>\n\n\n\n<p>Des sources fran\u00e7aises ont d\u00e9clar\u00e9 \u00e0 Asharq Al-Awsat que Paris consid\u00e8re Riyad comme un acteur majeur, non seulement en raison de ses capacit\u00e9s de financement, mais aussi gr\u00e2ce \u00e0 ses politiques environnementales, comme en t\u00e9moignent ses grands projets urbains et sa qu\u00eate d&#8217;un environnement vert avec une \u00e9conomie exempte de carbone.<\/p>\n","protected":false},"excerpt":{"rendered":"<p>Plusieurs dossiers sensibles devraient \u00eatre discut\u00e9s entre le prince Mohammed ben Salmane, prince h\u00e9ritier et Premier ministre d&#8217;Arabie saoudite, et le pr\u00e9sident fran\u00e7ais Emmanuel Macron, \u00e0 l\u2019occasion de la visite officielle du prince h\u00e9ritier en France, o\u00f9 il est arriv\u00e9 mercredi, accompagn\u00e9 d&#8217;une importante d\u00e9l\u00e9gation minist\u00e9rielle. Le gouvernement fran\u00e7ais a indiqu\u00e9 dans un communiqu\u00e9 que<\/p>\n","protected":false},"author":5,"featured_media":7813,"comment_status":"open","ping_status":"open","sticky":false,"template":"","format":"standard","meta":{"footnotes":""},"categories":[114,27,32],"tags":[],"class_list":{"0":"post-7812","1":"post","2":"type-post","3":"status-publish","4":"format-standard","5":"has-post-thumbnail","7":"category-analyse-politique","8":"category-france","9":"category-regions"},"yoast_head":"<!-- This site is optimized with the Yoast SEO plugin v27.4 - https:\/\/yoast.com\/product\/yoast-seo-wordpress\/ -->\n<title>Rencontre entre Emmanuel Macron et le prince Mohammed Ben Salmane \u00e0 Paris - Les Rapports Quotidiens<\/title>\n<meta name=\"robots\" content=\"index, follow, max-snippet:-1, max-image-preview:large, max-video-preview:-1\" \/>\n<link rel=\"canonical\" href=\"https:\/\/thedailyreports.com\/fr\/2023\/06\/15\/rencontre-entre-emmanuel-macron-et-le-prince-mohammed-ben-salmane-a-paris\/\" \/>\n<meta property=\"og:locale\" content=\"en_US\" \/>\n<meta property=\"og:type\" content=\"article\" \/>\n<meta property=\"og:title\" content=\"Rencontre entre Emmanuel Macron et le prince Mohammed Ben Salmane \u00e0 Paris - Les Rapports Quotidiens\" \/>\n<meta property=\"og:description\" content=\"Plusieurs dossiers sensibles devraient \u00eatre discut\u00e9s entre le prince Mohammed ben Salmane, prince h\u00e9ritier et Premier ministre d&#8217;Arabie saoudite, et le pr\u00e9sident fran\u00e7ais Emmanuel Macron, \u00e0 l\u2019occasion de la visite officielle du prince h\u00e9ritier en France, o\u00f9 il est arriv\u00e9 mercredi, accompagn\u00e9 d&#8217;une importante d\u00e9l\u00e9gation minist\u00e9rielle. Le gouvernement fran\u00e7ais a indiqu\u00e9 dans un communiqu\u00e9 que\" \/>\n<meta property=\"og:url\" content=\"https:\/\/thedailyreports.com\/fr\/2023\/06\/15\/rencontre-entre-emmanuel-macron-et-le-prince-mohammed-ben-salmane-a-paris\/\" \/>\n<meta property=\"og:site_name\" content=\"Les Rapports Quotidiens\" \/>\n<meta property=\"article:published_time\" content=\"2023-06-15T16:14:43+00:00\" \/>\n<meta property=\"article:modified_time\" content=\"2023-06-15T16:14:44+00:00\" \/>\n<meta property=\"og:image\" content=\"https:\/\/thedailyreports.com\/fr\/wp-content\/uploads\/2023\/06\/AVEAHJMDTNFQ5KFRKJAWM35MRY.jpg\" \/>\n\t<meta property=\"og:image:width\" content=\"932\" \/>\n\t<meta property=\"og:image:height\" content=\"582\" \/>\n\t<meta property=\"og:image:type\" content=\"image\/jpeg\" \/>\n<meta name=\"author\" content=\"The Daily Reports\" \/>\n<meta name=\"twitter:card\" content=\"summary_large_image\" \/>\n<meta name=\"twitter:label1\" content=\"Written by\" \/>\n\t<meta name=\"twitter:data1\" content=\"The Daily Reports\" \/>\n\t<meta name=\"twitter:label2\" content=\"Est. reading time\" \/>\n\t<meta name=\"twitter:data2\" content=\"3 minutes\" \/>\n<script type=\"application\/ld+json\" class=\"yoast-schema-graph\">{\"@context\":\"https:\\\/\\\/schema.org\",\"@graph\":[{\"@type\":\"Article\",\"@id\":\"https:\\\/\\\/thedailyreports.com\\\/fr\\\/2023\\\/06\\\/15\\\/rencontre-entre-emmanuel-macron-et-le-prince-mohammed-ben-salmane-a-paris\\\/#article\",\"isPartOf\":{\"@id\":\"https:\\\/\\\/thedailyreports.com\\\/fr\\\/2023\\\/06\\\/15\\\/rencontre-entre-emmanuel-macron-et-le-prince-mohammed-ben-salmane-a-paris\\\/\"},\"author\":{\"name\":\"The Daily Reports\",\"@id\":\"https:\\\/\\\/thedailyreports.com\\\/fr\\\/#\\\/schema\\\/person\\\/b00df16edad26ba8db109fb28c806a2a\"},\"headline\":\"Rencontre entre Emmanuel Macron et le prince Mohammed Ben Salmane \u00e0 Paris\",\"datePublished\":\"2023-06-15T16:14:43+00:00\",\"dateModified\":\"2023-06-15T16:14:44+00:00\",\"mainEntityOfPage\":{\"@id\":\"https:\\\/\\\/thedailyreports.com\\\/fr\\\/2023\\\/06\\\/15\\\/rencontre-entre-emmanuel-macron-et-le-prince-mohammed-ben-salmane-a-paris\\\/\"},\"wordCount\":768,\"commentCount\":0,\"image\":{\"@id\":\"https:\\\/\\\/thedailyreports.com\\\/fr\\\/2023\\\/06\\\/15\\\/rencontre-entre-emmanuel-macron-et-le-prince-mohammed-ben-salmane-a-paris\\\/#primaryimage\"},\"thumbnailUrl\":\"https:\\\/\\\/thedailyreports.com\\\/fr\\\/wp-content\\\/uploads\\\/2023\\\/06\\\/AVEAHJMDTNFQ5KFRKJAWM35MRY.jpg\",\"articleSection\":[\"Analyse politique\",\"France\",\"Regions\"],\"inLanguage\":\"en-US\",\"potentialAction\":[{\"@type\":\"CommentAction\",\"name\":\"Comment\",\"target\":[\"https:\\\/\\\/thedailyreports.com\\\/fr\\\/2023\\\/06\\\/15\\\/rencontre-entre-emmanuel-macron-et-le-prince-mohammed-ben-salmane-a-paris\\\/#respond\"]}]},{\"@type\":\"WebPage\",\"@id\":\"https:\\\/\\\/thedailyreports.com\\\/fr\\\/2023\\\/06\\\/15\\\/rencontre-entre-emmanuel-macron-et-le-prince-mohammed-ben-salmane-a-paris\\\/\",\"url\":\"https:\\\/\\\/thedailyreports.com\\\/fr\\\/2023\\\/06\\\/15\\\/rencontre-entre-emmanuel-macron-et-le-prince-mohammed-ben-salmane-a-paris\\\/\",\"name\":\"Rencontre entre Emmanuel Macron et le prince Mohammed Ben Salmane \u00e0 Paris - Les Rapports Quotidiens\",\"isPartOf\":{\"@id\":\"https:\\\/\\\/thedailyreports.com\\\/fr\\\/#website\"},\"primaryImageOfPage\":{\"@id\":\"https:\\\/\\\/thedailyreports.com\\\/fr\\\/2023\\\/06\\\/15\\\/rencontre-entre-emmanuel-macron-et-le-prince-mohammed-ben-salmane-a-paris\\\/#primaryimage\"},\"image\":{\"@id\":\"https:\\\/\\\/thedailyreports.com\\\/fr\\\/2023\\\/06\\\/15\\\/rencontre-entre-emmanuel-macron-et-le-prince-mohammed-ben-salmane-a-paris\\\/#primaryimage\"},\"thumbnailUrl\":\"https:\\\/\\\/thedailyreports.com\\\/fr\\\/wp-content\\\/uploads\\\/2023\\\/06\\\/AVEAHJMDTNFQ5KFRKJAWM35MRY.jpg\",\"datePublished\":\"2023-06-15T16:14:43+00:00\",\"dateModified\":\"2023-06-15T16:14:44+00:00\",\"author\":{\"@id\":\"https:\\\/\\\/thedailyreports.com\\\/fr\\\/#\\\/schema\\\/person\\\/b00df16edad26ba8db109fb28c806a2a\"},\"breadcrumb\":{\"@id\":\"https:\\\/\\\/thedailyreports.com\\\/fr\\\/2023\\\/06\\\/15\\\/rencontre-entre-emmanuel-macron-et-le-prince-mohammed-ben-salmane-a-paris\\\/#breadcrumb\"},\"inLanguage\":\"en-US\",\"potentialAction\":[{\"@type\":\"ReadAction\",\"target\":[\"https:\\\/\\\/thedailyreports.com\\\/fr\\\/2023\\\/06\\\/15\\\/rencontre-entre-emmanuel-macron-et-le-prince-mohammed-ben-salmane-a-paris\\\/\"]}]},{\"@type\":\"ImageObject\",\"inLanguage\":\"en-US\",\"@id\":\"https:\\\/\\\/thedailyreports.com\\\/fr\\\/2023\\\/06\\\/15\\\/rencontre-entre-emmanuel-macron-et-le-prince-mohammed-ben-salmane-a-paris\\\/#primaryimage\",\"url\":\"https:\\\/\\\/thedailyreports.com\\\/fr\\\/wp-content\\\/uploads\\\/2023\\\/06\\\/AVEAHJMDTNFQ5KFRKJAWM35MRY.jpg\",\"contentUrl\":\"https:\\\/\\\/thedailyreports.com\\\/fr\\\/wp-content\\\/uploads\\\/2023\\\/06\\\/AVEAHJMDTNFQ5KFRKJAWM35MRY.jpg\",\"width\":932,\"height\":582},{\"@type\":\"BreadcrumbList\",\"@id\":\"https:\\\/\\\/thedailyreports.com\\\/fr\\\/2023\\\/06\\\/15\\\/rencontre-entre-emmanuel-macron-et-le-prince-mohammed-ben-salmane-a-paris\\\/#breadcrumb\",\"itemListElement\":[{\"@type\":\"ListItem\",\"position\":1,\"name\":\"Home\",\"item\":\"https:\\\/\\\/thedailyreports.com\\\/fr\\\/\"},{\"@type\":\"ListItem\",\"position\":2,\"name\":\"Rencontre entre Emmanuel Macron et le prince Mohammed Ben Salmane \u00e0 Paris\"}]},{\"@type\":\"WebSite\",\"@id\":\"https:\\\/\\\/thedailyreports.com\\\/fr\\\/#website\",\"url\":\"https:\\\/\\\/thedailyreports.com\\\/fr\\\/\",\"name\":\"Les Rapports Quotidiens\",\"description\":\"Toute la v\u00e9rit\u00e9, rien que la v\u00e9rit\u00e9\",\"potentialAction\":[{\"@type\":\"SearchAction\",\"target\":{\"@type\":\"EntryPoint\",\"urlTemplate\":\"https:\\\/\\\/thedailyreports.com\\\/fr\\\/?s={search_term_string}\"},\"query-input\":{\"@type\":\"PropertyValueSpecification\",\"valueRequired\":true,\"valueName\":\"search_term_string\"}}],\"inLanguage\":\"en-US\"},{\"@type\":\"Person\",\"@id\":\"https:\\\/\\\/thedailyreports.com\\\/fr\\\/#\\\/schema\\\/person\\\/b00df16edad26ba8db109fb28c806a2a\",\"name\":\"The Daily Reports\",\"image\":{\"@type\":\"ImageObject\",\"inLanguage\":\"en-US\",\"@id\":\"https:\\\/\\\/secure.gravatar.com\\\/avatar\\\/302a03d420eae20396406f37e0504a570385b6e8478a3733ea8ee684acee8497?s=96&d=mm&r=g\",\"url\":\"https:\\\/\\\/secure.gravatar.com\\\/avatar\\\/302a03d420eae20396406f37e0504a570385b6e8478a3733ea8ee684acee8497?s=96&d=mm&r=g\",\"contentUrl\":\"https:\\\/\\\/secure.gravatar.com\\\/avatar\\\/302a03d420eae20396406f37e0504a570385b6e8478a3733ea8ee684acee8497?s=96&d=mm&r=g\",\"caption\":\"The Daily Reports\"},\"sameAs\":[\"https:\\\/\\\/thedailyreports.com\\\/fr\"],\"url\":\"https:\\\/\\\/thedailyreports.com\\\/fr\\\/author\\\/haythem\\\/\"}]}<\/script>\n<!-- \/ Yoast SEO plugin. -->","yoast_head_json":{"title":"Rencontre entre Emmanuel Macron et le prince Mohammed Ben Salmane \u00e0 Paris - Les Rapports Quotidiens","robots":{"index":"index","follow":"follow","max-snippet":"max-snippet:-1","max-image-preview":"max-image-preview:large","max-video-preview":"max-video-preview:-1"},"canonical":"https:\/\/thedailyreports.com\/fr\/2023\/06\/15\/rencontre-entre-emmanuel-macron-et-le-prince-mohammed-ben-salmane-a-paris\/","og_locale":"en_US","og_type":"article","og_title":"Rencontre entre Emmanuel Macron et le prince Mohammed Ben Salmane \u00e0 Paris - Les Rapports Quotidiens","og_description":"Plusieurs dossiers sensibles devraient \u00eatre discut\u00e9s entre le prince Mohammed ben Salmane, prince h\u00e9ritier et Premier ministre d&#8217;Arabie saoudite, et le pr\u00e9sident fran\u00e7ais Emmanuel Macron, \u00e0 l\u2019occasion de la visite officielle du prince h\u00e9ritier en France, o\u00f9 il est arriv\u00e9 mercredi, accompagn\u00e9 d&#8217;une importante d\u00e9l\u00e9gation minist\u00e9rielle. Le gouvernement fran\u00e7ais a indiqu\u00e9 dans un communiqu\u00e9 que","og_url":"https:\/\/thedailyreports.com\/fr\/2023\/06\/15\/rencontre-entre-emmanuel-macron-et-le-prince-mohammed-ben-salmane-a-paris\/","og_site_name":"Les Rapports Quotidiens","article_published_time":"2023-06-15T16:14:43+00:00","article_modified_time":"2023-06-15T16:14:44+00:00","og_image":[{"width":932,"height":582,"url":"https:\/\/thedailyreports.com\/fr\/wp-content\/uploads\/2023\/06\/AVEAHJMDTNFQ5KFRKJAWM35MRY.jpg","type":"image\/jpeg"}],"author":"The Daily Reports","twitter_card":"summary_large_image","twitter_misc":{"Written by":"The Daily Reports","Est. reading time":"3 minutes"},"schema":{"@context":"https:\/\/schema.org","@graph":[{"@type":"Article","@id":"https:\/\/thedailyreports.com\/fr\/2023\/06\/15\/rencontre-entre-emmanuel-macron-et-le-prince-mohammed-ben-salmane-a-paris\/#article","isPartOf":{"@id":"https:\/\/thedailyreports.com\/fr\/2023\/06\/15\/rencontre-entre-emmanuel-macron-et-le-prince-mohammed-ben-salmane-a-paris\/"},"author":{"name":"The Daily Reports","@id":"https:\/\/thedailyreports.com\/fr\/#\/schema\/person\/b00df16edad26ba8db109fb28c806a2a"},"headline":"Rencontre entre Emmanuel Macron et le prince Mohammed Ben Salmane \u00e0 Paris","datePublished":"2023-06-15T16:14:43+00:00","dateModified":"2023-06-15T16:14:44+00:00","mainEntityOfPage":{"@id":"https:\/\/thedailyreports.com\/fr\/2023\/06\/15\/rencontre-entre-emmanuel-macron-et-le-prince-mohammed-ben-salmane-a-paris\/"},"wordCount":768,"commentCount":0,"image":{"@id":"https:\/\/thedailyreports.com\/fr\/2023\/06\/15\/rencontre-entre-emmanuel-macron-et-le-prince-mohammed-ben-salmane-a-paris\/#primaryimage"},"thumbnailUrl":"https:\/\/thedailyreports.com\/fr\/wp-content\/uploads\/2023\/06\/AVEAHJMDTNFQ5KFRKJAWM35MRY.jpg","articleSection":["Analyse politique","France","Regions"],"inLanguage":"en-US","potentialAction":[{"@type":"CommentAction","name":"Comment","target":["https:\/\/thedailyreports.com\/fr\/2023\/06\/15\/rencontre-entre-emmanuel-macron-et-le-prince-mohammed-ben-salmane-a-paris\/#respond"]}]},{"@type":"WebPage","@id":"https:\/\/thedailyreports.com\/fr\/2023\/06\/15\/rencontre-entre-emmanuel-macron-et-le-prince-mohammed-ben-salmane-a-paris\/","url":"https:\/\/thedailyreports.com\/fr\/2023\/06\/15\/rencontre-entre-emmanuel-macron-et-le-prince-mohammed-ben-salmane-a-paris\/","name":"Rencontre entre Emmanuel Macron et le prince Mohammed Ben Salmane \u00e0 Paris - Les Rapports Quotidiens","isPartOf":{"@id":"https:\/\/thedailyreports.com\/fr\/#website"},"primaryImageOfPage":{"@id":"https:\/\/thedailyreports.com\/fr\/2023\/06\/15\/rencontre-entre-emmanuel-macron-et-le-prince-mohammed-ben-salmane-a-paris\/#primaryimage"},"image":{"@id":"https:\/\/thedailyreports.com\/fr\/2023\/06\/15\/rencontre-entre-emmanuel-macron-et-le-prince-mohammed-ben-salmane-a-paris\/#primaryimage"},"thumbnailUrl":"https:\/\/thedailyreports.com\/fr\/wp-content\/uploads\/2023\/06\/AVEAHJMDTNFQ5KFRKJAWM35MRY.jpg","datePublished":"2023-06-15T16:14:43+00:00","dateModified":"2023-06-15T16:14:44+00:00","author":{"@id":"https:\/\/thedailyreports.com\/fr\/#\/schema\/person\/b00df16edad26ba8db109fb28c806a2a"},"breadcrumb":{"@id":"https:\/\/thedailyreports.com\/fr\/2023\/06\/15\/rencontre-entre-emmanuel-macron-et-le-prince-mohammed-ben-salmane-a-paris\/#breadcrumb"},"inLanguage":"en-US","potentialAction":[{"@type":"ReadAction","target":["https:\/\/thedailyreports.com\/fr\/2023\/06\/15\/rencontre-entre-emmanuel-macron-et-le-prince-mohammed-ben-salmane-a-paris\/"]}]},{"@type":"ImageObject","inLanguage":"en-US","@id":"https:\/\/thedailyreports.com\/fr\/2023\/06\/15\/rencontre-entre-emmanuel-macron-et-le-prince-mohammed-ben-salmane-a-paris\/#primaryimage","url":"https:\/\/thedailyreports.com\/fr\/wp-content\/uploads\/2023\/06\/AVEAHJMDTNFQ5KFRKJAWM35MRY.jpg","contentUrl":"https:\/\/thedailyreports.com\/fr\/wp-content\/uploads\/2023\/06\/AVEAHJMDTNFQ5KFRKJAWM35MRY.jpg","width":932,"height":582},{"@type":"BreadcrumbList","@id":"https:\/\/thedailyreports.com\/fr\/2023\/06\/15\/rencontre-entre-emmanuel-macron-et-le-prince-mohammed-ben-salmane-a-paris\/#breadcrumb","itemListElement":[{"@type":"ListItem","position":1,"name":"Home","item":"https:\/\/thedailyreports.com\/fr\/"},{"@type":"ListItem","position":2,"name":"Rencontre entre Emmanuel Macron et le prince Mohammed Ben Salmane \u00e0 Paris"}]},{"@type":"WebSite","@id":"https:\/\/thedailyreports.com\/fr\/#website","url":"https:\/\/thedailyreports.com\/fr\/","name":"Les Rapports Quotidiens","description":"Toute la v\u00e9rit\u00e9, rien que la v\u00e9rit\u00e9","potentialAction":[{"@type":"SearchAction","target":{"@type":"EntryPoint","urlTemplate":"https:\/\/thedailyreports.com\/fr\/?s={search_term_string}"},"query-input":{"@type":"PropertyValueSpecification","valueRequired":true,"valueName":"search_term_string"}}],"inLanguage":"en-US"},{"@type":"Person","@id":"https:\/\/thedailyreports.com\/fr\/#\/schema\/person\/b00df16edad26ba8db109fb28c806a2a","name":"The Daily Reports","image":{"@type":"ImageObject","inLanguage":"en-US","@id":"https:\/\/secure.gravatar.com\/avatar\/302a03d420eae20396406f37e0504a570385b6e8478a3733ea8ee684acee8497?s=96&d=mm&r=g","url":"https:\/\/secure.gravatar.com\/avatar\/302a03d420eae20396406f37e0504a570385b6e8478a3733ea8ee684acee8497?s=96&d=mm&r=g","contentUrl":"https:\/\/secure.gravatar.com\/avatar\/302a03d420eae20396406f37e0504a570385b6e8478a3733ea8ee684acee8497?s=96&d=mm&r=g","caption":"The Daily Reports"},"sameAs":["https:\/\/thedailyreports.com\/fr"],"url":"https:\/\/thedailyreports.com\/fr\/author\/haythem\/"}]}},"_links":{"self":[{"href":"https:\/\/thedailyreports.com\/fr\/wp-json\/wp\/v2\/posts\/7812","targetHints":{"allow":["GET"]}}],"collection":[{"href":"https:\/\/thedailyreports.com\/fr\/wp-json\/wp\/v2\/posts"}],"about":[{"href":"https:\/\/thedailyreports.com\/fr\/wp-json\/wp\/v2\/types\/post"}],"author":[{"embeddable":true,"href":"https:\/\/thedailyreports.com\/fr\/wp-json\/wp\/v2\/users\/5"}],"replies":[{"embeddable":true,"href":"https:\/\/thedailyreports.com\/fr\/wp-json\/wp\/v2\/comments?post=7812"}],"version-history":[{"count":1,"href":"https:\/\/thedailyreports.com\/fr\/wp-json\/wp\/v2\/posts\/7812\/revisions"}],"predecessor-version":[{"id":7814,"href":"https:\/\/thedailyreports.com\/fr\/wp-json\/wp\/v2\/posts\/7812\/revisions\/7814"}],"wp:featuredmedia":[{"embeddable":true,"href":"https:\/\/thedailyreports.com\/fr\/wp-json\/wp\/v2\/media\/7813"}],"wp:attachment":[{"href":"https:\/\/thedailyreports.com\/fr\/wp-json\/wp\/v2\/media?parent=7812"}],"wp:term":[{"taxonomy":"category","embeddable":true,"href":"https:\/\/thedailyreports.com\/fr\/wp-json\/wp\/v2\/categories?post=7812"},{"taxonomy":"post_tag","embeddable":true,"href":"https:\/\/thedailyreports.com\/fr\/wp-json\/wp\/v2\/tags?post=7812"}],"curies":[{"name":"wp","href":"https:\/\/api.w.org\/{rel}","templated":true}]}}