{"id":7333,"date":"2023-03-25T21:14:39","date_gmt":"2023-03-25T20:14:39","guid":{"rendered":"https:\/\/thedailyreports.com\/fr\/?p=7333"},"modified":"2023-03-25T21:14:40","modified_gmt":"2023-03-25T20:14:40","slug":"les-manifestations-en-iran-nont-rien-ajoute-a-la-crise-du-gouvernement-selon-un-journaliste-iranien","status":"publish","type":"post","link":"https:\/\/thedailyreports.com\/fr\/2023\/03\/25\/les-manifestations-en-iran-nont-rien-ajoute-a-la-crise-du-gouvernement-selon-un-journaliste-iranien\/","title":{"rendered":"<strong>Les manifestations en Iran n\u2019ont rien ajout\u00e9 \u00e0 la crise du gouvernement, selon un journaliste iranien<\/strong>"},"content":{"rendered":"\n<p>Selon un article r\u00e9dig\u00e9 par le journaliste iranien Davoud Heshmati pour Shargh, m\u00eame si le soul\u00e8vement populaire n\u2019avait jamais eu lieu en Iran, le gouvernement du pr\u00e9sident rigoriste Ebrahim Raissi n\u2019en serait pas moins embourb\u00e9 dans une crise grave.<\/p>\n\n\n\n<p>M. Heshmati pense que le pr\u00e9sident Raissi s&#8217;est montr\u00e9 trop optimiste \u00e0 l&#8217;\u00e9gard de la coalition des groupes conservateurs qui ont form\u00e9 son gouvernement et pris la t\u00eate du parlement. En r\u00e9alit\u00e9, les manifestations ont peut-\u00eatre m\u00eame retard\u00e9 l\u2019ouverture de la br\u00e8che au sein du gouvernement et pr\u00e9serv\u00e9 son unit\u00e9. \u00ab&nbsp;La coalition \u00e9tait trop fragile&nbsp;\u00bb, a indiqu\u00e9 Davoud Heshmati.<\/p>\n\n\n\n<p>\u00ab&nbsp;Malgr\u00e9 le retard dans son apparition, l&#8217;impasse politique est tout \u00e0 fait visible. Le gouvernement est incapable de prendre des d\u00e9cisions, ce qui rend les d\u00e9veloppements de l&#8217;ann\u00e9e prochaine int\u00e9ressants&nbsp;\u00bb, a-t-il \u00e9crit.<\/p>\n\n\n\n<p>Le journaliste a d\u00e9crit la soci\u00e9t\u00e9 iranienne comme \u00e9tant \u00ab&nbsp;vivante&nbsp;\u00bb, tandis que \u00ab&nbsp;la politique iranienne est dans le coma&nbsp;\u00bb. \u00ab&nbsp;La soci\u00e9t\u00e9 iranienne est tout sauf indiff\u00e9rente. Tout le monde pensait que les jeunes \u00e9taient apolitiques, mais ils ont r\u00e9ussi \u00e0 cr\u00e9er un grand mouvement dans les rues, m\u00eame sans leadership ni organisation. Ce qui les a rassembl\u00e9s, c&#8217;est la revendication de la libert\u00e9 dans le choix de leur mode de vie.&nbsp;\u00bb<\/p>\n\n\n\n<p>Les manifestations qui ont \u00e9clat\u00e9 en septembre dernier apr\u00e8s la mort de la jeune Mahsa Amini \u00e0 l\u2019issue d\u2019une garde \u00e0 vue pour port \u00ab&nbsp;inappropri\u00e9&nbsp;\u00bb du voile, ont \u00e9t\u00e9 men\u00e9es par des jeunes, des adolescents et surtout par des femmes.<\/p>\n\n\n\n<p>Davoud Heshmati a d\u00e9clar\u00e9 que les Iraniens avaient d\u00e9j\u00e0 perdu espoir dans les \u00e9lections apr\u00e8s le refus &#8211; ou l\u2019incapacit\u00e9 &#8211; de l&#8217;ancien pr\u00e9sident Hassan Rohani \u00e0 aborder la question de la d\u00e9mocratie, pr\u00e9f\u00e9rant consacrer ses efforts \u00e0 la r\u00e9solution de la question nucl\u00e9aire avec l&#8217;Occident, avant d&#8217;\u00eatre \u00e9cart\u00e9 par les partisans de la ligne dure.<\/p>\n\n\n\n<p>Il a ajout\u00e9 que la raison pour laquelle les partisans de la ligne dure ont pris le contr\u00f4le du parlement en 2020 et de la pr\u00e9sidence en 2021 \u00e9tait en partie due \u00e0 la d\u00e9sillusion du peuple quant \u00e0 la possibilit\u00e9 d&#8217;une r\u00e9forme apr\u00e8s huit ans de pr\u00e9sidence mod\u00e9r\u00e9e. La majorit\u00e9 n&#8217;est tout simplement pas all\u00e9e voter, donnant ainsi la victoire aux partisans de la ligne dure.<\/p>\n\n\n\n<p>Selon M. Heshmati, l&#8217;action politique qui aurait d\u00fb avoir lieu pendant les \u00e9lections s&#8217;est propag\u00e9e dans les rues, o\u00f9 des militants ayant peu ou pas d&#8217;exp\u00e9rience politique ont pris les r\u00eanes du mouvement. Aujourd&#8217;hui, ils sont rentr\u00e9s chez eux, \u00e9puis\u00e9s et meurtris. Le gouvernement iranien refuse cat\u00e9goriquement de r\u00e9pondre \u00e0 leurs revendications.<\/p>\n\n\n\n<p>Par cons\u00e9quent, l\u2019Iran se trouve dans une situation politique toxique, et le gouvernement a perdu sa capacit\u00e9 \u00e0 g\u00e9rer la crise \u00e9conomique en raison de l&#8217;impact des protestations et des rivalit\u00e9s qui d\u00e9chirent la sph\u00e8re politique.<\/p>\n\n\n\n<p>Pour une \u00e9ventuelle sortie de crise, Davoud Heshmati a sugg\u00e9r\u00e9 que le r\u00e9gime r\u00e9tablisse la confiance du peuple dans le syst\u00e8me politique en accordant de l&#8217;importance aux urnes lors des \u00e9lections l\u00e9gislatives de 2024, et en encourageant tout le monde \u00e0 participer en permettant l\u2019action des partis politiques.<\/p>\n","protected":false},"excerpt":{"rendered":"<p>Selon un article r\u00e9dig\u00e9 par le journaliste iranien Davoud Heshmati pour Shargh, m\u00eame si le soul\u00e8vement populaire n\u2019avait jamais eu lieu en Iran, le gouvernement du pr\u00e9sident rigoriste Ebrahim Raissi n\u2019en serait pas moins embourb\u00e9 dans une crise grave. M. Heshmati pense que le pr\u00e9sident Raissi s&#8217;est montr\u00e9 trop optimiste \u00e0 l&#8217;\u00e9gard de la coalition<\/p>\n","protected":false},"author":5,"featured_media":7334,"comment_status":"open","ping_status":"open","sticky":false,"template":"","format":"standard","meta":{"footnotes":""},"categories":[25],"tags":[],"class_list":{"0":"post-7333","1":"post","2":"type-post","3":"status-publish","4":"format-standard","5":"has-post-thumbnail","7":"category-iran"},"yoast_head":"<!-- This site is optimized with the Yoast SEO plugin v27.4 - https:\/\/yoast.com\/product\/yoast-seo-wordpress\/ -->\n<title>Les manifestations en Iran n\u2019ont rien ajout\u00e9 \u00e0 la crise du gouvernement, selon un journaliste iranien - Les Rapports Quotidiens<\/title>\n<meta name=\"robots\" content=\"index, follow, max-snippet:-1, max-image-preview:large, max-video-preview:-1\" \/>\n<link rel=\"canonical\" href=\"https:\/\/thedailyreports.com\/fr\/2023\/03\/25\/les-manifestations-en-iran-nont-rien-ajoute-a-la-crise-du-gouvernement-selon-un-journaliste-iranien\/\" \/>\n<meta property=\"og:locale\" content=\"en_US\" \/>\n<meta property=\"og:type\" content=\"article\" \/>\n<meta property=\"og:title\" content=\"Les manifestations en Iran n\u2019ont rien ajout\u00e9 \u00e0 la crise du gouvernement, selon un journaliste iranien - Les Rapports Quotidiens\" \/>\n<meta property=\"og:description\" content=\"Selon un article r\u00e9dig\u00e9 par le journaliste iranien Davoud Heshmati pour Shargh, m\u00eame si le soul\u00e8vement populaire n\u2019avait jamais eu lieu en Iran, le gouvernement du pr\u00e9sident rigoriste Ebrahim Raissi n\u2019en serait pas moins embourb\u00e9 dans une crise grave. M. Heshmati pense que le pr\u00e9sident Raissi s&#8217;est montr\u00e9 trop optimiste \u00e0 l&#8217;\u00e9gard de la coalition\" \/>\n<meta property=\"og:url\" content=\"https:\/\/thedailyreports.com\/fr\/2023\/03\/25\/les-manifestations-en-iran-nont-rien-ajoute-a-la-crise-du-gouvernement-selon-un-journaliste-iranien\/\" \/>\n<meta property=\"og:site_name\" content=\"Les Rapports Quotidiens\" \/>\n<meta property=\"article:published_time\" content=\"2023-03-25T20:14:39+00:00\" \/>\n<meta property=\"article:modified_time\" content=\"2023-03-25T20:14:40+00:00\" \/>\n<meta property=\"og:image\" content=\"https:\/\/thedailyreports.com\/fr\/wp-content\/uploads\/2023\/03\/295ffd37-4971-4c47-9b09-4b828c98bcdf.jpg?v=1681241825\" \/>\n\t<meta property=\"og:image:width\" content=\"2400\" \/>\n\t<meta property=\"og:image:height\" content=\"1350\" \/>\n\t<meta property=\"og:image:type\" content=\"image\/jpeg\" \/>\n<meta name=\"author\" content=\"The Daily Reports\" \/>\n<meta name=\"twitter:card\" content=\"summary_large_image\" \/>\n<meta name=\"twitter:label1\" content=\"Written by\" \/>\n\t<meta name=\"twitter:data1\" content=\"The Daily Reports\" \/>\n\t<meta name=\"twitter:label2\" content=\"Est. reading time\" \/>\n\t<meta name=\"twitter:data2\" content=\"3 minutes\" \/>\n<script type=\"application\/ld+json\" class=\"yoast-schema-graph\">{\"@context\":\"https:\\\/\\\/schema.org\",\"@graph\":[{\"@type\":\"Article\",\"@id\":\"https:\\\/\\\/thedailyreports.com\\\/fr\\\/2023\\\/03\\\/25\\\/les-manifestations-en-iran-nont-rien-ajoute-a-la-crise-du-gouvernement-selon-un-journaliste-iranien\\\/#article\",\"isPartOf\":{\"@id\":\"https:\\\/\\\/thedailyreports.com\\\/fr\\\/2023\\\/03\\\/25\\\/les-manifestations-en-iran-nont-rien-ajoute-a-la-crise-du-gouvernement-selon-un-journaliste-iranien\\\/\"},\"author\":{\"name\":\"The Daily Reports\",\"@id\":\"https:\\\/\\\/thedailyreports.com\\\/fr\\\/#\\\/schema\\\/person\\\/b00df16edad26ba8db109fb28c806a2a\"},\"headline\":\"Les manifestations en Iran n\u2019ont rien ajout\u00e9 \u00e0 la crise du gouvernement, selon un journaliste iranien\",\"datePublished\":\"2023-03-25T20:14:39+00:00\",\"dateModified\":\"2023-03-25T20:14:40+00:00\",\"mainEntityOfPage\":{\"@id\":\"https:\\\/\\\/thedailyreports.com\\\/fr\\\/2023\\\/03\\\/25\\\/les-manifestations-en-iran-nont-rien-ajoute-a-la-crise-du-gouvernement-selon-un-journaliste-iranien\\\/\"},\"wordCount\":597,\"commentCount\":0,\"image\":{\"@id\":\"https:\\\/\\\/thedailyreports.com\\\/fr\\\/2023\\\/03\\\/25\\\/les-manifestations-en-iran-nont-rien-ajoute-a-la-crise-du-gouvernement-selon-un-journaliste-iranien\\\/#primaryimage\"},\"thumbnailUrl\":\"https:\\\/\\\/thedailyreports.com\\\/fr\\\/wp-content\\\/uploads\\\/2023\\\/03\\\/295ffd37-4971-4c47-9b09-4b828c98bcdf.jpg\",\"articleSection\":[\"Iran\"],\"inLanguage\":\"en-US\",\"potentialAction\":[{\"@type\":\"CommentAction\",\"name\":\"Comment\",\"target\":[\"https:\\\/\\\/thedailyreports.com\\\/fr\\\/2023\\\/03\\\/25\\\/les-manifestations-en-iran-nont-rien-ajoute-a-la-crise-du-gouvernement-selon-un-journaliste-iranien\\\/#respond\"]}]},{\"@type\":\"WebPage\",\"@id\":\"https:\\\/\\\/thedailyreports.com\\\/fr\\\/2023\\\/03\\\/25\\\/les-manifestations-en-iran-nont-rien-ajoute-a-la-crise-du-gouvernement-selon-un-journaliste-iranien\\\/\",\"url\":\"https:\\\/\\\/thedailyreports.com\\\/fr\\\/2023\\\/03\\\/25\\\/les-manifestations-en-iran-nont-rien-ajoute-a-la-crise-du-gouvernement-selon-un-journaliste-iranien\\\/\",\"name\":\"Les manifestations en Iran n\u2019ont rien ajout\u00e9 \u00e0 la crise du gouvernement, selon un journaliste iranien - Les Rapports Quotidiens\",\"isPartOf\":{\"@id\":\"https:\\\/\\\/thedailyreports.com\\\/fr\\\/#website\"},\"primaryImageOfPage\":{\"@id\":\"https:\\\/\\\/thedailyreports.com\\\/fr\\\/2023\\\/03\\\/25\\\/les-manifestations-en-iran-nont-rien-ajoute-a-la-crise-du-gouvernement-selon-un-journaliste-iranien\\\/#primaryimage\"},\"image\":{\"@id\":\"https:\\\/\\\/thedailyreports.com\\\/fr\\\/2023\\\/03\\\/25\\\/les-manifestations-en-iran-nont-rien-ajoute-a-la-crise-du-gouvernement-selon-un-journaliste-iranien\\\/#primaryimage\"},\"thumbnailUrl\":\"https:\\\/\\\/thedailyreports.com\\\/fr\\\/wp-content\\\/uploads\\\/2023\\\/03\\\/295ffd37-4971-4c47-9b09-4b828c98bcdf.jpg\",\"datePublished\":\"2023-03-25T20:14:39+00:00\",\"dateModified\":\"2023-03-25T20:14:40+00:00\",\"author\":{\"@id\":\"https:\\\/\\\/thedailyreports.com\\\/fr\\\/#\\\/schema\\\/person\\\/b00df16edad26ba8db109fb28c806a2a\"},\"breadcrumb\":{\"@id\":\"https:\\\/\\\/thedailyreports.com\\\/fr\\\/2023\\\/03\\\/25\\\/les-manifestations-en-iran-nont-rien-ajoute-a-la-crise-du-gouvernement-selon-un-journaliste-iranien\\\/#breadcrumb\"},\"inLanguage\":\"en-US\",\"potentialAction\":[{\"@type\":\"ReadAction\",\"target\":[\"https:\\\/\\\/thedailyreports.com\\\/fr\\\/2023\\\/03\\\/25\\\/les-manifestations-en-iran-nont-rien-ajoute-a-la-crise-du-gouvernement-selon-un-journaliste-iranien\\\/\"]}]},{\"@type\":\"ImageObject\",\"inLanguage\":\"en-US\",\"@id\":\"https:\\\/\\\/thedailyreports.com\\\/fr\\\/2023\\\/03\\\/25\\\/les-manifestations-en-iran-nont-rien-ajoute-a-la-crise-du-gouvernement-selon-un-journaliste-iranien\\\/#primaryimage\",\"url\":\"https:\\\/\\\/thedailyreports.com\\\/fr\\\/wp-content\\\/uploads\\\/2023\\\/03\\\/295ffd37-4971-4c47-9b09-4b828c98bcdf.jpg\",\"contentUrl\":\"https:\\\/\\\/thedailyreports.com\\\/fr\\\/wp-content\\\/uploads\\\/2023\\\/03\\\/295ffd37-4971-4c47-9b09-4b828c98bcdf.jpg\",\"width\":2400,\"height\":1350},{\"@type\":\"BreadcrumbList\",\"@id\":\"https:\\\/\\\/thedailyreports.com\\\/fr\\\/2023\\\/03\\\/25\\\/les-manifestations-en-iran-nont-rien-ajoute-a-la-crise-du-gouvernement-selon-un-journaliste-iranien\\\/#breadcrumb\",\"itemListElement\":[{\"@type\":\"ListItem\",\"position\":1,\"name\":\"Home\",\"item\":\"https:\\\/\\\/thedailyreports.com\\\/fr\\\/\"},{\"@type\":\"ListItem\",\"position\":2,\"name\":\"Les manifestations en Iran n\u2019ont rien ajout\u00e9 \u00e0 la crise du gouvernement, selon un journaliste iranien\"}]},{\"@type\":\"WebSite\",\"@id\":\"https:\\\/\\\/thedailyreports.com\\\/fr\\\/#website\",\"url\":\"https:\\\/\\\/thedailyreports.com\\\/fr\\\/\",\"name\":\"Les Rapports Quotidiens\",\"description\":\"Toute la v\u00e9rit\u00e9, rien que la v\u00e9rit\u00e9\",\"potentialAction\":[{\"@type\":\"SearchAction\",\"target\":{\"@type\":\"EntryPoint\",\"urlTemplate\":\"https:\\\/\\\/thedailyreports.com\\\/fr\\\/?s={search_term_string}\"},\"query-input\":{\"@type\":\"PropertyValueSpecification\",\"valueRequired\":true,\"valueName\":\"search_term_string\"}}],\"inLanguage\":\"en-US\"},{\"@type\":\"Person\",\"@id\":\"https:\\\/\\\/thedailyreports.com\\\/fr\\\/#\\\/schema\\\/person\\\/b00df16edad26ba8db109fb28c806a2a\",\"name\":\"The Daily Reports\",\"image\":{\"@type\":\"ImageObject\",\"inLanguage\":\"en-US\",\"@id\":\"https:\\\/\\\/secure.gravatar.com\\\/avatar\\\/302a03d420eae20396406f37e0504a570385b6e8478a3733ea8ee684acee8497?s=96&d=mm&r=g\",\"url\":\"https:\\\/\\\/secure.gravatar.com\\\/avatar\\\/302a03d420eae20396406f37e0504a570385b6e8478a3733ea8ee684acee8497?s=96&d=mm&r=g\",\"contentUrl\":\"https:\\\/\\\/secure.gravatar.com\\\/avatar\\\/302a03d420eae20396406f37e0504a570385b6e8478a3733ea8ee684acee8497?s=96&d=mm&r=g\",\"caption\":\"The Daily Reports\"},\"sameAs\":[\"https:\\\/\\\/thedailyreports.com\\\/fr\"],\"url\":\"https:\\\/\\\/thedailyreports.com\\\/fr\\\/author\\\/haythem\\\/\"}]}<\/script>\n<!-- \/ Yoast SEO plugin. -->","yoast_head_json":{"title":"Les manifestations en Iran n\u2019ont rien ajout\u00e9 \u00e0 la crise du gouvernement, selon un journaliste iranien - Les Rapports Quotidiens","robots":{"index":"index","follow":"follow","max-snippet":"max-snippet:-1","max-image-preview":"max-image-preview:large","max-video-preview":"max-video-preview:-1"},"canonical":"https:\/\/thedailyreports.com\/fr\/2023\/03\/25\/les-manifestations-en-iran-nont-rien-ajoute-a-la-crise-du-gouvernement-selon-un-journaliste-iranien\/","og_locale":"en_US","og_type":"article","og_title":"Les manifestations en Iran n\u2019ont rien ajout\u00e9 \u00e0 la crise du gouvernement, selon un journaliste iranien - Les Rapports Quotidiens","og_description":"Selon un article r\u00e9dig\u00e9 par le journaliste iranien Davoud Heshmati pour Shargh, m\u00eame si le soul\u00e8vement populaire n\u2019avait jamais eu lieu en Iran, le gouvernement du pr\u00e9sident rigoriste Ebrahim Raissi n\u2019en serait pas moins embourb\u00e9 dans une crise grave. M. Heshmati pense que le pr\u00e9sident Raissi s&#8217;est montr\u00e9 trop optimiste \u00e0 l&#8217;\u00e9gard de la coalition","og_url":"https:\/\/thedailyreports.com\/fr\/2023\/03\/25\/les-manifestations-en-iran-nont-rien-ajoute-a-la-crise-du-gouvernement-selon-un-journaliste-iranien\/","og_site_name":"Les Rapports Quotidiens","article_published_time":"2023-03-25T20:14:39+00:00","article_modified_time":"2023-03-25T20:14:40+00:00","og_image":[{"width":2400,"height":1350,"url":"https:\/\/thedailyreports.com\/fr\/wp-content\/uploads\/2023\/03\/295ffd37-4971-4c47-9b09-4b828c98bcdf.jpg?v=1681241825","type":"image\/jpeg"}],"author":"The Daily Reports","twitter_card":"summary_large_image","twitter_misc":{"Written by":"The Daily Reports","Est. reading time":"3 minutes"},"schema":{"@context":"https:\/\/schema.org","@graph":[{"@type":"Article","@id":"https:\/\/thedailyreports.com\/fr\/2023\/03\/25\/les-manifestations-en-iran-nont-rien-ajoute-a-la-crise-du-gouvernement-selon-un-journaliste-iranien\/#article","isPartOf":{"@id":"https:\/\/thedailyreports.com\/fr\/2023\/03\/25\/les-manifestations-en-iran-nont-rien-ajoute-a-la-crise-du-gouvernement-selon-un-journaliste-iranien\/"},"author":{"name":"The Daily Reports","@id":"https:\/\/thedailyreports.com\/fr\/#\/schema\/person\/b00df16edad26ba8db109fb28c806a2a"},"headline":"Les manifestations en Iran n\u2019ont rien ajout\u00e9 \u00e0 la crise du gouvernement, selon un journaliste iranien","datePublished":"2023-03-25T20:14:39+00:00","dateModified":"2023-03-25T20:14:40+00:00","mainEntityOfPage":{"@id":"https:\/\/thedailyreports.com\/fr\/2023\/03\/25\/les-manifestations-en-iran-nont-rien-ajoute-a-la-crise-du-gouvernement-selon-un-journaliste-iranien\/"},"wordCount":597,"commentCount":0,"image":{"@id":"https:\/\/thedailyreports.com\/fr\/2023\/03\/25\/les-manifestations-en-iran-nont-rien-ajoute-a-la-crise-du-gouvernement-selon-un-journaliste-iranien\/#primaryimage"},"thumbnailUrl":"https:\/\/thedailyreports.com\/fr\/wp-content\/uploads\/2023\/03\/295ffd37-4971-4c47-9b09-4b828c98bcdf.jpg","articleSection":["Iran"],"inLanguage":"en-US","potentialAction":[{"@type":"CommentAction","name":"Comment","target":["https:\/\/thedailyreports.com\/fr\/2023\/03\/25\/les-manifestations-en-iran-nont-rien-ajoute-a-la-crise-du-gouvernement-selon-un-journaliste-iranien\/#respond"]}]},{"@type":"WebPage","@id":"https:\/\/thedailyreports.com\/fr\/2023\/03\/25\/les-manifestations-en-iran-nont-rien-ajoute-a-la-crise-du-gouvernement-selon-un-journaliste-iranien\/","url":"https:\/\/thedailyreports.com\/fr\/2023\/03\/25\/les-manifestations-en-iran-nont-rien-ajoute-a-la-crise-du-gouvernement-selon-un-journaliste-iranien\/","name":"Les manifestations en Iran n\u2019ont rien ajout\u00e9 \u00e0 la crise du gouvernement, selon un journaliste iranien - Les Rapports Quotidiens","isPartOf":{"@id":"https:\/\/thedailyreports.com\/fr\/#website"},"primaryImageOfPage":{"@id":"https:\/\/thedailyreports.com\/fr\/2023\/03\/25\/les-manifestations-en-iran-nont-rien-ajoute-a-la-crise-du-gouvernement-selon-un-journaliste-iranien\/#primaryimage"},"image":{"@id":"https:\/\/thedailyreports.com\/fr\/2023\/03\/25\/les-manifestations-en-iran-nont-rien-ajoute-a-la-crise-du-gouvernement-selon-un-journaliste-iranien\/#primaryimage"},"thumbnailUrl":"https:\/\/thedailyreports.com\/fr\/wp-content\/uploads\/2023\/03\/295ffd37-4971-4c47-9b09-4b828c98bcdf.jpg","datePublished":"2023-03-25T20:14:39+00:00","dateModified":"2023-03-25T20:14:40+00:00","author":{"@id":"https:\/\/thedailyreports.com\/fr\/#\/schema\/person\/b00df16edad26ba8db109fb28c806a2a"},"breadcrumb":{"@id":"https:\/\/thedailyreports.com\/fr\/2023\/03\/25\/les-manifestations-en-iran-nont-rien-ajoute-a-la-crise-du-gouvernement-selon-un-journaliste-iranien\/#breadcrumb"},"inLanguage":"en-US","potentialAction":[{"@type":"ReadAction","target":["https:\/\/thedailyreports.com\/fr\/2023\/03\/25\/les-manifestations-en-iran-nont-rien-ajoute-a-la-crise-du-gouvernement-selon-un-journaliste-iranien\/"]}]},{"@type":"ImageObject","inLanguage":"en-US","@id":"https:\/\/thedailyreports.com\/fr\/2023\/03\/25\/les-manifestations-en-iran-nont-rien-ajoute-a-la-crise-du-gouvernement-selon-un-journaliste-iranien\/#primaryimage","url":"https:\/\/thedailyreports.com\/fr\/wp-content\/uploads\/2023\/03\/295ffd37-4971-4c47-9b09-4b828c98bcdf.jpg","contentUrl":"https:\/\/thedailyreports.com\/fr\/wp-content\/uploads\/2023\/03\/295ffd37-4971-4c47-9b09-4b828c98bcdf.jpg","width":2400,"height":1350},{"@type":"BreadcrumbList","@id":"https:\/\/thedailyreports.com\/fr\/2023\/03\/25\/les-manifestations-en-iran-nont-rien-ajoute-a-la-crise-du-gouvernement-selon-un-journaliste-iranien\/#breadcrumb","itemListElement":[{"@type":"ListItem","position":1,"name":"Home","item":"https:\/\/thedailyreports.com\/fr\/"},{"@type":"ListItem","position":2,"name":"Les manifestations en Iran n\u2019ont rien ajout\u00e9 \u00e0 la crise du gouvernement, selon un journaliste iranien"}]},{"@type":"WebSite","@id":"https:\/\/thedailyreports.com\/fr\/#website","url":"https:\/\/thedailyreports.com\/fr\/","name":"Les Rapports Quotidiens","description":"Toute la v\u00e9rit\u00e9, rien que la v\u00e9rit\u00e9","potentialAction":[{"@type":"SearchAction","target":{"@type":"EntryPoint","urlTemplate":"https:\/\/thedailyreports.com\/fr\/?s={search_term_string}"},"query-input":{"@type":"PropertyValueSpecification","valueRequired":true,"valueName":"search_term_string"}}],"inLanguage":"en-US"},{"@type":"Person","@id":"https:\/\/thedailyreports.com\/fr\/#\/schema\/person\/b00df16edad26ba8db109fb28c806a2a","name":"The Daily Reports","image":{"@type":"ImageObject","inLanguage":"en-US","@id":"https:\/\/secure.gravatar.com\/avatar\/302a03d420eae20396406f37e0504a570385b6e8478a3733ea8ee684acee8497?s=96&d=mm&r=g","url":"https:\/\/secure.gravatar.com\/avatar\/302a03d420eae20396406f37e0504a570385b6e8478a3733ea8ee684acee8497?s=96&d=mm&r=g","contentUrl":"https:\/\/secure.gravatar.com\/avatar\/302a03d420eae20396406f37e0504a570385b6e8478a3733ea8ee684acee8497?s=96&d=mm&r=g","caption":"The Daily Reports"},"sameAs":["https:\/\/thedailyreports.com\/fr"],"url":"https:\/\/thedailyreports.com\/fr\/author\/haythem\/"}]}},"_links":{"self":[{"href":"https:\/\/thedailyreports.com\/fr\/wp-json\/wp\/v2\/posts\/7333","targetHints":{"allow":["GET"]}}],"collection":[{"href":"https:\/\/thedailyreports.com\/fr\/wp-json\/wp\/v2\/posts"}],"about":[{"href":"https:\/\/thedailyreports.com\/fr\/wp-json\/wp\/v2\/types\/post"}],"author":[{"embeddable":true,"href":"https:\/\/thedailyreports.com\/fr\/wp-json\/wp\/v2\/users\/5"}],"replies":[{"embeddable":true,"href":"https:\/\/thedailyreports.com\/fr\/wp-json\/wp\/v2\/comments?post=7333"}],"version-history":[{"count":1,"href":"https:\/\/thedailyreports.com\/fr\/wp-json\/wp\/v2\/posts\/7333\/revisions"}],"predecessor-version":[{"id":7335,"href":"https:\/\/thedailyreports.com\/fr\/wp-json\/wp\/v2\/posts\/7333\/revisions\/7335"}],"wp:featuredmedia":[{"embeddable":true,"href":"https:\/\/thedailyreports.com\/fr\/wp-json\/wp\/v2\/media\/7334"}],"wp:attachment":[{"href":"https:\/\/thedailyreports.com\/fr\/wp-json\/wp\/v2\/media?parent=7333"}],"wp:term":[{"taxonomy":"category","embeddable":true,"href":"https:\/\/thedailyreports.com\/fr\/wp-json\/wp\/v2\/categories?post=7333"},{"taxonomy":"post_tag","embeddable":true,"href":"https:\/\/thedailyreports.com\/fr\/wp-json\/wp\/v2\/tags?post=7333"}],"curies":[{"name":"wp","href":"https:\/\/api.w.org\/{rel}","templated":true}]}}