{"id":7281,"date":"2023-03-10T15:10:23","date_gmt":"2023-03-10T14:10:23","guid":{"rendered":"https:\/\/thedailyreports.com\/fr\/?p=7281"},"modified":"2023-03-10T15:10:25","modified_gmt":"2023-03-10T14:10:25","slug":"retablissement-des-relations-diplomatiques-entre-larabie-saoudite-et-liran","status":"publish","type":"post","link":"https:\/\/thedailyreports.com\/fr\/2023\/03\/10\/retablissement-des-relations-diplomatiques-entre-larabie-saoudite-et-liran\/","title":{"rendered":"<strong>R\u00e9tablissement des relations diplomatiques entre L&#8217;Arabie saoudite et l&#8217;Iran<\/strong>"},"content":{"rendered":"\n<p>A l\u2019issue d\u2019une s\u00e9rie d\u2019entretiens entre les d\u00e9l\u00e9gations iranienne et saoudienne \u00e0 P\u00e9kin, les deux pays ont annonc\u00e9 aujourd&#8217;hui, vendredi 10 mars, un accord visant \u00e0 relancer leurs relations diplomatiques et \u00e0 rouvrir leurs ambassades respectives dans un d\u00e9lai de deux mois.<\/p>\n\n\n\n<p>Une d\u00e9claration tripartite conjointe de l&#8217;Arabie saoudite, de l&#8217;Iran et de la Chine a pr\u00e9cis\u00e9 que les deux parties ont confirm\u00e9 le respect de la souverainet\u00e9 des \u00c9tats et le principe de la non-ing\u00e9rence dans leurs affaires internes.<\/p>\n\n\n\n<p>Les ministres des Affaires \u00e9trang\u00e8res des deux pays tiendront une r\u00e9union pour lancer l&#8217;accord, mettre en place l&#8217;\u00e9change des ambassadeurs et discuter des moyens de renforcer leurs relations.<\/p>\n\n\n\n<p>Voici le texte de la d\u00e9claration :<\/p>\n\n\n\n<p>&#8220;En r\u00e9ponse \u00e0 une initiative du pr\u00e9sident chinois Xi Jinping avec le soutien de P\u00e9kin, visant \u00e0 d\u00e9velopper des relations de bon voisinage entre l&#8217;Arabie saoudite et l&#8217;Iran, et sur la base de l&#8217;accord conclu entre le pr\u00e9sident Xi Jinping et les deux dirigeants de l&#8217;Arabie saoudite et de l&#8217;Iran, pr\u00e9voyant que La Chine accueille et parraine les pourparlers entre l&#8217;Arabie saoudite et l&#8217;Iran, partant de leur volont\u00e9 de r\u00e9soudre les diff\u00e9rends entre eux \u00e0 travers le dialogue et la diplomatie dans le cadre des liens fraternels qui les unissent, et dans le respect des principes et des objectifs de la Charte des Nations Unies et de l&#8217;Organisation de la coop\u00e9ration islamique, et des conventions et normes internationales, du 6 au 10 mars 2023 \u00e0 P\u00e9kin, des discussions ont eu lieu entre les d\u00e9l\u00e9gations de l&#8217;Arabie saoudite et de l&#8217;Iran, dirig\u00e9es par le Dr Musaed ben Mohammed Al-Aiban, ministre d&#8217;\u00c9tat, Membre du Conseil des ministres et conseiller saoudien \u00e0 la s\u00e9curit\u00e9 nationale, et l\u2019Amiral Ali Shamkhani, secr\u00e9taire du Conseil supr\u00eame iranien de la s\u00e9curit\u00e9 nationale.<\/p>\n\n\n\n<p>Les parties saoudienne et iranienne ont exprim\u00e9 leur appr\u00e9ciation et leurs remerciements \u00e0 l&#8217;Irak et au Sultanat d&#8217;Oman pour avoir accueilli les cycles de dialogue qui ont eu lieu entre les deux parties au cours des ann\u00e9es 2021 et 2022. Les deux parties ont \u00e9galement exprim\u00e9 leur appr\u00e9ciation et leurs remerciements aux dirigeants et au gouvernement chinois pour avoir accueilli et parrain\u00e9 les pourparlers et pour ses efforts pour en faire un succ\u00e8s.<\/p>\n\n\n\n<p>Les trois pays ont annonc\u00e9 que l&#8217;Arabie saoudite et l&#8217;Iran sont parvenus \u00e0 un agr\u00e9ment qui comprend l&#8217;accord destin\u00e9 \u00e0 la relance de leurs relations diplomatiques, \u00e0 la r\u00e9ouverture de leurs ambassades et repr\u00e9sentations dans un d\u00e9lai maximum de deux mois, dans le respect de la souverainet\u00e9 des \u00c9tats avec la garantie de non-ing\u00e9rence dans leurs affaires int\u00e9rieures. Il a \u00e9t\u00e9 convenu que les ministres des affaires \u00e9trang\u00e8res des deux pays tiennent une r\u00e9union pour l&#8217;activer. Ils ont \u00e9galement convenu d&#8217;activer leur accord de coop\u00e9ration en mati\u00e8re de s\u00e9curit\u00e9 sign\u00e9 le 17 avril 2001, et l&#8217;accord g\u00e9n\u00e9ral de coop\u00e9ration dans les domaines de l&#8217;\u00e9conomie, du commerce, de l&#8217;investissement, de la technologie, de la science, de la culture, des sports et de la jeunesse, sign\u00e9 le 27 mai 1998.<\/p>\n\n\n\n<p>Chacune des trois parties a exprim\u00e9 sa volont\u00e9 de tout mettre en \u0153uvre dans l\u2019objectif de renforcer la paix et la s\u00e9curit\u00e9 r\u00e9gionales et internationales.<\/p>\n","protected":false},"excerpt":{"rendered":"<p>A l\u2019issue d\u2019une s\u00e9rie d\u2019entretiens entre les d\u00e9l\u00e9gations iranienne et saoudienne \u00e0 P\u00e9kin, les deux pays ont annonc\u00e9 aujourd&#8217;hui, vendredi 10 mars, un accord visant \u00e0 relancer leurs relations diplomatiques et \u00e0 rouvrir leurs ambassades respectives dans un d\u00e9lai de deux mois. Une d\u00e9claration tripartite conjointe de l&#8217;Arabie saoudite, de l&#8217;Iran et de la Chine<\/p>\n","protected":false},"author":5,"featured_media":7282,"comment_status":"open","ping_status":"open","sticky":false,"template":"","format":"standard","meta":{"footnotes":""},"categories":[25],"tags":[],"class_list":{"0":"post-7281","1":"post","2":"type-post","3":"status-publish","4":"format-standard","5":"has-post-thumbnail","7":"category-iran"},"yoast_head":"<!-- This site is optimized with the Yoast SEO plugin v27.4 - https:\/\/yoast.com\/product\/yoast-seo-wordpress\/ -->\n<title>R\u00e9tablissement des relations diplomatiques entre L&#039;Arabie saoudite et l&#039;Iran - Les Rapports Quotidiens<\/title>\n<meta name=\"robots\" content=\"index, follow, max-snippet:-1, max-image-preview:large, max-video-preview:-1\" \/>\n<link rel=\"canonical\" href=\"https:\/\/thedailyreports.com\/fr\/2023\/03\/10\/retablissement-des-relations-diplomatiques-entre-larabie-saoudite-et-liran\/\" \/>\n<meta property=\"og:locale\" content=\"en_US\" \/>\n<meta property=\"og:type\" content=\"article\" \/>\n<meta property=\"og:title\" content=\"R\u00e9tablissement des relations diplomatiques entre L&#039;Arabie saoudite et l&#039;Iran - Les Rapports Quotidiens\" \/>\n<meta property=\"og:description\" content=\"A l\u2019issue d\u2019une s\u00e9rie d\u2019entretiens entre les d\u00e9l\u00e9gations iranienne et saoudienne \u00e0 P\u00e9kin, les deux pays ont annonc\u00e9 aujourd&#8217;hui, vendredi 10 mars, un accord visant \u00e0 relancer leurs relations diplomatiques et \u00e0 rouvrir leurs ambassades respectives dans un d\u00e9lai de deux mois. Une d\u00e9claration tripartite conjointe de l&#8217;Arabie saoudite, de l&#8217;Iran et de la Chine\" \/>\n<meta property=\"og:url\" content=\"https:\/\/thedailyreports.com\/fr\/2023\/03\/10\/retablissement-des-relations-diplomatiques-entre-larabie-saoudite-et-liran\/\" \/>\n<meta property=\"og:site_name\" content=\"Les Rapports Quotidiens\" \/>\n<meta property=\"article:published_time\" content=\"2023-03-10T14:10:23+00:00\" \/>\n<meta property=\"article:modified_time\" content=\"2023-03-10T14:10:25+00:00\" \/>\n<meta property=\"og:image\" content=\"https:\/\/thedailyreports.com\/fr\/wp-content\/uploads\/2023\/03\/telechargement.jpg\" \/>\n\t<meta property=\"og:image:width\" content=\"288\" \/>\n\t<meta property=\"og:image:height\" content=\"175\" \/>\n\t<meta property=\"og:image:type\" content=\"image\/jpeg\" \/>\n<meta name=\"author\" content=\"The Daily Reports\" \/>\n<meta name=\"twitter:card\" content=\"summary_large_image\" \/>\n<meta name=\"twitter:label1\" content=\"Written by\" \/>\n\t<meta name=\"twitter:data1\" content=\"The Daily Reports\" \/>\n\t<meta name=\"twitter:label2\" content=\"Est. reading time\" \/>\n\t<meta name=\"twitter:data2\" content=\"3 minutes\" \/>\n<script type=\"application\/ld+json\" class=\"yoast-schema-graph\">{\"@context\":\"https:\\\/\\\/schema.org\",\"@graph\":[{\"@type\":\"Article\",\"@id\":\"https:\\\/\\\/thedailyreports.com\\\/fr\\\/2023\\\/03\\\/10\\\/retablissement-des-relations-diplomatiques-entre-larabie-saoudite-et-liran\\\/#article\",\"isPartOf\":{\"@id\":\"https:\\\/\\\/thedailyreports.com\\\/fr\\\/2023\\\/03\\\/10\\\/retablissement-des-relations-diplomatiques-entre-larabie-saoudite-et-liran\\\/\"},\"author\":{\"name\":\"The Daily Reports\",\"@id\":\"https:\\\/\\\/thedailyreports.com\\\/fr\\\/#\\\/schema\\\/person\\\/b00df16edad26ba8db109fb28c806a2a\"},\"headline\":\"R\u00e9tablissement des relations diplomatiques entre L&#8217;Arabie saoudite et l&#8217;Iran\",\"datePublished\":\"2023-03-10T14:10:23+00:00\",\"dateModified\":\"2023-03-10T14:10:25+00:00\",\"mainEntityOfPage\":{\"@id\":\"https:\\\/\\\/thedailyreports.com\\\/fr\\\/2023\\\/03\\\/10\\\/retablissement-des-relations-diplomatiques-entre-larabie-saoudite-et-liran\\\/\"},\"wordCount\":584,\"commentCount\":0,\"image\":{\"@id\":\"https:\\\/\\\/thedailyreports.com\\\/fr\\\/2023\\\/03\\\/10\\\/retablissement-des-relations-diplomatiques-entre-larabie-saoudite-et-liran\\\/#primaryimage\"},\"thumbnailUrl\":\"https:\\\/\\\/thedailyreports.com\\\/fr\\\/wp-content\\\/uploads\\\/2023\\\/03\\\/telechargement.jpg\",\"articleSection\":[\"Iran\"],\"inLanguage\":\"en-US\",\"potentialAction\":[{\"@type\":\"CommentAction\",\"name\":\"Comment\",\"target\":[\"https:\\\/\\\/thedailyreports.com\\\/fr\\\/2023\\\/03\\\/10\\\/retablissement-des-relations-diplomatiques-entre-larabie-saoudite-et-liran\\\/#respond\"]}]},{\"@type\":\"WebPage\",\"@id\":\"https:\\\/\\\/thedailyreports.com\\\/fr\\\/2023\\\/03\\\/10\\\/retablissement-des-relations-diplomatiques-entre-larabie-saoudite-et-liran\\\/\",\"url\":\"https:\\\/\\\/thedailyreports.com\\\/fr\\\/2023\\\/03\\\/10\\\/retablissement-des-relations-diplomatiques-entre-larabie-saoudite-et-liran\\\/\",\"name\":\"R\u00e9tablissement des relations diplomatiques entre L'Arabie saoudite et l'Iran - Les Rapports Quotidiens\",\"isPartOf\":{\"@id\":\"https:\\\/\\\/thedailyreports.com\\\/fr\\\/#website\"},\"primaryImageOfPage\":{\"@id\":\"https:\\\/\\\/thedailyreports.com\\\/fr\\\/2023\\\/03\\\/10\\\/retablissement-des-relations-diplomatiques-entre-larabie-saoudite-et-liran\\\/#primaryimage\"},\"image\":{\"@id\":\"https:\\\/\\\/thedailyreports.com\\\/fr\\\/2023\\\/03\\\/10\\\/retablissement-des-relations-diplomatiques-entre-larabie-saoudite-et-liran\\\/#primaryimage\"},\"thumbnailUrl\":\"https:\\\/\\\/thedailyreports.com\\\/fr\\\/wp-content\\\/uploads\\\/2023\\\/03\\\/telechargement.jpg\",\"datePublished\":\"2023-03-10T14:10:23+00:00\",\"dateModified\":\"2023-03-10T14:10:25+00:00\",\"author\":{\"@id\":\"https:\\\/\\\/thedailyreports.com\\\/fr\\\/#\\\/schema\\\/person\\\/b00df16edad26ba8db109fb28c806a2a\"},\"breadcrumb\":{\"@id\":\"https:\\\/\\\/thedailyreports.com\\\/fr\\\/2023\\\/03\\\/10\\\/retablissement-des-relations-diplomatiques-entre-larabie-saoudite-et-liran\\\/#breadcrumb\"},\"inLanguage\":\"en-US\",\"potentialAction\":[{\"@type\":\"ReadAction\",\"target\":[\"https:\\\/\\\/thedailyreports.com\\\/fr\\\/2023\\\/03\\\/10\\\/retablissement-des-relations-diplomatiques-entre-larabie-saoudite-et-liran\\\/\"]}]},{\"@type\":\"ImageObject\",\"inLanguage\":\"en-US\",\"@id\":\"https:\\\/\\\/thedailyreports.com\\\/fr\\\/2023\\\/03\\\/10\\\/retablissement-des-relations-diplomatiques-entre-larabie-saoudite-et-liran\\\/#primaryimage\",\"url\":\"https:\\\/\\\/thedailyreports.com\\\/fr\\\/wp-content\\\/uploads\\\/2023\\\/03\\\/telechargement.jpg\",\"contentUrl\":\"https:\\\/\\\/thedailyreports.com\\\/fr\\\/wp-content\\\/uploads\\\/2023\\\/03\\\/telechargement.jpg\",\"width\":288,\"height\":175},{\"@type\":\"BreadcrumbList\",\"@id\":\"https:\\\/\\\/thedailyreports.com\\\/fr\\\/2023\\\/03\\\/10\\\/retablissement-des-relations-diplomatiques-entre-larabie-saoudite-et-liran\\\/#breadcrumb\",\"itemListElement\":[{\"@type\":\"ListItem\",\"position\":1,\"name\":\"Home\",\"item\":\"https:\\\/\\\/thedailyreports.com\\\/fr\\\/\"},{\"@type\":\"ListItem\",\"position\":2,\"name\":\"R\u00e9tablissement des relations diplomatiques entre L&#8217;Arabie saoudite et l&#8217;Iran\"}]},{\"@type\":\"WebSite\",\"@id\":\"https:\\\/\\\/thedailyreports.com\\\/fr\\\/#website\",\"url\":\"https:\\\/\\\/thedailyreports.com\\\/fr\\\/\",\"name\":\"Les Rapports Quotidiens\",\"description\":\"Toute la v\u00e9rit\u00e9, rien que la v\u00e9rit\u00e9\",\"potentialAction\":[{\"@type\":\"SearchAction\",\"target\":{\"@type\":\"EntryPoint\",\"urlTemplate\":\"https:\\\/\\\/thedailyreports.com\\\/fr\\\/?s={search_term_string}\"},\"query-input\":{\"@type\":\"PropertyValueSpecification\",\"valueRequired\":true,\"valueName\":\"search_term_string\"}}],\"inLanguage\":\"en-US\"},{\"@type\":\"Person\",\"@id\":\"https:\\\/\\\/thedailyreports.com\\\/fr\\\/#\\\/schema\\\/person\\\/b00df16edad26ba8db109fb28c806a2a\",\"name\":\"The Daily Reports\",\"image\":{\"@type\":\"ImageObject\",\"inLanguage\":\"en-US\",\"@id\":\"https:\\\/\\\/secure.gravatar.com\\\/avatar\\\/302a03d420eae20396406f37e0504a570385b6e8478a3733ea8ee684acee8497?s=96&d=mm&r=g\",\"url\":\"https:\\\/\\\/secure.gravatar.com\\\/avatar\\\/302a03d420eae20396406f37e0504a570385b6e8478a3733ea8ee684acee8497?s=96&d=mm&r=g\",\"contentUrl\":\"https:\\\/\\\/secure.gravatar.com\\\/avatar\\\/302a03d420eae20396406f37e0504a570385b6e8478a3733ea8ee684acee8497?s=96&d=mm&r=g\",\"caption\":\"The Daily Reports\"},\"sameAs\":[\"https:\\\/\\\/thedailyreports.com\\\/fr\"],\"url\":\"https:\\\/\\\/thedailyreports.com\\\/fr\\\/author\\\/haythem\\\/\"}]}<\/script>\n<!-- \/ Yoast SEO plugin. -->","yoast_head_json":{"title":"R\u00e9tablissement des relations diplomatiques entre L'Arabie saoudite et l'Iran - Les Rapports Quotidiens","robots":{"index":"index","follow":"follow","max-snippet":"max-snippet:-1","max-image-preview":"max-image-preview:large","max-video-preview":"max-video-preview:-1"},"canonical":"https:\/\/thedailyreports.com\/fr\/2023\/03\/10\/retablissement-des-relations-diplomatiques-entre-larabie-saoudite-et-liran\/","og_locale":"en_US","og_type":"article","og_title":"R\u00e9tablissement des relations diplomatiques entre L'Arabie saoudite et l'Iran - Les Rapports Quotidiens","og_description":"A l\u2019issue d\u2019une s\u00e9rie d\u2019entretiens entre les d\u00e9l\u00e9gations iranienne et saoudienne \u00e0 P\u00e9kin, les deux pays ont annonc\u00e9 aujourd&#8217;hui, vendredi 10 mars, un accord visant \u00e0 relancer leurs relations diplomatiques et \u00e0 rouvrir leurs ambassades respectives dans un d\u00e9lai de deux mois. Une d\u00e9claration tripartite conjointe de l&#8217;Arabie saoudite, de l&#8217;Iran et de la Chine","og_url":"https:\/\/thedailyreports.com\/fr\/2023\/03\/10\/retablissement-des-relations-diplomatiques-entre-larabie-saoudite-et-liran\/","og_site_name":"Les Rapports Quotidiens","article_published_time":"2023-03-10T14:10:23+00:00","article_modified_time":"2023-03-10T14:10:25+00:00","og_image":[{"width":288,"height":175,"url":"https:\/\/thedailyreports.com\/fr\/wp-content\/uploads\/2023\/03\/telechargement.jpg","type":"image\/jpeg"}],"author":"The Daily Reports","twitter_card":"summary_large_image","twitter_misc":{"Written by":"The Daily Reports","Est. reading time":"3 minutes"},"schema":{"@context":"https:\/\/schema.org","@graph":[{"@type":"Article","@id":"https:\/\/thedailyreports.com\/fr\/2023\/03\/10\/retablissement-des-relations-diplomatiques-entre-larabie-saoudite-et-liran\/#article","isPartOf":{"@id":"https:\/\/thedailyreports.com\/fr\/2023\/03\/10\/retablissement-des-relations-diplomatiques-entre-larabie-saoudite-et-liran\/"},"author":{"name":"The Daily Reports","@id":"https:\/\/thedailyreports.com\/fr\/#\/schema\/person\/b00df16edad26ba8db109fb28c806a2a"},"headline":"R\u00e9tablissement des relations diplomatiques entre L&#8217;Arabie saoudite et l&#8217;Iran","datePublished":"2023-03-10T14:10:23+00:00","dateModified":"2023-03-10T14:10:25+00:00","mainEntityOfPage":{"@id":"https:\/\/thedailyreports.com\/fr\/2023\/03\/10\/retablissement-des-relations-diplomatiques-entre-larabie-saoudite-et-liran\/"},"wordCount":584,"commentCount":0,"image":{"@id":"https:\/\/thedailyreports.com\/fr\/2023\/03\/10\/retablissement-des-relations-diplomatiques-entre-larabie-saoudite-et-liran\/#primaryimage"},"thumbnailUrl":"https:\/\/thedailyreports.com\/fr\/wp-content\/uploads\/2023\/03\/telechargement.jpg","articleSection":["Iran"],"inLanguage":"en-US","potentialAction":[{"@type":"CommentAction","name":"Comment","target":["https:\/\/thedailyreports.com\/fr\/2023\/03\/10\/retablissement-des-relations-diplomatiques-entre-larabie-saoudite-et-liran\/#respond"]}]},{"@type":"WebPage","@id":"https:\/\/thedailyreports.com\/fr\/2023\/03\/10\/retablissement-des-relations-diplomatiques-entre-larabie-saoudite-et-liran\/","url":"https:\/\/thedailyreports.com\/fr\/2023\/03\/10\/retablissement-des-relations-diplomatiques-entre-larabie-saoudite-et-liran\/","name":"R\u00e9tablissement des relations diplomatiques entre L'Arabie saoudite et l'Iran - Les Rapports Quotidiens","isPartOf":{"@id":"https:\/\/thedailyreports.com\/fr\/#website"},"primaryImageOfPage":{"@id":"https:\/\/thedailyreports.com\/fr\/2023\/03\/10\/retablissement-des-relations-diplomatiques-entre-larabie-saoudite-et-liran\/#primaryimage"},"image":{"@id":"https:\/\/thedailyreports.com\/fr\/2023\/03\/10\/retablissement-des-relations-diplomatiques-entre-larabie-saoudite-et-liran\/#primaryimage"},"thumbnailUrl":"https:\/\/thedailyreports.com\/fr\/wp-content\/uploads\/2023\/03\/telechargement.jpg","datePublished":"2023-03-10T14:10:23+00:00","dateModified":"2023-03-10T14:10:25+00:00","author":{"@id":"https:\/\/thedailyreports.com\/fr\/#\/schema\/person\/b00df16edad26ba8db109fb28c806a2a"},"breadcrumb":{"@id":"https:\/\/thedailyreports.com\/fr\/2023\/03\/10\/retablissement-des-relations-diplomatiques-entre-larabie-saoudite-et-liran\/#breadcrumb"},"inLanguage":"en-US","potentialAction":[{"@type":"ReadAction","target":["https:\/\/thedailyreports.com\/fr\/2023\/03\/10\/retablissement-des-relations-diplomatiques-entre-larabie-saoudite-et-liran\/"]}]},{"@type":"ImageObject","inLanguage":"en-US","@id":"https:\/\/thedailyreports.com\/fr\/2023\/03\/10\/retablissement-des-relations-diplomatiques-entre-larabie-saoudite-et-liran\/#primaryimage","url":"https:\/\/thedailyreports.com\/fr\/wp-content\/uploads\/2023\/03\/telechargement.jpg","contentUrl":"https:\/\/thedailyreports.com\/fr\/wp-content\/uploads\/2023\/03\/telechargement.jpg","width":288,"height":175},{"@type":"BreadcrumbList","@id":"https:\/\/thedailyreports.com\/fr\/2023\/03\/10\/retablissement-des-relations-diplomatiques-entre-larabie-saoudite-et-liran\/#breadcrumb","itemListElement":[{"@type":"ListItem","position":1,"name":"Home","item":"https:\/\/thedailyreports.com\/fr\/"},{"@type":"ListItem","position":2,"name":"R\u00e9tablissement des relations diplomatiques entre L&#8217;Arabie saoudite et l&#8217;Iran"}]},{"@type":"WebSite","@id":"https:\/\/thedailyreports.com\/fr\/#website","url":"https:\/\/thedailyreports.com\/fr\/","name":"Les Rapports Quotidiens","description":"Toute la v\u00e9rit\u00e9, rien que la v\u00e9rit\u00e9","potentialAction":[{"@type":"SearchAction","target":{"@type":"EntryPoint","urlTemplate":"https:\/\/thedailyreports.com\/fr\/?s={search_term_string}"},"query-input":{"@type":"PropertyValueSpecification","valueRequired":true,"valueName":"search_term_string"}}],"inLanguage":"en-US"},{"@type":"Person","@id":"https:\/\/thedailyreports.com\/fr\/#\/schema\/person\/b00df16edad26ba8db109fb28c806a2a","name":"The Daily Reports","image":{"@type":"ImageObject","inLanguage":"en-US","@id":"https:\/\/secure.gravatar.com\/avatar\/302a03d420eae20396406f37e0504a570385b6e8478a3733ea8ee684acee8497?s=96&d=mm&r=g","url":"https:\/\/secure.gravatar.com\/avatar\/302a03d420eae20396406f37e0504a570385b6e8478a3733ea8ee684acee8497?s=96&d=mm&r=g","contentUrl":"https:\/\/secure.gravatar.com\/avatar\/302a03d420eae20396406f37e0504a570385b6e8478a3733ea8ee684acee8497?s=96&d=mm&r=g","caption":"The Daily Reports"},"sameAs":["https:\/\/thedailyreports.com\/fr"],"url":"https:\/\/thedailyreports.com\/fr\/author\/haythem\/"}]}},"_links":{"self":[{"href":"https:\/\/thedailyreports.com\/fr\/wp-json\/wp\/v2\/posts\/7281","targetHints":{"allow":["GET"]}}],"collection":[{"href":"https:\/\/thedailyreports.com\/fr\/wp-json\/wp\/v2\/posts"}],"about":[{"href":"https:\/\/thedailyreports.com\/fr\/wp-json\/wp\/v2\/types\/post"}],"author":[{"embeddable":true,"href":"https:\/\/thedailyreports.com\/fr\/wp-json\/wp\/v2\/users\/5"}],"replies":[{"embeddable":true,"href":"https:\/\/thedailyreports.com\/fr\/wp-json\/wp\/v2\/comments?post=7281"}],"version-history":[{"count":1,"href":"https:\/\/thedailyreports.com\/fr\/wp-json\/wp\/v2\/posts\/7281\/revisions"}],"predecessor-version":[{"id":7283,"href":"https:\/\/thedailyreports.com\/fr\/wp-json\/wp\/v2\/posts\/7281\/revisions\/7283"}],"wp:featuredmedia":[{"embeddable":true,"href":"https:\/\/thedailyreports.com\/fr\/wp-json\/wp\/v2\/media\/7282"}],"wp:attachment":[{"href":"https:\/\/thedailyreports.com\/fr\/wp-json\/wp\/v2\/media?parent=7281"}],"wp:term":[{"taxonomy":"category","embeddable":true,"href":"https:\/\/thedailyreports.com\/fr\/wp-json\/wp\/v2\/categories?post=7281"},{"taxonomy":"post_tag","embeddable":true,"href":"https:\/\/thedailyreports.com\/fr\/wp-json\/wp\/v2\/tags?post=7281"}],"curies":[{"name":"wp","href":"https:\/\/api.w.org\/{rel}","templated":true}]}}