{"id":7250,"date":"2022-12-06T17:45:20","date_gmt":"2022-12-06T16:45:20","guid":{"rendered":"https:\/\/thedailyreports.com\/fr\/?p=7250"},"modified":"2022-12-06T17:45:21","modified_gmt":"2022-12-06T16:45:21","slug":"record-dexecutions-en-iran-depuis-le-debut-de-lannee","status":"publish","type":"post","link":"https:\/\/thedailyreports.com\/fr\/2022\/12\/06\/record-dexecutions-en-iran-depuis-le-debut-de-lannee\/","title":{"rendered":"<strong>Record d\u2019ex\u00e9cutions en Iran depuis le d\u00e9but de l\u2019ann\u00e9e<\/strong>"},"content":{"rendered":"\n<p>Avec plus de 500 ex\u00e9cutions depuis d\u00e9but 2022, l\u2019Iran a battu son record de l\u2019ann\u00e9e pr\u00e9c\u00e9dente selon Human Rights Iran, une organisation non gouvernementale bas\u00e9e \u00e0 Oslo, en Norv\u00e8ge, qui estime que le recours grandissant \u00e0 la peine de mort est r\u00e9v\u00e9lateur d\u2019un grand malaise au sein r\u00e9gime iranien depuis le d\u00e9but des manifestations populaires qui ont \u00e9clat\u00e9es en septembre.<\/p>\n\n\n\n<p>Human Rights Iran a indiqu\u00e9 qu&#8217;au moins 504 ex\u00e9cutions ont eu lieu en Iran depuis le d\u00e9but de l&#8217;ann\u00e9e 2022, pr\u00e9cisant qu\u2019elle tente actuellement de confirmer d&#8217;autres mises \u00e0 mort par pendaison.<\/p>\n\n\n\n<p>Dimanche, les m\u00e9dias iraniens ont annonc\u00e9 l\u2019ex\u00e9cution de quatre personnes, reconnues coupables de \u00ab&nbsp;collaboration&nbsp;\u00bb avec Isra\u00ebl, l&#8217;ennemi historique du r\u00e9gime des mollahs. La th\u00e9orie du complot est r\u00e9guli\u00e8rement mise en avant par les responsables iraniens pour justifier leurs actions et se d\u00e9barrasser de leurs opposants.<\/p>\n\n\n\n<p>Selon Human Rights Iran, ces individus ont \u00e9t\u00e9 ex\u00e9cut\u00e9s sept mois seulement apr\u00e8s leur arrestation, \u00ab&nbsp;sans proc\u00e8s \u00e9quitable et \u00e0 huis clos devant le tribunal r\u00e9volutionnaire&nbsp;\u00bb.<\/p>\n\n\n\n<p>\u00ab&nbsp;Leurs sanctions manquent de l\u00e9gitimit\u00e9 l\u00e9gale&nbsp;\u00bb, a d\u00e9clar\u00e9 dans un communiqu\u00e9 Mahmoud Amiri Moghadam, neuroscientifique irano-norv\u00e9gien et avocat au sein de l\u2019ONG.<\/p>\n\n\n\n<p>&nbsp;\u00ab Ces ex\u00e9cutions visent \u00e0 semer la terreur dans la soci\u00e9t\u00e9 et \u00e0 d\u00e9tourner l&#8217;attention de l&#8217;opinion publique de l&#8217;\u00e9chec de l&#8217;appareil de renseignement iranien&nbsp;\u00bb, a-t-il ajout\u00e9.<\/p>\n\n\n\n<p>D\u2019autres organisations non gouvernementales ont exprim\u00e9 leurs pr\u00e9occupations face au nombre de femmes ex\u00e9cut\u00e9es en Iran, souvent reconnues coupables d&#8217;avoir tu\u00e9 leur mari ou des proches dans des affaires de violence domestique. Human Rights Iran a d\u00e9clar\u00e9 que le nombre de femmes ex\u00e9cut\u00e9es cette ann\u00e9e en Iran est le plus \u00e9lev\u00e9 de ces cinq derni\u00e8res ann\u00e9es.<\/p>\n\n\n\n<p>La R\u00e9publique islamique d\u2019Iran fait partie des pays qui a le plus souvent recours \u00e0 la peine de mort apr\u00e8s la Chine, selon Amnesty International, qui a indiqu\u00e9 que 314 ex\u00e9cutions ont eu lieu en Iran au cours de l\u2019ann\u00e9e 2021.<\/p>\n\n\n\n<p>L&#8217;Iran est la cible de critiques g\u00e9n\u00e9ralis\u00e9es pour ses violations r\u00e9p\u00e9t\u00e9es des droits de l\u2019homme, et sa r\u00e9pression meurtri\u00e8re des manifestations d\u00e9clench\u00e9es par le meurtre de la jeune kurde de 22 ans, Mahsa Amini, par la police des m\u0153urs.<\/p>\n\n\n\n<p>Le commandant de la Force a\u00e9rospatiale du Corps des gardiens de la r\u00e9volution islamique (CGRI), le g\u00e9n\u00e9ral de brigade Amir Ali Hajizadeh, a annonc\u00e9 pour la premi\u00e8re fois cette semaine que plus de 300 personnes ont \u00e9t\u00e9 tu\u00e9es en Iran depuis le d\u00e9but des manifestations.<\/p>\n\n\n\n<p>Cette semaine, les autorit\u00e9s iraniennes ont d\u00e9cid\u00e9 d\u2019abolir la police des m\u0153urs, qui est \u00e0 l\u2019origine du plus important soul\u00e8vement populaire que l\u2019Iran ait connu depuis la r\u00e9volution islamique en 1979, et dont les femmes sont devenues le symbole.<\/p>\n\n\n\n<p>Cependant, bien que cette d\u00e9cision puisse avoir l\u2019air d\u2019une concession, elle est davantage r\u00e9v\u00e9latrice de la tension qui r\u00e8gne au sein du r\u00e9gime iranien que d\u2019un changement dans sa politique violente et extr\u00e9miste.<\/p>\n\n\n\n<p>Il est \u00e9galement peu probable que ce changement apaise les manifestants qui continuent de se heurter violemment aux autres forces de l\u2019ordre et d\u2019appeler \u00e0 la fin de la R\u00e9publique islamique.<\/p>\n\n\n\n<p>La police des m\u0153urs \u00ab&nbsp;a \u00e9t\u00e9 abolie par les m\u00eames autorit\u00e9s qui l&#8217;ont mise en place&nbsp;\u00bb, a d\u00e9clar\u00e9 samedi le procureur g\u00e9n\u00e9ral Mohammad Javad Montazeri, \u00e0 l\u2019occasion d&#8217;une r\u00e9union au cours de laquelle des responsables ont discut\u00e9 de la situation actuelle, ont rapport\u00e9 les m\u00e9dias officiels.<\/p>\n\n\n\n<p>Interrog\u00e9 sur l&#8217;abolition de la police des m\u0153urs lors d&#8217;une conf\u00e9rence de presse \u00e0 Belgrade, en Serbie, le ministre iranien des Affaires \u00e9trang\u00e8res, Hossein Amir Abdollahian, n&#8217;a pas ni\u00e9 l\u2019information mais a d\u00e9clar\u00e9 : \u00ab\u00a0En Iran, tout avance correctement dans le cadre de la d\u00e9mocratie et de la libert\u00e9.\u00a0\u00bb<\/p>\n\n\n\n<p>Pour l\u2019heure, les d\u00e9clarations des responsables iraniens concernant l\u2019abolition de la police morale sont ambigu\u00ebs. \u00a0Certains m\u00e9dias ont d\u00e9clar\u00e9 que la presse \u00e9trang\u00e8re a sorti les propos de Montazeri de leur contexte, notamment le Washington Post.<\/p>\n","protected":false},"excerpt":{"rendered":"<p>Avec plus de 500 ex\u00e9cutions depuis d\u00e9but 2022, l\u2019Iran a battu son record de l\u2019ann\u00e9e pr\u00e9c\u00e9dente selon Human Rights Iran, une organisation non gouvernementale bas\u00e9e \u00e0 Oslo, en Norv\u00e8ge, qui estime que le recours grandissant \u00e0 la peine de mort est r\u00e9v\u00e9lateur d\u2019un grand malaise au sein r\u00e9gime iranien depuis le d\u00e9but des manifestations populaires<\/p>\n","protected":false},"author":5,"featured_media":7252,"comment_status":"open","ping_status":"open","sticky":false,"template":"","format":"standard","meta":{"footnotes":""},"categories":[25],"tags":[],"class_list":{"0":"post-7250","1":"post","2":"type-post","3":"status-publish","4":"format-standard","5":"has-post-thumbnail","7":"category-iran"},"yoast_head":"<!-- This site is optimized with the Yoast SEO plugin v27.4 - https:\/\/yoast.com\/product\/yoast-seo-wordpress\/ -->\n<title>Record d\u2019ex\u00e9cutions en Iran depuis le d\u00e9but de l\u2019ann\u00e9e - Les Rapports Quotidiens<\/title>\n<meta name=\"robots\" content=\"index, follow, max-snippet:-1, max-image-preview:large, max-video-preview:-1\" \/>\n<link rel=\"canonical\" href=\"https:\/\/thedailyreports.com\/fr\/2022\/12\/06\/record-dexecutions-en-iran-depuis-le-debut-de-lannee\/\" \/>\n<meta property=\"og:locale\" content=\"en_US\" \/>\n<meta property=\"og:type\" content=\"article\" \/>\n<meta property=\"og:title\" content=\"Record d\u2019ex\u00e9cutions en Iran depuis le d\u00e9but de l\u2019ann\u00e9e - Les Rapports Quotidiens\" \/>\n<meta property=\"og:description\" content=\"Avec plus de 500 ex\u00e9cutions depuis d\u00e9but 2022, l\u2019Iran a battu son record de l\u2019ann\u00e9e pr\u00e9c\u00e9dente selon Human Rights Iran, une organisation non gouvernementale bas\u00e9e \u00e0 Oslo, en Norv\u00e8ge, qui estime que le recours grandissant \u00e0 la peine de mort est r\u00e9v\u00e9lateur d\u2019un grand malaise au sein r\u00e9gime iranien depuis le d\u00e9but des manifestations populaires\" \/>\n<meta property=\"og:url\" content=\"https:\/\/thedailyreports.com\/fr\/2022\/12\/06\/record-dexecutions-en-iran-depuis-le-debut-de-lannee\/\" \/>\n<meta property=\"og:site_name\" content=\"Les Rapports Quotidiens\" \/>\n<meta property=\"article:published_time\" content=\"2022-12-06T16:45:20+00:00\" \/>\n<meta property=\"article:modified_time\" content=\"2022-12-06T16:45:21+00:00\" \/>\n<meta property=\"og:image\" content=\"https:\/\/thedailyreports.com\/fr\/wp-content\/uploads\/2022\/12\/1200x680_043_dpa-pa_91190281.jpg\" \/>\n\t<meta property=\"og:image:width\" content=\"1200\" \/>\n\t<meta property=\"og:image:height\" content=\"680\" \/>\n\t<meta property=\"og:image:type\" content=\"image\/jpeg\" \/>\n<meta name=\"author\" content=\"The Daily Reports\" \/>\n<meta name=\"twitter:card\" content=\"summary_large_image\" \/>\n<meta name=\"twitter:label1\" content=\"Written by\" \/>\n\t<meta name=\"twitter:data1\" content=\"The Daily Reports\" \/>\n\t<meta name=\"twitter:label2\" content=\"Est. reading time\" \/>\n\t<meta name=\"twitter:data2\" content=\"3 minutes\" \/>\n<script type=\"application\/ld+json\" class=\"yoast-schema-graph\">{\"@context\":\"https:\\\/\\\/schema.org\",\"@graph\":[{\"@type\":\"Article\",\"@id\":\"https:\\\/\\\/thedailyreports.com\\\/fr\\\/2022\\\/12\\\/06\\\/record-dexecutions-en-iran-depuis-le-debut-de-lannee\\\/#article\",\"isPartOf\":{\"@id\":\"https:\\\/\\\/thedailyreports.com\\\/fr\\\/2022\\\/12\\\/06\\\/record-dexecutions-en-iran-depuis-le-debut-de-lannee\\\/\"},\"author\":{\"name\":\"The Daily Reports\",\"@id\":\"https:\\\/\\\/thedailyreports.com\\\/fr\\\/#\\\/schema\\\/person\\\/b00df16edad26ba8db109fb28c806a2a\"},\"headline\":\"Record d\u2019ex\u00e9cutions en Iran depuis le d\u00e9but de l\u2019ann\u00e9e\",\"datePublished\":\"2022-12-06T16:45:20+00:00\",\"dateModified\":\"2022-12-06T16:45:21+00:00\",\"mainEntityOfPage\":{\"@id\":\"https:\\\/\\\/thedailyreports.com\\\/fr\\\/2022\\\/12\\\/06\\\/record-dexecutions-en-iran-depuis-le-debut-de-lannee\\\/\"},\"wordCount\":763,\"commentCount\":0,\"image\":{\"@id\":\"https:\\\/\\\/thedailyreports.com\\\/fr\\\/2022\\\/12\\\/06\\\/record-dexecutions-en-iran-depuis-le-debut-de-lannee\\\/#primaryimage\"},\"thumbnailUrl\":\"https:\\\/\\\/thedailyreports.com\\\/fr\\\/wp-content\\\/uploads\\\/2022\\\/12\\\/1200x680_043_dpa-pa_91190281.jpg\",\"articleSection\":[\"Iran\"],\"inLanguage\":\"en-US\",\"potentialAction\":[{\"@type\":\"CommentAction\",\"name\":\"Comment\",\"target\":[\"https:\\\/\\\/thedailyreports.com\\\/fr\\\/2022\\\/12\\\/06\\\/record-dexecutions-en-iran-depuis-le-debut-de-lannee\\\/#respond\"]}]},{\"@type\":\"WebPage\",\"@id\":\"https:\\\/\\\/thedailyreports.com\\\/fr\\\/2022\\\/12\\\/06\\\/record-dexecutions-en-iran-depuis-le-debut-de-lannee\\\/\",\"url\":\"https:\\\/\\\/thedailyreports.com\\\/fr\\\/2022\\\/12\\\/06\\\/record-dexecutions-en-iran-depuis-le-debut-de-lannee\\\/\",\"name\":\"Record d\u2019ex\u00e9cutions en Iran depuis le d\u00e9but de l\u2019ann\u00e9e - Les Rapports Quotidiens\",\"isPartOf\":{\"@id\":\"https:\\\/\\\/thedailyreports.com\\\/fr\\\/#website\"},\"primaryImageOfPage\":{\"@id\":\"https:\\\/\\\/thedailyreports.com\\\/fr\\\/2022\\\/12\\\/06\\\/record-dexecutions-en-iran-depuis-le-debut-de-lannee\\\/#primaryimage\"},\"image\":{\"@id\":\"https:\\\/\\\/thedailyreports.com\\\/fr\\\/2022\\\/12\\\/06\\\/record-dexecutions-en-iran-depuis-le-debut-de-lannee\\\/#primaryimage\"},\"thumbnailUrl\":\"https:\\\/\\\/thedailyreports.com\\\/fr\\\/wp-content\\\/uploads\\\/2022\\\/12\\\/1200x680_043_dpa-pa_91190281.jpg\",\"datePublished\":\"2022-12-06T16:45:20+00:00\",\"dateModified\":\"2022-12-06T16:45:21+00:00\",\"author\":{\"@id\":\"https:\\\/\\\/thedailyreports.com\\\/fr\\\/#\\\/schema\\\/person\\\/b00df16edad26ba8db109fb28c806a2a\"},\"breadcrumb\":{\"@id\":\"https:\\\/\\\/thedailyreports.com\\\/fr\\\/2022\\\/12\\\/06\\\/record-dexecutions-en-iran-depuis-le-debut-de-lannee\\\/#breadcrumb\"},\"inLanguage\":\"en-US\",\"potentialAction\":[{\"@type\":\"ReadAction\",\"target\":[\"https:\\\/\\\/thedailyreports.com\\\/fr\\\/2022\\\/12\\\/06\\\/record-dexecutions-en-iran-depuis-le-debut-de-lannee\\\/\"]}]},{\"@type\":\"ImageObject\",\"inLanguage\":\"en-US\",\"@id\":\"https:\\\/\\\/thedailyreports.com\\\/fr\\\/2022\\\/12\\\/06\\\/record-dexecutions-en-iran-depuis-le-debut-de-lannee\\\/#primaryimage\",\"url\":\"https:\\\/\\\/thedailyreports.com\\\/fr\\\/wp-content\\\/uploads\\\/2022\\\/12\\\/1200x680_043_dpa-pa_91190281.jpg\",\"contentUrl\":\"https:\\\/\\\/thedailyreports.com\\\/fr\\\/wp-content\\\/uploads\\\/2022\\\/12\\\/1200x680_043_dpa-pa_91190281.jpg\",\"width\":1200,\"height\":680},{\"@type\":\"BreadcrumbList\",\"@id\":\"https:\\\/\\\/thedailyreports.com\\\/fr\\\/2022\\\/12\\\/06\\\/record-dexecutions-en-iran-depuis-le-debut-de-lannee\\\/#breadcrumb\",\"itemListElement\":[{\"@type\":\"ListItem\",\"position\":1,\"name\":\"Home\",\"item\":\"https:\\\/\\\/thedailyreports.com\\\/fr\\\/\"},{\"@type\":\"ListItem\",\"position\":2,\"name\":\"Record d\u2019ex\u00e9cutions en Iran depuis le d\u00e9but de l\u2019ann\u00e9e\"}]},{\"@type\":\"WebSite\",\"@id\":\"https:\\\/\\\/thedailyreports.com\\\/fr\\\/#website\",\"url\":\"https:\\\/\\\/thedailyreports.com\\\/fr\\\/\",\"name\":\"Les Rapports Quotidiens\",\"description\":\"Toute la v\u00e9rit\u00e9, rien que la v\u00e9rit\u00e9\",\"potentialAction\":[{\"@type\":\"SearchAction\",\"target\":{\"@type\":\"EntryPoint\",\"urlTemplate\":\"https:\\\/\\\/thedailyreports.com\\\/fr\\\/?s={search_term_string}\"},\"query-input\":{\"@type\":\"PropertyValueSpecification\",\"valueRequired\":true,\"valueName\":\"search_term_string\"}}],\"inLanguage\":\"en-US\"},{\"@type\":\"Person\",\"@id\":\"https:\\\/\\\/thedailyreports.com\\\/fr\\\/#\\\/schema\\\/person\\\/b00df16edad26ba8db109fb28c806a2a\",\"name\":\"The Daily Reports\",\"image\":{\"@type\":\"ImageObject\",\"inLanguage\":\"en-US\",\"@id\":\"https:\\\/\\\/secure.gravatar.com\\\/avatar\\\/302a03d420eae20396406f37e0504a570385b6e8478a3733ea8ee684acee8497?s=96&d=mm&r=g\",\"url\":\"https:\\\/\\\/secure.gravatar.com\\\/avatar\\\/302a03d420eae20396406f37e0504a570385b6e8478a3733ea8ee684acee8497?s=96&d=mm&r=g\",\"contentUrl\":\"https:\\\/\\\/secure.gravatar.com\\\/avatar\\\/302a03d420eae20396406f37e0504a570385b6e8478a3733ea8ee684acee8497?s=96&d=mm&r=g\",\"caption\":\"The Daily Reports\"},\"sameAs\":[\"https:\\\/\\\/thedailyreports.com\\\/fr\"],\"url\":\"https:\\\/\\\/thedailyreports.com\\\/fr\\\/author\\\/haythem\\\/\"}]}<\/script>\n<!-- \/ Yoast SEO plugin. -->","yoast_head_json":{"title":"Record d\u2019ex\u00e9cutions en Iran depuis le d\u00e9but de l\u2019ann\u00e9e - Les Rapports Quotidiens","robots":{"index":"index","follow":"follow","max-snippet":"max-snippet:-1","max-image-preview":"max-image-preview:large","max-video-preview":"max-video-preview:-1"},"canonical":"https:\/\/thedailyreports.com\/fr\/2022\/12\/06\/record-dexecutions-en-iran-depuis-le-debut-de-lannee\/","og_locale":"en_US","og_type":"article","og_title":"Record d\u2019ex\u00e9cutions en Iran depuis le d\u00e9but de l\u2019ann\u00e9e - Les Rapports Quotidiens","og_description":"Avec plus de 500 ex\u00e9cutions depuis d\u00e9but 2022, l\u2019Iran a battu son record de l\u2019ann\u00e9e pr\u00e9c\u00e9dente selon Human Rights Iran, une organisation non gouvernementale bas\u00e9e \u00e0 Oslo, en Norv\u00e8ge, qui estime que le recours grandissant \u00e0 la peine de mort est r\u00e9v\u00e9lateur d\u2019un grand malaise au sein r\u00e9gime iranien depuis le d\u00e9but des manifestations populaires","og_url":"https:\/\/thedailyreports.com\/fr\/2022\/12\/06\/record-dexecutions-en-iran-depuis-le-debut-de-lannee\/","og_site_name":"Les Rapports Quotidiens","article_published_time":"2022-12-06T16:45:20+00:00","article_modified_time":"2022-12-06T16:45:21+00:00","og_image":[{"width":1200,"height":680,"url":"https:\/\/thedailyreports.com\/fr\/wp-content\/uploads\/2022\/12\/1200x680_043_dpa-pa_91190281.jpg","type":"image\/jpeg"}],"author":"The Daily Reports","twitter_card":"summary_large_image","twitter_misc":{"Written by":"The Daily Reports","Est. reading time":"3 minutes"},"schema":{"@context":"https:\/\/schema.org","@graph":[{"@type":"Article","@id":"https:\/\/thedailyreports.com\/fr\/2022\/12\/06\/record-dexecutions-en-iran-depuis-le-debut-de-lannee\/#article","isPartOf":{"@id":"https:\/\/thedailyreports.com\/fr\/2022\/12\/06\/record-dexecutions-en-iran-depuis-le-debut-de-lannee\/"},"author":{"name":"The Daily Reports","@id":"https:\/\/thedailyreports.com\/fr\/#\/schema\/person\/b00df16edad26ba8db109fb28c806a2a"},"headline":"Record d\u2019ex\u00e9cutions en Iran depuis le d\u00e9but de l\u2019ann\u00e9e","datePublished":"2022-12-06T16:45:20+00:00","dateModified":"2022-12-06T16:45:21+00:00","mainEntityOfPage":{"@id":"https:\/\/thedailyreports.com\/fr\/2022\/12\/06\/record-dexecutions-en-iran-depuis-le-debut-de-lannee\/"},"wordCount":763,"commentCount":0,"image":{"@id":"https:\/\/thedailyreports.com\/fr\/2022\/12\/06\/record-dexecutions-en-iran-depuis-le-debut-de-lannee\/#primaryimage"},"thumbnailUrl":"https:\/\/thedailyreports.com\/fr\/wp-content\/uploads\/2022\/12\/1200x680_043_dpa-pa_91190281.jpg","articleSection":["Iran"],"inLanguage":"en-US","potentialAction":[{"@type":"CommentAction","name":"Comment","target":["https:\/\/thedailyreports.com\/fr\/2022\/12\/06\/record-dexecutions-en-iran-depuis-le-debut-de-lannee\/#respond"]}]},{"@type":"WebPage","@id":"https:\/\/thedailyreports.com\/fr\/2022\/12\/06\/record-dexecutions-en-iran-depuis-le-debut-de-lannee\/","url":"https:\/\/thedailyreports.com\/fr\/2022\/12\/06\/record-dexecutions-en-iran-depuis-le-debut-de-lannee\/","name":"Record d\u2019ex\u00e9cutions en Iran depuis le d\u00e9but de l\u2019ann\u00e9e - Les Rapports Quotidiens","isPartOf":{"@id":"https:\/\/thedailyreports.com\/fr\/#website"},"primaryImageOfPage":{"@id":"https:\/\/thedailyreports.com\/fr\/2022\/12\/06\/record-dexecutions-en-iran-depuis-le-debut-de-lannee\/#primaryimage"},"image":{"@id":"https:\/\/thedailyreports.com\/fr\/2022\/12\/06\/record-dexecutions-en-iran-depuis-le-debut-de-lannee\/#primaryimage"},"thumbnailUrl":"https:\/\/thedailyreports.com\/fr\/wp-content\/uploads\/2022\/12\/1200x680_043_dpa-pa_91190281.jpg","datePublished":"2022-12-06T16:45:20+00:00","dateModified":"2022-12-06T16:45:21+00:00","author":{"@id":"https:\/\/thedailyreports.com\/fr\/#\/schema\/person\/b00df16edad26ba8db109fb28c806a2a"},"breadcrumb":{"@id":"https:\/\/thedailyreports.com\/fr\/2022\/12\/06\/record-dexecutions-en-iran-depuis-le-debut-de-lannee\/#breadcrumb"},"inLanguage":"en-US","potentialAction":[{"@type":"ReadAction","target":["https:\/\/thedailyreports.com\/fr\/2022\/12\/06\/record-dexecutions-en-iran-depuis-le-debut-de-lannee\/"]}]},{"@type":"ImageObject","inLanguage":"en-US","@id":"https:\/\/thedailyreports.com\/fr\/2022\/12\/06\/record-dexecutions-en-iran-depuis-le-debut-de-lannee\/#primaryimage","url":"https:\/\/thedailyreports.com\/fr\/wp-content\/uploads\/2022\/12\/1200x680_043_dpa-pa_91190281.jpg","contentUrl":"https:\/\/thedailyreports.com\/fr\/wp-content\/uploads\/2022\/12\/1200x680_043_dpa-pa_91190281.jpg","width":1200,"height":680},{"@type":"BreadcrumbList","@id":"https:\/\/thedailyreports.com\/fr\/2022\/12\/06\/record-dexecutions-en-iran-depuis-le-debut-de-lannee\/#breadcrumb","itemListElement":[{"@type":"ListItem","position":1,"name":"Home","item":"https:\/\/thedailyreports.com\/fr\/"},{"@type":"ListItem","position":2,"name":"Record d\u2019ex\u00e9cutions en Iran depuis le d\u00e9but de l\u2019ann\u00e9e"}]},{"@type":"WebSite","@id":"https:\/\/thedailyreports.com\/fr\/#website","url":"https:\/\/thedailyreports.com\/fr\/","name":"Les Rapports Quotidiens","description":"Toute la v\u00e9rit\u00e9, rien que la v\u00e9rit\u00e9","potentialAction":[{"@type":"SearchAction","target":{"@type":"EntryPoint","urlTemplate":"https:\/\/thedailyreports.com\/fr\/?s={search_term_string}"},"query-input":{"@type":"PropertyValueSpecification","valueRequired":true,"valueName":"search_term_string"}}],"inLanguage":"en-US"},{"@type":"Person","@id":"https:\/\/thedailyreports.com\/fr\/#\/schema\/person\/b00df16edad26ba8db109fb28c806a2a","name":"The Daily Reports","image":{"@type":"ImageObject","inLanguage":"en-US","@id":"https:\/\/secure.gravatar.com\/avatar\/302a03d420eae20396406f37e0504a570385b6e8478a3733ea8ee684acee8497?s=96&d=mm&r=g","url":"https:\/\/secure.gravatar.com\/avatar\/302a03d420eae20396406f37e0504a570385b6e8478a3733ea8ee684acee8497?s=96&d=mm&r=g","contentUrl":"https:\/\/secure.gravatar.com\/avatar\/302a03d420eae20396406f37e0504a570385b6e8478a3733ea8ee684acee8497?s=96&d=mm&r=g","caption":"The Daily Reports"},"sameAs":["https:\/\/thedailyreports.com\/fr"],"url":"https:\/\/thedailyreports.com\/fr\/author\/haythem\/"}]}},"_links":{"self":[{"href":"https:\/\/thedailyreports.com\/fr\/wp-json\/wp\/v2\/posts\/7250","targetHints":{"allow":["GET"]}}],"collection":[{"href":"https:\/\/thedailyreports.com\/fr\/wp-json\/wp\/v2\/posts"}],"about":[{"href":"https:\/\/thedailyreports.com\/fr\/wp-json\/wp\/v2\/types\/post"}],"author":[{"embeddable":true,"href":"https:\/\/thedailyreports.com\/fr\/wp-json\/wp\/v2\/users\/5"}],"replies":[{"embeddable":true,"href":"https:\/\/thedailyreports.com\/fr\/wp-json\/wp\/v2\/comments?post=7250"}],"version-history":[{"count":3,"href":"https:\/\/thedailyreports.com\/fr\/wp-json\/wp\/v2\/posts\/7250\/revisions"}],"predecessor-version":[{"id":7255,"href":"https:\/\/thedailyreports.com\/fr\/wp-json\/wp\/v2\/posts\/7250\/revisions\/7255"}],"wp:featuredmedia":[{"embeddable":true,"href":"https:\/\/thedailyreports.com\/fr\/wp-json\/wp\/v2\/media\/7252"}],"wp:attachment":[{"href":"https:\/\/thedailyreports.com\/fr\/wp-json\/wp\/v2\/media?parent=7250"}],"wp:term":[{"taxonomy":"category","embeddable":true,"href":"https:\/\/thedailyreports.com\/fr\/wp-json\/wp\/v2\/categories?post=7250"},{"taxonomy":"post_tag","embeddable":true,"href":"https:\/\/thedailyreports.com\/fr\/wp-json\/wp\/v2\/tags?post=7250"}],"curies":[{"name":"wp","href":"https:\/\/api.w.org\/{rel}","templated":true}]}}