{"id":7207,"date":"2022-11-25T17:44:08","date_gmt":"2022-11-25T16:44:08","guid":{"rendered":"https:\/\/thedailyreports.com\/fr\/?p=7207"},"modified":"2022-11-25T22:39:10","modified_gmt":"2022-11-25T21:39:10","slug":"repression-des-manifestations-et-soutien-a-la-russie-lunion-europeenne-sapprete-a-imposer-une-nouvelle-serie-de-sanctions-a-liran","status":"publish","type":"post","link":"https:\/\/thedailyreports.com\/fr\/2022\/11\/25\/repression-des-manifestations-et-soutien-a-la-russie-lunion-europeenne-sapprete-a-imposer-une-nouvelle-serie-de-sanctions-a-liran\/","title":{"rendered":"<strong>R\u00e9pression des manifestations et soutien \u00e0 la Russie\u00a0: l\u2019Union europ\u00e9enne s\u2019appr\u00eate \u00e0 imposer une nouvelle s\u00e9rie de sanctions \u00e0 l\u2019Iran<\/strong>"},"content":{"rendered":"\n<p>Les puissances occidentales s&#8217;appr\u00eatent \u00e0 imposer une s\u00e9rie de sanctions \u00e0 plusieurs institutions iraniennes en raison de la r\u00e9pression meurtri\u00e8re exerc\u00e9e par les autorit\u00e9s contre les manifestations qui agitent le pays depuis 3 mois, et de l\u2019assistance offerte par le gouvernement iranien \u00e0 Moscou pour soutenir le pr\u00e9sident russe Vladimir Poutine dans sa guerre contre l\u2019Ukraine.<\/p>\n\n\n\n<p>Les manifestations populaires se sont r\u00e9pandues dans la majorit\u00e9 des villes iraniennes et dans plusieurs universit\u00e9s. De nombreux \u00e9tudiants ont \u00e9t\u00e9 arr\u00eat\u00e9s par les forces de l\u2019ordre pour leur participation au mouvement de contestation d\u00e9clench\u00e9 par la mort de la jeune fille kurde Mahsa Amini, qui aurait fait \u00ab&nbsp;un malaise&nbsp;\u00bb pendant sa garde \u00e0 vue dans un commissariat de police de T\u00e9h\u00e9ran, avant d\u2019\u00eatre transport\u00e9e \u00e0 l\u2019h\u00f4pital ou elle est d\u00e9c\u00e9d\u00e9e 3 jours plus tard.<\/p>\n\n\n\n<p>Actuellement, de nombreuses manifestations ont lieu la nuit pour \u00e9chapper aux autorit\u00e9s. Les manifestants brandissent des slogans contre le r\u00e9gime iranien et d&#8217;autres en faveur des droits des femmes. Selon l&#8217;Organisation Iran Human Rights, bas\u00e9e \u00e0 Oslo en Norv\u00e8ge, la r\u00e9pression polici\u00e8re a d\u00e9j\u00e0 tu\u00e9 au moins 122 personnes, dont des enfants. &nbsp;<\/p>\n\n\n\n<p>L\u2019Agence Bloomberg a indiqu\u00e9 que l&#8217;Union europ\u00e9enne s\u2019appr\u00eate \u00e0 imposer des sanctions \u00e0 des individus et \u00e0 des entit\u00e9s en Iran en raison de la violente r\u00e9pression exerc\u00e9e sur les manifestants par les forces de l\u2019ordre, ajoutant que les sanctions potentielles seront discut\u00e9es la semaine prochaine lors de la r\u00e9union des ministres des Affaires \u00e9trang\u00e8res de l&#8217;Union Europ\u00e9enne.<\/p>\n\n\n\n<p>Le chancelier f\u00e9d\u00e9ral d\u2019Allemagne, Olaf Scholz, a adress\u00e9 de vives critiques aux responsables iraniens, soulignant qu\u2019il est favorable \u00e0 l\u2019imposition d\u2019une nouvelle vague de sanctions \u00e0 l\u2019Iran par l\u2019Union Europ\u00e9enne. &nbsp;<\/p>\n\n\n\n<p>&#8220;Nous voulons continuer \u00e0 intensifier la pression sur les gardiens de la r\u00e9volution et les dirigeants politiques&#8221;, a d\u00e9clar\u00e9 Scholz dans une vid\u00e9o publi\u00e9e sur Twitter. &#8220;Quel genre de gouvernement tire sur ses propres citoyens ?&#8221;, a-t-il ajout\u00e9. &#8220;Quiconque se comporte ainsi doit s&#8217;attendre \u00e0 notre r\u00e9sistance.&#8221;<\/p>\n\n\n\n<p>En r\u00e9f\u00e9rence \u00e0 la violence des autorit\u00e9s iraniennes contre le soul\u00e8vement populaire qui dure depuis septembre, aux arrestations et aux condamnations \u00e0 mort, le chancelier allemand a assur\u00e9 qu&#8217;il surveille tout ce qui se passe dans les rues, les amphith\u00e9\u00e2tres et les salles d&#8217;audience en Iran. &#8220;Nous voyons la lutte pour la libert\u00e9 et la justice. Et nous voyons des drones iraniens attaquer des villes ukrainiennes\u2026 Tout cela est totalement inacceptable&#8221;, a-t-il d\u00e9clar\u00e9.<\/p>\n\n\n\n<p>Par ailleurs, si l&#8217;Union europ\u00e9enne menace T\u00e9h\u00e9ran de nouvelles sanctions, c\u2019est \u00e9galement en repr\u00e9sailles \u00e0 sa vente de drones \u00e0 la Russie pour soutenir la guerre en Ukraine. L\u2019UE a indiqu\u00e9 d\u00e9tenir suffisamment de preuves pour imposer des sanctions \u00e0 l&#8217;Iran.<\/p>\n\n\n\n<p>Un responsable europ\u00e9en a confirm\u00e9 que les ministres des Affaires \u00e9trang\u00e8res de l&#8217;Union europ\u00e9enne s&#8217;appr\u00eataient \u00e0 imposer des sanctions additionnelles \u00e0 l&#8217;Iran lors de leur prochaine r\u00e9union officielle \u00e0 Bruxelles.<\/p>\n\n\n\n<p>Il a d\u00e9clar\u00e9 que le soutien militaire de l\u2019Iran \u00e0 la Russie sera \u00e9galement abord\u00e9 pendant la r\u00e9union des ministres, en particulier la question des drones iraniens qui ont \u00e9t\u00e9 utilis\u00e9s par l\u2019arm\u00e9e russe pour bombarder l&#8217;Ukraine.<\/p>\n\n\n\n<p>Il a ajout\u00e9 que le vice-pr\u00e9sident de la Commission europ\u00e9enne, Josep Borrell, s\u2019est entretenu trois fois par t\u00e9l\u00e9phone avec le ministre iranien des Affaires \u00e9trang\u00e8res, Hossein Amir Abdollahian, \u00e0 qui il a exprim\u00e9 ses inqui\u00e9tudes \u00e0 ce sujet.<\/p>\n","protected":false},"excerpt":{"rendered":"<p>Les puissances occidentales s&#8217;appr\u00eatent \u00e0 imposer une s\u00e9rie de sanctions \u00e0 plusieurs institutions iraniennes en raison de la r\u00e9pression meurtri\u00e8re exerc\u00e9e par les autorit\u00e9s contre les manifestations qui agitent le pays depuis 3 mois, et de l\u2019assistance offerte par le gouvernement iranien \u00e0 Moscou pour soutenir le pr\u00e9sident russe Vladimir Poutine dans sa guerre contre<\/p>\n","protected":false},"author":5,"featured_media":7218,"comment_status":"open","ping_status":"open","sticky":false,"template":"","format":"standard","meta":{"footnotes":""},"categories":[25],"tags":[],"class_list":{"0":"post-7207","1":"post","2":"type-post","3":"status-publish","4":"format-standard","5":"has-post-thumbnail","7":"category-iran"},"yoast_head":"<!-- This site is optimized with the Yoast SEO plugin v27.4 - https:\/\/yoast.com\/product\/yoast-seo-wordpress\/ -->\n<title>R\u00e9pression des manifestations et soutien \u00e0 la Russie\u00a0: l\u2019Union europ\u00e9enne s\u2019appr\u00eate \u00e0 imposer une nouvelle s\u00e9rie de sanctions \u00e0 l\u2019Iran - Les Rapports Quotidiens<\/title>\n<meta name=\"robots\" content=\"index, follow, max-snippet:-1, max-image-preview:large, max-video-preview:-1\" \/>\n<link rel=\"canonical\" href=\"https:\/\/thedailyreports.com\/fr\/2022\/11\/25\/repression-des-manifestations-et-soutien-a-la-russie-lunion-europeenne-sapprete-a-imposer-une-nouvelle-serie-de-sanctions-a-liran\/\" \/>\n<meta property=\"og:locale\" content=\"en_US\" \/>\n<meta property=\"og:type\" content=\"article\" \/>\n<meta property=\"og:title\" content=\"R\u00e9pression des manifestations et soutien \u00e0 la Russie\u00a0: l\u2019Union europ\u00e9enne s\u2019appr\u00eate \u00e0 imposer une nouvelle s\u00e9rie de sanctions \u00e0 l\u2019Iran - Les Rapports Quotidiens\" \/>\n<meta property=\"og:description\" content=\"Les puissances occidentales s&#8217;appr\u00eatent \u00e0 imposer une s\u00e9rie de sanctions \u00e0 plusieurs institutions iraniennes en raison de la r\u00e9pression meurtri\u00e8re exerc\u00e9e par les autorit\u00e9s contre les manifestations qui agitent le pays depuis 3 mois, et de l\u2019assistance offerte par le gouvernement iranien \u00e0 Moscou pour soutenir le pr\u00e9sident russe Vladimir Poutine dans sa guerre contre\" \/>\n<meta property=\"og:url\" content=\"https:\/\/thedailyreports.com\/fr\/2022\/11\/25\/repression-des-manifestations-et-soutien-a-la-russie-lunion-europeenne-sapprete-a-imposer-une-nouvelle-serie-de-sanctions-a-liran\/\" \/>\n<meta property=\"og:site_name\" content=\"Les Rapports Quotidiens\" \/>\n<meta property=\"article:published_time\" content=\"2022-11-25T16:44:08+00:00\" \/>\n<meta property=\"article:modified_time\" content=\"2022-11-25T21:39:10+00:00\" \/>\n<meta property=\"og:image\" content=\"https:\/\/thedailyreports.com\/fr\/wp-content\/uploads\/2022\/11\/drapeaux-ue-et-iran.jpg\" \/>\n\t<meta property=\"og:image:width\" content=\"1200\" \/>\n\t<meta property=\"og:image:height\" content=\"600\" \/>\n\t<meta property=\"og:image:type\" content=\"image\/jpeg\" \/>\n<meta name=\"author\" content=\"The Daily Reports\" \/>\n<meta name=\"twitter:card\" content=\"summary_large_image\" \/>\n<meta name=\"twitter:label1\" content=\"Written by\" \/>\n\t<meta name=\"twitter:data1\" content=\"The Daily Reports\" \/>\n\t<meta name=\"twitter:label2\" content=\"Est. reading time\" \/>\n\t<meta name=\"twitter:data2\" content=\"3 minutes\" \/>\n<script type=\"application\/ld+json\" class=\"yoast-schema-graph\">{\"@context\":\"https:\\\/\\\/schema.org\",\"@graph\":[{\"@type\":\"Article\",\"@id\":\"https:\\\/\\\/thedailyreports.com\\\/fr\\\/2022\\\/11\\\/25\\\/repression-des-manifestations-et-soutien-a-la-russie-lunion-europeenne-sapprete-a-imposer-une-nouvelle-serie-de-sanctions-a-liran\\\/#article\",\"isPartOf\":{\"@id\":\"https:\\\/\\\/thedailyreports.com\\\/fr\\\/2022\\\/11\\\/25\\\/repression-des-manifestations-et-soutien-a-la-russie-lunion-europeenne-sapprete-a-imposer-une-nouvelle-serie-de-sanctions-a-liran\\\/\"},\"author\":{\"name\":\"The Daily Reports\",\"@id\":\"https:\\\/\\\/thedailyreports.com\\\/fr\\\/#\\\/schema\\\/person\\\/b00df16edad26ba8db109fb28c806a2a\"},\"headline\":\"R\u00e9pression des manifestations et soutien \u00e0 la Russie\u00a0: l\u2019Union europ\u00e9enne s\u2019appr\u00eate \u00e0 imposer une nouvelle s\u00e9rie de sanctions \u00e0 l\u2019Iran\",\"datePublished\":\"2022-11-25T16:44:08+00:00\",\"dateModified\":\"2022-11-25T21:39:10+00:00\",\"mainEntityOfPage\":{\"@id\":\"https:\\\/\\\/thedailyreports.com\\\/fr\\\/2022\\\/11\\\/25\\\/repression-des-manifestations-et-soutien-a-la-russie-lunion-europeenne-sapprete-a-imposer-une-nouvelle-serie-de-sanctions-a-liran\\\/\"},\"wordCount\":639,\"commentCount\":0,\"image\":{\"@id\":\"https:\\\/\\\/thedailyreports.com\\\/fr\\\/2022\\\/11\\\/25\\\/repression-des-manifestations-et-soutien-a-la-russie-lunion-europeenne-sapprete-a-imposer-une-nouvelle-serie-de-sanctions-a-liran\\\/#primaryimage\"},\"thumbnailUrl\":\"https:\\\/\\\/thedailyreports.com\\\/fr\\\/wp-content\\\/uploads\\\/2022\\\/11\\\/drapeaux-ue-et-iran.jpg\",\"articleSection\":[\"Iran\"],\"inLanguage\":\"en-US\",\"potentialAction\":[{\"@type\":\"CommentAction\",\"name\":\"Comment\",\"target\":[\"https:\\\/\\\/thedailyreports.com\\\/fr\\\/2022\\\/11\\\/25\\\/repression-des-manifestations-et-soutien-a-la-russie-lunion-europeenne-sapprete-a-imposer-une-nouvelle-serie-de-sanctions-a-liran\\\/#respond\"]}]},{\"@type\":\"WebPage\",\"@id\":\"https:\\\/\\\/thedailyreports.com\\\/fr\\\/2022\\\/11\\\/25\\\/repression-des-manifestations-et-soutien-a-la-russie-lunion-europeenne-sapprete-a-imposer-une-nouvelle-serie-de-sanctions-a-liran\\\/\",\"url\":\"https:\\\/\\\/thedailyreports.com\\\/fr\\\/2022\\\/11\\\/25\\\/repression-des-manifestations-et-soutien-a-la-russie-lunion-europeenne-sapprete-a-imposer-une-nouvelle-serie-de-sanctions-a-liran\\\/\",\"name\":\"R\u00e9pression des manifestations et soutien \u00e0 la Russie\u00a0: l\u2019Union europ\u00e9enne s\u2019appr\u00eate \u00e0 imposer une nouvelle s\u00e9rie de sanctions \u00e0 l\u2019Iran - Les Rapports Quotidiens\",\"isPartOf\":{\"@id\":\"https:\\\/\\\/thedailyreports.com\\\/fr\\\/#website\"},\"primaryImageOfPage\":{\"@id\":\"https:\\\/\\\/thedailyreports.com\\\/fr\\\/2022\\\/11\\\/25\\\/repression-des-manifestations-et-soutien-a-la-russie-lunion-europeenne-sapprete-a-imposer-une-nouvelle-serie-de-sanctions-a-liran\\\/#primaryimage\"},\"image\":{\"@id\":\"https:\\\/\\\/thedailyreports.com\\\/fr\\\/2022\\\/11\\\/25\\\/repression-des-manifestations-et-soutien-a-la-russie-lunion-europeenne-sapprete-a-imposer-une-nouvelle-serie-de-sanctions-a-liran\\\/#primaryimage\"},\"thumbnailUrl\":\"https:\\\/\\\/thedailyreports.com\\\/fr\\\/wp-content\\\/uploads\\\/2022\\\/11\\\/drapeaux-ue-et-iran.jpg\",\"datePublished\":\"2022-11-25T16:44:08+00:00\",\"dateModified\":\"2022-11-25T21:39:10+00:00\",\"author\":{\"@id\":\"https:\\\/\\\/thedailyreports.com\\\/fr\\\/#\\\/schema\\\/person\\\/b00df16edad26ba8db109fb28c806a2a\"},\"breadcrumb\":{\"@id\":\"https:\\\/\\\/thedailyreports.com\\\/fr\\\/2022\\\/11\\\/25\\\/repression-des-manifestations-et-soutien-a-la-russie-lunion-europeenne-sapprete-a-imposer-une-nouvelle-serie-de-sanctions-a-liran\\\/#breadcrumb\"},\"inLanguage\":\"en-US\",\"potentialAction\":[{\"@type\":\"ReadAction\",\"target\":[\"https:\\\/\\\/thedailyreports.com\\\/fr\\\/2022\\\/11\\\/25\\\/repression-des-manifestations-et-soutien-a-la-russie-lunion-europeenne-sapprete-a-imposer-une-nouvelle-serie-de-sanctions-a-liran\\\/\"]}]},{\"@type\":\"ImageObject\",\"inLanguage\":\"en-US\",\"@id\":\"https:\\\/\\\/thedailyreports.com\\\/fr\\\/2022\\\/11\\\/25\\\/repression-des-manifestations-et-soutien-a-la-russie-lunion-europeenne-sapprete-a-imposer-une-nouvelle-serie-de-sanctions-a-liran\\\/#primaryimage\",\"url\":\"https:\\\/\\\/thedailyreports.com\\\/fr\\\/wp-content\\\/uploads\\\/2022\\\/11\\\/drapeaux-ue-et-iran.jpg\",\"contentUrl\":\"https:\\\/\\\/thedailyreports.com\\\/fr\\\/wp-content\\\/uploads\\\/2022\\\/11\\\/drapeaux-ue-et-iran.jpg\",\"width\":1200,\"height\":600},{\"@type\":\"BreadcrumbList\",\"@id\":\"https:\\\/\\\/thedailyreports.com\\\/fr\\\/2022\\\/11\\\/25\\\/repression-des-manifestations-et-soutien-a-la-russie-lunion-europeenne-sapprete-a-imposer-une-nouvelle-serie-de-sanctions-a-liran\\\/#breadcrumb\",\"itemListElement\":[{\"@type\":\"ListItem\",\"position\":1,\"name\":\"Home\",\"item\":\"https:\\\/\\\/thedailyreports.com\\\/fr\\\/\"},{\"@type\":\"ListItem\",\"position\":2,\"name\":\"R\u00e9pression des manifestations et soutien \u00e0 la Russie\u00a0: l\u2019Union europ\u00e9enne s\u2019appr\u00eate \u00e0 imposer une nouvelle s\u00e9rie de sanctions \u00e0 l\u2019Iran\"}]},{\"@type\":\"WebSite\",\"@id\":\"https:\\\/\\\/thedailyreports.com\\\/fr\\\/#website\",\"url\":\"https:\\\/\\\/thedailyreports.com\\\/fr\\\/\",\"name\":\"Les Rapports Quotidiens\",\"description\":\"Toute la v\u00e9rit\u00e9, rien que la v\u00e9rit\u00e9\",\"potentialAction\":[{\"@type\":\"SearchAction\",\"target\":{\"@type\":\"EntryPoint\",\"urlTemplate\":\"https:\\\/\\\/thedailyreports.com\\\/fr\\\/?s={search_term_string}\"},\"query-input\":{\"@type\":\"PropertyValueSpecification\",\"valueRequired\":true,\"valueName\":\"search_term_string\"}}],\"inLanguage\":\"en-US\"},{\"@type\":\"Person\",\"@id\":\"https:\\\/\\\/thedailyreports.com\\\/fr\\\/#\\\/schema\\\/person\\\/b00df16edad26ba8db109fb28c806a2a\",\"name\":\"The Daily Reports\",\"image\":{\"@type\":\"ImageObject\",\"inLanguage\":\"en-US\",\"@id\":\"https:\\\/\\\/secure.gravatar.com\\\/avatar\\\/302a03d420eae20396406f37e0504a570385b6e8478a3733ea8ee684acee8497?s=96&d=mm&r=g\",\"url\":\"https:\\\/\\\/secure.gravatar.com\\\/avatar\\\/302a03d420eae20396406f37e0504a570385b6e8478a3733ea8ee684acee8497?s=96&d=mm&r=g\",\"contentUrl\":\"https:\\\/\\\/secure.gravatar.com\\\/avatar\\\/302a03d420eae20396406f37e0504a570385b6e8478a3733ea8ee684acee8497?s=96&d=mm&r=g\",\"caption\":\"The Daily Reports\"},\"sameAs\":[\"https:\\\/\\\/thedailyreports.com\\\/fr\"],\"url\":\"https:\\\/\\\/thedailyreports.com\\\/fr\\\/author\\\/haythem\\\/\"}]}<\/script>\n<!-- \/ Yoast SEO plugin. -->","yoast_head_json":{"title":"R\u00e9pression des manifestations et soutien \u00e0 la Russie\u00a0: l\u2019Union europ\u00e9enne s\u2019appr\u00eate \u00e0 imposer une nouvelle s\u00e9rie de sanctions \u00e0 l\u2019Iran - Les Rapports Quotidiens","robots":{"index":"index","follow":"follow","max-snippet":"max-snippet:-1","max-image-preview":"max-image-preview:large","max-video-preview":"max-video-preview:-1"},"canonical":"https:\/\/thedailyreports.com\/fr\/2022\/11\/25\/repression-des-manifestations-et-soutien-a-la-russie-lunion-europeenne-sapprete-a-imposer-une-nouvelle-serie-de-sanctions-a-liran\/","og_locale":"en_US","og_type":"article","og_title":"R\u00e9pression des manifestations et soutien \u00e0 la Russie\u00a0: l\u2019Union europ\u00e9enne s\u2019appr\u00eate \u00e0 imposer une nouvelle s\u00e9rie de sanctions \u00e0 l\u2019Iran - Les Rapports Quotidiens","og_description":"Les puissances occidentales s&#8217;appr\u00eatent \u00e0 imposer une s\u00e9rie de sanctions \u00e0 plusieurs institutions iraniennes en raison de la r\u00e9pression meurtri\u00e8re exerc\u00e9e par les autorit\u00e9s contre les manifestations qui agitent le pays depuis 3 mois, et de l\u2019assistance offerte par le gouvernement iranien \u00e0 Moscou pour soutenir le pr\u00e9sident russe Vladimir Poutine dans sa guerre contre","og_url":"https:\/\/thedailyreports.com\/fr\/2022\/11\/25\/repression-des-manifestations-et-soutien-a-la-russie-lunion-europeenne-sapprete-a-imposer-une-nouvelle-serie-de-sanctions-a-liran\/","og_site_name":"Les Rapports Quotidiens","article_published_time":"2022-11-25T16:44:08+00:00","article_modified_time":"2022-11-25T21:39:10+00:00","og_image":[{"width":1200,"height":600,"url":"https:\/\/thedailyreports.com\/fr\/wp-content\/uploads\/2022\/11\/drapeaux-ue-et-iran.jpg","type":"image\/jpeg"}],"author":"The Daily Reports","twitter_card":"summary_large_image","twitter_misc":{"Written by":"The Daily Reports","Est. reading time":"3 minutes"},"schema":{"@context":"https:\/\/schema.org","@graph":[{"@type":"Article","@id":"https:\/\/thedailyreports.com\/fr\/2022\/11\/25\/repression-des-manifestations-et-soutien-a-la-russie-lunion-europeenne-sapprete-a-imposer-une-nouvelle-serie-de-sanctions-a-liran\/#article","isPartOf":{"@id":"https:\/\/thedailyreports.com\/fr\/2022\/11\/25\/repression-des-manifestations-et-soutien-a-la-russie-lunion-europeenne-sapprete-a-imposer-une-nouvelle-serie-de-sanctions-a-liran\/"},"author":{"name":"The Daily Reports","@id":"https:\/\/thedailyreports.com\/fr\/#\/schema\/person\/b00df16edad26ba8db109fb28c806a2a"},"headline":"R\u00e9pression des manifestations et soutien \u00e0 la Russie\u00a0: l\u2019Union europ\u00e9enne s\u2019appr\u00eate \u00e0 imposer une nouvelle s\u00e9rie de sanctions \u00e0 l\u2019Iran","datePublished":"2022-11-25T16:44:08+00:00","dateModified":"2022-11-25T21:39:10+00:00","mainEntityOfPage":{"@id":"https:\/\/thedailyreports.com\/fr\/2022\/11\/25\/repression-des-manifestations-et-soutien-a-la-russie-lunion-europeenne-sapprete-a-imposer-une-nouvelle-serie-de-sanctions-a-liran\/"},"wordCount":639,"commentCount":0,"image":{"@id":"https:\/\/thedailyreports.com\/fr\/2022\/11\/25\/repression-des-manifestations-et-soutien-a-la-russie-lunion-europeenne-sapprete-a-imposer-une-nouvelle-serie-de-sanctions-a-liran\/#primaryimage"},"thumbnailUrl":"https:\/\/thedailyreports.com\/fr\/wp-content\/uploads\/2022\/11\/drapeaux-ue-et-iran.jpg","articleSection":["Iran"],"inLanguage":"en-US","potentialAction":[{"@type":"CommentAction","name":"Comment","target":["https:\/\/thedailyreports.com\/fr\/2022\/11\/25\/repression-des-manifestations-et-soutien-a-la-russie-lunion-europeenne-sapprete-a-imposer-une-nouvelle-serie-de-sanctions-a-liran\/#respond"]}]},{"@type":"WebPage","@id":"https:\/\/thedailyreports.com\/fr\/2022\/11\/25\/repression-des-manifestations-et-soutien-a-la-russie-lunion-europeenne-sapprete-a-imposer-une-nouvelle-serie-de-sanctions-a-liran\/","url":"https:\/\/thedailyreports.com\/fr\/2022\/11\/25\/repression-des-manifestations-et-soutien-a-la-russie-lunion-europeenne-sapprete-a-imposer-une-nouvelle-serie-de-sanctions-a-liran\/","name":"R\u00e9pression des manifestations et soutien \u00e0 la Russie\u00a0: l\u2019Union europ\u00e9enne s\u2019appr\u00eate \u00e0 imposer une nouvelle s\u00e9rie de sanctions \u00e0 l\u2019Iran - Les Rapports Quotidiens","isPartOf":{"@id":"https:\/\/thedailyreports.com\/fr\/#website"},"primaryImageOfPage":{"@id":"https:\/\/thedailyreports.com\/fr\/2022\/11\/25\/repression-des-manifestations-et-soutien-a-la-russie-lunion-europeenne-sapprete-a-imposer-une-nouvelle-serie-de-sanctions-a-liran\/#primaryimage"},"image":{"@id":"https:\/\/thedailyreports.com\/fr\/2022\/11\/25\/repression-des-manifestations-et-soutien-a-la-russie-lunion-europeenne-sapprete-a-imposer-une-nouvelle-serie-de-sanctions-a-liran\/#primaryimage"},"thumbnailUrl":"https:\/\/thedailyreports.com\/fr\/wp-content\/uploads\/2022\/11\/drapeaux-ue-et-iran.jpg","datePublished":"2022-11-25T16:44:08+00:00","dateModified":"2022-11-25T21:39:10+00:00","author":{"@id":"https:\/\/thedailyreports.com\/fr\/#\/schema\/person\/b00df16edad26ba8db109fb28c806a2a"},"breadcrumb":{"@id":"https:\/\/thedailyreports.com\/fr\/2022\/11\/25\/repression-des-manifestations-et-soutien-a-la-russie-lunion-europeenne-sapprete-a-imposer-une-nouvelle-serie-de-sanctions-a-liran\/#breadcrumb"},"inLanguage":"en-US","potentialAction":[{"@type":"ReadAction","target":["https:\/\/thedailyreports.com\/fr\/2022\/11\/25\/repression-des-manifestations-et-soutien-a-la-russie-lunion-europeenne-sapprete-a-imposer-une-nouvelle-serie-de-sanctions-a-liran\/"]}]},{"@type":"ImageObject","inLanguage":"en-US","@id":"https:\/\/thedailyreports.com\/fr\/2022\/11\/25\/repression-des-manifestations-et-soutien-a-la-russie-lunion-europeenne-sapprete-a-imposer-une-nouvelle-serie-de-sanctions-a-liran\/#primaryimage","url":"https:\/\/thedailyreports.com\/fr\/wp-content\/uploads\/2022\/11\/drapeaux-ue-et-iran.jpg","contentUrl":"https:\/\/thedailyreports.com\/fr\/wp-content\/uploads\/2022\/11\/drapeaux-ue-et-iran.jpg","width":1200,"height":600},{"@type":"BreadcrumbList","@id":"https:\/\/thedailyreports.com\/fr\/2022\/11\/25\/repression-des-manifestations-et-soutien-a-la-russie-lunion-europeenne-sapprete-a-imposer-une-nouvelle-serie-de-sanctions-a-liran\/#breadcrumb","itemListElement":[{"@type":"ListItem","position":1,"name":"Home","item":"https:\/\/thedailyreports.com\/fr\/"},{"@type":"ListItem","position":2,"name":"R\u00e9pression des manifestations et soutien \u00e0 la Russie\u00a0: l\u2019Union europ\u00e9enne s\u2019appr\u00eate \u00e0 imposer une nouvelle s\u00e9rie de sanctions \u00e0 l\u2019Iran"}]},{"@type":"WebSite","@id":"https:\/\/thedailyreports.com\/fr\/#website","url":"https:\/\/thedailyreports.com\/fr\/","name":"Les Rapports Quotidiens","description":"Toute la v\u00e9rit\u00e9, rien que la v\u00e9rit\u00e9","potentialAction":[{"@type":"SearchAction","target":{"@type":"EntryPoint","urlTemplate":"https:\/\/thedailyreports.com\/fr\/?s={search_term_string}"},"query-input":{"@type":"PropertyValueSpecification","valueRequired":true,"valueName":"search_term_string"}}],"inLanguage":"en-US"},{"@type":"Person","@id":"https:\/\/thedailyreports.com\/fr\/#\/schema\/person\/b00df16edad26ba8db109fb28c806a2a","name":"The Daily Reports","image":{"@type":"ImageObject","inLanguage":"en-US","@id":"https:\/\/secure.gravatar.com\/avatar\/302a03d420eae20396406f37e0504a570385b6e8478a3733ea8ee684acee8497?s=96&d=mm&r=g","url":"https:\/\/secure.gravatar.com\/avatar\/302a03d420eae20396406f37e0504a570385b6e8478a3733ea8ee684acee8497?s=96&d=mm&r=g","contentUrl":"https:\/\/secure.gravatar.com\/avatar\/302a03d420eae20396406f37e0504a570385b6e8478a3733ea8ee684acee8497?s=96&d=mm&r=g","caption":"The Daily Reports"},"sameAs":["https:\/\/thedailyreports.com\/fr"],"url":"https:\/\/thedailyreports.com\/fr\/author\/haythem\/"}]}},"_links":{"self":[{"href":"https:\/\/thedailyreports.com\/fr\/wp-json\/wp\/v2\/posts\/7207","targetHints":{"allow":["GET"]}}],"collection":[{"href":"https:\/\/thedailyreports.com\/fr\/wp-json\/wp\/v2\/posts"}],"about":[{"href":"https:\/\/thedailyreports.com\/fr\/wp-json\/wp\/v2\/types\/post"}],"author":[{"embeddable":true,"href":"https:\/\/thedailyreports.com\/fr\/wp-json\/wp\/v2\/users\/5"}],"replies":[{"embeddable":true,"href":"https:\/\/thedailyreports.com\/fr\/wp-json\/wp\/v2\/comments?post=7207"}],"version-history":[{"count":1,"href":"https:\/\/thedailyreports.com\/fr\/wp-json\/wp\/v2\/posts\/7207\/revisions"}],"predecessor-version":[{"id":7209,"href":"https:\/\/thedailyreports.com\/fr\/wp-json\/wp\/v2\/posts\/7207\/revisions\/7209"}],"wp:featuredmedia":[{"embeddable":true,"href":"https:\/\/thedailyreports.com\/fr\/wp-json\/wp\/v2\/media\/7218"}],"wp:attachment":[{"href":"https:\/\/thedailyreports.com\/fr\/wp-json\/wp\/v2\/media?parent=7207"}],"wp:term":[{"taxonomy":"category","embeddable":true,"href":"https:\/\/thedailyreports.com\/fr\/wp-json\/wp\/v2\/categories?post=7207"},{"taxonomy":"post_tag","embeddable":true,"href":"https:\/\/thedailyreports.com\/fr\/wp-json\/wp\/v2\/tags?post=7207"}],"curies":[{"name":"wp","href":"https:\/\/api.w.org\/{rel}","templated":true}]}}