{"id":7156,"date":"2022-11-18T19:01:01","date_gmt":"2022-11-18T18:01:01","guid":{"rendered":"https:\/\/thedailyreports.com\/fr\/?p=7156"},"modified":"2022-11-18T19:01:28","modified_gmt":"2022-11-18T18:01:28","slug":"iran-lancienne-demeure-de-layatollah-khomeini-incendiee-par-les-manifestants","status":"publish","type":"post","link":"https:\/\/thedailyreports.com\/fr\/2022\/11\/18\/iran-lancienne-demeure-de-layatollah-khomeini-incendiee-par-les-manifestants\/","title":{"rendered":"<strong>Iran\u00a0: l&#8217;ancienne demeure de l&#8217;ayatollah Khomeini incendi\u00e9e par les manifestants<\/strong>"},"content":{"rendered":"\n<p>Des manifestants iraniens ont incendi\u00e9 l&#8217;ancienne r\u00e9sidence du fondateur extr\u00e9miste de la R\u00e9publique islamique d\u2019Iran, l&#8217;Ayatollah Ruhollah Khomeini, et les manifestations se poursuivent dans tout le pays malgr\u00e9 une r\u00e9pression brutale des autorit\u00e9s, selon les nombreuses images diffus\u00e9es sur les r\u00e9seaux sociaux.<\/p>\n\n\n\n<p>Au moins 23 villes d&#8217;Iran ont \u00e9t\u00e9 envahies par les manifestants jeudi, selon les vid\u00e9os publi\u00e9es par le groupe militant 1500tasvir sur Twitter.<\/p>\n\n\n\n<p>Des vid\u00e9os mises en ligne ont montr\u00e9 des manifestants en train de s\u2019en prendre \u00e0 l&#8217;ancienne maison du dirigeant l&#8217;ayatollah Khomeini, qui a \u00e9t\u00e9 transform\u00e9e en mus\u00e9e en hommage \u00e0 l&#8217;architecte de la r\u00e9volution iranienne qui a fond\u00e9 la R\u00e9publique islamique en 1979.<\/p>\n\n\n\n<p>A Khomein, lieu de naissance de l&#8217;ancien leader o\u00f9 se trouve \u00e9galement le mus\u00e9e, les manifestants ont scand\u00e9 des slogans appelant \u00e0 la fin du r\u00e9gime violent des mollahs pendant que la propri\u00e9t\u00e9 prenait en feu.<\/p>\n\n\n\n<p>Une vid\u00e9o publi\u00e9e par le groupe militant \u00ab&nbsp;1500tasvir&nbsp;\u00bb a montr\u00e9 des manifestants \u00e0 T\u00e9h\u00e9ran criant&nbsp;: &#8220;Cette ann\u00e9e est l&#8217;ann\u00e9e du sang, [le Guide supr\u00eame Ali Khamenei] sera renvers\u00e9.&#8221;<\/p>\n\n\n\n<p>Cinq membres des forces de l\u2019ordre ont \u00e9t\u00e9 tu\u00e9s lors des manifestations de jeudi, selon l&#8217;agence de presse semi-officielle iranienne \u00ab&nbsp;Fars&nbsp;\u00bb.<\/p>\n\n\n\n<figure class=\"wp-block-embed is-type-rich is-provider-twitter wp-block-embed-twitter\"><div class=\"wp-block-embed__wrapper\">\n<blockquote class=\"twitter-tweet\" data-width=\"550\" data-dnt=\"true\"><p lang=\"en\" dir=\"ltr\">Remarkable: Protestors in Iran torched the ancestral home (now a museum) of Ayatollah Khomeini, the father of the 1979 revolution, in the town of Khomein. <a href=\"https:\/\/t.co\/ikWMVVfzfM\">pic.twitter.com\/ikWMVVfzfM<\/a><\/p>&mdash; Karim Sadjadpour (@ksadjadpour) <a href=\"https:\/\/twitter.com\/ksadjadpour\/status\/1593396632153890817?ref_src=twsrc%5Etfw\">November 18, 2022<\/a><\/blockquote><script async src=\"https:\/\/platform.twitter.com\/widgets.js\" charset=\"utf-8\"><\/script>\n<\/div><\/figure>\n\n\n\n<p>Les manifestations en Iran sont entr\u00e9es dans leur troisi\u00e8me mois et des centaines de personnes ont envahi les rues cette semaine pour marquer l&#8217;anniversaire du &#8220;novembre sanglant&#8221; de 2019, lorsque des centaines de personnes ont \u00e9t\u00e9 tu\u00e9es pour avoir manifest\u00e9 contre la hausse des prix du carburant.<\/p>\n\n\n\n<p>Les protestations qui agitent l\u2019Iran et qui sont relay\u00e9es dans le monde entier, ont \u00e9t\u00e9 d\u00e9clench\u00e9es par la mort de la jeune kurde de 22 ans, Mahsa Amini, le 16 septembre dernier pendant sa garde \u00e0 vue dans un commissariat, \u00e0 la suite de son arrestation par la police des m\u0153urs pour avoir enfreint les r\u00e8gles strictes du port du voile, impos\u00e9es \u00e0 toutes les femmes en Iran.<\/p>\n\n\n\n<p>Plus de 300 personnes ont \u00e9t\u00e9 tu\u00e9es et des milliers d&#8217;autres ont \u00e9t\u00e9 arr\u00eat\u00e9es, selon les organisations de d\u00e9fense des droits de l\u2019homme. Cette semaine, le pouvoir judiciaire iranien a prononc\u00e9 cinq condamnations \u00e0 mort et a promis une action f\u00e9roce contre les manifestants qu\u2019il qualifie d\u2019&#8221;\u00e9meutiers&#8221;.<\/p>\n\n\n\n<p>Plac\u00e9 devant le plus gros d\u00e9fi jamais survenu depuis ses d\u00e9buts en 1979, le r\u00e9gime iranien a imput\u00e9 la responsabilit\u00e9 des troubles \u00e0 des puissances \u00e9trang\u00e8res, notamment les \u00c9tats-Unis et Isra\u00ebl.<\/p>\n","protected":false},"excerpt":{"rendered":"<p>Des manifestants iraniens ont incendi\u00e9 l&#8217;ancienne r\u00e9sidence du fondateur extr\u00e9miste de la R\u00e9publique islamique d\u2019Iran, l&#8217;Ayatollah Ruhollah Khomeini, et les manifestations se poursuivent dans tout le pays malgr\u00e9 une r\u00e9pression brutale des autorit\u00e9s, selon les nombreuses images diffus\u00e9es sur les r\u00e9seaux sociaux. Au moins 23 villes d&#8217;Iran ont \u00e9t\u00e9 envahies par les manifestants jeudi, selon<\/p>\n","protected":false},"author":5,"featured_media":7158,"comment_status":"open","ping_status":"open","sticky":false,"template":"","format":"standard","meta":{"footnotes":""},"categories":[25],"tags":[],"class_list":{"0":"post-7156","1":"post","2":"type-post","3":"status-publish","4":"format-standard","5":"has-post-thumbnail","7":"category-iran"},"yoast_head":"<!-- This site is optimized with the Yoast SEO plugin v27.4 - https:\/\/yoast.com\/product\/yoast-seo-wordpress\/ -->\n<title>Iran\u00a0: l&#039;ancienne demeure de l&#039;ayatollah Khomeini incendi\u00e9e par les manifestants - Les Rapports Quotidiens<\/title>\n<meta name=\"robots\" content=\"index, follow, max-snippet:-1, max-image-preview:large, max-video-preview:-1\" \/>\n<link rel=\"canonical\" href=\"https:\/\/thedailyreports.com\/fr\/2022\/11\/18\/iran-lancienne-demeure-de-layatollah-khomeini-incendiee-par-les-manifestants\/\" \/>\n<meta property=\"og:locale\" content=\"en_US\" \/>\n<meta property=\"og:type\" content=\"article\" \/>\n<meta property=\"og:title\" content=\"Iran\u00a0: l&#039;ancienne demeure de l&#039;ayatollah Khomeini incendi\u00e9e par les manifestants - Les Rapports Quotidiens\" \/>\n<meta property=\"og:description\" content=\"Des manifestants iraniens ont incendi\u00e9 l&#8217;ancienne r\u00e9sidence du fondateur extr\u00e9miste de la R\u00e9publique islamique d\u2019Iran, l&#8217;Ayatollah Ruhollah Khomeini, et les manifestations se poursuivent dans tout le pays malgr\u00e9 une r\u00e9pression brutale des autorit\u00e9s, selon les nombreuses images diffus\u00e9es sur les r\u00e9seaux sociaux. Au moins 23 villes d&#8217;Iran ont \u00e9t\u00e9 envahies par les manifestants jeudi, selon\" \/>\n<meta property=\"og:url\" content=\"https:\/\/thedailyreports.com\/fr\/2022\/11\/18\/iran-lancienne-demeure-de-layatollah-khomeini-incendiee-par-les-manifestants\/\" \/>\n<meta property=\"og:site_name\" content=\"Les Rapports Quotidiens\" \/>\n<meta property=\"article:published_time\" content=\"2022-11-18T18:01:01+00:00\" \/>\n<meta property=\"article:modified_time\" content=\"2022-11-18T18:01:28+00:00\" \/>\n<meta property=\"og:image\" content=\"https:\/\/thedailyreports.com\/fr\/wp-content\/uploads\/2022\/11\/519265.webp\" \/>\n\t<meta property=\"og:image:width\" content=\"640\" \/>\n\t<meta property=\"og:image:height\" content=\"428\" \/>\n\t<meta property=\"og:image:type\" content=\"image\/webp\" \/>\n<meta name=\"author\" content=\"The Daily Reports\" \/>\n<meta name=\"twitter:card\" content=\"summary_large_image\" \/>\n<meta name=\"twitter:label1\" content=\"Written by\" \/>\n\t<meta name=\"twitter:data1\" content=\"The Daily Reports\" \/>\n\t<meta name=\"twitter:label2\" content=\"Est. reading time\" \/>\n\t<meta name=\"twitter:data2\" content=\"2 minutes\" \/>\n<script type=\"application\/ld+json\" class=\"yoast-schema-graph\">{\"@context\":\"https:\\\/\\\/schema.org\",\"@graph\":[{\"@type\":\"Article\",\"@id\":\"https:\\\/\\\/thedailyreports.com\\\/fr\\\/2022\\\/11\\\/18\\\/iran-lancienne-demeure-de-layatollah-khomeini-incendiee-par-les-manifestants\\\/#article\",\"isPartOf\":{\"@id\":\"https:\\\/\\\/thedailyreports.com\\\/fr\\\/2022\\\/11\\\/18\\\/iran-lancienne-demeure-de-layatollah-khomeini-incendiee-par-les-manifestants\\\/\"},\"author\":{\"name\":\"The Daily Reports\",\"@id\":\"https:\\\/\\\/thedailyreports.com\\\/fr\\\/#\\\/schema\\\/person\\\/b00df16edad26ba8db109fb28c806a2a\"},\"headline\":\"Iran\u00a0: l&#8217;ancienne demeure de l&#8217;ayatollah Khomeini incendi\u00e9e par les manifestants\",\"datePublished\":\"2022-11-18T18:01:01+00:00\",\"dateModified\":\"2022-11-18T18:01:28+00:00\",\"mainEntityOfPage\":{\"@id\":\"https:\\\/\\\/thedailyreports.com\\\/fr\\\/2022\\\/11\\\/18\\\/iran-lancienne-demeure-de-layatollah-khomeini-incendiee-par-les-manifestants\\\/\"},\"wordCount\":486,\"commentCount\":0,\"image\":{\"@id\":\"https:\\\/\\\/thedailyreports.com\\\/fr\\\/2022\\\/11\\\/18\\\/iran-lancienne-demeure-de-layatollah-khomeini-incendiee-par-les-manifestants\\\/#primaryimage\"},\"thumbnailUrl\":\"https:\\\/\\\/thedailyreports.com\\\/fr\\\/wp-content\\\/uploads\\\/2022\\\/11\\\/519265.webp\",\"articleSection\":[\"Iran\"],\"inLanguage\":\"en-US\",\"potentialAction\":[{\"@type\":\"CommentAction\",\"name\":\"Comment\",\"target\":[\"https:\\\/\\\/thedailyreports.com\\\/fr\\\/2022\\\/11\\\/18\\\/iran-lancienne-demeure-de-layatollah-khomeini-incendiee-par-les-manifestants\\\/#respond\"]}]},{\"@type\":\"WebPage\",\"@id\":\"https:\\\/\\\/thedailyreports.com\\\/fr\\\/2022\\\/11\\\/18\\\/iran-lancienne-demeure-de-layatollah-khomeini-incendiee-par-les-manifestants\\\/\",\"url\":\"https:\\\/\\\/thedailyreports.com\\\/fr\\\/2022\\\/11\\\/18\\\/iran-lancienne-demeure-de-layatollah-khomeini-incendiee-par-les-manifestants\\\/\",\"name\":\"Iran\u00a0: l'ancienne demeure de l'ayatollah Khomeini incendi\u00e9e par les manifestants - Les Rapports Quotidiens\",\"isPartOf\":{\"@id\":\"https:\\\/\\\/thedailyreports.com\\\/fr\\\/#website\"},\"primaryImageOfPage\":{\"@id\":\"https:\\\/\\\/thedailyreports.com\\\/fr\\\/2022\\\/11\\\/18\\\/iran-lancienne-demeure-de-layatollah-khomeini-incendiee-par-les-manifestants\\\/#primaryimage\"},\"image\":{\"@id\":\"https:\\\/\\\/thedailyreports.com\\\/fr\\\/2022\\\/11\\\/18\\\/iran-lancienne-demeure-de-layatollah-khomeini-incendiee-par-les-manifestants\\\/#primaryimage\"},\"thumbnailUrl\":\"https:\\\/\\\/thedailyreports.com\\\/fr\\\/wp-content\\\/uploads\\\/2022\\\/11\\\/519265.webp\",\"datePublished\":\"2022-11-18T18:01:01+00:00\",\"dateModified\":\"2022-11-18T18:01:28+00:00\",\"author\":{\"@id\":\"https:\\\/\\\/thedailyreports.com\\\/fr\\\/#\\\/schema\\\/person\\\/b00df16edad26ba8db109fb28c806a2a\"},\"breadcrumb\":{\"@id\":\"https:\\\/\\\/thedailyreports.com\\\/fr\\\/2022\\\/11\\\/18\\\/iran-lancienne-demeure-de-layatollah-khomeini-incendiee-par-les-manifestants\\\/#breadcrumb\"},\"inLanguage\":\"en-US\",\"potentialAction\":[{\"@type\":\"ReadAction\",\"target\":[\"https:\\\/\\\/thedailyreports.com\\\/fr\\\/2022\\\/11\\\/18\\\/iran-lancienne-demeure-de-layatollah-khomeini-incendiee-par-les-manifestants\\\/\"]}]},{\"@type\":\"ImageObject\",\"inLanguage\":\"en-US\",\"@id\":\"https:\\\/\\\/thedailyreports.com\\\/fr\\\/2022\\\/11\\\/18\\\/iran-lancienne-demeure-de-layatollah-khomeini-incendiee-par-les-manifestants\\\/#primaryimage\",\"url\":\"https:\\\/\\\/thedailyreports.com\\\/fr\\\/wp-content\\\/uploads\\\/2022\\\/11\\\/519265.webp\",\"contentUrl\":\"https:\\\/\\\/thedailyreports.com\\\/fr\\\/wp-content\\\/uploads\\\/2022\\\/11\\\/519265.webp\",\"width\":640,\"height\":428},{\"@type\":\"BreadcrumbList\",\"@id\":\"https:\\\/\\\/thedailyreports.com\\\/fr\\\/2022\\\/11\\\/18\\\/iran-lancienne-demeure-de-layatollah-khomeini-incendiee-par-les-manifestants\\\/#breadcrumb\",\"itemListElement\":[{\"@type\":\"ListItem\",\"position\":1,\"name\":\"Home\",\"item\":\"https:\\\/\\\/thedailyreports.com\\\/fr\\\/\"},{\"@type\":\"ListItem\",\"position\":2,\"name\":\"Iran\u00a0: l&#8217;ancienne demeure de l&#8217;ayatollah Khomeini incendi\u00e9e par les manifestants\"}]},{\"@type\":\"WebSite\",\"@id\":\"https:\\\/\\\/thedailyreports.com\\\/fr\\\/#website\",\"url\":\"https:\\\/\\\/thedailyreports.com\\\/fr\\\/\",\"name\":\"Les Rapports Quotidiens\",\"description\":\"Toute la v\u00e9rit\u00e9, rien que la v\u00e9rit\u00e9\",\"potentialAction\":[{\"@type\":\"SearchAction\",\"target\":{\"@type\":\"EntryPoint\",\"urlTemplate\":\"https:\\\/\\\/thedailyreports.com\\\/fr\\\/?s={search_term_string}\"},\"query-input\":{\"@type\":\"PropertyValueSpecification\",\"valueRequired\":true,\"valueName\":\"search_term_string\"}}],\"inLanguage\":\"en-US\"},{\"@type\":\"Person\",\"@id\":\"https:\\\/\\\/thedailyreports.com\\\/fr\\\/#\\\/schema\\\/person\\\/b00df16edad26ba8db109fb28c806a2a\",\"name\":\"The Daily Reports\",\"image\":{\"@type\":\"ImageObject\",\"inLanguage\":\"en-US\",\"@id\":\"https:\\\/\\\/secure.gravatar.com\\\/avatar\\\/302a03d420eae20396406f37e0504a570385b6e8478a3733ea8ee684acee8497?s=96&d=mm&r=g\",\"url\":\"https:\\\/\\\/secure.gravatar.com\\\/avatar\\\/302a03d420eae20396406f37e0504a570385b6e8478a3733ea8ee684acee8497?s=96&d=mm&r=g\",\"contentUrl\":\"https:\\\/\\\/secure.gravatar.com\\\/avatar\\\/302a03d420eae20396406f37e0504a570385b6e8478a3733ea8ee684acee8497?s=96&d=mm&r=g\",\"caption\":\"The Daily Reports\"},\"sameAs\":[\"https:\\\/\\\/thedailyreports.com\\\/fr\"],\"url\":\"https:\\\/\\\/thedailyreports.com\\\/fr\\\/author\\\/haythem\\\/\"}]}<\/script>\n<!-- \/ Yoast SEO plugin. -->","yoast_head_json":{"title":"Iran\u00a0: l'ancienne demeure de l'ayatollah Khomeini incendi\u00e9e par les manifestants - Les Rapports Quotidiens","robots":{"index":"index","follow":"follow","max-snippet":"max-snippet:-1","max-image-preview":"max-image-preview:large","max-video-preview":"max-video-preview:-1"},"canonical":"https:\/\/thedailyreports.com\/fr\/2022\/11\/18\/iran-lancienne-demeure-de-layatollah-khomeini-incendiee-par-les-manifestants\/","og_locale":"en_US","og_type":"article","og_title":"Iran\u00a0: l'ancienne demeure de l'ayatollah Khomeini incendi\u00e9e par les manifestants - Les Rapports Quotidiens","og_description":"Des manifestants iraniens ont incendi\u00e9 l&#8217;ancienne r\u00e9sidence du fondateur extr\u00e9miste de la R\u00e9publique islamique d\u2019Iran, l&#8217;Ayatollah Ruhollah Khomeini, et les manifestations se poursuivent dans tout le pays malgr\u00e9 une r\u00e9pression brutale des autorit\u00e9s, selon les nombreuses images diffus\u00e9es sur les r\u00e9seaux sociaux. Au moins 23 villes d&#8217;Iran ont \u00e9t\u00e9 envahies par les manifestants jeudi, selon","og_url":"https:\/\/thedailyreports.com\/fr\/2022\/11\/18\/iran-lancienne-demeure-de-layatollah-khomeini-incendiee-par-les-manifestants\/","og_site_name":"Les Rapports Quotidiens","article_published_time":"2022-11-18T18:01:01+00:00","article_modified_time":"2022-11-18T18:01:28+00:00","og_image":[{"width":640,"height":428,"url":"https:\/\/thedailyreports.com\/fr\/wp-content\/uploads\/2022\/11\/519265.webp","type":"image\/webp"}],"author":"The Daily Reports","twitter_card":"summary_large_image","twitter_misc":{"Written by":"The Daily Reports","Est. reading time":"2 minutes"},"schema":{"@context":"https:\/\/schema.org","@graph":[{"@type":"Article","@id":"https:\/\/thedailyreports.com\/fr\/2022\/11\/18\/iran-lancienne-demeure-de-layatollah-khomeini-incendiee-par-les-manifestants\/#article","isPartOf":{"@id":"https:\/\/thedailyreports.com\/fr\/2022\/11\/18\/iran-lancienne-demeure-de-layatollah-khomeini-incendiee-par-les-manifestants\/"},"author":{"name":"The Daily Reports","@id":"https:\/\/thedailyreports.com\/fr\/#\/schema\/person\/b00df16edad26ba8db109fb28c806a2a"},"headline":"Iran\u00a0: l&#8217;ancienne demeure de l&#8217;ayatollah Khomeini incendi\u00e9e par les manifestants","datePublished":"2022-11-18T18:01:01+00:00","dateModified":"2022-11-18T18:01:28+00:00","mainEntityOfPage":{"@id":"https:\/\/thedailyreports.com\/fr\/2022\/11\/18\/iran-lancienne-demeure-de-layatollah-khomeini-incendiee-par-les-manifestants\/"},"wordCount":486,"commentCount":0,"image":{"@id":"https:\/\/thedailyreports.com\/fr\/2022\/11\/18\/iran-lancienne-demeure-de-layatollah-khomeini-incendiee-par-les-manifestants\/#primaryimage"},"thumbnailUrl":"https:\/\/thedailyreports.com\/fr\/wp-content\/uploads\/2022\/11\/519265.webp","articleSection":["Iran"],"inLanguage":"en-US","potentialAction":[{"@type":"CommentAction","name":"Comment","target":["https:\/\/thedailyreports.com\/fr\/2022\/11\/18\/iran-lancienne-demeure-de-layatollah-khomeini-incendiee-par-les-manifestants\/#respond"]}]},{"@type":"WebPage","@id":"https:\/\/thedailyreports.com\/fr\/2022\/11\/18\/iran-lancienne-demeure-de-layatollah-khomeini-incendiee-par-les-manifestants\/","url":"https:\/\/thedailyreports.com\/fr\/2022\/11\/18\/iran-lancienne-demeure-de-layatollah-khomeini-incendiee-par-les-manifestants\/","name":"Iran\u00a0: l'ancienne demeure de l'ayatollah Khomeini incendi\u00e9e par les manifestants - Les Rapports Quotidiens","isPartOf":{"@id":"https:\/\/thedailyreports.com\/fr\/#website"},"primaryImageOfPage":{"@id":"https:\/\/thedailyreports.com\/fr\/2022\/11\/18\/iran-lancienne-demeure-de-layatollah-khomeini-incendiee-par-les-manifestants\/#primaryimage"},"image":{"@id":"https:\/\/thedailyreports.com\/fr\/2022\/11\/18\/iran-lancienne-demeure-de-layatollah-khomeini-incendiee-par-les-manifestants\/#primaryimage"},"thumbnailUrl":"https:\/\/thedailyreports.com\/fr\/wp-content\/uploads\/2022\/11\/519265.webp","datePublished":"2022-11-18T18:01:01+00:00","dateModified":"2022-11-18T18:01:28+00:00","author":{"@id":"https:\/\/thedailyreports.com\/fr\/#\/schema\/person\/b00df16edad26ba8db109fb28c806a2a"},"breadcrumb":{"@id":"https:\/\/thedailyreports.com\/fr\/2022\/11\/18\/iran-lancienne-demeure-de-layatollah-khomeini-incendiee-par-les-manifestants\/#breadcrumb"},"inLanguage":"en-US","potentialAction":[{"@type":"ReadAction","target":["https:\/\/thedailyreports.com\/fr\/2022\/11\/18\/iran-lancienne-demeure-de-layatollah-khomeini-incendiee-par-les-manifestants\/"]}]},{"@type":"ImageObject","inLanguage":"en-US","@id":"https:\/\/thedailyreports.com\/fr\/2022\/11\/18\/iran-lancienne-demeure-de-layatollah-khomeini-incendiee-par-les-manifestants\/#primaryimage","url":"https:\/\/thedailyreports.com\/fr\/wp-content\/uploads\/2022\/11\/519265.webp","contentUrl":"https:\/\/thedailyreports.com\/fr\/wp-content\/uploads\/2022\/11\/519265.webp","width":640,"height":428},{"@type":"BreadcrumbList","@id":"https:\/\/thedailyreports.com\/fr\/2022\/11\/18\/iran-lancienne-demeure-de-layatollah-khomeini-incendiee-par-les-manifestants\/#breadcrumb","itemListElement":[{"@type":"ListItem","position":1,"name":"Home","item":"https:\/\/thedailyreports.com\/fr\/"},{"@type":"ListItem","position":2,"name":"Iran\u00a0: l&#8217;ancienne demeure de l&#8217;ayatollah Khomeini incendi\u00e9e par les manifestants"}]},{"@type":"WebSite","@id":"https:\/\/thedailyreports.com\/fr\/#website","url":"https:\/\/thedailyreports.com\/fr\/","name":"Les Rapports Quotidiens","description":"Toute la v\u00e9rit\u00e9, rien que la v\u00e9rit\u00e9","potentialAction":[{"@type":"SearchAction","target":{"@type":"EntryPoint","urlTemplate":"https:\/\/thedailyreports.com\/fr\/?s={search_term_string}"},"query-input":{"@type":"PropertyValueSpecification","valueRequired":true,"valueName":"search_term_string"}}],"inLanguage":"en-US"},{"@type":"Person","@id":"https:\/\/thedailyreports.com\/fr\/#\/schema\/person\/b00df16edad26ba8db109fb28c806a2a","name":"The Daily Reports","image":{"@type":"ImageObject","inLanguage":"en-US","@id":"https:\/\/secure.gravatar.com\/avatar\/302a03d420eae20396406f37e0504a570385b6e8478a3733ea8ee684acee8497?s=96&d=mm&r=g","url":"https:\/\/secure.gravatar.com\/avatar\/302a03d420eae20396406f37e0504a570385b6e8478a3733ea8ee684acee8497?s=96&d=mm&r=g","contentUrl":"https:\/\/secure.gravatar.com\/avatar\/302a03d420eae20396406f37e0504a570385b6e8478a3733ea8ee684acee8497?s=96&d=mm&r=g","caption":"The Daily Reports"},"sameAs":["https:\/\/thedailyreports.com\/fr"],"url":"https:\/\/thedailyreports.com\/fr\/author\/haythem\/"}]}},"_links":{"self":[{"href":"https:\/\/thedailyreports.com\/fr\/wp-json\/wp\/v2\/posts\/7156","targetHints":{"allow":["GET"]}}],"collection":[{"href":"https:\/\/thedailyreports.com\/fr\/wp-json\/wp\/v2\/posts"}],"about":[{"href":"https:\/\/thedailyreports.com\/fr\/wp-json\/wp\/v2\/types\/post"}],"author":[{"embeddable":true,"href":"https:\/\/thedailyreports.com\/fr\/wp-json\/wp\/v2\/users\/5"}],"replies":[{"embeddable":true,"href":"https:\/\/thedailyreports.com\/fr\/wp-json\/wp\/v2\/comments?post=7156"}],"version-history":[{"count":3,"href":"https:\/\/thedailyreports.com\/fr\/wp-json\/wp\/v2\/posts\/7156\/revisions"}],"predecessor-version":[{"id":7160,"href":"https:\/\/thedailyreports.com\/fr\/wp-json\/wp\/v2\/posts\/7156\/revisions\/7160"}],"wp:featuredmedia":[{"embeddable":true,"href":"https:\/\/thedailyreports.com\/fr\/wp-json\/wp\/v2\/media\/7158"}],"wp:attachment":[{"href":"https:\/\/thedailyreports.com\/fr\/wp-json\/wp\/v2\/media?parent=7156"}],"wp:term":[{"taxonomy":"category","embeddable":true,"href":"https:\/\/thedailyreports.com\/fr\/wp-json\/wp\/v2\/categories?post=7156"},{"taxonomy":"post_tag","embeddable":true,"href":"https:\/\/thedailyreports.com\/fr\/wp-json\/wp\/v2\/tags?post=7156"}],"curies":[{"name":"wp","href":"https:\/\/api.w.org\/{rel}","templated":true}]}}