{"id":7144,"date":"2022-11-16T21:02:30","date_gmt":"2022-11-16T20:02:30","guid":{"rendered":"https:\/\/thedailyreports.com\/fr\/?p=7144"},"modified":"2022-11-16T21:02:31","modified_gmt":"2022-11-16T20:02:31","slug":"liran-condamne-trois-manifestants-a-mort","status":"publish","type":"post","link":"https:\/\/thedailyreports.com\/fr\/2022\/11\/16\/liran-condamne-trois-manifestants-a-mort\/","title":{"rendered":"<strong>L&#8217;Iran condamne trois manifestants \u00e0 mort<\/strong>"},"content":{"rendered":"\n<p>Les tribunaux iraniens ont prononc\u00e9 trois nouvelles condamnations \u00e0 mort pour des violences commises dans le cadre des manifestations d\u00e9clench\u00e9es par la mort de Mahsa Amini, a annonc\u00e9 aujourd\u2019hui, mercredi, le pouvoir judiciaire iranien, portant \u00e0 cinq le nombre total des condamnations prononc\u00e9es en seulement trois jours.<\/p>\n\n\n\n<p>L&#8217;un des condamn\u00e9s a \u00e9t\u00e9 reconnu coupable d&#8217;avoir attaqu\u00e9 des repr\u00e9sentants de l\u2019ordre avec son v\u00e9hicule et d\u2019avoir tu\u00e9 l&#8217;un d&#8217;entre eux. Le deuxi\u00e8me a poignard\u00e9 un agent de s\u00e9curit\u00e9 et le troisi\u00e8me a tent\u00e9 de bloquer la circulation et de r\u00e9pandre la &#8220;terreur&#8221;, a indiqu\u00e9 le pouvoir judiciaire iranien via son site Web Mizan Online, citant les verdicts.<\/p>\n\n\n\n<p>Cinq personnes ont \u00e9t\u00e9 jug\u00e9es le 29 octobre devant le tribunal r\u00e9volutionnaire de T\u00e9h\u00e9ran, a annonc\u00e9 la justice iranienne.<\/p>\n\n\n\n<p>L&#8217;Iran est soumis \u00e0 des protestations, qualifi\u00e9es d'&#8221;\u00e9meutes&#8221; par le r\u00e9gime, depuis la mort de Mahsa Amini le 16 septembre dernier, trois jours apr\u00e8s son arrestation par la police des m\u0153urs \u00e0 la suite d\u2019une infraction pr\u00e9sum\u00e9e au code vestimentaire des femmes en Iran.<\/p>\n\n\n\n<figure class=\"wp-block-embed is-type-rich is-provider-twitter wp-block-embed-twitter\"><div class=\"wp-block-embed__wrapper\">\nhttps:\/\/twitter.com\/1500tasvir_en\/status\/1592925489169313792?ref_src=twsrc%5Etfw%7Ctwcamp%5Etweetembed%7Ctwterm%5E1592925489169313792%7Ctwgr%5E6a6d13c3d02657ed26161524d589012219a3053a%7Ctwcon%5Es1_&#038;ref_url=https%3A%2F%2Fenglish.alarabiya.net%2FNews%2Fmiddle-east%2F2022%2F11%2F16%2FAt-least-four-killed-in-armed-attack-in-southwest-Iran-State-media-\n<\/div><\/figure>\n\n\n\n<p>Selon les autorit\u00e9s judiciaires, plus de 2 000 personnes ont \u00e9t\u00e9 condamn\u00e9s dans diff\u00e9rentes provinces iraniennes dans le cadre des manifestations.<\/p>\n\n\n\n<p>Selon le site Mizan Online, un homme appel\u00e9 Mohammad Ghobadlou a \u00e9t\u00e9 inculp\u00e9 \u00e0 T\u00e9h\u00e9ran pour avoir &#8220;attaqu\u00e9 la police avec une voiture, tuant un agent et blessant cinq autres&#8221;.<\/p>\n\n\n\n<p>Parmi les cinq condamn\u00e9s \u00e0 mort, un d\u00e9nomm\u00e9 Saeed Shirazi a \u00e9t\u00e9 inculp\u00e9 pour avoir &#8220;incit\u00e9 les gens \u00e0 commettre des crimes contre la s\u00e9curit\u00e9 du pays&#8221;, a d\u00e9clar\u00e9 Mizan Online.<\/p>\n\n\n\n<p>Les trois autres, identifi\u00e9s comme \u00e9tant Saman Seyedi, Mohammad Boroghani et Mohsen Rezazadeh, ont tous \u00e9t\u00e9 accus\u00e9s de &#8220;moharebeh&#8221;, ce qui signifie &#8220;guerre contre Dieu&#8221;, un d\u00e9lit qui peut \u00e9galement entra\u00eener une condamnation \u00e0 mort.<\/p>\n\n\n\n<p>En outre, au moins cinq personnes ont \u00e9t\u00e9 tu\u00e9es et 15 autres ont \u00e9t\u00e9 bless\u00e9es dans un &#8220;attentat terroriste&#8221; survenu aujourd\u2019hui \u00e0 Izeh, une ville du sud-ouest de l&#8217;Iran, a indiqu\u00e9 l&#8217;agence de presse d\u2019Etat IRNA.<\/p>\n\n\n\n<p>Deux motocyclistes ont ouvert le feu dans un march\u00e9 d&#8217;Izeh, une ville de la province p\u00e9troli\u00e8re du Khuzestan, a d\u00e9clar\u00e9 l\u2019agence IRNA.<\/p>\n\n\n\n<figure class=\"wp-block-embed is-type-rich is-provider-twitter wp-block-embed-twitter\"><div class=\"wp-block-embed__wrapper\">\nhttps:\/\/twitter.com\/1500tasvir_en\/status\/1592926912376340480?ref_src=twsrc%5Etfw%7Ctwcamp%5Etweetembed%7Ctwterm%5E1592926912376340480%7Ctwgr%5E5aedd10c650666375994f997b981536f2eeb4cbd%7Ctwcon%5Es1_&#038;ref_url=https%3A%2F%2Fenglish.alarabiya.net%2FNews%2Fmiddle-east%2F2022%2F11%2F16%2FAt-least-four-killed-in-armed-attack-in-southwest-Iran-State-media-\n<\/div><\/figure>\n\n\n\n<p>Des membres des forces de l\u2019ordre figurent parmi les victimes, selon l\u2019agence de presse iranienne.<\/p>\n\n\n\n<p>Le mois dernier, l\u2019Etat islamique a revendiqu\u00e9 une attaque contre un sanctuaire chiite de la ville iranienne de Shiraz, qui a entrain\u00e9 15 morts et des dizaines de bless\u00e9s.<\/p>\n\n\n\n<p>Plus t\u00f4t dans la journ\u00e9e de mercredi, des militants du groupe 1500tasvir ont publi\u00e9 sur Twitter des vid\u00e9os de manifestations contre le r\u00e9gime \u00e0 Izeh.<\/p>\n\n\n\n<p>Une autre vid\u00e9o partag\u00e9e par le groupe militant montre des manifestants mettant le feu \u00e0 un s\u00e9minaire \u00e0 Izeh.<\/p>\n","protected":false},"excerpt":{"rendered":"<p>Les tribunaux iraniens ont prononc\u00e9 trois nouvelles condamnations \u00e0 mort pour des violences commises dans le cadre des manifestations d\u00e9clench\u00e9es par la mort de Mahsa Amini, a annonc\u00e9 aujourd\u2019hui, mercredi, le pouvoir judiciaire iranien, portant \u00e0 cinq le nombre total des condamnations prononc\u00e9es en seulement trois jours. L&#8217;un des condamn\u00e9s a \u00e9t\u00e9 reconnu coupable d&#8217;avoir<\/p>\n","protected":false},"author":5,"featured_media":7145,"comment_status":"open","ping_status":"open","sticky":false,"template":"","format":"standard","meta":{"footnotes":""},"categories":[25],"tags":[],"class_list":{"0":"post-7144","1":"post","2":"type-post","3":"status-publish","4":"format-standard","5":"has-post-thumbnail","7":"category-iran"},"yoast_head":"<!-- This site is optimized with the Yoast SEO plugin v27.4 - https:\/\/yoast.com\/product\/yoast-seo-wordpress\/ -->\n<title>L&#039;Iran condamne trois manifestants \u00e0 mort - Les Rapports Quotidiens<\/title>\n<meta name=\"robots\" content=\"index, follow, max-snippet:-1, max-image-preview:large, max-video-preview:-1\" \/>\n<link rel=\"canonical\" href=\"https:\/\/thedailyreports.com\/fr\/2022\/11\/16\/liran-condamne-trois-manifestants-a-mort\/\" \/>\n<meta property=\"og:locale\" content=\"en_US\" \/>\n<meta property=\"og:type\" content=\"article\" \/>\n<meta property=\"og:title\" content=\"L&#039;Iran condamne trois manifestants \u00e0 mort - Les Rapports Quotidiens\" \/>\n<meta property=\"og:description\" content=\"Les tribunaux iraniens ont prononc\u00e9 trois nouvelles condamnations \u00e0 mort pour des violences commises dans le cadre des manifestations d\u00e9clench\u00e9es par la mort de Mahsa Amini, a annonc\u00e9 aujourd\u2019hui, mercredi, le pouvoir judiciaire iranien, portant \u00e0 cinq le nombre total des condamnations prononc\u00e9es en seulement trois jours. L&#8217;un des condamn\u00e9s a \u00e9t\u00e9 reconnu coupable d&#8217;avoir\" \/>\n<meta property=\"og:url\" content=\"https:\/\/thedailyreports.com\/fr\/2022\/11\/16\/liran-condamne-trois-manifestants-a-mort\/\" \/>\n<meta property=\"og:site_name\" content=\"Les Rapports Quotidiens\" \/>\n<meta property=\"article:published_time\" content=\"2022-11-16T20:02:30+00:00\" \/>\n<meta property=\"article:modified_time\" content=\"2022-11-16T20:02:31+00:00\" \/>\n<meta property=\"og:image\" content=\"https:\/\/thedailyreports.com\/fr\/wp-content\/uploads\/2022\/11\/99a1bbe42681c43f9f706fe608955a3d.webp\" \/>\n\t<meta property=\"og:image:width\" content=\"862\" \/>\n\t<meta property=\"og:image:height\" content=\"485\" \/>\n\t<meta property=\"og:image:type\" content=\"image\/webp\" \/>\n<meta name=\"author\" content=\"The Daily Reports\" \/>\n<meta name=\"twitter:card\" content=\"summary_large_image\" \/>\n<meta name=\"twitter:label1\" content=\"Written by\" \/>\n\t<meta name=\"twitter:data1\" content=\"The Daily Reports\" \/>\n\t<meta name=\"twitter:label2\" content=\"Est. reading time\" \/>\n\t<meta name=\"twitter:data2\" content=\"2 minutes\" \/>\n<script type=\"application\/ld+json\" class=\"yoast-schema-graph\">{\"@context\":\"https:\\\/\\\/schema.org\",\"@graph\":[{\"@type\":\"Article\",\"@id\":\"https:\\\/\\\/thedailyreports.com\\\/fr\\\/2022\\\/11\\\/16\\\/liran-condamne-trois-manifestants-a-mort\\\/#article\",\"isPartOf\":{\"@id\":\"https:\\\/\\\/thedailyreports.com\\\/fr\\\/2022\\\/11\\\/16\\\/liran-condamne-trois-manifestants-a-mort\\\/\"},\"author\":{\"name\":\"The Daily Reports\",\"@id\":\"https:\\\/\\\/thedailyreports.com\\\/fr\\\/#\\\/schema\\\/person\\\/b00df16edad26ba8db109fb28c806a2a\"},\"headline\":\"L&#8217;Iran condamne trois manifestants \u00e0 mort\",\"datePublished\":\"2022-11-16T20:02:30+00:00\",\"dateModified\":\"2022-11-16T20:02:31+00:00\",\"mainEntityOfPage\":{\"@id\":\"https:\\\/\\\/thedailyreports.com\\\/fr\\\/2022\\\/11\\\/16\\\/liran-condamne-trois-manifestants-a-mort\\\/\"},\"wordCount\":566,\"commentCount\":0,\"image\":{\"@id\":\"https:\\\/\\\/thedailyreports.com\\\/fr\\\/2022\\\/11\\\/16\\\/liran-condamne-trois-manifestants-a-mort\\\/#primaryimage\"},\"thumbnailUrl\":\"https:\\\/\\\/thedailyreports.com\\\/fr\\\/wp-content\\\/uploads\\\/2022\\\/11\\\/99a1bbe42681c43f9f706fe608955a3d.webp\",\"articleSection\":[\"Iran\"],\"inLanguage\":\"en-US\",\"potentialAction\":[{\"@type\":\"CommentAction\",\"name\":\"Comment\",\"target\":[\"https:\\\/\\\/thedailyreports.com\\\/fr\\\/2022\\\/11\\\/16\\\/liran-condamne-trois-manifestants-a-mort\\\/#respond\"]}]},{\"@type\":\"WebPage\",\"@id\":\"https:\\\/\\\/thedailyreports.com\\\/fr\\\/2022\\\/11\\\/16\\\/liran-condamne-trois-manifestants-a-mort\\\/\",\"url\":\"https:\\\/\\\/thedailyreports.com\\\/fr\\\/2022\\\/11\\\/16\\\/liran-condamne-trois-manifestants-a-mort\\\/\",\"name\":\"L'Iran condamne trois manifestants \u00e0 mort - Les Rapports Quotidiens\",\"isPartOf\":{\"@id\":\"https:\\\/\\\/thedailyreports.com\\\/fr\\\/#website\"},\"primaryImageOfPage\":{\"@id\":\"https:\\\/\\\/thedailyreports.com\\\/fr\\\/2022\\\/11\\\/16\\\/liran-condamne-trois-manifestants-a-mort\\\/#primaryimage\"},\"image\":{\"@id\":\"https:\\\/\\\/thedailyreports.com\\\/fr\\\/2022\\\/11\\\/16\\\/liran-condamne-trois-manifestants-a-mort\\\/#primaryimage\"},\"thumbnailUrl\":\"https:\\\/\\\/thedailyreports.com\\\/fr\\\/wp-content\\\/uploads\\\/2022\\\/11\\\/99a1bbe42681c43f9f706fe608955a3d.webp\",\"datePublished\":\"2022-11-16T20:02:30+00:00\",\"dateModified\":\"2022-11-16T20:02:31+00:00\",\"author\":{\"@id\":\"https:\\\/\\\/thedailyreports.com\\\/fr\\\/#\\\/schema\\\/person\\\/b00df16edad26ba8db109fb28c806a2a\"},\"breadcrumb\":{\"@id\":\"https:\\\/\\\/thedailyreports.com\\\/fr\\\/2022\\\/11\\\/16\\\/liran-condamne-trois-manifestants-a-mort\\\/#breadcrumb\"},\"inLanguage\":\"en-US\",\"potentialAction\":[{\"@type\":\"ReadAction\",\"target\":[\"https:\\\/\\\/thedailyreports.com\\\/fr\\\/2022\\\/11\\\/16\\\/liran-condamne-trois-manifestants-a-mort\\\/\"]}]},{\"@type\":\"ImageObject\",\"inLanguage\":\"en-US\",\"@id\":\"https:\\\/\\\/thedailyreports.com\\\/fr\\\/2022\\\/11\\\/16\\\/liran-condamne-trois-manifestants-a-mort\\\/#primaryimage\",\"url\":\"https:\\\/\\\/thedailyreports.com\\\/fr\\\/wp-content\\\/uploads\\\/2022\\\/11\\\/99a1bbe42681c43f9f706fe608955a3d.webp\",\"contentUrl\":\"https:\\\/\\\/thedailyreports.com\\\/fr\\\/wp-content\\\/uploads\\\/2022\\\/11\\\/99a1bbe42681c43f9f706fe608955a3d.webp\",\"width\":862,\"height\":485},{\"@type\":\"BreadcrumbList\",\"@id\":\"https:\\\/\\\/thedailyreports.com\\\/fr\\\/2022\\\/11\\\/16\\\/liran-condamne-trois-manifestants-a-mort\\\/#breadcrumb\",\"itemListElement\":[{\"@type\":\"ListItem\",\"position\":1,\"name\":\"Home\",\"item\":\"https:\\\/\\\/thedailyreports.com\\\/fr\\\/\"},{\"@type\":\"ListItem\",\"position\":2,\"name\":\"L&#8217;Iran condamne trois manifestants \u00e0 mort\"}]},{\"@type\":\"WebSite\",\"@id\":\"https:\\\/\\\/thedailyreports.com\\\/fr\\\/#website\",\"url\":\"https:\\\/\\\/thedailyreports.com\\\/fr\\\/\",\"name\":\"Les Rapports Quotidiens\",\"description\":\"Toute la v\u00e9rit\u00e9, rien que la v\u00e9rit\u00e9\",\"potentialAction\":[{\"@type\":\"SearchAction\",\"target\":{\"@type\":\"EntryPoint\",\"urlTemplate\":\"https:\\\/\\\/thedailyreports.com\\\/fr\\\/?s={search_term_string}\"},\"query-input\":{\"@type\":\"PropertyValueSpecification\",\"valueRequired\":true,\"valueName\":\"search_term_string\"}}],\"inLanguage\":\"en-US\"},{\"@type\":\"Person\",\"@id\":\"https:\\\/\\\/thedailyreports.com\\\/fr\\\/#\\\/schema\\\/person\\\/b00df16edad26ba8db109fb28c806a2a\",\"name\":\"The Daily Reports\",\"image\":{\"@type\":\"ImageObject\",\"inLanguage\":\"en-US\",\"@id\":\"https:\\\/\\\/secure.gravatar.com\\\/avatar\\\/302a03d420eae20396406f37e0504a570385b6e8478a3733ea8ee684acee8497?s=96&d=mm&r=g\",\"url\":\"https:\\\/\\\/secure.gravatar.com\\\/avatar\\\/302a03d420eae20396406f37e0504a570385b6e8478a3733ea8ee684acee8497?s=96&d=mm&r=g\",\"contentUrl\":\"https:\\\/\\\/secure.gravatar.com\\\/avatar\\\/302a03d420eae20396406f37e0504a570385b6e8478a3733ea8ee684acee8497?s=96&d=mm&r=g\",\"caption\":\"The Daily Reports\"},\"sameAs\":[\"https:\\\/\\\/thedailyreports.com\\\/fr\"],\"url\":\"https:\\\/\\\/thedailyreports.com\\\/fr\\\/author\\\/haythem\\\/\"}]}<\/script>\n<!-- \/ Yoast SEO plugin. -->","yoast_head_json":{"title":"L'Iran condamne trois manifestants \u00e0 mort - Les Rapports Quotidiens","robots":{"index":"index","follow":"follow","max-snippet":"max-snippet:-1","max-image-preview":"max-image-preview:large","max-video-preview":"max-video-preview:-1"},"canonical":"https:\/\/thedailyreports.com\/fr\/2022\/11\/16\/liran-condamne-trois-manifestants-a-mort\/","og_locale":"en_US","og_type":"article","og_title":"L'Iran condamne trois manifestants \u00e0 mort - Les Rapports Quotidiens","og_description":"Les tribunaux iraniens ont prononc\u00e9 trois nouvelles condamnations \u00e0 mort pour des violences commises dans le cadre des manifestations d\u00e9clench\u00e9es par la mort de Mahsa Amini, a annonc\u00e9 aujourd\u2019hui, mercredi, le pouvoir judiciaire iranien, portant \u00e0 cinq le nombre total des condamnations prononc\u00e9es en seulement trois jours. L&#8217;un des condamn\u00e9s a \u00e9t\u00e9 reconnu coupable d&#8217;avoir","og_url":"https:\/\/thedailyreports.com\/fr\/2022\/11\/16\/liran-condamne-trois-manifestants-a-mort\/","og_site_name":"Les Rapports Quotidiens","article_published_time":"2022-11-16T20:02:30+00:00","article_modified_time":"2022-11-16T20:02:31+00:00","og_image":[{"width":862,"height":485,"url":"https:\/\/thedailyreports.com\/fr\/wp-content\/uploads\/2022\/11\/99a1bbe42681c43f9f706fe608955a3d.webp","type":"image\/webp"}],"author":"The Daily Reports","twitter_card":"summary_large_image","twitter_misc":{"Written by":"The Daily Reports","Est. reading time":"2 minutes"},"schema":{"@context":"https:\/\/schema.org","@graph":[{"@type":"Article","@id":"https:\/\/thedailyreports.com\/fr\/2022\/11\/16\/liran-condamne-trois-manifestants-a-mort\/#article","isPartOf":{"@id":"https:\/\/thedailyreports.com\/fr\/2022\/11\/16\/liran-condamne-trois-manifestants-a-mort\/"},"author":{"name":"The Daily Reports","@id":"https:\/\/thedailyreports.com\/fr\/#\/schema\/person\/b00df16edad26ba8db109fb28c806a2a"},"headline":"L&#8217;Iran condamne trois manifestants \u00e0 mort","datePublished":"2022-11-16T20:02:30+00:00","dateModified":"2022-11-16T20:02:31+00:00","mainEntityOfPage":{"@id":"https:\/\/thedailyreports.com\/fr\/2022\/11\/16\/liran-condamne-trois-manifestants-a-mort\/"},"wordCount":566,"commentCount":0,"image":{"@id":"https:\/\/thedailyreports.com\/fr\/2022\/11\/16\/liran-condamne-trois-manifestants-a-mort\/#primaryimage"},"thumbnailUrl":"https:\/\/thedailyreports.com\/fr\/wp-content\/uploads\/2022\/11\/99a1bbe42681c43f9f706fe608955a3d.webp","articleSection":["Iran"],"inLanguage":"en-US","potentialAction":[{"@type":"CommentAction","name":"Comment","target":["https:\/\/thedailyreports.com\/fr\/2022\/11\/16\/liran-condamne-trois-manifestants-a-mort\/#respond"]}]},{"@type":"WebPage","@id":"https:\/\/thedailyreports.com\/fr\/2022\/11\/16\/liran-condamne-trois-manifestants-a-mort\/","url":"https:\/\/thedailyreports.com\/fr\/2022\/11\/16\/liran-condamne-trois-manifestants-a-mort\/","name":"L'Iran condamne trois manifestants \u00e0 mort - Les Rapports Quotidiens","isPartOf":{"@id":"https:\/\/thedailyreports.com\/fr\/#website"},"primaryImageOfPage":{"@id":"https:\/\/thedailyreports.com\/fr\/2022\/11\/16\/liran-condamne-trois-manifestants-a-mort\/#primaryimage"},"image":{"@id":"https:\/\/thedailyreports.com\/fr\/2022\/11\/16\/liran-condamne-trois-manifestants-a-mort\/#primaryimage"},"thumbnailUrl":"https:\/\/thedailyreports.com\/fr\/wp-content\/uploads\/2022\/11\/99a1bbe42681c43f9f706fe608955a3d.webp","datePublished":"2022-11-16T20:02:30+00:00","dateModified":"2022-11-16T20:02:31+00:00","author":{"@id":"https:\/\/thedailyreports.com\/fr\/#\/schema\/person\/b00df16edad26ba8db109fb28c806a2a"},"breadcrumb":{"@id":"https:\/\/thedailyreports.com\/fr\/2022\/11\/16\/liran-condamne-trois-manifestants-a-mort\/#breadcrumb"},"inLanguage":"en-US","potentialAction":[{"@type":"ReadAction","target":["https:\/\/thedailyreports.com\/fr\/2022\/11\/16\/liran-condamne-trois-manifestants-a-mort\/"]}]},{"@type":"ImageObject","inLanguage":"en-US","@id":"https:\/\/thedailyreports.com\/fr\/2022\/11\/16\/liran-condamne-trois-manifestants-a-mort\/#primaryimage","url":"https:\/\/thedailyreports.com\/fr\/wp-content\/uploads\/2022\/11\/99a1bbe42681c43f9f706fe608955a3d.webp","contentUrl":"https:\/\/thedailyreports.com\/fr\/wp-content\/uploads\/2022\/11\/99a1bbe42681c43f9f706fe608955a3d.webp","width":862,"height":485},{"@type":"BreadcrumbList","@id":"https:\/\/thedailyreports.com\/fr\/2022\/11\/16\/liran-condamne-trois-manifestants-a-mort\/#breadcrumb","itemListElement":[{"@type":"ListItem","position":1,"name":"Home","item":"https:\/\/thedailyreports.com\/fr\/"},{"@type":"ListItem","position":2,"name":"L&#8217;Iran condamne trois manifestants \u00e0 mort"}]},{"@type":"WebSite","@id":"https:\/\/thedailyreports.com\/fr\/#website","url":"https:\/\/thedailyreports.com\/fr\/","name":"Les Rapports Quotidiens","description":"Toute la v\u00e9rit\u00e9, rien que la v\u00e9rit\u00e9","potentialAction":[{"@type":"SearchAction","target":{"@type":"EntryPoint","urlTemplate":"https:\/\/thedailyreports.com\/fr\/?s={search_term_string}"},"query-input":{"@type":"PropertyValueSpecification","valueRequired":true,"valueName":"search_term_string"}}],"inLanguage":"en-US"},{"@type":"Person","@id":"https:\/\/thedailyreports.com\/fr\/#\/schema\/person\/b00df16edad26ba8db109fb28c806a2a","name":"The Daily Reports","image":{"@type":"ImageObject","inLanguage":"en-US","@id":"https:\/\/secure.gravatar.com\/avatar\/302a03d420eae20396406f37e0504a570385b6e8478a3733ea8ee684acee8497?s=96&d=mm&r=g","url":"https:\/\/secure.gravatar.com\/avatar\/302a03d420eae20396406f37e0504a570385b6e8478a3733ea8ee684acee8497?s=96&d=mm&r=g","contentUrl":"https:\/\/secure.gravatar.com\/avatar\/302a03d420eae20396406f37e0504a570385b6e8478a3733ea8ee684acee8497?s=96&d=mm&r=g","caption":"The Daily Reports"},"sameAs":["https:\/\/thedailyreports.com\/fr"],"url":"https:\/\/thedailyreports.com\/fr\/author\/haythem\/"}]}},"_links":{"self":[{"href":"https:\/\/thedailyreports.com\/fr\/wp-json\/wp\/v2\/posts\/7144","targetHints":{"allow":["GET"]}}],"collection":[{"href":"https:\/\/thedailyreports.com\/fr\/wp-json\/wp\/v2\/posts"}],"about":[{"href":"https:\/\/thedailyreports.com\/fr\/wp-json\/wp\/v2\/types\/post"}],"author":[{"embeddable":true,"href":"https:\/\/thedailyreports.com\/fr\/wp-json\/wp\/v2\/users\/5"}],"replies":[{"embeddable":true,"href":"https:\/\/thedailyreports.com\/fr\/wp-json\/wp\/v2\/comments?post=7144"}],"version-history":[{"count":1,"href":"https:\/\/thedailyreports.com\/fr\/wp-json\/wp\/v2\/posts\/7144\/revisions"}],"predecessor-version":[{"id":7146,"href":"https:\/\/thedailyreports.com\/fr\/wp-json\/wp\/v2\/posts\/7144\/revisions\/7146"}],"wp:featuredmedia":[{"embeddable":true,"href":"https:\/\/thedailyreports.com\/fr\/wp-json\/wp\/v2\/media\/7145"}],"wp:attachment":[{"href":"https:\/\/thedailyreports.com\/fr\/wp-json\/wp\/v2\/media?parent=7144"}],"wp:term":[{"taxonomy":"category","embeddable":true,"href":"https:\/\/thedailyreports.com\/fr\/wp-json\/wp\/v2\/categories?post=7144"},{"taxonomy":"post_tag","embeddable":true,"href":"https:\/\/thedailyreports.com\/fr\/wp-json\/wp\/v2\/tags?post=7144"}],"curies":[{"name":"wp","href":"https:\/\/api.w.org\/{rel}","templated":true}]}}