{"id":7110,"date":"2022-11-12T18:14:59","date_gmt":"2022-11-12T17:14:59","guid":{"rendered":"https:\/\/thedailyreports.com\/fr\/?p=7110"},"modified":"2022-11-12T20:09:19","modified_gmt":"2022-11-12T19:09:19","slug":"crise-diplomatique-ouverte-entre-paris-et-rome","status":"publish","type":"post","link":"https:\/\/thedailyreports.com\/fr\/2022\/11\/12\/crise-diplomatique-ouverte-entre-paris-et-rome\/","title":{"rendered":"<strong>Crise diplomatique ouverte entre Paris et Rome<\/strong>"},"content":{"rendered":"\n<p>L&#8217;inqui\u00e9tude grandit en Europe face \u00e0 l&#8217;aggravation de la crise diplomatique entre Paris et Rome, et \u00e0 son impact potentiel sur la coh\u00e9rence des positions communes de l\u2019UE sur les grands dossiers.<\/p>\n\n\n\n<p>Alors que le navire humanitaire &#8220;Ocean Viking&#8221; \u00e9tait amarr\u00e9 vendredi apr\u00e8s-midi au port de la base navale fran\u00e7aise de Toulon, o\u00f9 les migrants qui \u00e9taient \u00e0 bord ont \u00e9t\u00e9 d\u00e9barqu\u00e9s il y a trois semaines, les responsables europ\u00e9ens multiplient les efforts pour d\u00e9samorcer la crise qui enfle entre la France et l&#8217;Italie depuis que cette derni\u00e8re a refus\u00e9 de recevoir le navire, notamment avec une r\u00e9union du Conseil des ministres des Affaires \u00e9trang\u00e8res pr\u00e9vue lundi prochain \u00e0 Bruxelles.<\/p>\n\n\n\n<p>Les observateurs craignent que cette nouvelle affaire n\u2019atteigne les proportions de la crise de 2019, lorsque la France a rappel\u00e9 son ambassadeur \u00e0 Rome pour la premi\u00e8re fois depuis la Seconde Guerre mondiale.<\/p>\n\n\n\n<p>En annon\u00e7ant la d\u00e9cision de Paris d&#8217;accueillir \u00e0 titre exceptionnel le navire transportant 234 migrants, dont 57 enfants, \u00e0 la demande du pr\u00e9sident Emmanuel Macron, le ministre fran\u00e7ais de l&#8217;Int\u00e9rieur, G\u00e9rald Darmanin, a estim\u00e9 que la position italienne est contraire aux dispositions du droit international et \u00e0 la solidarit\u00e9 humanitaire, et qu\u2019elle repr\u00e9sentait une violation des engagements pris par le gouvernement italien quelques semaines avant l\u2019investiture du nouveau gouvernement.<\/p>\n\n\n\n<p>Vendredi, la Premi\u00e8re ministre italienne a d\u00e9clar\u00e9 qu'&#8221;il y a un malentendu avec la France, et que la r\u00e9action fran\u00e7aise est injustifi\u00e9e&#8221;. De son c\u00f4t\u00e9, le ministre fran\u00e7ais a annonc\u00e9 la d\u00e9cision de son pays de ne plus travailler sur le plan de r\u00e9partition des migrants d\u00e9barqu\u00e9s en Italie ces derniers mois, un projet inscrit dans le cadre du m\u00e9canisme de solidarit\u00e9 europ\u00e9en.<\/p>\n\n\n\n<p>G\u00e9rald Darmanin a appel\u00e9 l&#8217;Allemagne et les autres pays europ\u00e9ens participant au plan de r\u00e9partition \u00e0 suivre l&#8217;exemple de la France et \u00e0 cesser d&#8217;accueillir des migrants vivant actuellement en Italie. Mais la France est all\u00e9e encore plus loin vendredi matin en annon\u00e7ant son intention d\u2019envoyer 500 policiers suppl\u00e9mentaires pour renforcer la surveillance le long de sa fronti\u00e8re terrestre avec l&#8217;Italie, et le ministre de l&#8217;Int\u00e9rieur a soulign\u00e9 que &#8220;Paris tirera toutes les le\u00e7ons de la position italienne pour les autres aspects des relations bilat\u00e9rales entre les deux pays.&#8221;<\/p>\n\n\n\n<p>Emmanuel Macron, qui a rencontr\u00e9 Giorgia Meloni \u00e0 Rome peu apr\u00e8s son entr\u00e9e en fonction, a d\u00e9clar\u00e9 que la Premi\u00e8re ministre italienne avait mal agi et avait provoqu\u00e9 une grave crise entre les deux pays.<\/p>\n\n\n\n<p>Par cette escalade, le pr\u00e9sident fran\u00e7ais tente d\u2019emp\u00eacher Giorgia Meloni de remporter une victoire dans cette premi\u00e8re confrontation entre les deux parties, et de faire passer un message indiquant que la position de l\u2019Italie dans ce dossier entra\u00eenera des cons\u00e9quences sur la France et l\u2019Europe.<\/p>\n\n\n\n<p>Pour sa part, Giorgia Meloni peut se vanter sur la sc\u00e8ne nationale d&#8217;avoir r\u00e9ussi \u00e0 emp\u00eacher l\u2019entr\u00e9e du navire de sauvetage en Italie, et d\u2019avoir forc\u00e9 la France \u00e0 le recevoir au motif que l&#8217;Italie n&#8217;est pas contrainte d\u2019accepter tous les migrants secourus par les navires humanitaire de la mer M\u00e9diterran\u00e9e, et que les autres pays europ\u00e9ens doivent \u00e9galement assumer leurs responsabilit\u00e9s.<\/p>\n\n\n\n<p>L\u2019intransigeance de cette position permet \u00e9galement \u00e0 Giorgia Meloni de freiner son alli\u00e9 au gouvernement et son rival \u00e0 la direction du front de droite, le vice-pr\u00e9sident du Conseil des ministres Matteo Salvini, qui attendait une telle opportunit\u00e9 pour regagner la popularit\u00e9 qu&#8217;il a r\u00e9cemment perdu face \u00e0 la Premi\u00e8re ministre.<\/p>\n\n\n\n<p>Pour la France, l&#8217;enjeu va au-del\u00e0 des relations bilat\u00e9rales avec l&#8217;Italie. Le v\u00e9ritable enjeu se situe au centre du d\u00e9bat politique en France autour de la loi sur l&#8217;immigration, qui repr\u00e9sente l&#8217;un des principaux piliers de l&#8217;extr\u00eame droite pour confirmer sa l\u00e9gitimit\u00e9, et accroitre sa popularit\u00e9 qui a atteint des niveaux record lors des derni\u00e8res \u00e9lections.<\/p>\n\n\n\n<p>L&#8217;ancienne pr\u00e9sidente du Rassemblement national, Marine Le Pen, a d\u00e9clar\u00e9 vendredi qu\u2019en acceptant pour la premi\u00e8re fois le d\u00e9barquement de migrants d&#8217;un navire de sauvetage dans un port fran\u00e7ais, Emmanuel Macron envoie un tragique message de complaisance qui contredit ses d\u00e9clarations selon lesquelles il veut mettre fin \u00e0 une immigration massive et chaotique.<\/p>\n\n\n\n<p>Selon Marine Le Pen, le bateau aurait d\u00fb accoster en Libye ou en Tunisie. &#8220;Il faut que ces navires qui mettent en s\u00e9curit\u00e9 les migrants r\u00e9cup\u00e9r\u00e9s en mer les ram\u00e8nent \u00e0 leur port de d\u00e9part&#8221;, a-t-elle d\u00e9clar\u00e9.<\/p>\n\n\n\n<p>&#8220;Ce n&#8217;est absolument pas de la faute de l&#8217;Italie&#8221;, a-t-elle jug\u00e9, pr\u00e9cisant qu&#8217;\u00e0 la place Giorgia Meloni, elle aurait \u00e9galement refus\u00e9 d&#8217;accueillir le bateau humanitaire.<\/p>\n\n\n\n<p>Pendant ce temps, les responsables de la Commission craignent que cette crise isole et affaiblisse le nouveau gouvernement italien au sein de l&#8217;Union europ\u00e9enne, \u00e0 un moment o\u00f9 il a d\u00e9sesp\u00e9r\u00e9ment besoin du soutien des partenaires europ\u00e9ens.<\/p>\n","protected":false},"excerpt":{"rendered":"<p>L&#8217;inqui\u00e9tude grandit en Europe face \u00e0 l&#8217;aggravation de la crise diplomatique entre Paris et Rome, et \u00e0 son impact potentiel sur la coh\u00e9rence des positions communes de l\u2019UE sur les grands dossiers. Alors que le navire humanitaire &#8220;Ocean Viking&#8221; \u00e9tait amarr\u00e9 vendredi apr\u00e8s-midi au port de la base navale fran\u00e7aise de Toulon, o\u00f9 les migrants<\/p>\n","protected":false},"author":5,"featured_media":7111,"comment_status":"open","ping_status":"open","sticky":false,"template":"","format":"standard","meta":{"footnotes":""},"categories":[114,27,32],"tags":[],"class_list":{"0":"post-7110","1":"post","2":"type-post","3":"status-publish","4":"format-standard","5":"has-post-thumbnail","7":"category-analyse-politique","8":"category-france","9":"category-regions"},"yoast_head":"<!-- This site is optimized with the Yoast SEO plugin v27.4 - https:\/\/yoast.com\/product\/yoast-seo-wordpress\/ -->\n<title>Crise diplomatique ouverte entre Paris et Rome - Les Rapports Quotidiens<\/title>\n<meta name=\"robots\" content=\"index, follow, max-snippet:-1, max-image-preview:large, max-video-preview:-1\" \/>\n<link rel=\"canonical\" href=\"https:\/\/thedailyreports.com\/fr\/2022\/11\/12\/crise-diplomatique-ouverte-entre-paris-et-rome\/\" \/>\n<meta property=\"og:locale\" content=\"en_US\" \/>\n<meta property=\"og:type\" content=\"article\" \/>\n<meta property=\"og:title\" content=\"Crise diplomatique ouverte entre Paris et Rome - Les Rapports Quotidiens\" \/>\n<meta property=\"og:description\" content=\"L&#8217;inqui\u00e9tude grandit en Europe face \u00e0 l&#8217;aggravation de la crise diplomatique entre Paris et Rome, et \u00e0 son impact potentiel sur la coh\u00e9rence des positions communes de l\u2019UE sur les grands dossiers. Alors que le navire humanitaire &#8220;Ocean Viking&#8221; \u00e9tait amarr\u00e9 vendredi apr\u00e8s-midi au port de la base navale fran\u00e7aise de Toulon, o\u00f9 les migrants\" \/>\n<meta property=\"og:url\" content=\"https:\/\/thedailyreports.com\/fr\/2022\/11\/12\/crise-diplomatique-ouverte-entre-paris-et-rome\/\" \/>\n<meta property=\"og:site_name\" content=\"Les Rapports Quotidiens\" \/>\n<meta property=\"article:published_time\" content=\"2022-11-12T17:14:59+00:00\" \/>\n<meta property=\"article:modified_time\" content=\"2022-11-12T19:09:19+00:00\" \/>\n<meta property=\"og:image\" content=\"https:\/\/thedailyreports.com\/fr\/wp-content\/uploads\/2022\/11\/macron-va-rencontrer-meloni-ce-dimanche-soir-a-rome_6976926_676x338p.jpg?v=1681241845\" \/>\n\t<meta property=\"og:image:width\" content=\"676\" \/>\n\t<meta property=\"og:image:height\" content=\"338\" \/>\n\t<meta property=\"og:image:type\" content=\"image\/jpeg\" \/>\n<meta name=\"author\" content=\"The Daily Reports\" \/>\n<meta name=\"twitter:card\" content=\"summary_large_image\" \/>\n<meta name=\"twitter:label1\" content=\"Written by\" \/>\n\t<meta name=\"twitter:data1\" content=\"The Daily Reports\" \/>\n\t<meta name=\"twitter:label2\" content=\"Est. reading time\" \/>\n\t<meta name=\"twitter:data2\" content=\"4 minutes\" \/>\n<script type=\"application\/ld+json\" class=\"yoast-schema-graph\">{\"@context\":\"https:\\\/\\\/schema.org\",\"@graph\":[{\"@type\":\"Article\",\"@id\":\"https:\\\/\\\/thedailyreports.com\\\/fr\\\/2022\\\/11\\\/12\\\/crise-diplomatique-ouverte-entre-paris-et-rome\\\/#article\",\"isPartOf\":{\"@id\":\"https:\\\/\\\/thedailyreports.com\\\/fr\\\/2022\\\/11\\\/12\\\/crise-diplomatique-ouverte-entre-paris-et-rome\\\/\"},\"author\":{\"name\":\"The Daily Reports\",\"@id\":\"https:\\\/\\\/thedailyreports.com\\\/fr\\\/#\\\/schema\\\/person\\\/b00df16edad26ba8db109fb28c806a2a\"},\"headline\":\"Crise diplomatique ouverte entre Paris et Rome\",\"datePublished\":\"2022-11-12T17:14:59+00:00\",\"dateModified\":\"2022-11-12T19:09:19+00:00\",\"mainEntityOfPage\":{\"@id\":\"https:\\\/\\\/thedailyreports.com\\\/fr\\\/2022\\\/11\\\/12\\\/crise-diplomatique-ouverte-entre-paris-et-rome\\\/\"},\"wordCount\":878,\"commentCount\":0,\"image\":{\"@id\":\"https:\\\/\\\/thedailyreports.com\\\/fr\\\/2022\\\/11\\\/12\\\/crise-diplomatique-ouverte-entre-paris-et-rome\\\/#primaryimage\"},\"thumbnailUrl\":\"https:\\\/\\\/thedailyreports.com\\\/fr\\\/wp-content\\\/uploads\\\/2022\\\/11\\\/macron-va-rencontrer-meloni-ce-dimanche-soir-a-rome_6976926_676x338p.jpg\",\"articleSection\":[\"Analyse politique\",\"France\",\"Regions\"],\"inLanguage\":\"en-US\",\"potentialAction\":[{\"@type\":\"CommentAction\",\"name\":\"Comment\",\"target\":[\"https:\\\/\\\/thedailyreports.com\\\/fr\\\/2022\\\/11\\\/12\\\/crise-diplomatique-ouverte-entre-paris-et-rome\\\/#respond\"]}]},{\"@type\":\"WebPage\",\"@id\":\"https:\\\/\\\/thedailyreports.com\\\/fr\\\/2022\\\/11\\\/12\\\/crise-diplomatique-ouverte-entre-paris-et-rome\\\/\",\"url\":\"https:\\\/\\\/thedailyreports.com\\\/fr\\\/2022\\\/11\\\/12\\\/crise-diplomatique-ouverte-entre-paris-et-rome\\\/\",\"name\":\"Crise diplomatique ouverte entre Paris et Rome - Les Rapports Quotidiens\",\"isPartOf\":{\"@id\":\"https:\\\/\\\/thedailyreports.com\\\/fr\\\/#website\"},\"primaryImageOfPage\":{\"@id\":\"https:\\\/\\\/thedailyreports.com\\\/fr\\\/2022\\\/11\\\/12\\\/crise-diplomatique-ouverte-entre-paris-et-rome\\\/#primaryimage\"},\"image\":{\"@id\":\"https:\\\/\\\/thedailyreports.com\\\/fr\\\/2022\\\/11\\\/12\\\/crise-diplomatique-ouverte-entre-paris-et-rome\\\/#primaryimage\"},\"thumbnailUrl\":\"https:\\\/\\\/thedailyreports.com\\\/fr\\\/wp-content\\\/uploads\\\/2022\\\/11\\\/macron-va-rencontrer-meloni-ce-dimanche-soir-a-rome_6976926_676x338p.jpg\",\"datePublished\":\"2022-11-12T17:14:59+00:00\",\"dateModified\":\"2022-11-12T19:09:19+00:00\",\"author\":{\"@id\":\"https:\\\/\\\/thedailyreports.com\\\/fr\\\/#\\\/schema\\\/person\\\/b00df16edad26ba8db109fb28c806a2a\"},\"breadcrumb\":{\"@id\":\"https:\\\/\\\/thedailyreports.com\\\/fr\\\/2022\\\/11\\\/12\\\/crise-diplomatique-ouverte-entre-paris-et-rome\\\/#breadcrumb\"},\"inLanguage\":\"en-US\",\"potentialAction\":[{\"@type\":\"ReadAction\",\"target\":[\"https:\\\/\\\/thedailyreports.com\\\/fr\\\/2022\\\/11\\\/12\\\/crise-diplomatique-ouverte-entre-paris-et-rome\\\/\"]}]},{\"@type\":\"ImageObject\",\"inLanguage\":\"en-US\",\"@id\":\"https:\\\/\\\/thedailyreports.com\\\/fr\\\/2022\\\/11\\\/12\\\/crise-diplomatique-ouverte-entre-paris-et-rome\\\/#primaryimage\",\"url\":\"https:\\\/\\\/thedailyreports.com\\\/fr\\\/wp-content\\\/uploads\\\/2022\\\/11\\\/macron-va-rencontrer-meloni-ce-dimanche-soir-a-rome_6976926_676x338p.jpg\",\"contentUrl\":\"https:\\\/\\\/thedailyreports.com\\\/fr\\\/wp-content\\\/uploads\\\/2022\\\/11\\\/macron-va-rencontrer-meloni-ce-dimanche-soir-a-rome_6976926_676x338p.jpg\",\"width\":676,\"height\":338,\"caption\":\"Photo AFP\"},{\"@type\":\"BreadcrumbList\",\"@id\":\"https:\\\/\\\/thedailyreports.com\\\/fr\\\/2022\\\/11\\\/12\\\/crise-diplomatique-ouverte-entre-paris-et-rome\\\/#breadcrumb\",\"itemListElement\":[{\"@type\":\"ListItem\",\"position\":1,\"name\":\"Home\",\"item\":\"https:\\\/\\\/thedailyreports.com\\\/fr\\\/\"},{\"@type\":\"ListItem\",\"position\":2,\"name\":\"Crise diplomatique ouverte entre Paris et Rome\"}]},{\"@type\":\"WebSite\",\"@id\":\"https:\\\/\\\/thedailyreports.com\\\/fr\\\/#website\",\"url\":\"https:\\\/\\\/thedailyreports.com\\\/fr\\\/\",\"name\":\"Les Rapports Quotidiens\",\"description\":\"Toute la v\u00e9rit\u00e9, rien que la v\u00e9rit\u00e9\",\"potentialAction\":[{\"@type\":\"SearchAction\",\"target\":{\"@type\":\"EntryPoint\",\"urlTemplate\":\"https:\\\/\\\/thedailyreports.com\\\/fr\\\/?s={search_term_string}\"},\"query-input\":{\"@type\":\"PropertyValueSpecification\",\"valueRequired\":true,\"valueName\":\"search_term_string\"}}],\"inLanguage\":\"en-US\"},{\"@type\":\"Person\",\"@id\":\"https:\\\/\\\/thedailyreports.com\\\/fr\\\/#\\\/schema\\\/person\\\/b00df16edad26ba8db109fb28c806a2a\",\"name\":\"The Daily Reports\",\"image\":{\"@type\":\"ImageObject\",\"inLanguage\":\"en-US\",\"@id\":\"https:\\\/\\\/secure.gravatar.com\\\/avatar\\\/302a03d420eae20396406f37e0504a570385b6e8478a3733ea8ee684acee8497?s=96&d=mm&r=g\",\"url\":\"https:\\\/\\\/secure.gravatar.com\\\/avatar\\\/302a03d420eae20396406f37e0504a570385b6e8478a3733ea8ee684acee8497?s=96&d=mm&r=g\",\"contentUrl\":\"https:\\\/\\\/secure.gravatar.com\\\/avatar\\\/302a03d420eae20396406f37e0504a570385b6e8478a3733ea8ee684acee8497?s=96&d=mm&r=g\",\"caption\":\"The Daily Reports\"},\"sameAs\":[\"https:\\\/\\\/thedailyreports.com\\\/fr\"],\"url\":\"https:\\\/\\\/thedailyreports.com\\\/fr\\\/author\\\/haythem\\\/\"}]}<\/script>\n<!-- \/ Yoast SEO plugin. -->","yoast_head_json":{"title":"Crise diplomatique ouverte entre Paris et Rome - Les Rapports Quotidiens","robots":{"index":"index","follow":"follow","max-snippet":"max-snippet:-1","max-image-preview":"max-image-preview:large","max-video-preview":"max-video-preview:-1"},"canonical":"https:\/\/thedailyreports.com\/fr\/2022\/11\/12\/crise-diplomatique-ouverte-entre-paris-et-rome\/","og_locale":"en_US","og_type":"article","og_title":"Crise diplomatique ouverte entre Paris et Rome - Les Rapports Quotidiens","og_description":"L&#8217;inqui\u00e9tude grandit en Europe face \u00e0 l&#8217;aggravation de la crise diplomatique entre Paris et Rome, et \u00e0 son impact potentiel sur la coh\u00e9rence des positions communes de l\u2019UE sur les grands dossiers. Alors que le navire humanitaire &#8220;Ocean Viking&#8221; \u00e9tait amarr\u00e9 vendredi apr\u00e8s-midi au port de la base navale fran\u00e7aise de Toulon, o\u00f9 les migrants","og_url":"https:\/\/thedailyreports.com\/fr\/2022\/11\/12\/crise-diplomatique-ouverte-entre-paris-et-rome\/","og_site_name":"Les Rapports Quotidiens","article_published_time":"2022-11-12T17:14:59+00:00","article_modified_time":"2022-11-12T19:09:19+00:00","og_image":[{"width":676,"height":338,"url":"https:\/\/thedailyreports.com\/fr\/wp-content\/uploads\/2022\/11\/macron-va-rencontrer-meloni-ce-dimanche-soir-a-rome_6976926_676x338p.jpg?v=1681241845","type":"image\/jpeg"}],"author":"The Daily Reports","twitter_card":"summary_large_image","twitter_misc":{"Written by":"The Daily Reports","Est. reading time":"4 minutes"},"schema":{"@context":"https:\/\/schema.org","@graph":[{"@type":"Article","@id":"https:\/\/thedailyreports.com\/fr\/2022\/11\/12\/crise-diplomatique-ouverte-entre-paris-et-rome\/#article","isPartOf":{"@id":"https:\/\/thedailyreports.com\/fr\/2022\/11\/12\/crise-diplomatique-ouverte-entre-paris-et-rome\/"},"author":{"name":"The Daily Reports","@id":"https:\/\/thedailyreports.com\/fr\/#\/schema\/person\/b00df16edad26ba8db109fb28c806a2a"},"headline":"Crise diplomatique ouverte entre Paris et Rome","datePublished":"2022-11-12T17:14:59+00:00","dateModified":"2022-11-12T19:09:19+00:00","mainEntityOfPage":{"@id":"https:\/\/thedailyreports.com\/fr\/2022\/11\/12\/crise-diplomatique-ouverte-entre-paris-et-rome\/"},"wordCount":878,"commentCount":0,"image":{"@id":"https:\/\/thedailyreports.com\/fr\/2022\/11\/12\/crise-diplomatique-ouverte-entre-paris-et-rome\/#primaryimage"},"thumbnailUrl":"https:\/\/thedailyreports.com\/fr\/wp-content\/uploads\/2022\/11\/macron-va-rencontrer-meloni-ce-dimanche-soir-a-rome_6976926_676x338p.jpg","articleSection":["Analyse politique","France","Regions"],"inLanguage":"en-US","potentialAction":[{"@type":"CommentAction","name":"Comment","target":["https:\/\/thedailyreports.com\/fr\/2022\/11\/12\/crise-diplomatique-ouverte-entre-paris-et-rome\/#respond"]}]},{"@type":"WebPage","@id":"https:\/\/thedailyreports.com\/fr\/2022\/11\/12\/crise-diplomatique-ouverte-entre-paris-et-rome\/","url":"https:\/\/thedailyreports.com\/fr\/2022\/11\/12\/crise-diplomatique-ouverte-entre-paris-et-rome\/","name":"Crise diplomatique ouverte entre Paris et Rome - Les Rapports Quotidiens","isPartOf":{"@id":"https:\/\/thedailyreports.com\/fr\/#website"},"primaryImageOfPage":{"@id":"https:\/\/thedailyreports.com\/fr\/2022\/11\/12\/crise-diplomatique-ouverte-entre-paris-et-rome\/#primaryimage"},"image":{"@id":"https:\/\/thedailyreports.com\/fr\/2022\/11\/12\/crise-diplomatique-ouverte-entre-paris-et-rome\/#primaryimage"},"thumbnailUrl":"https:\/\/thedailyreports.com\/fr\/wp-content\/uploads\/2022\/11\/macron-va-rencontrer-meloni-ce-dimanche-soir-a-rome_6976926_676x338p.jpg","datePublished":"2022-11-12T17:14:59+00:00","dateModified":"2022-11-12T19:09:19+00:00","author":{"@id":"https:\/\/thedailyreports.com\/fr\/#\/schema\/person\/b00df16edad26ba8db109fb28c806a2a"},"breadcrumb":{"@id":"https:\/\/thedailyreports.com\/fr\/2022\/11\/12\/crise-diplomatique-ouverte-entre-paris-et-rome\/#breadcrumb"},"inLanguage":"en-US","potentialAction":[{"@type":"ReadAction","target":["https:\/\/thedailyreports.com\/fr\/2022\/11\/12\/crise-diplomatique-ouverte-entre-paris-et-rome\/"]}]},{"@type":"ImageObject","inLanguage":"en-US","@id":"https:\/\/thedailyreports.com\/fr\/2022\/11\/12\/crise-diplomatique-ouverte-entre-paris-et-rome\/#primaryimage","url":"https:\/\/thedailyreports.com\/fr\/wp-content\/uploads\/2022\/11\/macron-va-rencontrer-meloni-ce-dimanche-soir-a-rome_6976926_676x338p.jpg","contentUrl":"https:\/\/thedailyreports.com\/fr\/wp-content\/uploads\/2022\/11\/macron-va-rencontrer-meloni-ce-dimanche-soir-a-rome_6976926_676x338p.jpg","width":676,"height":338,"caption":"Photo AFP"},{"@type":"BreadcrumbList","@id":"https:\/\/thedailyreports.com\/fr\/2022\/11\/12\/crise-diplomatique-ouverte-entre-paris-et-rome\/#breadcrumb","itemListElement":[{"@type":"ListItem","position":1,"name":"Home","item":"https:\/\/thedailyreports.com\/fr\/"},{"@type":"ListItem","position":2,"name":"Crise diplomatique ouverte entre Paris et Rome"}]},{"@type":"WebSite","@id":"https:\/\/thedailyreports.com\/fr\/#website","url":"https:\/\/thedailyreports.com\/fr\/","name":"Les Rapports Quotidiens","description":"Toute la v\u00e9rit\u00e9, rien que la v\u00e9rit\u00e9","potentialAction":[{"@type":"SearchAction","target":{"@type":"EntryPoint","urlTemplate":"https:\/\/thedailyreports.com\/fr\/?s={search_term_string}"},"query-input":{"@type":"PropertyValueSpecification","valueRequired":true,"valueName":"search_term_string"}}],"inLanguage":"en-US"},{"@type":"Person","@id":"https:\/\/thedailyreports.com\/fr\/#\/schema\/person\/b00df16edad26ba8db109fb28c806a2a","name":"The Daily Reports","image":{"@type":"ImageObject","inLanguage":"en-US","@id":"https:\/\/secure.gravatar.com\/avatar\/302a03d420eae20396406f37e0504a570385b6e8478a3733ea8ee684acee8497?s=96&d=mm&r=g","url":"https:\/\/secure.gravatar.com\/avatar\/302a03d420eae20396406f37e0504a570385b6e8478a3733ea8ee684acee8497?s=96&d=mm&r=g","contentUrl":"https:\/\/secure.gravatar.com\/avatar\/302a03d420eae20396406f37e0504a570385b6e8478a3733ea8ee684acee8497?s=96&d=mm&r=g","caption":"The Daily Reports"},"sameAs":["https:\/\/thedailyreports.com\/fr"],"url":"https:\/\/thedailyreports.com\/fr\/author\/haythem\/"}]}},"_links":{"self":[{"href":"https:\/\/thedailyreports.com\/fr\/wp-json\/wp\/v2\/posts\/7110","targetHints":{"allow":["GET"]}}],"collection":[{"href":"https:\/\/thedailyreports.com\/fr\/wp-json\/wp\/v2\/posts"}],"about":[{"href":"https:\/\/thedailyreports.com\/fr\/wp-json\/wp\/v2\/types\/post"}],"author":[{"embeddable":true,"href":"https:\/\/thedailyreports.com\/fr\/wp-json\/wp\/v2\/users\/5"}],"replies":[{"embeddable":true,"href":"https:\/\/thedailyreports.com\/fr\/wp-json\/wp\/v2\/comments?post=7110"}],"version-history":[{"count":3,"href":"https:\/\/thedailyreports.com\/fr\/wp-json\/wp\/v2\/posts\/7110\/revisions"}],"predecessor-version":[{"id":7116,"href":"https:\/\/thedailyreports.com\/fr\/wp-json\/wp\/v2\/posts\/7110\/revisions\/7116"}],"wp:featuredmedia":[{"embeddable":true,"href":"https:\/\/thedailyreports.com\/fr\/wp-json\/wp\/v2\/media\/7111"}],"wp:attachment":[{"href":"https:\/\/thedailyreports.com\/fr\/wp-json\/wp\/v2\/media?parent=7110"}],"wp:term":[{"taxonomy":"category","embeddable":true,"href":"https:\/\/thedailyreports.com\/fr\/wp-json\/wp\/v2\/categories?post=7110"},{"taxonomy":"post_tag","embeddable":true,"href":"https:\/\/thedailyreports.com\/fr\/wp-json\/wp\/v2\/tags?post=7110"}],"curies":[{"name":"wp","href":"https:\/\/api.w.org\/{rel}","templated":true}]}}