{"id":7004,"date":"2022-10-29T21:13:36","date_gmt":"2022-10-29T20:13:36","guid":{"rendered":"https:\/\/thedailyreports.com\/fr\/?p=7004"},"modified":"2022-10-29T21:37:39","modified_gmt":"2022-10-29T20:37:39","slug":"aujourdhui-est-le-dernier-jour-des-emeutes-menace-le-chef-du-corps-des-gardiens-iraniens-de-la-revolution","status":"publish","type":"post","link":"https:\/\/thedailyreports.com\/fr\/2022\/10\/29\/aujourdhui-est-le-dernier-jour-des-emeutes-menace-le-chef-du-corps-des-gardiens-iraniens-de-la-revolution\/","title":{"rendered":"&#8220;Aujourd&#8217;hui est le dernier jour des \u00e9meutes&#8221;, menace le chef des Gardiens de la r\u00e9volution iranienne"},"content":{"rendered":"\n<p>Le commandant du Corps des gardiens de la R\u00e9volution iranienne (CGRI), Hossein Salami, a pr\u00e9venu les manifestants que ce samedi serait le dernier jour o\u00f9 ils pourront encore envahir les rues.<\/p>\n\n\n\n<p>&#8220;Ne descendez pas dans la rue ! Aujourd&#8217;hui est le dernier jour des \u00e9meutes&#8221;, a-t-il averti.<\/p>\n\n\n\n<p>L&#8217;Iran est en proie \u00e0 une violente vague de protestations depuis la mort de la jeune kurde Mahsa Amini en septembre lors de sa garde \u00e0 vue dans un commissariat de T\u00e9h\u00e9ran, apr\u00e8s avoir \u00e9t\u00e9 arr\u00eat\u00e9e par la police iranienne des m\u0153urs pour port inappropri\u00e9 du voile.<\/p>\n\n\n\n<p>Les \u00e9v\u00e8nements qui ont suivis l\u2019assassinat de Mahsa Amini ont \u00e9t\u00e9 imput\u00e9s aux Etats-Unis et \u00e0 Isra\u00ebl par le r\u00e9gime iranien des mollahs.<\/p>\n\n\n\n<p>&#8220;Ce plan sinistre est un plan con\u00e7u (&#8230;) par la Maison Blanche et le r\u00e9gime sioniste&#8221;, a d\u00e9clar\u00e9 le commandant Salami.<\/p>\n\n\n\n<p>Le minist\u00e8re du Renseignement et les services de renseignement du CGRI ont accus\u00e9 les agences d&#8217;espionnage des \u00c9tats-Unis, de la Grande-Bretagne, d&#8217;Isra\u00ebl et de l&#8217;Arabie saoudite d&#8217;avoir orchestr\u00e9 les troubles pour d\u00e9stabiliser la R\u00e9publique islamique.<\/p>\n\n\n\n<p>L\u2019indignation provoqu\u00e9e par cette trag\u00e9die s\u2019est vite transform\u00e9e en soul\u00e8vement populaire de citoyens iraniens issus de toutes les couches sociales. Cette r\u00e9volte repr\u00e9sente l\u2019un des plus gros d\u00e9fis auxquels a \u00e9t\u00e9 confront\u00e9 le clerg\u00e9 chiite au pouvoir depuis la r\u00e9volution islamique de 1979.<\/p>\n\n\n\n<p>Selon des associations de d\u00e9fense des droits de l\u2019homme, au moins 250 manifestants ont \u00e9t\u00e9 tu\u00e9s et des milliers d\u2019autres ont \u00e9t\u00e9 arr\u00eat\u00e9s \u00e0 travers tout le pays.<\/p>\n\n\n\n<p>Selon le groupe de d\u00e9fense des droits de l&#8217;homme Hengaw, les forces de l\u2019ordre ont tir\u00e9 sur les \u00e9l\u00e8ves d&#8217;une \u00e9cole de jeunes filles dans la ville de Saqez. Dans une autre d\u00e9claration, il a ajout\u00e9 que les forces de s\u00e9curit\u00e9 ont ouvert le feu sur des \u00e9tudiants de l&#8217;Universit\u00e9 des sciences m\u00e9dicales du Kurdistan, dans la capitale provinciale du Kurdistan, Sanandaj.<\/p>\n\n\n\n<p>&#8220;Plusieurs \u00e9tudiants ont \u00e9t\u00e9 bless\u00e9s, l&#8217;un d&#8217;entre eux ayant re\u00e7u une balle dans la t\u00eate&#8221;, a d\u00e9clar\u00e9 le groupe Hengaw, mais Reuters n&#8217;a pas \u00e9t\u00e9 en mesure de v\u00e9rifier cette information.<\/p>\n\n\n\n<p>Hier, des vid\u00e9os diffus\u00e9es sur les r\u00e9seaux sociaux ont montr\u00e9 des manifestants appelant \u00e0 la mort du Guide supr\u00eame Ali Khamenei et de la milice Basij (Force de mobilisation de la r\u00e9sistance), qui a jou\u00e9 un r\u00f4le cl\u00e9 dans la r\u00e9pression meurtri\u00e8re des manifestations.<\/p>\n\n\n\n<p>La semaine prochaine, les \u00c9tats-Unis mobiliseront les efforts des Nations unies pour trouver les moyens de mener des enqu\u00eates cr\u00e9dibles et ind\u00e9pendantes sur les violations des droits de l&#8217;homme en Iran.<\/p>\n\n\n\n<p>St\u00e9phane Dujarric, le porte-parole de l&#8217;ONU, a exhort\u00e9 vendredi les autorit\u00e9s iraniennes \u00e0 r\u00e9pondre aux &#8220;dol\u00e9ances l\u00e9gitimes de la population, notamment en ce qui concerne les droits des femmes&#8221;, et a appel\u00e9 les forces de l\u2019ordre \u00e0 \u00e9viter &#8220;tout usage inutile ou disproportionn\u00e9 de la force&#8221; contre les manifestants pacifiques.<\/p>\n","protected":false},"excerpt":{"rendered":"<p>Le commandant du Corps des gardiens de la R\u00e9volution iranienne (CGRI), Hossein Salami, a pr\u00e9venu les manifestants que ce samedi serait le dernier jour o\u00f9 ils pourront encore envahir les rues. &#8220;Ne descendez pas dans la rue ! Aujourd&#8217;hui est le dernier jour des \u00e9meutes&#8221;, a-t-il averti. L&#8217;Iran est en proie \u00e0 une violente vague<\/p>\n","protected":false},"author":5,"featured_media":7005,"comment_status":"open","ping_status":"open","sticky":false,"template":"","format":"standard","meta":{"footnotes":""},"categories":[25],"tags":[],"class_list":{"0":"post-7004","1":"post","2":"type-post","3":"status-publish","4":"format-standard","5":"has-post-thumbnail","7":"category-iran"},"yoast_head":"<!-- This site is optimized with the Yoast SEO plugin v27.4 - https:\/\/yoast.com\/product\/yoast-seo-wordpress\/ -->\n<title>&quot;Aujourd&#039;hui est le dernier jour des \u00e9meutes&quot;, menace le chef des Gardiens de la r\u00e9volution iranienne - Les Rapports Quotidiens<\/title>\n<meta name=\"robots\" content=\"index, follow, max-snippet:-1, max-image-preview:large, max-video-preview:-1\" \/>\n<link rel=\"canonical\" href=\"https:\/\/thedailyreports.com\/fr\/2022\/10\/29\/aujourdhui-est-le-dernier-jour-des-emeutes-menace-le-chef-du-corps-des-gardiens-iraniens-de-la-revolution\/\" \/>\n<meta property=\"og:locale\" content=\"en_US\" \/>\n<meta property=\"og:type\" content=\"article\" \/>\n<meta property=\"og:title\" content=\"&quot;Aujourd&#039;hui est le dernier jour des \u00e9meutes&quot;, menace le chef des Gardiens de la r\u00e9volution iranienne - Les Rapports Quotidiens\" \/>\n<meta property=\"og:description\" content=\"Le commandant du Corps des gardiens de la R\u00e9volution iranienne (CGRI), Hossein Salami, a pr\u00e9venu les manifestants que ce samedi serait le dernier jour o\u00f9 ils pourront encore envahir les rues. &#8220;Ne descendez pas dans la rue ! Aujourd&#8217;hui est le dernier jour des \u00e9meutes&#8221;, a-t-il averti. L&#8217;Iran est en proie \u00e0 une violente vague\" \/>\n<meta property=\"og:url\" content=\"https:\/\/thedailyreports.com\/fr\/2022\/10\/29\/aujourdhui-est-le-dernier-jour-des-emeutes-menace-le-chef-du-corps-des-gardiens-iraniens-de-la-revolution\/\" \/>\n<meta property=\"og:site_name\" content=\"Les Rapports Quotidiens\" \/>\n<meta property=\"article:published_time\" content=\"2022-10-29T20:13:36+00:00\" \/>\n<meta property=\"article:modified_time\" content=\"2022-10-29T20:37:39+00:00\" \/>\n<meta property=\"og:image\" content=\"https:\/\/thedailyreports.com\/fr\/wp-content\/uploads\/2022\/10\/abfa4f1c5e51468aff93f7fcaac6ed542738a84f63645ef2739f5d7eae445e86.webp\" \/>\n\t<meta property=\"og:image:width\" content=\"1200\" \/>\n\t<meta property=\"og:image:height\" content=\"630\" \/>\n\t<meta property=\"og:image:type\" content=\"image\/webp\" \/>\n<meta name=\"author\" content=\"The Daily Reports\" \/>\n<meta name=\"twitter:card\" content=\"summary_large_image\" \/>\n<meta name=\"twitter:label1\" content=\"Written by\" \/>\n\t<meta name=\"twitter:data1\" content=\"The Daily Reports\" \/>\n\t<meta name=\"twitter:label2\" content=\"Est. reading time\" \/>\n\t<meta name=\"twitter:data2\" content=\"3 minutes\" \/>\n<script type=\"application\/ld+json\" class=\"yoast-schema-graph\">{\"@context\":\"https:\\\/\\\/schema.org\",\"@graph\":[{\"@type\":\"Article\",\"@id\":\"https:\\\/\\\/thedailyreports.com\\\/fr\\\/2022\\\/10\\\/29\\\/aujourdhui-est-le-dernier-jour-des-emeutes-menace-le-chef-du-corps-des-gardiens-iraniens-de-la-revolution\\\/#article\",\"isPartOf\":{\"@id\":\"https:\\\/\\\/thedailyreports.com\\\/fr\\\/2022\\\/10\\\/29\\\/aujourdhui-est-le-dernier-jour-des-emeutes-menace-le-chef-du-corps-des-gardiens-iraniens-de-la-revolution\\\/\"},\"author\":{\"name\":\"The Daily Reports\",\"@id\":\"https:\\\/\\\/thedailyreports.com\\\/fr\\\/#\\\/schema\\\/person\\\/b00df16edad26ba8db109fb28c806a2a\"},\"headline\":\"&#8220;Aujourd&#8217;hui est le dernier jour des \u00e9meutes&#8221;, menace le chef des Gardiens de la r\u00e9volution iranienne\",\"datePublished\":\"2022-10-29T20:13:36+00:00\",\"dateModified\":\"2022-10-29T20:37:39+00:00\",\"mainEntityOfPage\":{\"@id\":\"https:\\\/\\\/thedailyreports.com\\\/fr\\\/2022\\\/10\\\/29\\\/aujourdhui-est-le-dernier-jour-des-emeutes-menace-le-chef-du-corps-des-gardiens-iraniens-de-la-revolution\\\/\"},\"wordCount\":548,\"commentCount\":0,\"image\":{\"@id\":\"https:\\\/\\\/thedailyreports.com\\\/fr\\\/2022\\\/10\\\/29\\\/aujourdhui-est-le-dernier-jour-des-emeutes-menace-le-chef-du-corps-des-gardiens-iraniens-de-la-revolution\\\/#primaryimage\"},\"thumbnailUrl\":\"https:\\\/\\\/thedailyreports.com\\\/fr\\\/wp-content\\\/uploads\\\/2022\\\/10\\\/abfa4f1c5e51468aff93f7fcaac6ed542738a84f63645ef2739f5d7eae445e86.webp\",\"articleSection\":[\"Iran\"],\"inLanguage\":\"en-US\",\"potentialAction\":[{\"@type\":\"CommentAction\",\"name\":\"Comment\",\"target\":[\"https:\\\/\\\/thedailyreports.com\\\/fr\\\/2022\\\/10\\\/29\\\/aujourdhui-est-le-dernier-jour-des-emeutes-menace-le-chef-du-corps-des-gardiens-iraniens-de-la-revolution\\\/#respond\"]}]},{\"@type\":\"WebPage\",\"@id\":\"https:\\\/\\\/thedailyreports.com\\\/fr\\\/2022\\\/10\\\/29\\\/aujourdhui-est-le-dernier-jour-des-emeutes-menace-le-chef-du-corps-des-gardiens-iraniens-de-la-revolution\\\/\",\"url\":\"https:\\\/\\\/thedailyreports.com\\\/fr\\\/2022\\\/10\\\/29\\\/aujourdhui-est-le-dernier-jour-des-emeutes-menace-le-chef-du-corps-des-gardiens-iraniens-de-la-revolution\\\/\",\"name\":\"\\\"Aujourd'hui est le dernier jour des \u00e9meutes\\\", menace le chef des Gardiens de la r\u00e9volution iranienne - Les Rapports Quotidiens\",\"isPartOf\":{\"@id\":\"https:\\\/\\\/thedailyreports.com\\\/fr\\\/#website\"},\"primaryImageOfPage\":{\"@id\":\"https:\\\/\\\/thedailyreports.com\\\/fr\\\/2022\\\/10\\\/29\\\/aujourdhui-est-le-dernier-jour-des-emeutes-menace-le-chef-du-corps-des-gardiens-iraniens-de-la-revolution\\\/#primaryimage\"},\"image\":{\"@id\":\"https:\\\/\\\/thedailyreports.com\\\/fr\\\/2022\\\/10\\\/29\\\/aujourdhui-est-le-dernier-jour-des-emeutes-menace-le-chef-du-corps-des-gardiens-iraniens-de-la-revolution\\\/#primaryimage\"},\"thumbnailUrl\":\"https:\\\/\\\/thedailyreports.com\\\/fr\\\/wp-content\\\/uploads\\\/2022\\\/10\\\/abfa4f1c5e51468aff93f7fcaac6ed542738a84f63645ef2739f5d7eae445e86.webp\",\"datePublished\":\"2022-10-29T20:13:36+00:00\",\"dateModified\":\"2022-10-29T20:37:39+00:00\",\"author\":{\"@id\":\"https:\\\/\\\/thedailyreports.com\\\/fr\\\/#\\\/schema\\\/person\\\/b00df16edad26ba8db109fb28c806a2a\"},\"breadcrumb\":{\"@id\":\"https:\\\/\\\/thedailyreports.com\\\/fr\\\/2022\\\/10\\\/29\\\/aujourdhui-est-le-dernier-jour-des-emeutes-menace-le-chef-du-corps-des-gardiens-iraniens-de-la-revolution\\\/#breadcrumb\"},\"inLanguage\":\"en-US\",\"potentialAction\":[{\"@type\":\"ReadAction\",\"target\":[\"https:\\\/\\\/thedailyreports.com\\\/fr\\\/2022\\\/10\\\/29\\\/aujourdhui-est-le-dernier-jour-des-emeutes-menace-le-chef-du-corps-des-gardiens-iraniens-de-la-revolution\\\/\"]}]},{\"@type\":\"ImageObject\",\"inLanguage\":\"en-US\",\"@id\":\"https:\\\/\\\/thedailyreports.com\\\/fr\\\/2022\\\/10\\\/29\\\/aujourdhui-est-le-dernier-jour-des-emeutes-menace-le-chef-du-corps-des-gardiens-iraniens-de-la-revolution\\\/#primaryimage\",\"url\":\"https:\\\/\\\/thedailyreports.com\\\/fr\\\/wp-content\\\/uploads\\\/2022\\\/10\\\/abfa4f1c5e51468aff93f7fcaac6ed542738a84f63645ef2739f5d7eae445e86.webp\",\"contentUrl\":\"https:\\\/\\\/thedailyreports.com\\\/fr\\\/wp-content\\\/uploads\\\/2022\\\/10\\\/abfa4f1c5e51468aff93f7fcaac6ed542738a84f63645ef2739f5d7eae445e86.webp\",\"width\":1200,\"height\":630},{\"@type\":\"BreadcrumbList\",\"@id\":\"https:\\\/\\\/thedailyreports.com\\\/fr\\\/2022\\\/10\\\/29\\\/aujourdhui-est-le-dernier-jour-des-emeutes-menace-le-chef-du-corps-des-gardiens-iraniens-de-la-revolution\\\/#breadcrumb\",\"itemListElement\":[{\"@type\":\"ListItem\",\"position\":1,\"name\":\"Home\",\"item\":\"https:\\\/\\\/thedailyreports.com\\\/fr\\\/\"},{\"@type\":\"ListItem\",\"position\":2,\"name\":\"&#8220;Aujourd&#8217;hui est le dernier jour des \u00e9meutes&#8221;, menace le chef des Gardiens de la r\u00e9volution iranienne\"}]},{\"@type\":\"WebSite\",\"@id\":\"https:\\\/\\\/thedailyreports.com\\\/fr\\\/#website\",\"url\":\"https:\\\/\\\/thedailyreports.com\\\/fr\\\/\",\"name\":\"Les Rapports Quotidiens\",\"description\":\"Toute la v\u00e9rit\u00e9, rien que la v\u00e9rit\u00e9\",\"potentialAction\":[{\"@type\":\"SearchAction\",\"target\":{\"@type\":\"EntryPoint\",\"urlTemplate\":\"https:\\\/\\\/thedailyreports.com\\\/fr\\\/?s={search_term_string}\"},\"query-input\":{\"@type\":\"PropertyValueSpecification\",\"valueRequired\":true,\"valueName\":\"search_term_string\"}}],\"inLanguage\":\"en-US\"},{\"@type\":\"Person\",\"@id\":\"https:\\\/\\\/thedailyreports.com\\\/fr\\\/#\\\/schema\\\/person\\\/b00df16edad26ba8db109fb28c806a2a\",\"name\":\"The Daily Reports\",\"image\":{\"@type\":\"ImageObject\",\"inLanguage\":\"en-US\",\"@id\":\"https:\\\/\\\/secure.gravatar.com\\\/avatar\\\/302a03d420eae20396406f37e0504a570385b6e8478a3733ea8ee684acee8497?s=96&d=mm&r=g\",\"url\":\"https:\\\/\\\/secure.gravatar.com\\\/avatar\\\/302a03d420eae20396406f37e0504a570385b6e8478a3733ea8ee684acee8497?s=96&d=mm&r=g\",\"contentUrl\":\"https:\\\/\\\/secure.gravatar.com\\\/avatar\\\/302a03d420eae20396406f37e0504a570385b6e8478a3733ea8ee684acee8497?s=96&d=mm&r=g\",\"caption\":\"The Daily Reports\"},\"sameAs\":[\"https:\\\/\\\/thedailyreports.com\\\/fr\"],\"url\":\"https:\\\/\\\/thedailyreports.com\\\/fr\\\/author\\\/haythem\\\/\"}]}<\/script>\n<!-- \/ Yoast SEO plugin. -->","yoast_head_json":{"title":"\"Aujourd'hui est le dernier jour des \u00e9meutes\", menace le chef des Gardiens de la r\u00e9volution iranienne - Les Rapports Quotidiens","robots":{"index":"index","follow":"follow","max-snippet":"max-snippet:-1","max-image-preview":"max-image-preview:large","max-video-preview":"max-video-preview:-1"},"canonical":"https:\/\/thedailyreports.com\/fr\/2022\/10\/29\/aujourdhui-est-le-dernier-jour-des-emeutes-menace-le-chef-du-corps-des-gardiens-iraniens-de-la-revolution\/","og_locale":"en_US","og_type":"article","og_title":"\"Aujourd'hui est le dernier jour des \u00e9meutes\", menace le chef des Gardiens de la r\u00e9volution iranienne - Les Rapports Quotidiens","og_description":"Le commandant du Corps des gardiens de la R\u00e9volution iranienne (CGRI), Hossein Salami, a pr\u00e9venu les manifestants que ce samedi serait le dernier jour o\u00f9 ils pourront encore envahir les rues. &#8220;Ne descendez pas dans la rue ! Aujourd&#8217;hui est le dernier jour des \u00e9meutes&#8221;, a-t-il averti. L&#8217;Iran est en proie \u00e0 une violente vague","og_url":"https:\/\/thedailyreports.com\/fr\/2022\/10\/29\/aujourdhui-est-le-dernier-jour-des-emeutes-menace-le-chef-du-corps-des-gardiens-iraniens-de-la-revolution\/","og_site_name":"Les Rapports Quotidiens","article_published_time":"2022-10-29T20:13:36+00:00","article_modified_time":"2022-10-29T20:37:39+00:00","og_image":[{"width":1200,"height":630,"url":"https:\/\/thedailyreports.com\/fr\/wp-content\/uploads\/2022\/10\/abfa4f1c5e51468aff93f7fcaac6ed542738a84f63645ef2739f5d7eae445e86.webp","type":"image\/webp"}],"author":"The Daily Reports","twitter_card":"summary_large_image","twitter_misc":{"Written by":"The Daily Reports","Est. reading time":"3 minutes"},"schema":{"@context":"https:\/\/schema.org","@graph":[{"@type":"Article","@id":"https:\/\/thedailyreports.com\/fr\/2022\/10\/29\/aujourdhui-est-le-dernier-jour-des-emeutes-menace-le-chef-du-corps-des-gardiens-iraniens-de-la-revolution\/#article","isPartOf":{"@id":"https:\/\/thedailyreports.com\/fr\/2022\/10\/29\/aujourdhui-est-le-dernier-jour-des-emeutes-menace-le-chef-du-corps-des-gardiens-iraniens-de-la-revolution\/"},"author":{"name":"The Daily Reports","@id":"https:\/\/thedailyreports.com\/fr\/#\/schema\/person\/b00df16edad26ba8db109fb28c806a2a"},"headline":"&#8220;Aujourd&#8217;hui est le dernier jour des \u00e9meutes&#8221;, menace le chef des Gardiens de la r\u00e9volution iranienne","datePublished":"2022-10-29T20:13:36+00:00","dateModified":"2022-10-29T20:37:39+00:00","mainEntityOfPage":{"@id":"https:\/\/thedailyreports.com\/fr\/2022\/10\/29\/aujourdhui-est-le-dernier-jour-des-emeutes-menace-le-chef-du-corps-des-gardiens-iraniens-de-la-revolution\/"},"wordCount":548,"commentCount":0,"image":{"@id":"https:\/\/thedailyreports.com\/fr\/2022\/10\/29\/aujourdhui-est-le-dernier-jour-des-emeutes-menace-le-chef-du-corps-des-gardiens-iraniens-de-la-revolution\/#primaryimage"},"thumbnailUrl":"https:\/\/thedailyreports.com\/fr\/wp-content\/uploads\/2022\/10\/abfa4f1c5e51468aff93f7fcaac6ed542738a84f63645ef2739f5d7eae445e86.webp","articleSection":["Iran"],"inLanguage":"en-US","potentialAction":[{"@type":"CommentAction","name":"Comment","target":["https:\/\/thedailyreports.com\/fr\/2022\/10\/29\/aujourdhui-est-le-dernier-jour-des-emeutes-menace-le-chef-du-corps-des-gardiens-iraniens-de-la-revolution\/#respond"]}]},{"@type":"WebPage","@id":"https:\/\/thedailyreports.com\/fr\/2022\/10\/29\/aujourdhui-est-le-dernier-jour-des-emeutes-menace-le-chef-du-corps-des-gardiens-iraniens-de-la-revolution\/","url":"https:\/\/thedailyreports.com\/fr\/2022\/10\/29\/aujourdhui-est-le-dernier-jour-des-emeutes-menace-le-chef-du-corps-des-gardiens-iraniens-de-la-revolution\/","name":"\"Aujourd'hui est le dernier jour des \u00e9meutes\", menace le chef des Gardiens de la r\u00e9volution iranienne - Les Rapports Quotidiens","isPartOf":{"@id":"https:\/\/thedailyreports.com\/fr\/#website"},"primaryImageOfPage":{"@id":"https:\/\/thedailyreports.com\/fr\/2022\/10\/29\/aujourdhui-est-le-dernier-jour-des-emeutes-menace-le-chef-du-corps-des-gardiens-iraniens-de-la-revolution\/#primaryimage"},"image":{"@id":"https:\/\/thedailyreports.com\/fr\/2022\/10\/29\/aujourdhui-est-le-dernier-jour-des-emeutes-menace-le-chef-du-corps-des-gardiens-iraniens-de-la-revolution\/#primaryimage"},"thumbnailUrl":"https:\/\/thedailyreports.com\/fr\/wp-content\/uploads\/2022\/10\/abfa4f1c5e51468aff93f7fcaac6ed542738a84f63645ef2739f5d7eae445e86.webp","datePublished":"2022-10-29T20:13:36+00:00","dateModified":"2022-10-29T20:37:39+00:00","author":{"@id":"https:\/\/thedailyreports.com\/fr\/#\/schema\/person\/b00df16edad26ba8db109fb28c806a2a"},"breadcrumb":{"@id":"https:\/\/thedailyreports.com\/fr\/2022\/10\/29\/aujourdhui-est-le-dernier-jour-des-emeutes-menace-le-chef-du-corps-des-gardiens-iraniens-de-la-revolution\/#breadcrumb"},"inLanguage":"en-US","potentialAction":[{"@type":"ReadAction","target":["https:\/\/thedailyreports.com\/fr\/2022\/10\/29\/aujourdhui-est-le-dernier-jour-des-emeutes-menace-le-chef-du-corps-des-gardiens-iraniens-de-la-revolution\/"]}]},{"@type":"ImageObject","inLanguage":"en-US","@id":"https:\/\/thedailyreports.com\/fr\/2022\/10\/29\/aujourdhui-est-le-dernier-jour-des-emeutes-menace-le-chef-du-corps-des-gardiens-iraniens-de-la-revolution\/#primaryimage","url":"https:\/\/thedailyreports.com\/fr\/wp-content\/uploads\/2022\/10\/abfa4f1c5e51468aff93f7fcaac6ed542738a84f63645ef2739f5d7eae445e86.webp","contentUrl":"https:\/\/thedailyreports.com\/fr\/wp-content\/uploads\/2022\/10\/abfa4f1c5e51468aff93f7fcaac6ed542738a84f63645ef2739f5d7eae445e86.webp","width":1200,"height":630},{"@type":"BreadcrumbList","@id":"https:\/\/thedailyreports.com\/fr\/2022\/10\/29\/aujourdhui-est-le-dernier-jour-des-emeutes-menace-le-chef-du-corps-des-gardiens-iraniens-de-la-revolution\/#breadcrumb","itemListElement":[{"@type":"ListItem","position":1,"name":"Home","item":"https:\/\/thedailyreports.com\/fr\/"},{"@type":"ListItem","position":2,"name":"&#8220;Aujourd&#8217;hui est le dernier jour des \u00e9meutes&#8221;, menace le chef des Gardiens de la r\u00e9volution iranienne"}]},{"@type":"WebSite","@id":"https:\/\/thedailyreports.com\/fr\/#website","url":"https:\/\/thedailyreports.com\/fr\/","name":"Les Rapports Quotidiens","description":"Toute la v\u00e9rit\u00e9, rien que la v\u00e9rit\u00e9","potentialAction":[{"@type":"SearchAction","target":{"@type":"EntryPoint","urlTemplate":"https:\/\/thedailyreports.com\/fr\/?s={search_term_string}"},"query-input":{"@type":"PropertyValueSpecification","valueRequired":true,"valueName":"search_term_string"}}],"inLanguage":"en-US"},{"@type":"Person","@id":"https:\/\/thedailyreports.com\/fr\/#\/schema\/person\/b00df16edad26ba8db109fb28c806a2a","name":"The Daily Reports","image":{"@type":"ImageObject","inLanguage":"en-US","@id":"https:\/\/secure.gravatar.com\/avatar\/302a03d420eae20396406f37e0504a570385b6e8478a3733ea8ee684acee8497?s=96&d=mm&r=g","url":"https:\/\/secure.gravatar.com\/avatar\/302a03d420eae20396406f37e0504a570385b6e8478a3733ea8ee684acee8497?s=96&d=mm&r=g","contentUrl":"https:\/\/secure.gravatar.com\/avatar\/302a03d420eae20396406f37e0504a570385b6e8478a3733ea8ee684acee8497?s=96&d=mm&r=g","caption":"The Daily Reports"},"sameAs":["https:\/\/thedailyreports.com\/fr"],"url":"https:\/\/thedailyreports.com\/fr\/author\/haythem\/"}]}},"_links":{"self":[{"href":"https:\/\/thedailyreports.com\/fr\/wp-json\/wp\/v2\/posts\/7004","targetHints":{"allow":["GET"]}}],"collection":[{"href":"https:\/\/thedailyreports.com\/fr\/wp-json\/wp\/v2\/posts"}],"about":[{"href":"https:\/\/thedailyreports.com\/fr\/wp-json\/wp\/v2\/types\/post"}],"author":[{"embeddable":true,"href":"https:\/\/thedailyreports.com\/fr\/wp-json\/wp\/v2\/users\/5"}],"replies":[{"embeddable":true,"href":"https:\/\/thedailyreports.com\/fr\/wp-json\/wp\/v2\/comments?post=7004"}],"version-history":[{"count":2,"href":"https:\/\/thedailyreports.com\/fr\/wp-json\/wp\/v2\/posts\/7004\/revisions"}],"predecessor-version":[{"id":7007,"href":"https:\/\/thedailyreports.com\/fr\/wp-json\/wp\/v2\/posts\/7004\/revisions\/7007"}],"wp:featuredmedia":[{"embeddable":true,"href":"https:\/\/thedailyreports.com\/fr\/wp-json\/wp\/v2\/media\/7005"}],"wp:attachment":[{"href":"https:\/\/thedailyreports.com\/fr\/wp-json\/wp\/v2\/media?parent=7004"}],"wp:term":[{"taxonomy":"category","embeddable":true,"href":"https:\/\/thedailyreports.com\/fr\/wp-json\/wp\/v2\/categories?post=7004"},{"taxonomy":"post_tag","embeddable":true,"href":"https:\/\/thedailyreports.com\/fr\/wp-json\/wp\/v2\/tags?post=7004"}],"curies":[{"name":"wp","href":"https:\/\/api.w.org\/{rel}","templated":true}]}}