{"id":6971,"date":"2022-10-25T18:02:12","date_gmt":"2022-10-25T17:02:12","guid":{"rendered":"https:\/\/thedailyreports.com\/fr\/?p=6971"},"modified":"2022-10-25T18:02:15","modified_gmt":"2022-10-25T17:02:15","slug":"de-nouveaux-espions-francais-arretes-en-iran","status":"publish","type":"post","link":"https:\/\/thedailyreports.com\/fr\/2022\/10\/25\/de-nouveaux-espions-francais-arretes-en-iran\/","title":{"rendered":"De nouveaux \u00ab\u00a0espions fran\u00e7ais\u00a0\u00bb arr\u00eat\u00e9s en Iran"},"content":{"rendered":"\n<p>Les autorit\u00e9s iraniennes ont proc\u00e9d\u00e9 \u00e0 de nouvelles arrestations dans le cadre de l&#8217;affaire des &#8221; espions fran\u00e7ais&#8221;, a annonc\u00e9 aujourd\u2019hui, mardi, le porte-parole du pouvoir judiciaire iranien, pr\u00e9cisant que ces derni\u00e8res arrestations ont vis\u00e9 des individus accus\u00e9s de &#8220;conspiration et de collusion&#8221; en vue de nuire \u00e0 la s\u00e9curit\u00e9 nationale.<\/p>\n\n\n\n<p>La France a critiqu\u00e9 l&#8217;Iran pour ses &#8220;pratiques dictatoriales&#8221; et a d\u00e9nonc\u00e9 l\u2019emprisonnement de deux citoyens fran\u00e7ais depuis le d\u00e9but du mois, apr\u00e8s la diffusion d&#8217;une vid\u00e9o dans laquelle ils semblaient avouer \u00eatre coupables d\u2019espionnage. Les autorit\u00e9s fran\u00e7aises ont exig\u00e9 leur lib\u00e9ration imm\u00e9diate.<\/p>\n\n\n\n<p>Lors d&#8217;une conf\u00e9rence de presse hebdomadaire, le porte-parole du pouvoir judiciaire iranien, Masoud Setayeshi, n&#8217;a pas pr\u00e9cis\u00e9 le nombre total des arrestations qui ont eu lieu dans le cadre de ce qu&#8217;il a appel\u00e9 &#8220;l&#8217;affaire des espions fran\u00e7ais&#8221;, ni donn\u00e9 de d\u00e9tails sur l\u2019identit\u00e9 des d\u00e9tenus.<\/p>\n\n\n\n<p>&#8220;Dans cette affaire, d&#8217;autres arrestations ont \u00e9t\u00e9 effectu\u00e9es et la cha\u00eene d&#8217;information est sur le point d&#8217;\u00eatre compl\u00e9t\u00e9e. Elles seront annonc\u00e9es d\u00e8s qu&#8217;elle (la chaine) sera mise au pont&#8221;, a-t-il d\u00e9clar\u00e9, pr\u00e9cisant que l&#8217;enqu\u00eate avan\u00e7ait rapidement.<\/p>\n\n\n\n<p>Le minist\u00e8re iranien du renseignement a d\u00e9clar\u00e9 au mois de mai avoir arr\u00eat\u00e9 deux Europ\u00e9ens pour avoir pr\u00e9tendument attis\u00e9 des troubles en Iran, o\u00f9 toutes les r\u00e9gions sont en proie \u00e0 une intense protestation populaire depuis le meurtre de la jeune Mahsa Amini par la police iranienne des m\u0153urs.<\/p>\n\n\n\n<p>Il n\u2019est pas rare que les m\u00e9dias nationaux iraniens publient de pr\u00e9tendus aveux de suspects dans des affaires \u00e0 caract\u00e8re politique.<\/p>\n\n\n\n<p>Dans la vid\u00e9o diffus\u00e9e au d\u00e9but du mois, C\u00e9cile Kohler, l&#8217;une des deux personnes arr\u00eat\u00e9es, a d\u00e9clar\u00e9 \u00eatre venue en Iran dans l\u2019objectif de &#8220;pr\u00e9parer le terrain pour la r\u00e9volution et le renversement du r\u00e9gime iranien&#8221;.<\/p>\n\n\n\n<p>L\u2019enregistrement a suscit\u00e9 la col\u00e8re \u00e0 Paris. Le minist\u00e8re des affaires \u00e9trang\u00e8res a d\u00e9clar\u00e9 que les deux citoyens fran\u00e7ais, ainsi que les deux autres personnes d\u00e9tenues en Iran, \u00e9taient des &#8220;otages d&#8217;\u00c9tat&#8221;. Il a ajout\u00e9 que les faux aveux extorqu\u00e9s sous la menace n&#8217;avaient aucune valeur, pas plus que les motifs invoqu\u00e9s pour leur arrestation arbitraire.<\/p>\n\n\n\n<p>L&#8217;Iran a accus\u00e9 \u00e0 plusieurs reprises ses ennemis \u00e9trangers comme les \u00c9tats-Unis et Isra\u00ebl d\u2019avoir provoqu\u00e9 l\u2019agitation d\u00e9clench\u00e9e par la mort de Mahsa Amini, arr\u00eat\u00e9e pour &#8220;port inappropri\u00e9 du hidjab&#8221; et d\u00e9c\u00e9d\u00e9e apr\u00e8s deux heures de garde \u00e0 vue dans un poste de police \u00e0 T\u00e9h\u00e9ran.<\/p>\n\n\n\n<p>Apr\u00e8s la mort brutale de la jeune fille de 22 ans et la r\u00e9pression barbare des manifestations par les autorit\u00e9s iraniennes, plusieurs gouvernements occidentaux ont condamn\u00e9 T\u00e9h\u00e9ran et ont appel\u00e9 \u00e0 imposer de nouvelles sanctions aux responsables iraniens, aggravant des relations diplomatiques d\u00e9j\u00e0 tendues.<\/p>\n","protected":false},"excerpt":{"rendered":"<p>Les autorit\u00e9s iraniennes ont proc\u00e9d\u00e9 \u00e0 de nouvelles arrestations dans le cadre de l&#8217;affaire des &#8221; espions fran\u00e7ais&#8221;, a annonc\u00e9 aujourd\u2019hui, mardi, le porte-parole du pouvoir judiciaire iranien, pr\u00e9cisant que ces derni\u00e8res arrestations ont vis\u00e9 des individus accus\u00e9s de &#8220;conspiration et de collusion&#8221; en vue de nuire \u00e0 la s\u00e9curit\u00e9 nationale. La France a critiqu\u00e9<\/p>\n","protected":false},"author":5,"featured_media":6972,"comment_status":"open","ping_status":"open","sticky":false,"template":"","format":"standard","meta":{"footnotes":""},"categories":[27,25],"tags":[],"class_list":{"0":"post-6971","1":"post","2":"type-post","3":"status-publish","4":"format-standard","5":"has-post-thumbnail","7":"category-france","8":"category-iran"},"yoast_head":"<!-- This site is optimized with the Yoast SEO plugin v27.4 - https:\/\/yoast.com\/product\/yoast-seo-wordpress\/ -->\n<title>De nouveaux \u00ab\u00a0espions fran\u00e7ais\u00a0\u00bb arr\u00eat\u00e9s en Iran - Les Rapports Quotidiens<\/title>\n<meta name=\"robots\" content=\"index, follow, max-snippet:-1, max-image-preview:large, max-video-preview:-1\" \/>\n<link rel=\"canonical\" href=\"https:\/\/thedailyreports.com\/fr\/2022\/10\/25\/de-nouveaux-espions-francais-arretes-en-iran\/\" \/>\n<meta property=\"og:locale\" content=\"en_US\" \/>\n<meta property=\"og:type\" content=\"article\" \/>\n<meta property=\"og:title\" content=\"De nouveaux \u00ab\u00a0espions fran\u00e7ais\u00a0\u00bb arr\u00eat\u00e9s en Iran - Les Rapports Quotidiens\" \/>\n<meta property=\"og:description\" content=\"Les autorit\u00e9s iraniennes ont proc\u00e9d\u00e9 \u00e0 de nouvelles arrestations dans le cadre de l&#8217;affaire des &#8221; espions fran\u00e7ais&#8221;, a annonc\u00e9 aujourd\u2019hui, mardi, le porte-parole du pouvoir judiciaire iranien, pr\u00e9cisant que ces derni\u00e8res arrestations ont vis\u00e9 des individus accus\u00e9s de &#8220;conspiration et de collusion&#8221; en vue de nuire \u00e0 la s\u00e9curit\u00e9 nationale. La France a critiqu\u00e9\" \/>\n<meta property=\"og:url\" content=\"https:\/\/thedailyreports.com\/fr\/2022\/10\/25\/de-nouveaux-espions-francais-arretes-en-iran\/\" \/>\n<meta property=\"og:site_name\" content=\"Les Rapports Quotidiens\" \/>\n<meta property=\"article:published_time\" content=\"2022-10-25T17:02:12+00:00\" \/>\n<meta property=\"article:modified_time\" content=\"2022-10-25T17:02:15+00:00\" \/>\n<meta property=\"og:image\" content=\"https:\/\/thedailyreports.com\/fr\/wp-content\/uploads\/2022\/10\/thumbs_b_c_7ae4748a3616a6b806653358ba3bd99f.jpg?v=1681241861\" \/>\n\t<meta property=\"og:image:width\" content=\"863\" \/>\n\t<meta property=\"og:image:height\" content=\"486\" \/>\n\t<meta property=\"og:image:type\" content=\"image\/jpeg\" \/>\n<meta name=\"author\" content=\"The Daily Reports\" \/>\n<meta name=\"twitter:card\" content=\"summary_large_image\" \/>\n<meta name=\"twitter:label1\" content=\"Written by\" \/>\n\t<meta name=\"twitter:data1\" content=\"The Daily Reports\" \/>\n\t<meta name=\"twitter:label2\" content=\"Est. reading time\" \/>\n\t<meta name=\"twitter:data2\" content=\"2 minutes\" \/>\n<script type=\"application\/ld+json\" class=\"yoast-schema-graph\">{\"@context\":\"https:\\\/\\\/schema.org\",\"@graph\":[{\"@type\":\"Article\",\"@id\":\"https:\\\/\\\/thedailyreports.com\\\/fr\\\/2022\\\/10\\\/25\\\/de-nouveaux-espions-francais-arretes-en-iran\\\/#article\",\"isPartOf\":{\"@id\":\"https:\\\/\\\/thedailyreports.com\\\/fr\\\/2022\\\/10\\\/25\\\/de-nouveaux-espions-francais-arretes-en-iran\\\/\"},\"author\":{\"name\":\"The Daily Reports\",\"@id\":\"https:\\\/\\\/thedailyreports.com\\\/fr\\\/#\\\/schema\\\/person\\\/b00df16edad26ba8db109fb28c806a2a\"},\"headline\":\"De nouveaux \u00ab\u00a0espions fran\u00e7ais\u00a0\u00bb arr\u00eat\u00e9s en Iran\",\"datePublished\":\"2022-10-25T17:02:12+00:00\",\"dateModified\":\"2022-10-25T17:02:15+00:00\",\"mainEntityOfPage\":{\"@id\":\"https:\\\/\\\/thedailyreports.com\\\/fr\\\/2022\\\/10\\\/25\\\/de-nouveaux-espions-francais-arretes-en-iran\\\/\"},\"wordCount\":528,\"commentCount\":0,\"image\":{\"@id\":\"https:\\\/\\\/thedailyreports.com\\\/fr\\\/2022\\\/10\\\/25\\\/de-nouveaux-espions-francais-arretes-en-iran\\\/#primaryimage\"},\"thumbnailUrl\":\"https:\\\/\\\/thedailyreports.com\\\/fr\\\/wp-content\\\/uploads\\\/2022\\\/10\\\/thumbs_b_c_7ae4748a3616a6b806653358ba3bd99f.jpg\",\"articleSection\":[\"France\",\"Iran\"],\"inLanguage\":\"en-US\",\"potentialAction\":[{\"@type\":\"CommentAction\",\"name\":\"Comment\",\"target\":[\"https:\\\/\\\/thedailyreports.com\\\/fr\\\/2022\\\/10\\\/25\\\/de-nouveaux-espions-francais-arretes-en-iran\\\/#respond\"]}]},{\"@type\":\"WebPage\",\"@id\":\"https:\\\/\\\/thedailyreports.com\\\/fr\\\/2022\\\/10\\\/25\\\/de-nouveaux-espions-francais-arretes-en-iran\\\/\",\"url\":\"https:\\\/\\\/thedailyreports.com\\\/fr\\\/2022\\\/10\\\/25\\\/de-nouveaux-espions-francais-arretes-en-iran\\\/\",\"name\":\"De nouveaux \u00ab\u00a0espions fran\u00e7ais\u00a0\u00bb arr\u00eat\u00e9s en Iran - Les Rapports Quotidiens\",\"isPartOf\":{\"@id\":\"https:\\\/\\\/thedailyreports.com\\\/fr\\\/#website\"},\"primaryImageOfPage\":{\"@id\":\"https:\\\/\\\/thedailyreports.com\\\/fr\\\/2022\\\/10\\\/25\\\/de-nouveaux-espions-francais-arretes-en-iran\\\/#primaryimage\"},\"image\":{\"@id\":\"https:\\\/\\\/thedailyreports.com\\\/fr\\\/2022\\\/10\\\/25\\\/de-nouveaux-espions-francais-arretes-en-iran\\\/#primaryimage\"},\"thumbnailUrl\":\"https:\\\/\\\/thedailyreports.com\\\/fr\\\/wp-content\\\/uploads\\\/2022\\\/10\\\/thumbs_b_c_7ae4748a3616a6b806653358ba3bd99f.jpg\",\"datePublished\":\"2022-10-25T17:02:12+00:00\",\"dateModified\":\"2022-10-25T17:02:15+00:00\",\"author\":{\"@id\":\"https:\\\/\\\/thedailyreports.com\\\/fr\\\/#\\\/schema\\\/person\\\/b00df16edad26ba8db109fb28c806a2a\"},\"breadcrumb\":{\"@id\":\"https:\\\/\\\/thedailyreports.com\\\/fr\\\/2022\\\/10\\\/25\\\/de-nouveaux-espions-francais-arretes-en-iran\\\/#breadcrumb\"},\"inLanguage\":\"en-US\",\"potentialAction\":[{\"@type\":\"ReadAction\",\"target\":[\"https:\\\/\\\/thedailyreports.com\\\/fr\\\/2022\\\/10\\\/25\\\/de-nouveaux-espions-francais-arretes-en-iran\\\/\"]}]},{\"@type\":\"ImageObject\",\"inLanguage\":\"en-US\",\"@id\":\"https:\\\/\\\/thedailyreports.com\\\/fr\\\/2022\\\/10\\\/25\\\/de-nouveaux-espions-francais-arretes-en-iran\\\/#primaryimage\",\"url\":\"https:\\\/\\\/thedailyreports.com\\\/fr\\\/wp-content\\\/uploads\\\/2022\\\/10\\\/thumbs_b_c_7ae4748a3616a6b806653358ba3bd99f.jpg\",\"contentUrl\":\"https:\\\/\\\/thedailyreports.com\\\/fr\\\/wp-content\\\/uploads\\\/2022\\\/10\\\/thumbs_b_c_7ae4748a3616a6b806653358ba3bd99f.jpg\",\"width\":863,\"height\":486},{\"@type\":\"BreadcrumbList\",\"@id\":\"https:\\\/\\\/thedailyreports.com\\\/fr\\\/2022\\\/10\\\/25\\\/de-nouveaux-espions-francais-arretes-en-iran\\\/#breadcrumb\",\"itemListElement\":[{\"@type\":\"ListItem\",\"position\":1,\"name\":\"Home\",\"item\":\"https:\\\/\\\/thedailyreports.com\\\/fr\\\/\"},{\"@type\":\"ListItem\",\"position\":2,\"name\":\"De nouveaux \u00ab\u00a0espions fran\u00e7ais\u00a0\u00bb arr\u00eat\u00e9s en Iran\"}]},{\"@type\":\"WebSite\",\"@id\":\"https:\\\/\\\/thedailyreports.com\\\/fr\\\/#website\",\"url\":\"https:\\\/\\\/thedailyreports.com\\\/fr\\\/\",\"name\":\"Les Rapports Quotidiens\",\"description\":\"Toute la v\u00e9rit\u00e9, rien que la v\u00e9rit\u00e9\",\"potentialAction\":[{\"@type\":\"SearchAction\",\"target\":{\"@type\":\"EntryPoint\",\"urlTemplate\":\"https:\\\/\\\/thedailyreports.com\\\/fr\\\/?s={search_term_string}\"},\"query-input\":{\"@type\":\"PropertyValueSpecification\",\"valueRequired\":true,\"valueName\":\"search_term_string\"}}],\"inLanguage\":\"en-US\"},{\"@type\":\"Person\",\"@id\":\"https:\\\/\\\/thedailyreports.com\\\/fr\\\/#\\\/schema\\\/person\\\/b00df16edad26ba8db109fb28c806a2a\",\"name\":\"The Daily Reports\",\"image\":{\"@type\":\"ImageObject\",\"inLanguage\":\"en-US\",\"@id\":\"https:\\\/\\\/secure.gravatar.com\\\/avatar\\\/302a03d420eae20396406f37e0504a570385b6e8478a3733ea8ee684acee8497?s=96&d=mm&r=g\",\"url\":\"https:\\\/\\\/secure.gravatar.com\\\/avatar\\\/302a03d420eae20396406f37e0504a570385b6e8478a3733ea8ee684acee8497?s=96&d=mm&r=g\",\"contentUrl\":\"https:\\\/\\\/secure.gravatar.com\\\/avatar\\\/302a03d420eae20396406f37e0504a570385b6e8478a3733ea8ee684acee8497?s=96&d=mm&r=g\",\"caption\":\"The Daily Reports\"},\"sameAs\":[\"https:\\\/\\\/thedailyreports.com\\\/fr\"],\"url\":\"https:\\\/\\\/thedailyreports.com\\\/fr\\\/author\\\/haythem\\\/\"}]}<\/script>\n<!-- \/ Yoast SEO plugin. -->","yoast_head_json":{"title":"De nouveaux \u00ab\u00a0espions fran\u00e7ais\u00a0\u00bb arr\u00eat\u00e9s en Iran - Les Rapports Quotidiens","robots":{"index":"index","follow":"follow","max-snippet":"max-snippet:-1","max-image-preview":"max-image-preview:large","max-video-preview":"max-video-preview:-1"},"canonical":"https:\/\/thedailyreports.com\/fr\/2022\/10\/25\/de-nouveaux-espions-francais-arretes-en-iran\/","og_locale":"en_US","og_type":"article","og_title":"De nouveaux \u00ab\u00a0espions fran\u00e7ais\u00a0\u00bb arr\u00eat\u00e9s en Iran - Les Rapports Quotidiens","og_description":"Les autorit\u00e9s iraniennes ont proc\u00e9d\u00e9 \u00e0 de nouvelles arrestations dans le cadre de l&#8217;affaire des &#8221; espions fran\u00e7ais&#8221;, a annonc\u00e9 aujourd\u2019hui, mardi, le porte-parole du pouvoir judiciaire iranien, pr\u00e9cisant que ces derni\u00e8res arrestations ont vis\u00e9 des individus accus\u00e9s de &#8220;conspiration et de collusion&#8221; en vue de nuire \u00e0 la s\u00e9curit\u00e9 nationale. La France a critiqu\u00e9","og_url":"https:\/\/thedailyreports.com\/fr\/2022\/10\/25\/de-nouveaux-espions-francais-arretes-en-iran\/","og_site_name":"Les Rapports Quotidiens","article_published_time":"2022-10-25T17:02:12+00:00","article_modified_time":"2022-10-25T17:02:15+00:00","og_image":[{"width":863,"height":486,"url":"https:\/\/thedailyreports.com\/fr\/wp-content\/uploads\/2022\/10\/thumbs_b_c_7ae4748a3616a6b806653358ba3bd99f.jpg?v=1681241861","type":"image\/jpeg"}],"author":"The Daily Reports","twitter_card":"summary_large_image","twitter_misc":{"Written by":"The Daily Reports","Est. reading time":"2 minutes"},"schema":{"@context":"https:\/\/schema.org","@graph":[{"@type":"Article","@id":"https:\/\/thedailyreports.com\/fr\/2022\/10\/25\/de-nouveaux-espions-francais-arretes-en-iran\/#article","isPartOf":{"@id":"https:\/\/thedailyreports.com\/fr\/2022\/10\/25\/de-nouveaux-espions-francais-arretes-en-iran\/"},"author":{"name":"The Daily Reports","@id":"https:\/\/thedailyreports.com\/fr\/#\/schema\/person\/b00df16edad26ba8db109fb28c806a2a"},"headline":"De nouveaux \u00ab\u00a0espions fran\u00e7ais\u00a0\u00bb arr\u00eat\u00e9s en Iran","datePublished":"2022-10-25T17:02:12+00:00","dateModified":"2022-10-25T17:02:15+00:00","mainEntityOfPage":{"@id":"https:\/\/thedailyreports.com\/fr\/2022\/10\/25\/de-nouveaux-espions-francais-arretes-en-iran\/"},"wordCount":528,"commentCount":0,"image":{"@id":"https:\/\/thedailyreports.com\/fr\/2022\/10\/25\/de-nouveaux-espions-francais-arretes-en-iran\/#primaryimage"},"thumbnailUrl":"https:\/\/thedailyreports.com\/fr\/wp-content\/uploads\/2022\/10\/thumbs_b_c_7ae4748a3616a6b806653358ba3bd99f.jpg","articleSection":["France","Iran"],"inLanguage":"en-US","potentialAction":[{"@type":"CommentAction","name":"Comment","target":["https:\/\/thedailyreports.com\/fr\/2022\/10\/25\/de-nouveaux-espions-francais-arretes-en-iran\/#respond"]}]},{"@type":"WebPage","@id":"https:\/\/thedailyreports.com\/fr\/2022\/10\/25\/de-nouveaux-espions-francais-arretes-en-iran\/","url":"https:\/\/thedailyreports.com\/fr\/2022\/10\/25\/de-nouveaux-espions-francais-arretes-en-iran\/","name":"De nouveaux \u00ab\u00a0espions fran\u00e7ais\u00a0\u00bb arr\u00eat\u00e9s en Iran - Les Rapports Quotidiens","isPartOf":{"@id":"https:\/\/thedailyreports.com\/fr\/#website"},"primaryImageOfPage":{"@id":"https:\/\/thedailyreports.com\/fr\/2022\/10\/25\/de-nouveaux-espions-francais-arretes-en-iran\/#primaryimage"},"image":{"@id":"https:\/\/thedailyreports.com\/fr\/2022\/10\/25\/de-nouveaux-espions-francais-arretes-en-iran\/#primaryimage"},"thumbnailUrl":"https:\/\/thedailyreports.com\/fr\/wp-content\/uploads\/2022\/10\/thumbs_b_c_7ae4748a3616a6b806653358ba3bd99f.jpg","datePublished":"2022-10-25T17:02:12+00:00","dateModified":"2022-10-25T17:02:15+00:00","author":{"@id":"https:\/\/thedailyreports.com\/fr\/#\/schema\/person\/b00df16edad26ba8db109fb28c806a2a"},"breadcrumb":{"@id":"https:\/\/thedailyreports.com\/fr\/2022\/10\/25\/de-nouveaux-espions-francais-arretes-en-iran\/#breadcrumb"},"inLanguage":"en-US","potentialAction":[{"@type":"ReadAction","target":["https:\/\/thedailyreports.com\/fr\/2022\/10\/25\/de-nouveaux-espions-francais-arretes-en-iran\/"]}]},{"@type":"ImageObject","inLanguage":"en-US","@id":"https:\/\/thedailyreports.com\/fr\/2022\/10\/25\/de-nouveaux-espions-francais-arretes-en-iran\/#primaryimage","url":"https:\/\/thedailyreports.com\/fr\/wp-content\/uploads\/2022\/10\/thumbs_b_c_7ae4748a3616a6b806653358ba3bd99f.jpg","contentUrl":"https:\/\/thedailyreports.com\/fr\/wp-content\/uploads\/2022\/10\/thumbs_b_c_7ae4748a3616a6b806653358ba3bd99f.jpg","width":863,"height":486},{"@type":"BreadcrumbList","@id":"https:\/\/thedailyreports.com\/fr\/2022\/10\/25\/de-nouveaux-espions-francais-arretes-en-iran\/#breadcrumb","itemListElement":[{"@type":"ListItem","position":1,"name":"Home","item":"https:\/\/thedailyreports.com\/fr\/"},{"@type":"ListItem","position":2,"name":"De nouveaux \u00ab\u00a0espions fran\u00e7ais\u00a0\u00bb arr\u00eat\u00e9s en Iran"}]},{"@type":"WebSite","@id":"https:\/\/thedailyreports.com\/fr\/#website","url":"https:\/\/thedailyreports.com\/fr\/","name":"Les Rapports Quotidiens","description":"Toute la v\u00e9rit\u00e9, rien que la v\u00e9rit\u00e9","potentialAction":[{"@type":"SearchAction","target":{"@type":"EntryPoint","urlTemplate":"https:\/\/thedailyreports.com\/fr\/?s={search_term_string}"},"query-input":{"@type":"PropertyValueSpecification","valueRequired":true,"valueName":"search_term_string"}}],"inLanguage":"en-US"},{"@type":"Person","@id":"https:\/\/thedailyreports.com\/fr\/#\/schema\/person\/b00df16edad26ba8db109fb28c806a2a","name":"The Daily Reports","image":{"@type":"ImageObject","inLanguage":"en-US","@id":"https:\/\/secure.gravatar.com\/avatar\/302a03d420eae20396406f37e0504a570385b6e8478a3733ea8ee684acee8497?s=96&d=mm&r=g","url":"https:\/\/secure.gravatar.com\/avatar\/302a03d420eae20396406f37e0504a570385b6e8478a3733ea8ee684acee8497?s=96&d=mm&r=g","contentUrl":"https:\/\/secure.gravatar.com\/avatar\/302a03d420eae20396406f37e0504a570385b6e8478a3733ea8ee684acee8497?s=96&d=mm&r=g","caption":"The Daily Reports"},"sameAs":["https:\/\/thedailyreports.com\/fr"],"url":"https:\/\/thedailyreports.com\/fr\/author\/haythem\/"}]}},"_links":{"self":[{"href":"https:\/\/thedailyreports.com\/fr\/wp-json\/wp\/v2\/posts\/6971","targetHints":{"allow":["GET"]}}],"collection":[{"href":"https:\/\/thedailyreports.com\/fr\/wp-json\/wp\/v2\/posts"}],"about":[{"href":"https:\/\/thedailyreports.com\/fr\/wp-json\/wp\/v2\/types\/post"}],"author":[{"embeddable":true,"href":"https:\/\/thedailyreports.com\/fr\/wp-json\/wp\/v2\/users\/5"}],"replies":[{"embeddable":true,"href":"https:\/\/thedailyreports.com\/fr\/wp-json\/wp\/v2\/comments?post=6971"}],"version-history":[{"count":1,"href":"https:\/\/thedailyreports.com\/fr\/wp-json\/wp\/v2\/posts\/6971\/revisions"}],"predecessor-version":[{"id":6973,"href":"https:\/\/thedailyreports.com\/fr\/wp-json\/wp\/v2\/posts\/6971\/revisions\/6973"}],"wp:featuredmedia":[{"embeddable":true,"href":"https:\/\/thedailyreports.com\/fr\/wp-json\/wp\/v2\/media\/6972"}],"wp:attachment":[{"href":"https:\/\/thedailyreports.com\/fr\/wp-json\/wp\/v2\/media?parent=6971"}],"wp:term":[{"taxonomy":"category","embeddable":true,"href":"https:\/\/thedailyreports.com\/fr\/wp-json\/wp\/v2\/categories?post=6971"},{"taxonomy":"post_tag","embeddable":true,"href":"https:\/\/thedailyreports.com\/fr\/wp-json\/wp\/v2\/tags?post=6971"}],"curies":[{"name":"wp","href":"https:\/\/api.w.org\/{rel}","templated":true}]}}