{"id":6756,"date":"2022-09-27T23:12:00","date_gmt":"2022-09-27T22:12:00","guid":{"rendered":"https:\/\/thedailyreports.com\/fr\/?p=6756"},"modified":"2022-09-27T23:12:02","modified_gmt":"2022-09-27T22:12:02","slug":"un-realisateur-iranien-acclame-recoit-des-prix-pendant-sa-detention","status":"publish","type":"post","link":"https:\/\/thedailyreports.com\/fr\/2022\/09\/27\/un-realisateur-iranien-acclame-recoit-des-prix-pendant-sa-detention\/","title":{"rendered":"Un r\u00e9alisateur iranien acclam\u00e9 re\u00e7oit des prix pendant sa d\u00e9tention"},"content":{"rendered":"\n<p>La 79e \u00e9dition du Festival International du film de Venise s&#8217;est achev\u00e9e le 10 septembre avec une nouvelle r\u00e9compense pour le cin\u00e9aste iranien de renomm\u00e9e internationale Jafar Panahi, dont le dernier film \u00e9tait en lice pour le Lion d&#8217;or. Il a finalement re\u00e7u le prix sp\u00e9cial du jury, le troisi\u00e8me prix le plus prestigieux apr\u00e8s le Lion d&#8217;or et le Grand Jury. Jafar Panahi n&#8217;a pas pu se rendre sur place en personne, car il purge actuellement une peine de prison \u00e0 T\u00e9h\u00e9ran, la capitale iranienne.<\/p>\n\n\n\n<p>&#8220;No Bears&#8221; est le dernier d&#8217;une s\u00e9rie de films prim\u00e9s de Panahi, tous tourn\u00e9s en secret en Iran au cours des dix derni\u00e8res ann\u00e9es. Comme certains de ses films pr\u00e9c\u00e9dents, &#8220;No Bears&#8221; est un savant m\u00e9lange entre documentaire et drame, portant sur un r\u00e9alisateur qui tente de tourner un film en Turquie. Il dirige son \u00e9quipe \u00e0 distance depuis un village frontalier en Iran, car il lui est interdit de quitter le pays.<\/p>\n\n\n\n<p>Le film a trouv\u00e9 un \u00e9cho extr\u00eamement positif aupr\u00e8s des critiques, certains l\u2019ont salu\u00e9 comme le meilleur film de Panahi apr\u00e8s &#8220;Taxi&#8221;, sorti en 2015, et qui a remport\u00e9 le premier prix du 65e Festival International du film de Berlin. Les indices et les similitudes entrem\u00eal\u00e9s dans l&#8217;histoire de &#8220;No Bears&#8221; ont amen\u00e9 de nombreux spectateurs \u00e0 conclure que ce film est avant tout une autobiographie all\u00e9gorique.<\/p>\n\n\n\n<p>Une chaise portant son nom est rest\u00e9e vide pendant la conf\u00e9rence de presse \u00e0 Venise, en signe de protestation contre son emprisonnement. Le directeur artistique du festival, Alberto Barbera, la pr\u00e9sidente du jury, Julianne Moore, et d&#8217;autres membres ont particip\u00e9 \u00e0 un flash mob pour prendre sa d\u00e9fense.<\/p>\n\n\n\n<p>&#8220;Nous sommes ici pour \u00eatre avec Jafar Panahi, qui est en prison&#8221;, a d\u00e9clar\u00e9 Lise Clavier, membre du jury. &#8220;Nous sommes ici pour dire que les r\u00e9alisateurs sont libres de faire leur travail&#8221;, a-t-elle poursuivi, critiquant le r\u00e9gime iranien qui s\u2019acharne contre la libert\u00e9 d&#8217;expression.<\/p>\n\n\n\n<p>L&#8217;Organisation du cin\u00e9ma d&#8217;Iran, qui travaille sous la supervision du minist\u00e8re de la Culture et de l&#8217;Orientation islamique, a r\u00e9agi en condamnant l&#8217;\u00e9v\u00e9nement en marge du festival et le prix comme \u00e9tant politiquement motiv\u00e9, clamant que le film avait \u00e9t\u00e9 r\u00e9alis\u00e9 ill\u00e9galement, sans permis de production. Certains m\u00e9dias d&#8217;\u00c9tat iraniens ont \u00e9galement critiqu\u00e9 &#8220;No Bears&#8221;, affirmant qu&#8217;il a \u00e9t\u00e9 r\u00e9compens\u00e9 en raison du nom de son r\u00e9alisateur et non gr\u00e2ce \u00e0 sa qualit\u00e9 cin\u00e9matographique.<\/p>\n\n\n\n<p>La carri\u00e8re de Jafar Panahi peut \u00eatre divis\u00e9e en deux chapitres : avant et apr\u00e8s ses condamnations. Le premier commence avec son premier film, &#8220;Le ballon blanc&#8221; (1995), qui a \u00e9t\u00e9 pr\u00e9sent\u00e9 en premi\u00e8re \u00e0 Cannes et a remport\u00e9 la Cam\u00e9ra d&#8217;or. Il a r\u00e9alis\u00e9 cinq films au cours de cette p\u00e9riode, abordant plus directement les questions sociales et politiques \u00e0 mesure qu&#8217;il approchait de la fin de cette premi\u00e8re phase en 2009.<\/p>\n\n\n\n<p>En 2010, il a \u00e9t\u00e9 condamn\u00e9 \u00e0 six ans de prison et \u00e0 une interdiction de r\u00e9aliser des films, d&#8217;\u00e9crire des sc\u00e9narios, de donner des interviews ou de quitter l&#8217;Iran, et ce pendant une p\u00e9riode de 20 ans. Il a \u00e9t\u00e9 accus\u00e9 de &#8220;rassemblement en vue de commettre des crimes contre la s\u00e9curit\u00e9 nationale&#8221; et de &#8220;propagande antigouvernementale&#8221; \u00e0 la suite de l&#8217;\u00e9lection pr\u00e9sidentielle contest\u00e9e de 2009 en Iran, qui a d\u00e9clench\u00e9 des manifestations sanglantes dans tout le pays.<\/p>\n\n\n\n<p>Amnesty International a lanc\u00e9 une campagne de soutien en faveur de Panahi apr\u00e8s qu&#8217;il eut entam\u00e9 une gr\u00e8ve de la faim en prison, o\u00f9 il a pass\u00e9 pr\u00e8s de trois mois en 2010. Un collectif de r\u00e9alisateurs internationaux et iraniens a appel\u00e9 l&#8217;Iran \u00e0 le lib\u00e9rer imm\u00e9diatement et \u00e0 respecter la libert\u00e9 d&#8217;expression.<\/p>\n\n\n\n<p>Seulement, un tribunal a confirm\u00e9 la condamnation de Jafar Panahi en 2011, bien qu&#8217;il ait \u00e9t\u00e9 lib\u00e9r\u00e9 sous caution peu apr\u00e8s et plac\u00e9 en r\u00e9sidence surveill\u00e9e. Plus tard, sous la pression de la communaut\u00e9 internationale, Panahi a \u00e9t\u00e9 autoris\u00e9 sous condition \u00e0 quitter son domicile mais pas l&#8217;Iran. C&#8217;est ainsi qu&#8217;a commenc\u00e9 le second chapitre de son \u0153uvre cin\u00e9matographique clandestine.<\/p>\n\n\n\n<p>Apr\u00e8s l&#8217;effondrement d&#8217;un immeuble qui a fait des dizaines de morts dans la ville d&#8217;Abadan, dans le sud de l&#8217;Iran en mai 2022, les cin\u00e9astes Mohammad Rasoulof et Mostafa Allahmad, ont \u00e9t\u00e9 arr\u00eat\u00e9s pour avoir sign\u00e9 une p\u00e9tition en faveur des manifestations antigouvernementales. Lorsqu&#8217;il a approch\u00e9 le procureur pour discuter de leur cas, Panahi a \u00e9t\u00e9 renvoy\u00e9 en prison en juillet 2022 pour purger le reste de sa peine de six ans.<\/p>\n\n\n\n<p>&#8220;Ceci n&#8217;est pas un film&#8221; (2011), <a>&#8220;<\/a>Rideaux ferm\u00e9s&#8221; (2013) et &#8220;Trois visages&#8221; (2018) ont tous \u00e9t\u00e9 tourn\u00e9s en secret pendant cette p\u00e9riode. Bien qu&#8217;il soit actuellement incapable de r\u00e9aliser quoi que ce soit depuis sa cellule, &#8220;Panahi a prouv\u00e9 qu&#8217;il pouvait faire entendre sa voix partout dans le monde, m\u00eame en tant que prisonnier politique&#8221;, a \u00e9crit le critique de cin\u00e9ma Ben Croll, en faisant l&#8217;\u00e9loge de l&#8217;acharnement du r\u00e9alisateur \u00e0 d\u00e9fier les interdictions.<\/p>\n","protected":false},"excerpt":{"rendered":"<p>La 79e \u00e9dition du Festival International du film de Venise s&#8217;est achev\u00e9e le 10 septembre avec une nouvelle r\u00e9compense pour le cin\u00e9aste iranien de renomm\u00e9e internationale Jafar Panahi, dont le dernier film \u00e9tait en lice pour le Lion d&#8217;or. Il a finalement re\u00e7u le prix sp\u00e9cial du jury, le troisi\u00e8me prix le plus prestigieux apr\u00e8s<\/p>\n","protected":false},"author":5,"featured_media":6757,"comment_status":"open","ping_status":"open","sticky":false,"template":"","format":"standard","meta":{"footnotes":""},"categories":[25],"tags":[],"class_list":{"0":"post-6756","1":"post","2":"type-post","3":"status-publish","4":"format-standard","5":"has-post-thumbnail","7":"category-iran"},"yoast_head":"<!-- This site is optimized with the Yoast SEO plugin v27.4 - https:\/\/yoast.com\/product\/yoast-seo-wordpress\/ -->\n<title>Un r\u00e9alisateur iranien acclam\u00e9 re\u00e7oit des prix pendant sa d\u00e9tention - Les Rapports Quotidiens<\/title>\n<meta name=\"robots\" content=\"index, follow, max-snippet:-1, max-image-preview:large, max-video-preview:-1\" \/>\n<link rel=\"canonical\" href=\"https:\/\/thedailyreports.com\/fr\/2022\/09\/27\/un-realisateur-iranien-acclame-recoit-des-prix-pendant-sa-detention\/\" \/>\n<meta property=\"og:locale\" content=\"en_US\" \/>\n<meta property=\"og:type\" content=\"article\" \/>\n<meta property=\"og:title\" content=\"Un r\u00e9alisateur iranien acclam\u00e9 re\u00e7oit des prix pendant sa d\u00e9tention - Les Rapports Quotidiens\" \/>\n<meta property=\"og:description\" content=\"La 79e \u00e9dition du Festival International du film de Venise s&#8217;est achev\u00e9e le 10 septembre avec une nouvelle r\u00e9compense pour le cin\u00e9aste iranien de renomm\u00e9e internationale Jafar Panahi, dont le dernier film \u00e9tait en lice pour le Lion d&#8217;or. Il a finalement re\u00e7u le prix sp\u00e9cial du jury, le troisi\u00e8me prix le plus prestigieux apr\u00e8s\" \/>\n<meta property=\"og:url\" content=\"https:\/\/thedailyreports.com\/fr\/2022\/09\/27\/un-realisateur-iranien-acclame-recoit-des-prix-pendant-sa-detention\/\" \/>\n<meta property=\"og:site_name\" content=\"Les Rapports Quotidiens\" \/>\n<meta property=\"article:published_time\" content=\"2022-09-27T22:12:00+00:00\" \/>\n<meta property=\"article:modified_time\" content=\"2022-09-27T22:12:02+00:00\" \/>\n<meta property=\"og:image\" content=\"https:\/\/thedailyreports.com\/fr\/wp-content\/uploads\/2022\/09\/Jafar-Panahi1.jpg?v=1681241881\" \/>\n\t<meta property=\"og:image:width\" content=\"600\" \/>\n\t<meta property=\"og:image:height\" content=\"380\" \/>\n\t<meta property=\"og:image:type\" content=\"image\/jpeg\" \/>\n<meta name=\"author\" content=\"The Daily Reports\" \/>\n<meta name=\"twitter:card\" content=\"summary_large_image\" \/>\n<meta name=\"twitter:label1\" content=\"Written by\" \/>\n\t<meta name=\"twitter:data1\" content=\"The Daily Reports\" \/>\n\t<meta name=\"twitter:label2\" content=\"Est. reading time\" \/>\n\t<meta name=\"twitter:data2\" content=\"4 minutes\" \/>\n<script type=\"application\/ld+json\" class=\"yoast-schema-graph\">{\"@context\":\"https:\\\/\\\/schema.org\",\"@graph\":[{\"@type\":\"Article\",\"@id\":\"https:\\\/\\\/thedailyreports.com\\\/fr\\\/2022\\\/09\\\/27\\\/un-realisateur-iranien-acclame-recoit-des-prix-pendant-sa-detention\\\/#article\",\"isPartOf\":{\"@id\":\"https:\\\/\\\/thedailyreports.com\\\/fr\\\/2022\\\/09\\\/27\\\/un-realisateur-iranien-acclame-recoit-des-prix-pendant-sa-detention\\\/\"},\"author\":{\"name\":\"The Daily Reports\",\"@id\":\"https:\\\/\\\/thedailyreports.com\\\/fr\\\/#\\\/schema\\\/person\\\/b00df16edad26ba8db109fb28c806a2a\"},\"headline\":\"Un r\u00e9alisateur iranien acclam\u00e9 re\u00e7oit des prix pendant sa d\u00e9tention\",\"datePublished\":\"2022-09-27T22:12:00+00:00\",\"dateModified\":\"2022-09-27T22:12:02+00:00\",\"mainEntityOfPage\":{\"@id\":\"https:\\\/\\\/thedailyreports.com\\\/fr\\\/2022\\\/09\\\/27\\\/un-realisateur-iranien-acclame-recoit-des-prix-pendant-sa-detention\\\/\"},\"wordCount\":908,\"commentCount\":0,\"image\":{\"@id\":\"https:\\\/\\\/thedailyreports.com\\\/fr\\\/2022\\\/09\\\/27\\\/un-realisateur-iranien-acclame-recoit-des-prix-pendant-sa-detention\\\/#primaryimage\"},\"thumbnailUrl\":\"https:\\\/\\\/thedailyreports.com\\\/fr\\\/wp-content\\\/uploads\\\/2022\\\/09\\\/Jafar-Panahi1.jpg\",\"articleSection\":[\"Iran\"],\"inLanguage\":\"en-US\",\"potentialAction\":[{\"@type\":\"CommentAction\",\"name\":\"Comment\",\"target\":[\"https:\\\/\\\/thedailyreports.com\\\/fr\\\/2022\\\/09\\\/27\\\/un-realisateur-iranien-acclame-recoit-des-prix-pendant-sa-detention\\\/#respond\"]}]},{\"@type\":\"WebPage\",\"@id\":\"https:\\\/\\\/thedailyreports.com\\\/fr\\\/2022\\\/09\\\/27\\\/un-realisateur-iranien-acclame-recoit-des-prix-pendant-sa-detention\\\/\",\"url\":\"https:\\\/\\\/thedailyreports.com\\\/fr\\\/2022\\\/09\\\/27\\\/un-realisateur-iranien-acclame-recoit-des-prix-pendant-sa-detention\\\/\",\"name\":\"Un r\u00e9alisateur iranien acclam\u00e9 re\u00e7oit des prix pendant sa d\u00e9tention - Les Rapports Quotidiens\",\"isPartOf\":{\"@id\":\"https:\\\/\\\/thedailyreports.com\\\/fr\\\/#website\"},\"primaryImageOfPage\":{\"@id\":\"https:\\\/\\\/thedailyreports.com\\\/fr\\\/2022\\\/09\\\/27\\\/un-realisateur-iranien-acclame-recoit-des-prix-pendant-sa-detention\\\/#primaryimage\"},\"image\":{\"@id\":\"https:\\\/\\\/thedailyreports.com\\\/fr\\\/2022\\\/09\\\/27\\\/un-realisateur-iranien-acclame-recoit-des-prix-pendant-sa-detention\\\/#primaryimage\"},\"thumbnailUrl\":\"https:\\\/\\\/thedailyreports.com\\\/fr\\\/wp-content\\\/uploads\\\/2022\\\/09\\\/Jafar-Panahi1.jpg\",\"datePublished\":\"2022-09-27T22:12:00+00:00\",\"dateModified\":\"2022-09-27T22:12:02+00:00\",\"author\":{\"@id\":\"https:\\\/\\\/thedailyreports.com\\\/fr\\\/#\\\/schema\\\/person\\\/b00df16edad26ba8db109fb28c806a2a\"},\"breadcrumb\":{\"@id\":\"https:\\\/\\\/thedailyreports.com\\\/fr\\\/2022\\\/09\\\/27\\\/un-realisateur-iranien-acclame-recoit-des-prix-pendant-sa-detention\\\/#breadcrumb\"},\"inLanguage\":\"en-US\",\"potentialAction\":[{\"@type\":\"ReadAction\",\"target\":[\"https:\\\/\\\/thedailyreports.com\\\/fr\\\/2022\\\/09\\\/27\\\/un-realisateur-iranien-acclame-recoit-des-prix-pendant-sa-detention\\\/\"]}]},{\"@type\":\"ImageObject\",\"inLanguage\":\"en-US\",\"@id\":\"https:\\\/\\\/thedailyreports.com\\\/fr\\\/2022\\\/09\\\/27\\\/un-realisateur-iranien-acclame-recoit-des-prix-pendant-sa-detention\\\/#primaryimage\",\"url\":\"https:\\\/\\\/thedailyreports.com\\\/fr\\\/wp-content\\\/uploads\\\/2022\\\/09\\\/Jafar-Panahi1.jpg\",\"contentUrl\":\"https:\\\/\\\/thedailyreports.com\\\/fr\\\/wp-content\\\/uploads\\\/2022\\\/09\\\/Jafar-Panahi1.jpg\",\"width\":600,\"height\":380},{\"@type\":\"BreadcrumbList\",\"@id\":\"https:\\\/\\\/thedailyreports.com\\\/fr\\\/2022\\\/09\\\/27\\\/un-realisateur-iranien-acclame-recoit-des-prix-pendant-sa-detention\\\/#breadcrumb\",\"itemListElement\":[{\"@type\":\"ListItem\",\"position\":1,\"name\":\"Home\",\"item\":\"https:\\\/\\\/thedailyreports.com\\\/fr\\\/\"},{\"@type\":\"ListItem\",\"position\":2,\"name\":\"Un r\u00e9alisateur iranien acclam\u00e9 re\u00e7oit des prix pendant sa d\u00e9tention\"}]},{\"@type\":\"WebSite\",\"@id\":\"https:\\\/\\\/thedailyreports.com\\\/fr\\\/#website\",\"url\":\"https:\\\/\\\/thedailyreports.com\\\/fr\\\/\",\"name\":\"Les Rapports Quotidiens\",\"description\":\"Toute la v\u00e9rit\u00e9, rien que la v\u00e9rit\u00e9\",\"potentialAction\":[{\"@type\":\"SearchAction\",\"target\":{\"@type\":\"EntryPoint\",\"urlTemplate\":\"https:\\\/\\\/thedailyreports.com\\\/fr\\\/?s={search_term_string}\"},\"query-input\":{\"@type\":\"PropertyValueSpecification\",\"valueRequired\":true,\"valueName\":\"search_term_string\"}}],\"inLanguage\":\"en-US\"},{\"@type\":\"Person\",\"@id\":\"https:\\\/\\\/thedailyreports.com\\\/fr\\\/#\\\/schema\\\/person\\\/b00df16edad26ba8db109fb28c806a2a\",\"name\":\"The Daily Reports\",\"image\":{\"@type\":\"ImageObject\",\"inLanguage\":\"en-US\",\"@id\":\"https:\\\/\\\/secure.gravatar.com\\\/avatar\\\/302a03d420eae20396406f37e0504a570385b6e8478a3733ea8ee684acee8497?s=96&d=mm&r=g\",\"url\":\"https:\\\/\\\/secure.gravatar.com\\\/avatar\\\/302a03d420eae20396406f37e0504a570385b6e8478a3733ea8ee684acee8497?s=96&d=mm&r=g\",\"contentUrl\":\"https:\\\/\\\/secure.gravatar.com\\\/avatar\\\/302a03d420eae20396406f37e0504a570385b6e8478a3733ea8ee684acee8497?s=96&d=mm&r=g\",\"caption\":\"The Daily Reports\"},\"sameAs\":[\"https:\\\/\\\/thedailyreports.com\\\/fr\"],\"url\":\"https:\\\/\\\/thedailyreports.com\\\/fr\\\/author\\\/haythem\\\/\"}]}<\/script>\n<!-- \/ Yoast SEO plugin. -->","yoast_head_json":{"title":"Un r\u00e9alisateur iranien acclam\u00e9 re\u00e7oit des prix pendant sa d\u00e9tention - Les Rapports Quotidiens","robots":{"index":"index","follow":"follow","max-snippet":"max-snippet:-1","max-image-preview":"max-image-preview:large","max-video-preview":"max-video-preview:-1"},"canonical":"https:\/\/thedailyreports.com\/fr\/2022\/09\/27\/un-realisateur-iranien-acclame-recoit-des-prix-pendant-sa-detention\/","og_locale":"en_US","og_type":"article","og_title":"Un r\u00e9alisateur iranien acclam\u00e9 re\u00e7oit des prix pendant sa d\u00e9tention - Les Rapports Quotidiens","og_description":"La 79e \u00e9dition du Festival International du film de Venise s&#8217;est achev\u00e9e le 10 septembre avec une nouvelle r\u00e9compense pour le cin\u00e9aste iranien de renomm\u00e9e internationale Jafar Panahi, dont le dernier film \u00e9tait en lice pour le Lion d&#8217;or. Il a finalement re\u00e7u le prix sp\u00e9cial du jury, le troisi\u00e8me prix le plus prestigieux apr\u00e8s","og_url":"https:\/\/thedailyreports.com\/fr\/2022\/09\/27\/un-realisateur-iranien-acclame-recoit-des-prix-pendant-sa-detention\/","og_site_name":"Les Rapports Quotidiens","article_published_time":"2022-09-27T22:12:00+00:00","article_modified_time":"2022-09-27T22:12:02+00:00","og_image":[{"width":600,"height":380,"url":"https:\/\/thedailyreports.com\/fr\/wp-content\/uploads\/2022\/09\/Jafar-Panahi1.jpg?v=1681241881","type":"image\/jpeg"}],"author":"The Daily Reports","twitter_card":"summary_large_image","twitter_misc":{"Written by":"The Daily Reports","Est. reading time":"4 minutes"},"schema":{"@context":"https:\/\/schema.org","@graph":[{"@type":"Article","@id":"https:\/\/thedailyreports.com\/fr\/2022\/09\/27\/un-realisateur-iranien-acclame-recoit-des-prix-pendant-sa-detention\/#article","isPartOf":{"@id":"https:\/\/thedailyreports.com\/fr\/2022\/09\/27\/un-realisateur-iranien-acclame-recoit-des-prix-pendant-sa-detention\/"},"author":{"name":"The Daily Reports","@id":"https:\/\/thedailyreports.com\/fr\/#\/schema\/person\/b00df16edad26ba8db109fb28c806a2a"},"headline":"Un r\u00e9alisateur iranien acclam\u00e9 re\u00e7oit des prix pendant sa d\u00e9tention","datePublished":"2022-09-27T22:12:00+00:00","dateModified":"2022-09-27T22:12:02+00:00","mainEntityOfPage":{"@id":"https:\/\/thedailyreports.com\/fr\/2022\/09\/27\/un-realisateur-iranien-acclame-recoit-des-prix-pendant-sa-detention\/"},"wordCount":908,"commentCount":0,"image":{"@id":"https:\/\/thedailyreports.com\/fr\/2022\/09\/27\/un-realisateur-iranien-acclame-recoit-des-prix-pendant-sa-detention\/#primaryimage"},"thumbnailUrl":"https:\/\/thedailyreports.com\/fr\/wp-content\/uploads\/2022\/09\/Jafar-Panahi1.jpg","articleSection":["Iran"],"inLanguage":"en-US","potentialAction":[{"@type":"CommentAction","name":"Comment","target":["https:\/\/thedailyreports.com\/fr\/2022\/09\/27\/un-realisateur-iranien-acclame-recoit-des-prix-pendant-sa-detention\/#respond"]}]},{"@type":"WebPage","@id":"https:\/\/thedailyreports.com\/fr\/2022\/09\/27\/un-realisateur-iranien-acclame-recoit-des-prix-pendant-sa-detention\/","url":"https:\/\/thedailyreports.com\/fr\/2022\/09\/27\/un-realisateur-iranien-acclame-recoit-des-prix-pendant-sa-detention\/","name":"Un r\u00e9alisateur iranien acclam\u00e9 re\u00e7oit des prix pendant sa d\u00e9tention - Les Rapports Quotidiens","isPartOf":{"@id":"https:\/\/thedailyreports.com\/fr\/#website"},"primaryImageOfPage":{"@id":"https:\/\/thedailyreports.com\/fr\/2022\/09\/27\/un-realisateur-iranien-acclame-recoit-des-prix-pendant-sa-detention\/#primaryimage"},"image":{"@id":"https:\/\/thedailyreports.com\/fr\/2022\/09\/27\/un-realisateur-iranien-acclame-recoit-des-prix-pendant-sa-detention\/#primaryimage"},"thumbnailUrl":"https:\/\/thedailyreports.com\/fr\/wp-content\/uploads\/2022\/09\/Jafar-Panahi1.jpg","datePublished":"2022-09-27T22:12:00+00:00","dateModified":"2022-09-27T22:12:02+00:00","author":{"@id":"https:\/\/thedailyreports.com\/fr\/#\/schema\/person\/b00df16edad26ba8db109fb28c806a2a"},"breadcrumb":{"@id":"https:\/\/thedailyreports.com\/fr\/2022\/09\/27\/un-realisateur-iranien-acclame-recoit-des-prix-pendant-sa-detention\/#breadcrumb"},"inLanguage":"en-US","potentialAction":[{"@type":"ReadAction","target":["https:\/\/thedailyreports.com\/fr\/2022\/09\/27\/un-realisateur-iranien-acclame-recoit-des-prix-pendant-sa-detention\/"]}]},{"@type":"ImageObject","inLanguage":"en-US","@id":"https:\/\/thedailyreports.com\/fr\/2022\/09\/27\/un-realisateur-iranien-acclame-recoit-des-prix-pendant-sa-detention\/#primaryimage","url":"https:\/\/thedailyreports.com\/fr\/wp-content\/uploads\/2022\/09\/Jafar-Panahi1.jpg","contentUrl":"https:\/\/thedailyreports.com\/fr\/wp-content\/uploads\/2022\/09\/Jafar-Panahi1.jpg","width":600,"height":380},{"@type":"BreadcrumbList","@id":"https:\/\/thedailyreports.com\/fr\/2022\/09\/27\/un-realisateur-iranien-acclame-recoit-des-prix-pendant-sa-detention\/#breadcrumb","itemListElement":[{"@type":"ListItem","position":1,"name":"Home","item":"https:\/\/thedailyreports.com\/fr\/"},{"@type":"ListItem","position":2,"name":"Un r\u00e9alisateur iranien acclam\u00e9 re\u00e7oit des prix pendant sa d\u00e9tention"}]},{"@type":"WebSite","@id":"https:\/\/thedailyreports.com\/fr\/#website","url":"https:\/\/thedailyreports.com\/fr\/","name":"Les Rapports Quotidiens","description":"Toute la v\u00e9rit\u00e9, rien que la v\u00e9rit\u00e9","potentialAction":[{"@type":"SearchAction","target":{"@type":"EntryPoint","urlTemplate":"https:\/\/thedailyreports.com\/fr\/?s={search_term_string}"},"query-input":{"@type":"PropertyValueSpecification","valueRequired":true,"valueName":"search_term_string"}}],"inLanguage":"en-US"},{"@type":"Person","@id":"https:\/\/thedailyreports.com\/fr\/#\/schema\/person\/b00df16edad26ba8db109fb28c806a2a","name":"The Daily Reports","image":{"@type":"ImageObject","inLanguage":"en-US","@id":"https:\/\/secure.gravatar.com\/avatar\/302a03d420eae20396406f37e0504a570385b6e8478a3733ea8ee684acee8497?s=96&d=mm&r=g","url":"https:\/\/secure.gravatar.com\/avatar\/302a03d420eae20396406f37e0504a570385b6e8478a3733ea8ee684acee8497?s=96&d=mm&r=g","contentUrl":"https:\/\/secure.gravatar.com\/avatar\/302a03d420eae20396406f37e0504a570385b6e8478a3733ea8ee684acee8497?s=96&d=mm&r=g","caption":"The Daily Reports"},"sameAs":["https:\/\/thedailyreports.com\/fr"],"url":"https:\/\/thedailyreports.com\/fr\/author\/haythem\/"}]}},"_links":{"self":[{"href":"https:\/\/thedailyreports.com\/fr\/wp-json\/wp\/v2\/posts\/6756","targetHints":{"allow":["GET"]}}],"collection":[{"href":"https:\/\/thedailyreports.com\/fr\/wp-json\/wp\/v2\/posts"}],"about":[{"href":"https:\/\/thedailyreports.com\/fr\/wp-json\/wp\/v2\/types\/post"}],"author":[{"embeddable":true,"href":"https:\/\/thedailyreports.com\/fr\/wp-json\/wp\/v2\/users\/5"}],"replies":[{"embeddable":true,"href":"https:\/\/thedailyreports.com\/fr\/wp-json\/wp\/v2\/comments?post=6756"}],"version-history":[{"count":1,"href":"https:\/\/thedailyreports.com\/fr\/wp-json\/wp\/v2\/posts\/6756\/revisions"}],"predecessor-version":[{"id":6758,"href":"https:\/\/thedailyreports.com\/fr\/wp-json\/wp\/v2\/posts\/6756\/revisions\/6758"}],"wp:featuredmedia":[{"embeddable":true,"href":"https:\/\/thedailyreports.com\/fr\/wp-json\/wp\/v2\/media\/6757"}],"wp:attachment":[{"href":"https:\/\/thedailyreports.com\/fr\/wp-json\/wp\/v2\/media?parent=6756"}],"wp:term":[{"taxonomy":"category","embeddable":true,"href":"https:\/\/thedailyreports.com\/fr\/wp-json\/wp\/v2\/categories?post=6756"},{"taxonomy":"post_tag","embeddable":true,"href":"https:\/\/thedailyreports.com\/fr\/wp-json\/wp\/v2\/tags?post=6756"}],"curies":[{"name":"wp","href":"https:\/\/api.w.org\/{rel}","templated":true}]}}