{"id":6658,"date":"2022-09-13T18:52:08","date_gmt":"2022-09-13T17:52:08","guid":{"rendered":"https:\/\/thedailyreports.com\/fr\/?p=6658"},"modified":"2022-09-13T18:52:08","modified_gmt":"2022-09-13T17:52:08","slug":"le-president-iranien-ebrahim-raissi-nest-pas-invite-aux-funerailles-de-la-reine-elizabeth-ii","status":"publish","type":"post","link":"https:\/\/thedailyreports.com\/fr\/2022\/09\/13\/le-president-iranien-ebrahim-raissi-nest-pas-invite-aux-funerailles-de-la-reine-elizabeth-ii\/","title":{"rendered":"Le pr\u00e9sident iranien Ebrahim Raissi n&#8217;est pas invit\u00e9 aux fun\u00e9railles de la reine Elizabeth II"},"content":{"rendered":"\n<p>Le pr\u00e9sident iranien Ebrahim Raissi n&#8217;a pas \u00e9t\u00e9 convi\u00e9 aux fun\u00e9railles de la reine Elizabeth II et seul un ambassadeur de l\u2019Iran a \u00e9t\u00e9 invit\u00e9 \u00e0 y assister.<\/p>\n\n\n\n<p>Plus de 500 dignitaires du monde entier se rendront \u00e0 Londres pour rendre un dernier hommage \u00e0 la monarque aux 70 ans de r\u00e8gne, lors de ses fun\u00e9railles pr\u00e9vues lundi prochain \u00e0 11 heures.<\/p>\n\n\n\n<p>Jusqu&#8217;\u00e0 pr\u00e9sent, seuls les dirigeants de trois pays n&#8217;ont pas re\u00e7u d&#8217;invitation&nbsp;; le Myanmar, qui a organis\u00e9 un coup d&#8217;\u00c9tat militaire l&#8217;ann\u00e9e derni\u00e8re, ainsi que le Belarus et la Russie, tous deux engag\u00e9s dans la guerre en Ukraine.<\/p>\n\n\n\n<p>Le minist\u00e8re britannique des affaires \u00e9trang\u00e8res et du Commonwealth a confirm\u00e9 que le chef d&#8217;\u00c9tat iranien n&#8217;avait pas \u00e9t\u00e9 invit\u00e9 \u00e0 participer \u00e0 la c\u00e9r\u00e9monie. L&#8217;Iran n&#8217;a pas d&#8217;ambassadeur actuellement, mais pourrait compter sur son envoy\u00e9 par int\u00e9rim, le charg\u00e9 d&#8217;affaires Seyed Hosseini.<\/p>\n\n\n\n<p>Environ 2 000 personnes, parmi lesquelles des membres de la famille royale britannique et d&#8217;anciens premiers ministres britanniques, assisteront \u00e0 la c\u00e9r\u00e9monie \u00e0 l&#8217;abbaye de Westminster.<\/p>\n\n\n\n<p>L\u2019organisation des fun\u00e9railles de la Reine d\u2019Angleterre a repr\u00e9sent\u00e9 un d\u00e9fi logistique majeur. Une source gouvernementale l\u2019a d\u00e9crite comme le plus grand \u00e9v\u00e9nement international accueilli dans le pays depuis des d\u00e9cennies.<\/p>\n\n\n\n<p>Certains ont compar\u00e9 cette t\u00e2che ardue \u00e0 l&#8217;organisation de &#8220;centaines de visites d&#8217;\u00c9tat&#8221; en l&#8217;espace de quelques jours, alors que, normalement, il n\u2019y en a que deux ou trois par an.<\/p>\n\n\n\n<p>La liste des invit\u00e9s n&#8217;a pas encore \u00e9t\u00e9 rendue publique, mais le pr\u00e9sident am\u00e9ricain Joe Biden a \u00e9t\u00e9 l&#8217;un des premiers \u00e0 d\u00e9clarer qu&#8217;il se rendrait au Royaume Uni en avion avec son \u00e9pouse Jill.<\/p>\n\n\n\n<p>Les dirigeants de la plupart des pays du Commonwealth sont attendus. La Premi\u00e8re ministre n\u00e9o-z\u00e9landaise Jacinda Ardern a d\u00e9clar\u00e9 qu&#8217;elle ferait le voyage de pr\u00e8s de 24 heures avec une d\u00e9l\u00e9gation de cinq autres personnes.<\/p>\n\n\n\n<p>Emmanuel Macron (France), Frank-Walter Steinmeier (Allemagne), Sergio Mattarella (Italie), Recep Tayyip Erdogan (Turquie) et Jair Bolsonaro (Br\u00e9sil) figurent parmi les chefs d\u2019Etats qui seront pr\u00e9sents, de m\u00eame que Ursula von der Leyen, la pr\u00e9sidente de la Commission europ\u00e9enne.<\/p>\n\n\n\n<p>La liste des invit\u00e9s convi\u00e9s au service comm\u00e9moratif du duc d&#8217;\u00c9dimbourg pourrait donner une indication sur les autres participants potentiels. Une trentaine de membres de familles royales \u00e9trang\u00e8res, dont le prince Albert de Monaco, la reine Margrethe du Danemark, ainsi que le roi Harald et la reine Sonja de Norv\u00e8ge, \u00e9taient pr\u00e9sents dans l&#8217;assembl\u00e9e de 1 800 personnes.<\/p>\n","protected":false},"excerpt":{"rendered":"<p>Le pr\u00e9sident iranien Ebrahim Raissi n&#8217;a pas \u00e9t\u00e9 convi\u00e9 aux fun\u00e9railles de la reine Elizabeth II et seul un ambassadeur de l\u2019Iran a \u00e9t\u00e9 invit\u00e9 \u00e0 y assister. Plus de 500 dignitaires du monde entier se rendront \u00e0 Londres pour rendre un dernier hommage \u00e0 la monarque aux 70 ans de r\u00e8gne, lors de ses<\/p>\n","protected":false},"author":5,"featured_media":6659,"comment_status":"open","ping_status":"open","sticky":false,"template":"","format":"standard","meta":{"footnotes":""},"categories":[25],"tags":[],"class_list":{"0":"post-6658","1":"post","2":"type-post","3":"status-publish","4":"format-standard","5":"has-post-thumbnail","7":"category-iran"},"yoast_head":"<!-- This site is optimized with the Yoast SEO plugin v27.4 - https:\/\/yoast.com\/product\/yoast-seo-wordpress\/ -->\n<title>Le pr\u00e9sident iranien Ebrahim Raissi n&#039;est pas invit\u00e9 aux fun\u00e9railles de la reine Elizabeth II - Les Rapports Quotidiens<\/title>\n<meta name=\"robots\" content=\"index, follow, max-snippet:-1, max-image-preview:large, max-video-preview:-1\" \/>\n<link rel=\"canonical\" href=\"https:\/\/thedailyreports.com\/fr\/2022\/09\/13\/le-president-iranien-ebrahim-raissi-nest-pas-invite-aux-funerailles-de-la-reine-elizabeth-ii\/\" \/>\n<meta property=\"og:locale\" content=\"en_US\" \/>\n<meta property=\"og:type\" content=\"article\" \/>\n<meta property=\"og:title\" content=\"Le pr\u00e9sident iranien Ebrahim Raissi n&#039;est pas invit\u00e9 aux fun\u00e9railles de la reine Elizabeth II - Les Rapports Quotidiens\" \/>\n<meta property=\"og:description\" content=\"Le pr\u00e9sident iranien Ebrahim Raissi n&#8217;a pas \u00e9t\u00e9 convi\u00e9 aux fun\u00e9railles de la reine Elizabeth II et seul un ambassadeur de l\u2019Iran a \u00e9t\u00e9 invit\u00e9 \u00e0 y assister. Plus de 500 dignitaires du monde entier se rendront \u00e0 Londres pour rendre un dernier hommage \u00e0 la monarque aux 70 ans de r\u00e8gne, lors de ses\" \/>\n<meta property=\"og:url\" content=\"https:\/\/thedailyreports.com\/fr\/2022\/09\/13\/le-president-iranien-ebrahim-raissi-nest-pas-invite-aux-funerailles-de-la-reine-elizabeth-ii\/\" \/>\n<meta property=\"og:site_name\" content=\"Les Rapports Quotidiens\" \/>\n<meta property=\"article:published_time\" content=\"2022-09-13T17:52:08+00:00\" \/>\n<meta property=\"og:image\" content=\"https:\/\/thedailyreports.com\/fr\/wp-content\/uploads\/2022\/09\/22030235lpw-22030234-article-jpg_8145349_1250x625.jpg?v=1681241893\" \/>\n\t<meta property=\"og:image:width\" content=\"1250\" \/>\n\t<meta property=\"og:image:height\" content=\"625\" \/>\n\t<meta property=\"og:image:type\" content=\"image\/jpeg\" \/>\n<meta name=\"author\" content=\"The Daily Reports\" \/>\n<meta name=\"twitter:card\" content=\"summary_large_image\" \/>\n<meta name=\"twitter:label1\" content=\"Written by\" \/>\n\t<meta name=\"twitter:data1\" content=\"The Daily Reports\" \/>\n\t<meta name=\"twitter:label2\" content=\"Est. reading time\" \/>\n\t<meta name=\"twitter:data2\" content=\"2 minutes\" \/>\n<script type=\"application\/ld+json\" class=\"yoast-schema-graph\">{\"@context\":\"https:\\\/\\\/schema.org\",\"@graph\":[{\"@type\":\"Article\",\"@id\":\"https:\\\/\\\/thedailyreports.com\\\/fr\\\/2022\\\/09\\\/13\\\/le-president-iranien-ebrahim-raissi-nest-pas-invite-aux-funerailles-de-la-reine-elizabeth-ii\\\/#article\",\"isPartOf\":{\"@id\":\"https:\\\/\\\/thedailyreports.com\\\/fr\\\/2022\\\/09\\\/13\\\/le-president-iranien-ebrahim-raissi-nest-pas-invite-aux-funerailles-de-la-reine-elizabeth-ii\\\/\"},\"author\":{\"name\":\"The Daily Reports\",\"@id\":\"https:\\\/\\\/thedailyreports.com\\\/fr\\\/#\\\/schema\\\/person\\\/b00df16edad26ba8db109fb28c806a2a\"},\"headline\":\"Le pr\u00e9sident iranien Ebrahim Raissi n&#8217;est pas invit\u00e9 aux fun\u00e9railles de la reine Elizabeth II\",\"datePublished\":\"2022-09-13T17:52:08+00:00\",\"mainEntityOfPage\":{\"@id\":\"https:\\\/\\\/thedailyreports.com\\\/fr\\\/2022\\\/09\\\/13\\\/le-president-iranien-ebrahim-raissi-nest-pas-invite-aux-funerailles-de-la-reine-elizabeth-ii\\\/\"},\"wordCount\":473,\"commentCount\":0,\"image\":{\"@id\":\"https:\\\/\\\/thedailyreports.com\\\/fr\\\/2022\\\/09\\\/13\\\/le-president-iranien-ebrahim-raissi-nest-pas-invite-aux-funerailles-de-la-reine-elizabeth-ii\\\/#primaryimage\"},\"thumbnailUrl\":\"https:\\\/\\\/thedailyreports.com\\\/fr\\\/wp-content\\\/uploads\\\/2022\\\/09\\\/22030235lpw-22030234-article-jpg_8145349_1250x625.jpg\",\"articleSection\":[\"Iran\"],\"inLanguage\":\"en-US\",\"potentialAction\":[{\"@type\":\"CommentAction\",\"name\":\"Comment\",\"target\":[\"https:\\\/\\\/thedailyreports.com\\\/fr\\\/2022\\\/09\\\/13\\\/le-president-iranien-ebrahim-raissi-nest-pas-invite-aux-funerailles-de-la-reine-elizabeth-ii\\\/#respond\"]}]},{\"@type\":\"WebPage\",\"@id\":\"https:\\\/\\\/thedailyreports.com\\\/fr\\\/2022\\\/09\\\/13\\\/le-president-iranien-ebrahim-raissi-nest-pas-invite-aux-funerailles-de-la-reine-elizabeth-ii\\\/\",\"url\":\"https:\\\/\\\/thedailyreports.com\\\/fr\\\/2022\\\/09\\\/13\\\/le-president-iranien-ebrahim-raissi-nest-pas-invite-aux-funerailles-de-la-reine-elizabeth-ii\\\/\",\"name\":\"Le pr\u00e9sident iranien Ebrahim Raissi n'est pas invit\u00e9 aux fun\u00e9railles de la reine Elizabeth II - Les Rapports Quotidiens\",\"isPartOf\":{\"@id\":\"https:\\\/\\\/thedailyreports.com\\\/fr\\\/#website\"},\"primaryImageOfPage\":{\"@id\":\"https:\\\/\\\/thedailyreports.com\\\/fr\\\/2022\\\/09\\\/13\\\/le-president-iranien-ebrahim-raissi-nest-pas-invite-aux-funerailles-de-la-reine-elizabeth-ii\\\/#primaryimage\"},\"image\":{\"@id\":\"https:\\\/\\\/thedailyreports.com\\\/fr\\\/2022\\\/09\\\/13\\\/le-president-iranien-ebrahim-raissi-nest-pas-invite-aux-funerailles-de-la-reine-elizabeth-ii\\\/#primaryimage\"},\"thumbnailUrl\":\"https:\\\/\\\/thedailyreports.com\\\/fr\\\/wp-content\\\/uploads\\\/2022\\\/09\\\/22030235lpw-22030234-article-jpg_8145349_1250x625.jpg\",\"datePublished\":\"2022-09-13T17:52:08+00:00\",\"author\":{\"@id\":\"https:\\\/\\\/thedailyreports.com\\\/fr\\\/#\\\/schema\\\/person\\\/b00df16edad26ba8db109fb28c806a2a\"},\"breadcrumb\":{\"@id\":\"https:\\\/\\\/thedailyreports.com\\\/fr\\\/2022\\\/09\\\/13\\\/le-president-iranien-ebrahim-raissi-nest-pas-invite-aux-funerailles-de-la-reine-elizabeth-ii\\\/#breadcrumb\"},\"inLanguage\":\"en-US\",\"potentialAction\":[{\"@type\":\"ReadAction\",\"target\":[\"https:\\\/\\\/thedailyreports.com\\\/fr\\\/2022\\\/09\\\/13\\\/le-president-iranien-ebrahim-raissi-nest-pas-invite-aux-funerailles-de-la-reine-elizabeth-ii\\\/\"]}]},{\"@type\":\"ImageObject\",\"inLanguage\":\"en-US\",\"@id\":\"https:\\\/\\\/thedailyreports.com\\\/fr\\\/2022\\\/09\\\/13\\\/le-president-iranien-ebrahim-raissi-nest-pas-invite-aux-funerailles-de-la-reine-elizabeth-ii\\\/#primaryimage\",\"url\":\"https:\\\/\\\/thedailyreports.com\\\/fr\\\/wp-content\\\/uploads\\\/2022\\\/09\\\/22030235lpw-22030234-article-jpg_8145349_1250x625.jpg\",\"contentUrl\":\"https:\\\/\\\/thedailyreports.com\\\/fr\\\/wp-content\\\/uploads\\\/2022\\\/09\\\/22030235lpw-22030234-article-jpg_8145349_1250x625.jpg\",\"width\":1250,\"height\":625},{\"@type\":\"BreadcrumbList\",\"@id\":\"https:\\\/\\\/thedailyreports.com\\\/fr\\\/2022\\\/09\\\/13\\\/le-president-iranien-ebrahim-raissi-nest-pas-invite-aux-funerailles-de-la-reine-elizabeth-ii\\\/#breadcrumb\",\"itemListElement\":[{\"@type\":\"ListItem\",\"position\":1,\"name\":\"Home\",\"item\":\"https:\\\/\\\/thedailyreports.com\\\/fr\\\/\"},{\"@type\":\"ListItem\",\"position\":2,\"name\":\"Le pr\u00e9sident iranien Ebrahim Raissi n&#8217;est pas invit\u00e9 aux fun\u00e9railles de la reine Elizabeth II\"}]},{\"@type\":\"WebSite\",\"@id\":\"https:\\\/\\\/thedailyreports.com\\\/fr\\\/#website\",\"url\":\"https:\\\/\\\/thedailyreports.com\\\/fr\\\/\",\"name\":\"Les Rapports Quotidiens\",\"description\":\"Toute la v\u00e9rit\u00e9, rien que la v\u00e9rit\u00e9\",\"potentialAction\":[{\"@type\":\"SearchAction\",\"target\":{\"@type\":\"EntryPoint\",\"urlTemplate\":\"https:\\\/\\\/thedailyreports.com\\\/fr\\\/?s={search_term_string}\"},\"query-input\":{\"@type\":\"PropertyValueSpecification\",\"valueRequired\":true,\"valueName\":\"search_term_string\"}}],\"inLanguage\":\"en-US\"},{\"@type\":\"Person\",\"@id\":\"https:\\\/\\\/thedailyreports.com\\\/fr\\\/#\\\/schema\\\/person\\\/b00df16edad26ba8db109fb28c806a2a\",\"name\":\"The Daily Reports\",\"image\":{\"@type\":\"ImageObject\",\"inLanguage\":\"en-US\",\"@id\":\"https:\\\/\\\/secure.gravatar.com\\\/avatar\\\/302a03d420eae20396406f37e0504a570385b6e8478a3733ea8ee684acee8497?s=96&d=mm&r=g\",\"url\":\"https:\\\/\\\/secure.gravatar.com\\\/avatar\\\/302a03d420eae20396406f37e0504a570385b6e8478a3733ea8ee684acee8497?s=96&d=mm&r=g\",\"contentUrl\":\"https:\\\/\\\/secure.gravatar.com\\\/avatar\\\/302a03d420eae20396406f37e0504a570385b6e8478a3733ea8ee684acee8497?s=96&d=mm&r=g\",\"caption\":\"The Daily Reports\"},\"sameAs\":[\"https:\\\/\\\/thedailyreports.com\\\/fr\"],\"url\":\"https:\\\/\\\/thedailyreports.com\\\/fr\\\/author\\\/haythem\\\/\"}]}<\/script>\n<!-- \/ Yoast SEO plugin. -->","yoast_head_json":{"title":"Le pr\u00e9sident iranien Ebrahim Raissi n'est pas invit\u00e9 aux fun\u00e9railles de la reine Elizabeth II - Les Rapports Quotidiens","robots":{"index":"index","follow":"follow","max-snippet":"max-snippet:-1","max-image-preview":"max-image-preview:large","max-video-preview":"max-video-preview:-1"},"canonical":"https:\/\/thedailyreports.com\/fr\/2022\/09\/13\/le-president-iranien-ebrahim-raissi-nest-pas-invite-aux-funerailles-de-la-reine-elizabeth-ii\/","og_locale":"en_US","og_type":"article","og_title":"Le pr\u00e9sident iranien Ebrahim Raissi n'est pas invit\u00e9 aux fun\u00e9railles de la reine Elizabeth II - Les Rapports Quotidiens","og_description":"Le pr\u00e9sident iranien Ebrahim Raissi n&#8217;a pas \u00e9t\u00e9 convi\u00e9 aux fun\u00e9railles de la reine Elizabeth II et seul un ambassadeur de l\u2019Iran a \u00e9t\u00e9 invit\u00e9 \u00e0 y assister. Plus de 500 dignitaires du monde entier se rendront \u00e0 Londres pour rendre un dernier hommage \u00e0 la monarque aux 70 ans de r\u00e8gne, lors de ses","og_url":"https:\/\/thedailyreports.com\/fr\/2022\/09\/13\/le-president-iranien-ebrahim-raissi-nest-pas-invite-aux-funerailles-de-la-reine-elizabeth-ii\/","og_site_name":"Les Rapports Quotidiens","article_published_time":"2022-09-13T17:52:08+00:00","og_image":[{"width":1250,"height":625,"url":"https:\/\/thedailyreports.com\/fr\/wp-content\/uploads\/2022\/09\/22030235lpw-22030234-article-jpg_8145349_1250x625.jpg?v=1681241893","type":"image\/jpeg"}],"author":"The Daily Reports","twitter_card":"summary_large_image","twitter_misc":{"Written by":"The Daily Reports","Est. reading time":"2 minutes"},"schema":{"@context":"https:\/\/schema.org","@graph":[{"@type":"Article","@id":"https:\/\/thedailyreports.com\/fr\/2022\/09\/13\/le-president-iranien-ebrahim-raissi-nest-pas-invite-aux-funerailles-de-la-reine-elizabeth-ii\/#article","isPartOf":{"@id":"https:\/\/thedailyreports.com\/fr\/2022\/09\/13\/le-president-iranien-ebrahim-raissi-nest-pas-invite-aux-funerailles-de-la-reine-elizabeth-ii\/"},"author":{"name":"The Daily Reports","@id":"https:\/\/thedailyreports.com\/fr\/#\/schema\/person\/b00df16edad26ba8db109fb28c806a2a"},"headline":"Le pr\u00e9sident iranien Ebrahim Raissi n&#8217;est pas invit\u00e9 aux fun\u00e9railles de la reine Elizabeth II","datePublished":"2022-09-13T17:52:08+00:00","mainEntityOfPage":{"@id":"https:\/\/thedailyreports.com\/fr\/2022\/09\/13\/le-president-iranien-ebrahim-raissi-nest-pas-invite-aux-funerailles-de-la-reine-elizabeth-ii\/"},"wordCount":473,"commentCount":0,"image":{"@id":"https:\/\/thedailyreports.com\/fr\/2022\/09\/13\/le-president-iranien-ebrahim-raissi-nest-pas-invite-aux-funerailles-de-la-reine-elizabeth-ii\/#primaryimage"},"thumbnailUrl":"https:\/\/thedailyreports.com\/fr\/wp-content\/uploads\/2022\/09\/22030235lpw-22030234-article-jpg_8145349_1250x625.jpg","articleSection":["Iran"],"inLanguage":"en-US","potentialAction":[{"@type":"CommentAction","name":"Comment","target":["https:\/\/thedailyreports.com\/fr\/2022\/09\/13\/le-president-iranien-ebrahim-raissi-nest-pas-invite-aux-funerailles-de-la-reine-elizabeth-ii\/#respond"]}]},{"@type":"WebPage","@id":"https:\/\/thedailyreports.com\/fr\/2022\/09\/13\/le-president-iranien-ebrahim-raissi-nest-pas-invite-aux-funerailles-de-la-reine-elizabeth-ii\/","url":"https:\/\/thedailyreports.com\/fr\/2022\/09\/13\/le-president-iranien-ebrahim-raissi-nest-pas-invite-aux-funerailles-de-la-reine-elizabeth-ii\/","name":"Le pr\u00e9sident iranien Ebrahim Raissi n'est pas invit\u00e9 aux fun\u00e9railles de la reine Elizabeth II - Les Rapports Quotidiens","isPartOf":{"@id":"https:\/\/thedailyreports.com\/fr\/#website"},"primaryImageOfPage":{"@id":"https:\/\/thedailyreports.com\/fr\/2022\/09\/13\/le-president-iranien-ebrahim-raissi-nest-pas-invite-aux-funerailles-de-la-reine-elizabeth-ii\/#primaryimage"},"image":{"@id":"https:\/\/thedailyreports.com\/fr\/2022\/09\/13\/le-president-iranien-ebrahim-raissi-nest-pas-invite-aux-funerailles-de-la-reine-elizabeth-ii\/#primaryimage"},"thumbnailUrl":"https:\/\/thedailyreports.com\/fr\/wp-content\/uploads\/2022\/09\/22030235lpw-22030234-article-jpg_8145349_1250x625.jpg","datePublished":"2022-09-13T17:52:08+00:00","author":{"@id":"https:\/\/thedailyreports.com\/fr\/#\/schema\/person\/b00df16edad26ba8db109fb28c806a2a"},"breadcrumb":{"@id":"https:\/\/thedailyreports.com\/fr\/2022\/09\/13\/le-president-iranien-ebrahim-raissi-nest-pas-invite-aux-funerailles-de-la-reine-elizabeth-ii\/#breadcrumb"},"inLanguage":"en-US","potentialAction":[{"@type":"ReadAction","target":["https:\/\/thedailyreports.com\/fr\/2022\/09\/13\/le-president-iranien-ebrahim-raissi-nest-pas-invite-aux-funerailles-de-la-reine-elizabeth-ii\/"]}]},{"@type":"ImageObject","inLanguage":"en-US","@id":"https:\/\/thedailyreports.com\/fr\/2022\/09\/13\/le-president-iranien-ebrahim-raissi-nest-pas-invite-aux-funerailles-de-la-reine-elizabeth-ii\/#primaryimage","url":"https:\/\/thedailyreports.com\/fr\/wp-content\/uploads\/2022\/09\/22030235lpw-22030234-article-jpg_8145349_1250x625.jpg","contentUrl":"https:\/\/thedailyreports.com\/fr\/wp-content\/uploads\/2022\/09\/22030235lpw-22030234-article-jpg_8145349_1250x625.jpg","width":1250,"height":625},{"@type":"BreadcrumbList","@id":"https:\/\/thedailyreports.com\/fr\/2022\/09\/13\/le-president-iranien-ebrahim-raissi-nest-pas-invite-aux-funerailles-de-la-reine-elizabeth-ii\/#breadcrumb","itemListElement":[{"@type":"ListItem","position":1,"name":"Home","item":"https:\/\/thedailyreports.com\/fr\/"},{"@type":"ListItem","position":2,"name":"Le pr\u00e9sident iranien Ebrahim Raissi n&#8217;est pas invit\u00e9 aux fun\u00e9railles de la reine Elizabeth II"}]},{"@type":"WebSite","@id":"https:\/\/thedailyreports.com\/fr\/#website","url":"https:\/\/thedailyreports.com\/fr\/","name":"Les Rapports Quotidiens","description":"Toute la v\u00e9rit\u00e9, rien que la v\u00e9rit\u00e9","potentialAction":[{"@type":"SearchAction","target":{"@type":"EntryPoint","urlTemplate":"https:\/\/thedailyreports.com\/fr\/?s={search_term_string}"},"query-input":{"@type":"PropertyValueSpecification","valueRequired":true,"valueName":"search_term_string"}}],"inLanguage":"en-US"},{"@type":"Person","@id":"https:\/\/thedailyreports.com\/fr\/#\/schema\/person\/b00df16edad26ba8db109fb28c806a2a","name":"The Daily Reports","image":{"@type":"ImageObject","inLanguage":"en-US","@id":"https:\/\/secure.gravatar.com\/avatar\/302a03d420eae20396406f37e0504a570385b6e8478a3733ea8ee684acee8497?s=96&d=mm&r=g","url":"https:\/\/secure.gravatar.com\/avatar\/302a03d420eae20396406f37e0504a570385b6e8478a3733ea8ee684acee8497?s=96&d=mm&r=g","contentUrl":"https:\/\/secure.gravatar.com\/avatar\/302a03d420eae20396406f37e0504a570385b6e8478a3733ea8ee684acee8497?s=96&d=mm&r=g","caption":"The Daily Reports"},"sameAs":["https:\/\/thedailyreports.com\/fr"],"url":"https:\/\/thedailyreports.com\/fr\/author\/haythem\/"}]}},"_links":{"self":[{"href":"https:\/\/thedailyreports.com\/fr\/wp-json\/wp\/v2\/posts\/6658","targetHints":{"allow":["GET"]}}],"collection":[{"href":"https:\/\/thedailyreports.com\/fr\/wp-json\/wp\/v2\/posts"}],"about":[{"href":"https:\/\/thedailyreports.com\/fr\/wp-json\/wp\/v2\/types\/post"}],"author":[{"embeddable":true,"href":"https:\/\/thedailyreports.com\/fr\/wp-json\/wp\/v2\/users\/5"}],"replies":[{"embeddable":true,"href":"https:\/\/thedailyreports.com\/fr\/wp-json\/wp\/v2\/comments?post=6658"}],"version-history":[{"count":1,"href":"https:\/\/thedailyreports.com\/fr\/wp-json\/wp\/v2\/posts\/6658\/revisions"}],"predecessor-version":[{"id":6660,"href":"https:\/\/thedailyreports.com\/fr\/wp-json\/wp\/v2\/posts\/6658\/revisions\/6660"}],"wp:featuredmedia":[{"embeddable":true,"href":"https:\/\/thedailyreports.com\/fr\/wp-json\/wp\/v2\/media\/6659"}],"wp:attachment":[{"href":"https:\/\/thedailyreports.com\/fr\/wp-json\/wp\/v2\/media?parent=6658"}],"wp:term":[{"taxonomy":"category","embeddable":true,"href":"https:\/\/thedailyreports.com\/fr\/wp-json\/wp\/v2\/categories?post=6658"},{"taxonomy":"post_tag","embeddable":true,"href":"https:\/\/thedailyreports.com\/fr\/wp-json\/wp\/v2\/tags?post=6658"}],"curies":[{"name":"wp","href":"https:\/\/api.w.org\/{rel}","templated":true}]}}