{"id":6206,"date":"2022-07-13T17:58:36","date_gmt":"2022-07-13T16:58:36","guid":{"rendered":"https:\/\/thedailyreports.com\/fr\/?p=6206"},"modified":"2022-07-13T17:58:37","modified_gmt":"2022-07-13T16:58:37","slug":"la-visite-de-biden-au-moyen-orient-ne-garantira-pas-la-securite-disrael-selon-le-president-iranien","status":"publish","type":"post","link":"https:\/\/thedailyreports.com\/fr\/2022\/07\/13\/la-visite-de-biden-au-moyen-orient-ne-garantira-pas-la-securite-disrael-selon-le-president-iranien\/","title":{"rendered":"La visite de Biden au Moyen-Orient ne garantira pas la s\u00e9curit\u00e9 d\u2019Isra\u00ebl, selon le pr\u00e9sident iranien"},"content":{"rendered":"\n<p>Le pr\u00e9sident iranien Ebrahim Raissi a averti que la tourn\u00e9e du pr\u00e9sident am\u00e9ricain Joe Biden au Moyen-Orient, qui d\u00e9marre aujourd&#8217;hui, ne garantira pas la &#8220;s\u00e9curit\u00e9&#8221; d&#8217;Isra\u00ebl, indiquant que T\u00e9h\u00e9ran ne compte pas renoncer \u00e0 sa position dans les pourparlers visant \u00e0 relancer l&#8217;accord nucl\u00e9aire de 2015.<\/p>\n\n\n\n<p>Raissi a rappel\u00e9 : \u00ab&nbsp;Les Am\u00e9ricains affirment que l&#8217;Iran devrait revenir \u00e0 l&#8217;accord nucl\u00e9aire, alors que la R\u00e9publique islamique ne s&#8217;en est jamais retir\u00e9e, et que c&#8217;est Washington qui a viol\u00e9 l&#8217;accord nucl\u00e9aire.&nbsp;\u00bb<\/p>\n\n\n\n<p>Les pourparlers visant \u00e0 relancer l&#8217;accord nucl\u00e9aire de 2015 et les activit\u00e9s r\u00e9gionales de l&#8217;Iran seront \u00e0 l&#8217;ordre du jour au cours de la visite du pr\u00e9sident am\u00e9ricain Joe Biden dans la r\u00e9gion.<\/p>\n\n\n\n<p>&#8220;Mon administration continuera d&#8217;augmenter la pression diplomatique et \u00e9conomique jusqu&#8217;\u00e0 ce que l&#8217;Iran soit pr\u00eat \u00e0 revenir au respect de l&#8217;accord sur le nucl\u00e9aire, et je reste pr\u00eat \u00e0 faire de m\u00eame&#8221;, a \u00e9crit Biden dans le Washington Post samedi.<\/p>\n\n\n\n<p><strong>Avertissement \u00e0 Isra\u00ebl<\/strong><\/p>\n\n\n\n<p>Raissi a d\u00e9clar\u00e9 sur le site pr\u00e9sidentiel : \u00ab Si les visites des responsables am\u00e9ricains dans les pays de la r\u00e9gion visent \u00e0 renforcer la position du r\u00e9gime sioniste et \u00e0 normaliser les relations de ce r\u00e9gime avec certains pays, alors ces efforts ne garantiront la s\u00e9curit\u00e9 des sionistes d\u2019aucune fa\u00e7on. \u00bb<\/p>\n\n\n\n<p>Selon l&#8217;Agence France-Presse, le pr\u00e9sident iranien a averti que T\u00e9h\u00e9ran suit \u00ab&nbsp;tous les d\u00e9veloppements&nbsp;\u00bb dans la r\u00e9gion, ajoutant : \u00ab&nbsp;Nous avons inform\u00e9 \u00e0 plusieurs reprises ceux qui transmettent les messages des Am\u00e9ricains que toute mesure visant l&#8217;int\u00e9grit\u00e9 territoriale de l&#8217;Iran recevra une r\u00e9ponse ferme.&nbsp;\u00bb<\/p>\n\n\n\n<p>Biden arrive au Moyen-Orient ce mercredi apr\u00e8s-midi dans le cadre d&#8217;une tourn\u00e9e tr\u00e8s sensible qui d\u00e9bute en Isra\u00ebl, ou les dirigeants cherchent \u00e0 renforcer leurs relations avec les Etats-Unis pour affronter l&#8217;Iran, l&#8217;ennemi num\u00e9ro 1 des deux pays.<\/p>\n\n\n\n<p>Le Premier ministre isra\u00e9lien Yair Lapid avait pr\u00e9c\u00e9demment indiqu\u00e9 que le renforcement de la coop\u00e9ration entre Tel-Aviv et Washington contre T\u00e9h\u00e9ran serait au c\u0153ur de la visite de Biden.<\/p>\n\n\n\n<p>Isra\u00ebl a exprim\u00e9 sa ferme opposition aux efforts visant \u00e0 relancer l&#8217;accord nucl\u00e9aire entre l&#8217;Iran et les grandes puissances, et T\u00e9h\u00e9ran a de nombreuses fois accus\u00e9 Isra\u00ebl d&#8217;\u00eatre impliqu\u00e9 dans les op\u00e9rations de sabotage contre ses installations et dans les assassinats de ses scientifiques.<\/p>\n\n\n\n<p>Le minist\u00e8re iranien des Affaires \u00e9trang\u00e8res a pr\u00e9c\u00e9demment affirm\u00e9 que la proposition des \u00c9tats-Unis de renforcer la coop\u00e9ration entre ses alli\u00e9s r\u00e9gionaux dans le domaine de la d\u00e9fense a\u00e9rienne, qui sera discut\u00e9e lors de la visite de Biden, est une mesure \u00ab&nbsp;provocatrice&nbsp;\u00bb que l\u2019Iran abordera comme une \u00ab&nbsp;menaces contre la s\u00e9curit\u00e9 nationale et r\u00e9gionale&nbsp;\u00bb.<\/p>\n\n\n\n<p>Le porte-parole du minist\u00e8re iranien des Affaires \u00e9trang\u00e8res, Nasser Kanaani Ali, a d\u00e9clar\u00e9 plus t\u00f4t que la mise en place d&#8217;alliances militaires dans la r\u00e9gion par les \u00c9tats-Unis ne garantirait pas la s\u00e9curit\u00e9 r\u00e9gionale.<\/p>\n\n\n\n<p>Il a d\u00e9clar\u00e9 lors d&#8217;une conf\u00e9rence de presse : \u00ab&nbsp;La politique d\u2019\u00e9tablir des groupes et des formations militaires, en particulier sous la supervision d&#8217;un pays ext\u00e9rieur \u00e0 la r\u00e9gion, ne contribuera certainement pas \u00e0 assurer la s\u00e9curit\u00e9 et la stabilit\u00e9&nbsp;\u00bb. Il a estim\u00e9 que \u00ab la s\u00e9curit\u00e9 ne s&#8217;ach\u00e8te ni ne s&#8217;importe&nbsp;\u00bb et a ajout\u00e9 : \u00ab&nbsp;Nous pensons que l\u2019aboutissement \u00e0 la stabilit\u00e9 et \u00e0 la s\u00e9curit\u00e9 dans la r\u00e9gion ne peut \u00eatre possible que gr\u00e2ce \u00e0 une coop\u00e9ration collective entre les pays de la r\u00e9gion, qui sont r\u00e9ellement concern\u00e9s par cette r\u00e9gion.&nbsp;\u00bb<\/p>\n\n\n\n<p><strong>Des le\u00e7ons \u00e0 retenir<\/strong><\/p>\n\n\n\n<p>Dans une r\u00e9ponse implicite \u00e0 la d\u00e9claration de Biden, Ebrahim Raissi a assur\u00e9 que l&#8217;Iran \u00ab&nbsp;ne reviendrait pas sur ses positions justes et logiques&nbsp;\u00bb, et a recommand\u00e9 aux Am\u00e9ricains \u00ab&nbsp;de tirer les le\u00e7ons du pass\u00e9 et de voir la v\u00e9rit\u00e9 au lieu de r\u00e9p\u00e9ter l&#8217;exp\u00e9rience rat\u00e9e de la pression maximale&nbsp;\u00bb.<\/p>\n\n\n\n<p>Le site Internet de la pr\u00e9sidence iranienne a cit\u00e9 Raissi affirmant lors de la r\u00e9union hebdomadaire du cabinet : \u00ab&nbsp;Apr\u00e8s 43 ans, les Am\u00e9ricains ont d\u00fb se rendre compte qu&#8217;il n&#8217;est pas possible de parler au peuple iranien dans le langage de la force&nbsp;\u00bb.<\/p>\n\n\n\n<p>Le pr\u00e9sident de la R\u00e9publique islamique a d\u00e9fendu le style de n\u00e9gociation adopt\u00e9 par l\u2019Iran, qu\u2019il s\u2019agisse de ses n\u00e9gociations dans le cadre du 5+1 (les cinq membres permanents du Conseil de s\u00e9curit\u00e9 + l&#8217;Allemagne), qui ont abouti \u00e0 l&#8217;accord de 2015, ou de ses pourparlers avec les grandes puissances.<\/p>\n\n\n\n<p>Raissi a pr\u00e9cis\u00e9 que \u00ab&nbsp;l&#8217;\u00e9quipe des n\u00e9gociations nucl\u00e9aires n&#8217;a pas soumis aujourd&#8217;hui de requ\u00eates en dehors du cadre de (l&#8217;accord) et s&#8217;efforce de poursuivre sur la voie qu&#8217;elle a emprunt\u00e9e jusque-l\u00e0, conform\u00e9ment aux normes&nbsp;\u00bb.<\/p>\n\n\n\n<p>L&#8217;Iran refuse de tenir des pourparlers directs avec les \u00c9tats-Unis, son ennemi jur\u00e9. La derni\u00e8re rencontre indirecte entre les deux pays au Qatar le mois dernier, facilit\u00e9e par l&#8217;Union europ\u00e9enne, n&#8217;a abouti \u00e0 aucun progr\u00e8s.<\/p>\n\n\n\n<p>Robert Malley, l&#8217;envoy\u00e9 sp\u00e9cial am\u00e9ricain pour l&#8217;Iran, a d\u00e9clar\u00e9 la semaine derni\u00e8re : \u00ab&nbsp;Ils (les Iraniens), y compris \u00e0 Doha, ont ajout\u00e9 des demandes (&#8230;) que n&#8217;importe qui peut percevoir comme \u00e9tant sans rapport avec l&#8217;accord sur le nucl\u00e9aire, ainsi que des choses qu&#8217;ils voulaient obtenir dans le pass\u00e9, et nous avons r\u00e9pondu, nous les Europ\u00e9ens et les autres, que cela ne fait pas partie des n\u00e9gociations. \u00bb<\/p>\n\n\n\n<p>Le ministre iranien des Affaires \u00e9trang\u00e8res, Hossein Amir Abdollahian, a d\u00e9clar\u00e9 lors d&#8217;une conf\u00e9rence de presse \u00e0 T\u00e9h\u00e9ran avec son homologue qatari, Mohammed ben Abdul Rahman Al Thani : \u00ab Nous n&#8217;avons soulev\u00e9 aucune question exag\u00e9r\u00e9e ou sortant du cadre de l&#8217;accord nucl\u00e9aire, contrairement \u00e0 certaines d\u00e9clarations am\u00e9ricaines rapport\u00e9es par les m\u00e9dias.&nbsp;\u00bb<\/p>\n\n\n\n<p><strong>Correspondance<\/strong><\/p>\n\n\n\n<p>Le porte-parole du minist\u00e8re iranien des Affaires \u00e9trang\u00e8res, <a>Nasser <\/a>Kanaani, a confirm\u00e9 la poursuite des \u00e9changes entre T\u00e9h\u00e9ran et Washington via l&#8217;Union europ\u00e9enne, laissant entendre qu&#8217;une date pourrait \u00eatre fix\u00e9e prochainement pour une nouvelle session de pourparlers.<\/p>\n\n\n\n<p>Nasser Kanaani a indiqu\u00e9 que \u00ab&nbsp;les n\u00e9gociations se poursuivent comme par le pass\u00e9 \u00e0 travers un \u00e9change de messages au niveau du ministre iranien des Affaires \u00e9trang\u00e8res et de M. Borrell (son homologue europ\u00e9en), ou au niveau du n\u00e9gociateur en chef iranien Ali Bagheri et Enrique Mora (le coordinateur des pourparlers de l&#8217;UE)&nbsp;\u00bb. \u00ab&nbsp;Je pense que l&#8217;heure et le lieu (d&#8217;une prochaine s\u00e9rie de) pourparlers seront d\u00e9cid\u00e9s bient\u00f4t&nbsp;\u00bb, a-t-il ajout\u00e9.<\/p>\n\n\n\n<p>Kanaani a poursuivi : \u00ab L&#8217;incapacit\u00e9 \u00e0 d\u00e9terminer la date et le lieu des n\u00e9gociations ne signifie pas la fin de la voie diplomatique&nbsp;\u00bb, ajoutant que \u00ab&nbsp;l&#8217;Iran est sur la voie des n\u00e9gociations, tant que les parties adverses sont engag\u00e9es dans le processus de la n\u00e9gociation et de la diplomatie multilat\u00e9rale&nbsp;\u00bb.<\/p>\n\n\n\n<p>Le porte-parole a appel\u00e9 les parties impliqu\u00e9es, dont les \u00c9tats-Unis, \u00e0 \u00ab&nbsp;suivre une approche constructive et de bonne foi&nbsp;\u00bb. Il a consid\u00e9r\u00e9 Washington comme \u00ab&nbsp;le principal responsable de l\u2019impasse actuelle dans le processus des n\u00e9gociations&nbsp;\u00bb. En r\u00e9ponse \u00e0 une question li\u00e9e au sujet, Kanaani a d\u00e9clar\u00e9 : \u00ab La politique am\u00e9ricaine qui consiste \u00e0 lancer la balle dans le camp iranien est inutile \u00bb.<\/p>\n\n\n\n<p>Kanaani a exprim\u00e9 l\u2019espoir que les parties aux n\u00e9gociations puissent tirer les conclusions des pourparlers dans un avenir proche. Il a d\u00e9clar\u00e9 : \u00ab Jusqu&#8217;\u00e0 pr\u00e9sent, l&#8217;Iran a pr\u00e9sent\u00e9 le plus d&#8217;initiatives dans les n\u00e9gociations. C\u2019est aux autres parties, dont les parties europ\u00e9ennes, et en particulier la partie am\u00e9ricaine, de prendre leur d\u00e9cision politique et de savoir si elles veulent achever un jour le processus des n\u00e9gociations ou non.&nbsp;\u00bb<\/p>\n\n\n\n<p>Hier, la France a pr\u00e9venu que l&#8217;Iran disposait de peu de temps pour relancer l&#8217;accord sur son programme nucl\u00e9aire, soulignant que la \u00ab&nbsp;fen\u00eatre d&#8217;opportunit\u00e9&nbsp;\u00bb ouverte pour sauver cet accord se refermerait d&#8217;ici \u00ab&nbsp;quelques semaines&nbsp;\u00bb.<\/p>\n\n\n\n<p>\u00ab&nbsp;Nous avons fait preuve de beaucoup de patience, mais la situation actuelle est intol\u00e9rable, car l&#8217;Iran adopte depuis des mois une position dilatoire&nbsp;\u00bb, a d\u00e9clar\u00e9 la ministre fran\u00e7aise des Affaires \u00e9trang\u00e8res, Catherine Colonna, devant la commission des Affaires \u00e9trang\u00e8res de l&#8217;Assembl\u00e9e nationale. \u00ab&nbsp;L&#8217;Iran a encore une fen\u00eatre d&#8217;opportunit\u00e9 et un espace ouvert pour finalement d\u00e9cider d&#8217;accepter l&#8217;accord qu&#8217;il a aid\u00e9 \u00e0 construire, mais le temps presse&nbsp;\u00bb, a-t-elle ajout\u00e9, soulignant que \u00ab&nbsp;T\u00e9h\u00e9ran doit s&#8217;en rendre compte&nbsp;\u00bb. \u00ab Il n&#8217;y aura pas de meilleur accord que celui actuellement sur la table&nbsp;\u00bb, a-t-elle mis en garde.<\/p>\n\n\n\n<p>Au mois de mars, apr\u00e8s 11 sessions diplomatiques intenses, la relance de l&#8217;accord semblait imminente, mais les pourparlers ont \u00e9chou\u00e9 en raison de la demande russe et iranienne de retirer les Gardiens de la r\u00e9volution d&#8217;une liste am\u00e9ricaine d&#8217;organisations terroristes \u00e9trang\u00e8res.<\/p>\n\n\n\n<p>De son c\u00f4t\u00e9, l&#8217;administration Biden a clairement indiqu\u00e9 qu&#8217;elle n&#8217;envisageait pas de retirer le Corps des gardiens iraniens de la r\u00e9volution de cette liste.<\/p>\n","protected":false},"excerpt":{"rendered":"<p>Le pr\u00e9sident iranien Ebrahim Raissi a averti que la tourn\u00e9e du pr\u00e9sident am\u00e9ricain Joe Biden au Moyen-Orient, qui d\u00e9marre aujourd&#8217;hui, ne garantira pas la &#8220;s\u00e9curit\u00e9&#8221; d&#8217;Isra\u00ebl, indiquant que T\u00e9h\u00e9ran ne compte pas renoncer \u00e0 sa position dans les pourparlers visant \u00e0 relancer l&#8217;accord nucl\u00e9aire de 2015. Raissi a rappel\u00e9 : \u00ab&nbsp;Les Am\u00e9ricains affirment que l&#8217;Iran<\/p>\n","protected":false},"author":5,"featured_media":6207,"comment_status":"open","ping_status":"open","sticky":false,"template":"","format":"standard","meta":{"footnotes":""},"categories":[114,115,25,32],"tags":[],"class_list":{"0":"post-6206","1":"post","2":"type-post","3":"status-publish","4":"format-standard","5":"has-post-thumbnail","7":"category-analyse-politique","8":"category-elections-americaines","9":"category-iran","10":"category-regions"},"yoast_head":"<!-- This site is optimized with the Yoast SEO plugin v27.4 - https:\/\/yoast.com\/product\/yoast-seo-wordpress\/ -->\n<title>La visite de Biden au Moyen-Orient ne garantira pas la s\u00e9curit\u00e9 d\u2019Isra\u00ebl, selon le pr\u00e9sident iranien - Les Rapports Quotidiens<\/title>\n<meta name=\"robots\" content=\"index, follow, max-snippet:-1, max-image-preview:large, max-video-preview:-1\" \/>\n<link rel=\"canonical\" href=\"https:\/\/thedailyreports.com\/fr\/2022\/07\/13\/la-visite-de-biden-au-moyen-orient-ne-garantira-pas-la-securite-disrael-selon-le-president-iranien\/\" \/>\n<meta property=\"og:locale\" content=\"en_US\" \/>\n<meta property=\"og:type\" content=\"article\" \/>\n<meta property=\"og:title\" content=\"La visite de Biden au Moyen-Orient ne garantira pas la s\u00e9curit\u00e9 d\u2019Isra\u00ebl, selon le pr\u00e9sident iranien - Les Rapports Quotidiens\" \/>\n<meta property=\"og:description\" content=\"Le pr\u00e9sident iranien Ebrahim Raissi a averti que la tourn\u00e9e du pr\u00e9sident am\u00e9ricain Joe Biden au Moyen-Orient, qui d\u00e9marre aujourd&#8217;hui, ne garantira pas la &#8220;s\u00e9curit\u00e9&#8221; d&#8217;Isra\u00ebl, indiquant que T\u00e9h\u00e9ran ne compte pas renoncer \u00e0 sa position dans les pourparlers visant \u00e0 relancer l&#8217;accord nucl\u00e9aire de 2015. Raissi a rappel\u00e9 : \u00ab&nbsp;Les Am\u00e9ricains affirment que l&#8217;Iran\" \/>\n<meta property=\"og:url\" content=\"https:\/\/thedailyreports.com\/fr\/2022\/07\/13\/la-visite-de-biden-au-moyen-orient-ne-garantira-pas-la-securite-disrael-selon-le-president-iranien\/\" \/>\n<meta property=\"og:site_name\" content=\"Les Rapports Quotidiens\" \/>\n<meta property=\"article:published_time\" content=\"2022-07-13T16:58:36+00:00\" \/>\n<meta property=\"article:modified_time\" content=\"2022-07-13T16:58:37+00:00\" \/>\n<meta property=\"og:image\" content=\"https:\/\/thedailyreports.com\/fr\/wp-content\/uploads\/2022\/07\/LZDQOFXVGRNRJOAU2YH3NTLHZQ-scaled.jpg?v=1681241941\" \/>\n\t<meta property=\"og:image:width\" content=\"2560\" \/>\n\t<meta property=\"og:image:height\" content=\"1707\" \/>\n\t<meta property=\"og:image:type\" content=\"image\/jpeg\" \/>\n<meta name=\"author\" content=\"The Daily Reports\" \/>\n<meta name=\"twitter:card\" content=\"summary_large_image\" \/>\n<meta name=\"twitter:label1\" content=\"Written by\" \/>\n\t<meta name=\"twitter:data1\" content=\"The Daily Reports\" \/>\n\t<meta name=\"twitter:label2\" content=\"Est. reading time\" \/>\n\t<meta name=\"twitter:data2\" content=\"6 minutes\" \/>\n<script type=\"application\/ld+json\" class=\"yoast-schema-graph\">{\"@context\":\"https:\\\/\\\/schema.org\",\"@graph\":[{\"@type\":\"Article\",\"@id\":\"https:\\\/\\\/thedailyreports.com\\\/fr\\\/2022\\\/07\\\/13\\\/la-visite-de-biden-au-moyen-orient-ne-garantira-pas-la-securite-disrael-selon-le-president-iranien\\\/#article\",\"isPartOf\":{\"@id\":\"https:\\\/\\\/thedailyreports.com\\\/fr\\\/2022\\\/07\\\/13\\\/la-visite-de-biden-au-moyen-orient-ne-garantira-pas-la-securite-disrael-selon-le-president-iranien\\\/\"},\"author\":{\"name\":\"The Daily Reports\",\"@id\":\"https:\\\/\\\/thedailyreports.com\\\/fr\\\/#\\\/schema\\\/person\\\/b00df16edad26ba8db109fb28c806a2a\"},\"headline\":\"La visite de Biden au Moyen-Orient ne garantira pas la s\u00e9curit\u00e9 d\u2019Isra\u00ebl, selon le pr\u00e9sident iranien\",\"datePublished\":\"2022-07-13T16:58:36+00:00\",\"dateModified\":\"2022-07-13T16:58:37+00:00\",\"mainEntityOfPage\":{\"@id\":\"https:\\\/\\\/thedailyreports.com\\\/fr\\\/2022\\\/07\\\/13\\\/la-visite-de-biden-au-moyen-orient-ne-garantira-pas-la-securite-disrael-selon-le-president-iranien\\\/\"},\"wordCount\":1660,\"commentCount\":0,\"image\":{\"@id\":\"https:\\\/\\\/thedailyreports.com\\\/fr\\\/2022\\\/07\\\/13\\\/la-visite-de-biden-au-moyen-orient-ne-garantira-pas-la-securite-disrael-selon-le-president-iranien\\\/#primaryimage\"},\"thumbnailUrl\":\"https:\\\/\\\/thedailyreports.com\\\/fr\\\/wp-content\\\/uploads\\\/2022\\\/07\\\/LZDQOFXVGRNRJOAU2YH3NTLHZQ.jpg\",\"articleSection\":[\"Analyse politique\",\"\u00c9lections am\u00e9ricaines\",\"Iran\",\"Regions\"],\"inLanguage\":\"en-US\",\"potentialAction\":[{\"@type\":\"CommentAction\",\"name\":\"Comment\",\"target\":[\"https:\\\/\\\/thedailyreports.com\\\/fr\\\/2022\\\/07\\\/13\\\/la-visite-de-biden-au-moyen-orient-ne-garantira-pas-la-securite-disrael-selon-le-president-iranien\\\/#respond\"]}]},{\"@type\":\"WebPage\",\"@id\":\"https:\\\/\\\/thedailyreports.com\\\/fr\\\/2022\\\/07\\\/13\\\/la-visite-de-biden-au-moyen-orient-ne-garantira-pas-la-securite-disrael-selon-le-president-iranien\\\/\",\"url\":\"https:\\\/\\\/thedailyreports.com\\\/fr\\\/2022\\\/07\\\/13\\\/la-visite-de-biden-au-moyen-orient-ne-garantira-pas-la-securite-disrael-selon-le-president-iranien\\\/\",\"name\":\"La visite de Biden au Moyen-Orient ne garantira pas la s\u00e9curit\u00e9 d\u2019Isra\u00ebl, selon le pr\u00e9sident iranien - Les Rapports Quotidiens\",\"isPartOf\":{\"@id\":\"https:\\\/\\\/thedailyreports.com\\\/fr\\\/#website\"},\"primaryImageOfPage\":{\"@id\":\"https:\\\/\\\/thedailyreports.com\\\/fr\\\/2022\\\/07\\\/13\\\/la-visite-de-biden-au-moyen-orient-ne-garantira-pas-la-securite-disrael-selon-le-president-iranien\\\/#primaryimage\"},\"image\":{\"@id\":\"https:\\\/\\\/thedailyreports.com\\\/fr\\\/2022\\\/07\\\/13\\\/la-visite-de-biden-au-moyen-orient-ne-garantira-pas-la-securite-disrael-selon-le-president-iranien\\\/#primaryimage\"},\"thumbnailUrl\":\"https:\\\/\\\/thedailyreports.com\\\/fr\\\/wp-content\\\/uploads\\\/2022\\\/07\\\/LZDQOFXVGRNRJOAU2YH3NTLHZQ.jpg\",\"datePublished\":\"2022-07-13T16:58:36+00:00\",\"dateModified\":\"2022-07-13T16:58:37+00:00\",\"author\":{\"@id\":\"https:\\\/\\\/thedailyreports.com\\\/fr\\\/#\\\/schema\\\/person\\\/b00df16edad26ba8db109fb28c806a2a\"},\"breadcrumb\":{\"@id\":\"https:\\\/\\\/thedailyreports.com\\\/fr\\\/2022\\\/07\\\/13\\\/la-visite-de-biden-au-moyen-orient-ne-garantira-pas-la-securite-disrael-selon-le-president-iranien\\\/#breadcrumb\"},\"inLanguage\":\"en-US\",\"potentialAction\":[{\"@type\":\"ReadAction\",\"target\":[\"https:\\\/\\\/thedailyreports.com\\\/fr\\\/2022\\\/07\\\/13\\\/la-visite-de-biden-au-moyen-orient-ne-garantira-pas-la-securite-disrael-selon-le-president-iranien\\\/\"]}]},{\"@type\":\"ImageObject\",\"inLanguage\":\"en-US\",\"@id\":\"https:\\\/\\\/thedailyreports.com\\\/fr\\\/2022\\\/07\\\/13\\\/la-visite-de-biden-au-moyen-orient-ne-garantira-pas-la-securite-disrael-selon-le-president-iranien\\\/#primaryimage\",\"url\":\"https:\\\/\\\/thedailyreports.com\\\/fr\\\/wp-content\\\/uploads\\\/2022\\\/07\\\/LZDQOFXVGRNRJOAU2YH3NTLHZQ.jpg\",\"contentUrl\":\"https:\\\/\\\/thedailyreports.com\\\/fr\\\/wp-content\\\/uploads\\\/2022\\\/07\\\/LZDQOFXVGRNRJOAU2YH3NTLHZQ.jpg\",\"width\":2667,\"height\":1778,\"caption\":\"Le Premier ministre isra\u00e9lien Yair Lapid et le pr\u00e9sident am\u00e9ricain Joe Biden participent \u00e0 une c\u00e9r\u00e9monie d'accueil \u00e0 l'a\u00e9roport international Ben Gourion \u00e0 Lod, pr\u00e8s de tel Aviv, Isra\u00ebl, le 13 juillet 2022. REUTERS\\\/Ammar Awad\"},{\"@type\":\"BreadcrumbList\",\"@id\":\"https:\\\/\\\/thedailyreports.com\\\/fr\\\/2022\\\/07\\\/13\\\/la-visite-de-biden-au-moyen-orient-ne-garantira-pas-la-securite-disrael-selon-le-president-iranien\\\/#breadcrumb\",\"itemListElement\":[{\"@type\":\"ListItem\",\"position\":1,\"name\":\"Home\",\"item\":\"https:\\\/\\\/thedailyreports.com\\\/fr\\\/\"},{\"@type\":\"ListItem\",\"position\":2,\"name\":\"La visite de Biden au Moyen-Orient ne garantira pas la s\u00e9curit\u00e9 d\u2019Isra\u00ebl, selon le pr\u00e9sident iranien\"}]},{\"@type\":\"WebSite\",\"@id\":\"https:\\\/\\\/thedailyreports.com\\\/fr\\\/#website\",\"url\":\"https:\\\/\\\/thedailyreports.com\\\/fr\\\/\",\"name\":\"Les Rapports Quotidiens\",\"description\":\"Toute la v\u00e9rit\u00e9, rien que la v\u00e9rit\u00e9\",\"potentialAction\":[{\"@type\":\"SearchAction\",\"target\":{\"@type\":\"EntryPoint\",\"urlTemplate\":\"https:\\\/\\\/thedailyreports.com\\\/fr\\\/?s={search_term_string}\"},\"query-input\":{\"@type\":\"PropertyValueSpecification\",\"valueRequired\":true,\"valueName\":\"search_term_string\"}}],\"inLanguage\":\"en-US\"},{\"@type\":\"Person\",\"@id\":\"https:\\\/\\\/thedailyreports.com\\\/fr\\\/#\\\/schema\\\/person\\\/b00df16edad26ba8db109fb28c806a2a\",\"name\":\"The Daily Reports\",\"image\":{\"@type\":\"ImageObject\",\"inLanguage\":\"en-US\",\"@id\":\"https:\\\/\\\/secure.gravatar.com\\\/avatar\\\/302a03d420eae20396406f37e0504a570385b6e8478a3733ea8ee684acee8497?s=96&d=mm&r=g\",\"url\":\"https:\\\/\\\/secure.gravatar.com\\\/avatar\\\/302a03d420eae20396406f37e0504a570385b6e8478a3733ea8ee684acee8497?s=96&d=mm&r=g\",\"contentUrl\":\"https:\\\/\\\/secure.gravatar.com\\\/avatar\\\/302a03d420eae20396406f37e0504a570385b6e8478a3733ea8ee684acee8497?s=96&d=mm&r=g\",\"caption\":\"The Daily Reports\"},\"sameAs\":[\"https:\\\/\\\/thedailyreports.com\\\/fr\"],\"url\":\"https:\\\/\\\/thedailyreports.com\\\/fr\\\/author\\\/haythem\\\/\"}]}<\/script>\n<!-- \/ Yoast SEO plugin. -->","yoast_head_json":{"title":"La visite de Biden au Moyen-Orient ne garantira pas la s\u00e9curit\u00e9 d\u2019Isra\u00ebl, selon le pr\u00e9sident iranien - Les Rapports Quotidiens","robots":{"index":"index","follow":"follow","max-snippet":"max-snippet:-1","max-image-preview":"max-image-preview:large","max-video-preview":"max-video-preview:-1"},"canonical":"https:\/\/thedailyreports.com\/fr\/2022\/07\/13\/la-visite-de-biden-au-moyen-orient-ne-garantira-pas-la-securite-disrael-selon-le-president-iranien\/","og_locale":"en_US","og_type":"article","og_title":"La visite de Biden au Moyen-Orient ne garantira pas la s\u00e9curit\u00e9 d\u2019Isra\u00ebl, selon le pr\u00e9sident iranien - Les Rapports Quotidiens","og_description":"Le pr\u00e9sident iranien Ebrahim Raissi a averti que la tourn\u00e9e du pr\u00e9sident am\u00e9ricain Joe Biden au Moyen-Orient, qui d\u00e9marre aujourd&#8217;hui, ne garantira pas la &#8220;s\u00e9curit\u00e9&#8221; d&#8217;Isra\u00ebl, indiquant que T\u00e9h\u00e9ran ne compte pas renoncer \u00e0 sa position dans les pourparlers visant \u00e0 relancer l&#8217;accord nucl\u00e9aire de 2015. Raissi a rappel\u00e9 : \u00ab&nbsp;Les Am\u00e9ricains affirment que l&#8217;Iran","og_url":"https:\/\/thedailyreports.com\/fr\/2022\/07\/13\/la-visite-de-biden-au-moyen-orient-ne-garantira-pas-la-securite-disrael-selon-le-president-iranien\/","og_site_name":"Les Rapports Quotidiens","article_published_time":"2022-07-13T16:58:36+00:00","article_modified_time":"2022-07-13T16:58:37+00:00","og_image":[{"width":2560,"height":1707,"url":"https:\/\/thedailyreports.com\/fr\/wp-content\/uploads\/2022\/07\/LZDQOFXVGRNRJOAU2YH3NTLHZQ-scaled.jpg?v=1681241941","type":"image\/jpeg"}],"author":"The Daily Reports","twitter_card":"summary_large_image","twitter_misc":{"Written by":"The Daily Reports","Est. reading time":"6 minutes"},"schema":{"@context":"https:\/\/schema.org","@graph":[{"@type":"Article","@id":"https:\/\/thedailyreports.com\/fr\/2022\/07\/13\/la-visite-de-biden-au-moyen-orient-ne-garantira-pas-la-securite-disrael-selon-le-president-iranien\/#article","isPartOf":{"@id":"https:\/\/thedailyreports.com\/fr\/2022\/07\/13\/la-visite-de-biden-au-moyen-orient-ne-garantira-pas-la-securite-disrael-selon-le-president-iranien\/"},"author":{"name":"The Daily Reports","@id":"https:\/\/thedailyreports.com\/fr\/#\/schema\/person\/b00df16edad26ba8db109fb28c806a2a"},"headline":"La visite de Biden au Moyen-Orient ne garantira pas la s\u00e9curit\u00e9 d\u2019Isra\u00ebl, selon le pr\u00e9sident iranien","datePublished":"2022-07-13T16:58:36+00:00","dateModified":"2022-07-13T16:58:37+00:00","mainEntityOfPage":{"@id":"https:\/\/thedailyreports.com\/fr\/2022\/07\/13\/la-visite-de-biden-au-moyen-orient-ne-garantira-pas-la-securite-disrael-selon-le-president-iranien\/"},"wordCount":1660,"commentCount":0,"image":{"@id":"https:\/\/thedailyreports.com\/fr\/2022\/07\/13\/la-visite-de-biden-au-moyen-orient-ne-garantira-pas-la-securite-disrael-selon-le-president-iranien\/#primaryimage"},"thumbnailUrl":"https:\/\/thedailyreports.com\/fr\/wp-content\/uploads\/2022\/07\/LZDQOFXVGRNRJOAU2YH3NTLHZQ.jpg","articleSection":["Analyse politique","\u00c9lections am\u00e9ricaines","Iran","Regions"],"inLanguage":"en-US","potentialAction":[{"@type":"CommentAction","name":"Comment","target":["https:\/\/thedailyreports.com\/fr\/2022\/07\/13\/la-visite-de-biden-au-moyen-orient-ne-garantira-pas-la-securite-disrael-selon-le-president-iranien\/#respond"]}]},{"@type":"WebPage","@id":"https:\/\/thedailyreports.com\/fr\/2022\/07\/13\/la-visite-de-biden-au-moyen-orient-ne-garantira-pas-la-securite-disrael-selon-le-president-iranien\/","url":"https:\/\/thedailyreports.com\/fr\/2022\/07\/13\/la-visite-de-biden-au-moyen-orient-ne-garantira-pas-la-securite-disrael-selon-le-president-iranien\/","name":"La visite de Biden au Moyen-Orient ne garantira pas la s\u00e9curit\u00e9 d\u2019Isra\u00ebl, selon le pr\u00e9sident iranien - Les Rapports Quotidiens","isPartOf":{"@id":"https:\/\/thedailyreports.com\/fr\/#website"},"primaryImageOfPage":{"@id":"https:\/\/thedailyreports.com\/fr\/2022\/07\/13\/la-visite-de-biden-au-moyen-orient-ne-garantira-pas-la-securite-disrael-selon-le-president-iranien\/#primaryimage"},"image":{"@id":"https:\/\/thedailyreports.com\/fr\/2022\/07\/13\/la-visite-de-biden-au-moyen-orient-ne-garantira-pas-la-securite-disrael-selon-le-president-iranien\/#primaryimage"},"thumbnailUrl":"https:\/\/thedailyreports.com\/fr\/wp-content\/uploads\/2022\/07\/LZDQOFXVGRNRJOAU2YH3NTLHZQ.jpg","datePublished":"2022-07-13T16:58:36+00:00","dateModified":"2022-07-13T16:58:37+00:00","author":{"@id":"https:\/\/thedailyreports.com\/fr\/#\/schema\/person\/b00df16edad26ba8db109fb28c806a2a"},"breadcrumb":{"@id":"https:\/\/thedailyreports.com\/fr\/2022\/07\/13\/la-visite-de-biden-au-moyen-orient-ne-garantira-pas-la-securite-disrael-selon-le-president-iranien\/#breadcrumb"},"inLanguage":"en-US","potentialAction":[{"@type":"ReadAction","target":["https:\/\/thedailyreports.com\/fr\/2022\/07\/13\/la-visite-de-biden-au-moyen-orient-ne-garantira-pas-la-securite-disrael-selon-le-president-iranien\/"]}]},{"@type":"ImageObject","inLanguage":"en-US","@id":"https:\/\/thedailyreports.com\/fr\/2022\/07\/13\/la-visite-de-biden-au-moyen-orient-ne-garantira-pas-la-securite-disrael-selon-le-president-iranien\/#primaryimage","url":"https:\/\/thedailyreports.com\/fr\/wp-content\/uploads\/2022\/07\/LZDQOFXVGRNRJOAU2YH3NTLHZQ.jpg","contentUrl":"https:\/\/thedailyreports.com\/fr\/wp-content\/uploads\/2022\/07\/LZDQOFXVGRNRJOAU2YH3NTLHZQ.jpg","width":2667,"height":1778,"caption":"Le Premier ministre isra\u00e9lien Yair Lapid et le pr\u00e9sident am\u00e9ricain Joe Biden participent \u00e0 une c\u00e9r\u00e9monie d'accueil \u00e0 l'a\u00e9roport international Ben Gourion \u00e0 Lod, pr\u00e8s de tel Aviv, Isra\u00ebl, le 13 juillet 2022. REUTERS\/Ammar Awad"},{"@type":"BreadcrumbList","@id":"https:\/\/thedailyreports.com\/fr\/2022\/07\/13\/la-visite-de-biden-au-moyen-orient-ne-garantira-pas-la-securite-disrael-selon-le-president-iranien\/#breadcrumb","itemListElement":[{"@type":"ListItem","position":1,"name":"Home","item":"https:\/\/thedailyreports.com\/fr\/"},{"@type":"ListItem","position":2,"name":"La visite de Biden au Moyen-Orient ne garantira pas la s\u00e9curit\u00e9 d\u2019Isra\u00ebl, selon le pr\u00e9sident iranien"}]},{"@type":"WebSite","@id":"https:\/\/thedailyreports.com\/fr\/#website","url":"https:\/\/thedailyreports.com\/fr\/","name":"Les Rapports Quotidiens","description":"Toute la v\u00e9rit\u00e9, rien que la v\u00e9rit\u00e9","potentialAction":[{"@type":"SearchAction","target":{"@type":"EntryPoint","urlTemplate":"https:\/\/thedailyreports.com\/fr\/?s={search_term_string}"},"query-input":{"@type":"PropertyValueSpecification","valueRequired":true,"valueName":"search_term_string"}}],"inLanguage":"en-US"},{"@type":"Person","@id":"https:\/\/thedailyreports.com\/fr\/#\/schema\/person\/b00df16edad26ba8db109fb28c806a2a","name":"The Daily Reports","image":{"@type":"ImageObject","inLanguage":"en-US","@id":"https:\/\/secure.gravatar.com\/avatar\/302a03d420eae20396406f37e0504a570385b6e8478a3733ea8ee684acee8497?s=96&d=mm&r=g","url":"https:\/\/secure.gravatar.com\/avatar\/302a03d420eae20396406f37e0504a570385b6e8478a3733ea8ee684acee8497?s=96&d=mm&r=g","contentUrl":"https:\/\/secure.gravatar.com\/avatar\/302a03d420eae20396406f37e0504a570385b6e8478a3733ea8ee684acee8497?s=96&d=mm&r=g","caption":"The Daily Reports"},"sameAs":["https:\/\/thedailyreports.com\/fr"],"url":"https:\/\/thedailyreports.com\/fr\/author\/haythem\/"}]}},"_links":{"self":[{"href":"https:\/\/thedailyreports.com\/fr\/wp-json\/wp\/v2\/posts\/6206","targetHints":{"allow":["GET"]}}],"collection":[{"href":"https:\/\/thedailyreports.com\/fr\/wp-json\/wp\/v2\/posts"}],"about":[{"href":"https:\/\/thedailyreports.com\/fr\/wp-json\/wp\/v2\/types\/post"}],"author":[{"embeddable":true,"href":"https:\/\/thedailyreports.com\/fr\/wp-json\/wp\/v2\/users\/5"}],"replies":[{"embeddable":true,"href":"https:\/\/thedailyreports.com\/fr\/wp-json\/wp\/v2\/comments?post=6206"}],"version-history":[{"count":1,"href":"https:\/\/thedailyreports.com\/fr\/wp-json\/wp\/v2\/posts\/6206\/revisions"}],"predecessor-version":[{"id":6208,"href":"https:\/\/thedailyreports.com\/fr\/wp-json\/wp\/v2\/posts\/6206\/revisions\/6208"}],"wp:featuredmedia":[{"embeddable":true,"href":"https:\/\/thedailyreports.com\/fr\/wp-json\/wp\/v2\/media\/6207"}],"wp:attachment":[{"href":"https:\/\/thedailyreports.com\/fr\/wp-json\/wp\/v2\/media?parent=6206"}],"wp:term":[{"taxonomy":"category","embeddable":true,"href":"https:\/\/thedailyreports.com\/fr\/wp-json\/wp\/v2\/categories?post=6206"},{"taxonomy":"post_tag","embeddable":true,"href":"https:\/\/thedailyreports.com\/fr\/wp-json\/wp\/v2\/tags?post=6206"}],"curies":[{"name":"wp","href":"https:\/\/api.w.org\/{rel}","templated":true}]}}