{"id":2632,"date":"2021-02-22T17:39:28","date_gmt":"2021-02-22T16:39:28","guid":{"rendered":"https:\/\/thedailyreports.com\/fr\/?p=2632"},"modified":"2021-02-22T17:41:03","modified_gmt":"2021-02-22T16:41:03","slug":"un-manifestant-iranien-meurt-en-prison-suite-a-une-negligence-deliberee-de-son-etat-sante","status":"publish","type":"post","link":"https:\/\/thedailyreports.com\/fr\/2021\/02\/22\/un-manifestant-iranien-meurt-en-prison-suite-a-une-negligence-deliberee-de-son-etat-sante\/","title":{"rendered":"Un manifestant iranien meurt en prison suite \u00e0 une &#8220;n\u00e9gligence d\u00e9lib\u00e9r\u00e9e&#8221; de son \u00e9tat sant\u00e9"},"content":{"rendered":"\n<p>Un prisonnier iranien arr\u00eat\u00e9 en f\u00e9vrier 2018 dans le contexte d&#8217;une manifestation de partisans de l&#8217;un des ordres Soufis est d\u00e9c\u00e9d\u00e9 hier en prison. Des militants ont exprim\u00e9 leur craintes concernant les circonstances qui entourent son d\u00e9c\u00e8s, soup\u00e7onnant les autorit\u00e9s iraniennes de l&#8217;avoir priv\u00e9 des soins n\u00e9cessaires \u00e0 son \u00e9tat de sant\u00e9 alt\u00e9r\u00e9.<\/p>\n\n\n\n<p>Behnam Mahjoubi a \u00e9t\u00e9 reconnu coupable d&#8217;appartenir \u00e0 une confr\u00e9rie soufie connue sous le nom de &#8220;Kanabadi&#8221;. En juin 2018, il a commenc\u00e9 \u00e0 purger une peine de deux ans de prison.<\/p>\n\n\n\n<p>Des partisans soufis et des associations de d\u00e9fense des droits de l&#8217;homme ont d\u00e9clar\u00e9 qu&#8217;il avait souffert pendant sa d\u00e9tention de crises de panique, de torture et d&#8217;un refus d\u00e9lib\u00e9r\u00e9 de soins m\u00e9dicaux, selon les informations rapport\u00e9es par l&#8217;Agence France-Presse.<\/p>\n\n\n\n<p>L&#8217;Organisation des prisons iraniennes a de son c\u00f4t\u00e9 affirm\u00e9 que Mahjoubi souffrait &#8220;d&#8217;un grave empoisonnement d\u00fb \u00e0 la consommation anarchique de m\u00e9dicaments, et qu&#8217;il a \u00e9t\u00e9 imm\u00e9diatement transf\u00e9r\u00e9 dans un h\u00f4pital de T\u00e9h\u00e9ran&#8221;. Mais lorsqu&#8217;il a \u00e9t\u00e9 transport\u00e9 \u00e0 l&#8217;h\u00f4pital plus t\u00f4t ce mois-ci, des militants avaient exprim\u00e9 leur inqui\u00e9tude concernant les raisons qui avaient provoqu\u00e9 une telle d\u00e9t\u00e9rioration de son \u00e9tat de sant\u00e9.<\/p>\n\n\n\n<p>&#8220;Il y a de s\u00e9rieuses all\u00e9gations selon lesquelles les autorit\u00e9s auraient n\u00e9glig\u00e9 l&#8217;\u00e9tat de sant\u00e9 de Mahjoubi pendant longtemps&#8221;, a d\u00e9clar\u00e9 la chercheuse iranienne Tara Sepehri Far \u00e0 l&#8217;ONG &#8220;Human Rights Watch&#8221;. Elle a ajout\u00e9: &#8220;Ces all\u00e9gations doivent faire l&#8217;objet d&#8217;une enqu\u00eate et de la d\u00e9termination de toute responsabilit\u00e9 p\u00e9nale.&#8221;<\/p>\n\n\n\n<p>Lorsque Mahjoubi a \u00e9t\u00e9 transport\u00e9 \u00e0 l&#8217;h\u00f4pital, le Haut-Commissariat des Nations Unies aux droits de l&#8217;homme s&#8217;est dit &#8220;tr\u00e8s pr\u00e9occup\u00e9 par le manque de transparence&#8221; des autorit\u00e9s iraniennes apr\u00e8s que le d\u00e9tenu est tomb\u00e9 dans le coma le 12 f\u00e9vrier.<\/p>\n\n\n\n<p>Amnesty International a d\u00e9clar\u00e9 plus t\u00f4t que Mahjoubi &#8220;avait souffert de torture pendant des mois, et d&#8217;un refus d\u00e9lib\u00e9r\u00e9 de soins m\u00e9dicaux&#8221;.<\/p>\n\n\n\n<p>&#8220;La mort de Behnam Mahjoubi est une trag\u00e9die qui s&#8217;est produite apr\u00e8s qu&#8217;il s&#8217;est vu refuser les soins m\u00e9dicaux ad\u00e9quats&#8221;, a d\u00e9clar\u00e9 Hadi Ghaemi, le directeur ex\u00e9cutif du &#8220;Center for Human Rights&#8221; d&#8217;Iran. Il a d\u00e9crit cela comme une &#8220;politique inhumaine&#8221; d&#8217;un pays habitu\u00e9 \u00e0 &#8220;terroriser et \u00e0 punir les prisonniers&#8221;.<\/p>\n\n\n\n<p>Apr\u00e8s avoir \u00e9t\u00e9 sujet \u00e0 des crises de panique, Mahjoubi a d&#8217;abord \u00e9t\u00e9 transf\u00e9r\u00e9 dans une clinique de la prison d&#8217;Evin \u00e0 T\u00e9h\u00e9ran o\u00f9 il a re\u00e7u un traitement juste avant de perdre connaissance, selon des informations publi\u00e9es par des m\u00e9dias \u00e9trangers. Puis il a \u00e9t\u00e9 transf\u00e9r\u00e9 \u00e0 l&#8217;h\u00f4pital Luqman de la capitale iranienne, o\u00f9 ses proches n&#8217;ont pas \u00e9t\u00e9 autoris\u00e9s \u00e0 lui rendre visite.<\/p>\n\n\n\n<p>Un communiqu\u00e9 de l\u2019Organisation des prisons iraniennes a soutenu que les compagnons de cellule de Mahjoubi avaient affirm\u00e9 qu\u2019il &#8220;avait d\u00e9lib\u00e9r\u00e9ment et sans avis m\u00e9dical pris beaucoup de ses m\u00e9dicaments et de ceux appartenant \u00e0 ses cod\u00e9tenus&#8221;.<\/p>\n\n\n\n<p>Les militants soufis ont fait circuler un enregistrement vid\u00e9o dans lequel la m\u00e8re du d\u00e9funt dit qu&#8217;elle ne permettra pas que son corps soit enterr\u00e9 avant la fin de l&#8217;autopsie.<\/p>\n\n\n\n<p>La manifestation de 2018 a \u00e9t\u00e9 l&#8217;une des plus importantes des ordres soufis en Iran ces derni\u00e8res ann\u00e9es. Cinq membres du personnel de s\u00e9curit\u00e9 avaient \u00e9t\u00e9 tu\u00e9s et plus de 300 personnes avaient \u00e9t\u00e9 arr\u00eat\u00e9es dans le nord de T\u00e9h\u00e9ran.<\/p>\n\n\n\n<p>Ces derniers mois, l&#8217;Iran a \u00e9t\u00e9 fortement critiqu\u00e9 pour son bilan en mati\u00e8re des droits de l&#8217;homme, \u00e0 un moment ou paradoxalement, des efforts diplomatiques sont r\u00e9alis\u00e9s pour relancer l&#8217;accord li\u00e9 \u00e0 son programme nucl\u00e9aire.<\/p>\n","protected":false},"excerpt":{"rendered":"<p>Un prisonnier iranien arr\u00eat\u00e9 en f\u00e9vrier 2018 dans le contexte d&#8217;une manifestation de partisans de l&#8217;un des ordres Soufis est d\u00e9c\u00e9d\u00e9 hier en prison. Des militants ont exprim\u00e9 leur craintes concernant les circonstances qui entourent son d\u00e9c\u00e8s, soup\u00e7onnant les autorit\u00e9s iraniennes de l&#8217;avoir priv\u00e9 des soins n\u00e9cessaires \u00e0 son \u00e9tat de sant\u00e9 alt\u00e9r\u00e9. Behnam Mahjoubi<\/p>\n","protected":false},"author":5,"featured_media":2635,"comment_status":"open","ping_status":"open","sticky":false,"template":"","format":"standard","meta":{"footnotes":""},"categories":[25],"tags":[],"class_list":{"0":"post-2632","1":"post","2":"type-post","3":"status-publish","4":"format-standard","5":"has-post-thumbnail","7":"category-iran"},"yoast_head":"<!-- This site is optimized with the Yoast SEO plugin v27.4 - https:\/\/yoast.com\/product\/yoast-seo-wordpress\/ -->\n<title>Un manifestant iranien meurt en prison suite \u00e0 une &quot;n\u00e9gligence d\u00e9lib\u00e9r\u00e9e&quot; de son \u00e9tat sant\u00e9 - Les Rapports Quotidiens<\/title>\n<meta name=\"robots\" content=\"index, follow, max-snippet:-1, max-image-preview:large, max-video-preview:-1\" \/>\n<link rel=\"canonical\" href=\"https:\/\/thedailyreports.com\/fr\/2021\/02\/22\/un-manifestant-iranien-meurt-en-prison-suite-a-une-negligence-deliberee-de-son-etat-sante\/\" \/>\n<meta property=\"og:locale\" content=\"en_US\" \/>\n<meta property=\"og:type\" content=\"article\" \/>\n<meta property=\"og:title\" content=\"Un manifestant iranien meurt en prison suite \u00e0 une &quot;n\u00e9gligence d\u00e9lib\u00e9r\u00e9e&quot; de son \u00e9tat sant\u00e9 - Les Rapports Quotidiens\" \/>\n<meta property=\"og:description\" content=\"Un prisonnier iranien arr\u00eat\u00e9 en f\u00e9vrier 2018 dans le contexte d&#8217;une manifestation de partisans de l&#8217;un des ordres Soufis est d\u00e9c\u00e9d\u00e9 hier en prison. Des militants ont exprim\u00e9 leur craintes concernant les circonstances qui entourent son d\u00e9c\u00e8s, soup\u00e7onnant les autorit\u00e9s iraniennes de l&#8217;avoir priv\u00e9 des soins n\u00e9cessaires \u00e0 son \u00e9tat de sant\u00e9 alt\u00e9r\u00e9. Behnam Mahjoubi\" \/>\n<meta property=\"og:url\" content=\"https:\/\/thedailyreports.com\/fr\/2021\/02\/22\/un-manifestant-iranien-meurt-en-prison-suite-a-une-negligence-deliberee-de-son-etat-sante\/\" \/>\n<meta property=\"og:site_name\" content=\"Les Rapports Quotidiens\" \/>\n<meta property=\"article:published_time\" content=\"2021-02-22T16:39:28+00:00\" \/>\n<meta property=\"article:modified_time\" content=\"2021-02-22T16:41:03+00:00\" \/>\n<meta property=\"og:image\" content=\"https:\/\/thedailyreports.com\/fr\/wp-content\/uploads\/2021\/02\/prison_death.jpg?v=1681242721\" \/>\n\t<meta property=\"og:image:width\" content=\"850\" \/>\n\t<meta property=\"og:image:height\" content=\"600\" \/>\n\t<meta property=\"og:image:type\" content=\"image\/jpeg\" \/>\n<meta name=\"author\" content=\"The Daily Reports\" \/>\n<meta name=\"twitter:card\" content=\"summary_large_image\" \/>\n<meta name=\"twitter:label1\" content=\"Written by\" \/>\n\t<meta name=\"twitter:data1\" content=\"The Daily Reports\" \/>\n\t<meta name=\"twitter:label2\" content=\"Est. reading time\" \/>\n\t<meta name=\"twitter:data2\" content=\"3 minutes\" \/>\n<script type=\"application\/ld+json\" class=\"yoast-schema-graph\">{\"@context\":\"https:\\\/\\\/schema.org\",\"@graph\":[{\"@type\":\"Article\",\"@id\":\"https:\\\/\\\/thedailyreports.com\\\/fr\\\/2021\\\/02\\\/22\\\/un-manifestant-iranien-meurt-en-prison-suite-a-une-negligence-deliberee-de-son-etat-sante\\\/#article\",\"isPartOf\":{\"@id\":\"https:\\\/\\\/thedailyreports.com\\\/fr\\\/2021\\\/02\\\/22\\\/un-manifestant-iranien-meurt-en-prison-suite-a-une-negligence-deliberee-de-son-etat-sante\\\/\"},\"author\":{\"name\":\"The Daily Reports\",\"@id\":\"https:\\\/\\\/thedailyreports.com\\\/fr\\\/#\\\/schema\\\/person\\\/b00df16edad26ba8db109fb28c806a2a\"},\"headline\":\"Un manifestant iranien meurt en prison suite \u00e0 une &#8220;n\u00e9gligence d\u00e9lib\u00e9r\u00e9e&#8221; de son \u00e9tat sant\u00e9\",\"datePublished\":\"2021-02-22T16:39:28+00:00\",\"dateModified\":\"2021-02-22T16:41:03+00:00\",\"mainEntityOfPage\":{\"@id\":\"https:\\\/\\\/thedailyreports.com\\\/fr\\\/2021\\\/02\\\/22\\\/un-manifestant-iranien-meurt-en-prison-suite-a-une-negligence-deliberee-de-son-etat-sante\\\/\"},\"wordCount\":683,\"commentCount\":0,\"image\":{\"@id\":\"https:\\\/\\\/thedailyreports.com\\\/fr\\\/2021\\\/02\\\/22\\\/un-manifestant-iranien-meurt-en-prison-suite-a-une-negligence-deliberee-de-son-etat-sante\\\/#primaryimage\"},\"thumbnailUrl\":\"https:\\\/\\\/thedailyreports.com\\\/fr\\\/wp-content\\\/uploads\\\/2021\\\/02\\\/prison_death.jpg\",\"articleSection\":[\"Iran\"],\"inLanguage\":\"en-US\",\"potentialAction\":[{\"@type\":\"CommentAction\",\"name\":\"Comment\",\"target\":[\"https:\\\/\\\/thedailyreports.com\\\/fr\\\/2021\\\/02\\\/22\\\/un-manifestant-iranien-meurt-en-prison-suite-a-une-negligence-deliberee-de-son-etat-sante\\\/#respond\"]}]},{\"@type\":\"WebPage\",\"@id\":\"https:\\\/\\\/thedailyreports.com\\\/fr\\\/2021\\\/02\\\/22\\\/un-manifestant-iranien-meurt-en-prison-suite-a-une-negligence-deliberee-de-son-etat-sante\\\/\",\"url\":\"https:\\\/\\\/thedailyreports.com\\\/fr\\\/2021\\\/02\\\/22\\\/un-manifestant-iranien-meurt-en-prison-suite-a-une-negligence-deliberee-de-son-etat-sante\\\/\",\"name\":\"Un manifestant iranien meurt en prison suite \u00e0 une \\\"n\u00e9gligence d\u00e9lib\u00e9r\u00e9e\\\" de son \u00e9tat sant\u00e9 - Les Rapports Quotidiens\",\"isPartOf\":{\"@id\":\"https:\\\/\\\/thedailyreports.com\\\/fr\\\/#website\"},\"primaryImageOfPage\":{\"@id\":\"https:\\\/\\\/thedailyreports.com\\\/fr\\\/2021\\\/02\\\/22\\\/un-manifestant-iranien-meurt-en-prison-suite-a-une-negligence-deliberee-de-son-etat-sante\\\/#primaryimage\"},\"image\":{\"@id\":\"https:\\\/\\\/thedailyreports.com\\\/fr\\\/2021\\\/02\\\/22\\\/un-manifestant-iranien-meurt-en-prison-suite-a-une-negligence-deliberee-de-son-etat-sante\\\/#primaryimage\"},\"thumbnailUrl\":\"https:\\\/\\\/thedailyreports.com\\\/fr\\\/wp-content\\\/uploads\\\/2021\\\/02\\\/prison_death.jpg\",\"datePublished\":\"2021-02-22T16:39:28+00:00\",\"dateModified\":\"2021-02-22T16:41:03+00:00\",\"author\":{\"@id\":\"https:\\\/\\\/thedailyreports.com\\\/fr\\\/#\\\/schema\\\/person\\\/b00df16edad26ba8db109fb28c806a2a\"},\"breadcrumb\":{\"@id\":\"https:\\\/\\\/thedailyreports.com\\\/fr\\\/2021\\\/02\\\/22\\\/un-manifestant-iranien-meurt-en-prison-suite-a-une-negligence-deliberee-de-son-etat-sante\\\/#breadcrumb\"},\"inLanguage\":\"en-US\",\"potentialAction\":[{\"@type\":\"ReadAction\",\"target\":[\"https:\\\/\\\/thedailyreports.com\\\/fr\\\/2021\\\/02\\\/22\\\/un-manifestant-iranien-meurt-en-prison-suite-a-une-negligence-deliberee-de-son-etat-sante\\\/\"]}]},{\"@type\":\"ImageObject\",\"inLanguage\":\"en-US\",\"@id\":\"https:\\\/\\\/thedailyreports.com\\\/fr\\\/2021\\\/02\\\/22\\\/un-manifestant-iranien-meurt-en-prison-suite-a-une-negligence-deliberee-de-son-etat-sante\\\/#primaryimage\",\"url\":\"https:\\\/\\\/thedailyreports.com\\\/fr\\\/wp-content\\\/uploads\\\/2021\\\/02\\\/prison_death.jpg\",\"contentUrl\":\"https:\\\/\\\/thedailyreports.com\\\/fr\\\/wp-content\\\/uploads\\\/2021\\\/02\\\/prison_death.jpg\",\"width\":850,\"height\":600},{\"@type\":\"BreadcrumbList\",\"@id\":\"https:\\\/\\\/thedailyreports.com\\\/fr\\\/2021\\\/02\\\/22\\\/un-manifestant-iranien-meurt-en-prison-suite-a-une-negligence-deliberee-de-son-etat-sante\\\/#breadcrumb\",\"itemListElement\":[{\"@type\":\"ListItem\",\"position\":1,\"name\":\"Home\",\"item\":\"https:\\\/\\\/thedailyreports.com\\\/fr\\\/\"},{\"@type\":\"ListItem\",\"position\":2,\"name\":\"Un manifestant iranien meurt en prison suite \u00e0 une &#8220;n\u00e9gligence d\u00e9lib\u00e9r\u00e9e&#8221; de son \u00e9tat sant\u00e9\"}]},{\"@type\":\"WebSite\",\"@id\":\"https:\\\/\\\/thedailyreports.com\\\/fr\\\/#website\",\"url\":\"https:\\\/\\\/thedailyreports.com\\\/fr\\\/\",\"name\":\"Les Rapports Quotidiens\",\"description\":\"Toute la v\u00e9rit\u00e9, rien que la v\u00e9rit\u00e9\",\"potentialAction\":[{\"@type\":\"SearchAction\",\"target\":{\"@type\":\"EntryPoint\",\"urlTemplate\":\"https:\\\/\\\/thedailyreports.com\\\/fr\\\/?s={search_term_string}\"},\"query-input\":{\"@type\":\"PropertyValueSpecification\",\"valueRequired\":true,\"valueName\":\"search_term_string\"}}],\"inLanguage\":\"en-US\"},{\"@type\":\"Person\",\"@id\":\"https:\\\/\\\/thedailyreports.com\\\/fr\\\/#\\\/schema\\\/person\\\/b00df16edad26ba8db109fb28c806a2a\",\"name\":\"The Daily Reports\",\"image\":{\"@type\":\"ImageObject\",\"inLanguage\":\"en-US\",\"@id\":\"https:\\\/\\\/secure.gravatar.com\\\/avatar\\\/302a03d420eae20396406f37e0504a570385b6e8478a3733ea8ee684acee8497?s=96&d=mm&r=g\",\"url\":\"https:\\\/\\\/secure.gravatar.com\\\/avatar\\\/302a03d420eae20396406f37e0504a570385b6e8478a3733ea8ee684acee8497?s=96&d=mm&r=g\",\"contentUrl\":\"https:\\\/\\\/secure.gravatar.com\\\/avatar\\\/302a03d420eae20396406f37e0504a570385b6e8478a3733ea8ee684acee8497?s=96&d=mm&r=g\",\"caption\":\"The Daily Reports\"},\"sameAs\":[\"https:\\\/\\\/thedailyreports.com\\\/fr\"],\"url\":\"https:\\\/\\\/thedailyreports.com\\\/fr\\\/author\\\/haythem\\\/\"}]}<\/script>\n<!-- \/ Yoast SEO plugin. -->","yoast_head_json":{"title":"Un manifestant iranien meurt en prison suite \u00e0 une \"n\u00e9gligence d\u00e9lib\u00e9r\u00e9e\" de son \u00e9tat sant\u00e9 - Les Rapports Quotidiens","robots":{"index":"index","follow":"follow","max-snippet":"max-snippet:-1","max-image-preview":"max-image-preview:large","max-video-preview":"max-video-preview:-1"},"canonical":"https:\/\/thedailyreports.com\/fr\/2021\/02\/22\/un-manifestant-iranien-meurt-en-prison-suite-a-une-negligence-deliberee-de-son-etat-sante\/","og_locale":"en_US","og_type":"article","og_title":"Un manifestant iranien meurt en prison suite \u00e0 une \"n\u00e9gligence d\u00e9lib\u00e9r\u00e9e\" de son \u00e9tat sant\u00e9 - Les Rapports Quotidiens","og_description":"Un prisonnier iranien arr\u00eat\u00e9 en f\u00e9vrier 2018 dans le contexte d&#8217;une manifestation de partisans de l&#8217;un des ordres Soufis est d\u00e9c\u00e9d\u00e9 hier en prison. Des militants ont exprim\u00e9 leur craintes concernant les circonstances qui entourent son d\u00e9c\u00e8s, soup\u00e7onnant les autorit\u00e9s iraniennes de l&#8217;avoir priv\u00e9 des soins n\u00e9cessaires \u00e0 son \u00e9tat de sant\u00e9 alt\u00e9r\u00e9. Behnam Mahjoubi","og_url":"https:\/\/thedailyreports.com\/fr\/2021\/02\/22\/un-manifestant-iranien-meurt-en-prison-suite-a-une-negligence-deliberee-de-son-etat-sante\/","og_site_name":"Les Rapports Quotidiens","article_published_time":"2021-02-22T16:39:28+00:00","article_modified_time":"2021-02-22T16:41:03+00:00","og_image":[{"width":850,"height":600,"url":"https:\/\/thedailyreports.com\/fr\/wp-content\/uploads\/2021\/02\/prison_death.jpg?v=1681242721","type":"image\/jpeg"}],"author":"The Daily Reports","twitter_card":"summary_large_image","twitter_misc":{"Written by":"The Daily Reports","Est. reading time":"3 minutes"},"schema":{"@context":"https:\/\/schema.org","@graph":[{"@type":"Article","@id":"https:\/\/thedailyreports.com\/fr\/2021\/02\/22\/un-manifestant-iranien-meurt-en-prison-suite-a-une-negligence-deliberee-de-son-etat-sante\/#article","isPartOf":{"@id":"https:\/\/thedailyreports.com\/fr\/2021\/02\/22\/un-manifestant-iranien-meurt-en-prison-suite-a-une-negligence-deliberee-de-son-etat-sante\/"},"author":{"name":"The Daily Reports","@id":"https:\/\/thedailyreports.com\/fr\/#\/schema\/person\/b00df16edad26ba8db109fb28c806a2a"},"headline":"Un manifestant iranien meurt en prison suite \u00e0 une &#8220;n\u00e9gligence d\u00e9lib\u00e9r\u00e9e&#8221; de son \u00e9tat sant\u00e9","datePublished":"2021-02-22T16:39:28+00:00","dateModified":"2021-02-22T16:41:03+00:00","mainEntityOfPage":{"@id":"https:\/\/thedailyreports.com\/fr\/2021\/02\/22\/un-manifestant-iranien-meurt-en-prison-suite-a-une-negligence-deliberee-de-son-etat-sante\/"},"wordCount":683,"commentCount":0,"image":{"@id":"https:\/\/thedailyreports.com\/fr\/2021\/02\/22\/un-manifestant-iranien-meurt-en-prison-suite-a-une-negligence-deliberee-de-son-etat-sante\/#primaryimage"},"thumbnailUrl":"https:\/\/thedailyreports.com\/fr\/wp-content\/uploads\/2021\/02\/prison_death.jpg","articleSection":["Iran"],"inLanguage":"en-US","potentialAction":[{"@type":"CommentAction","name":"Comment","target":["https:\/\/thedailyreports.com\/fr\/2021\/02\/22\/un-manifestant-iranien-meurt-en-prison-suite-a-une-negligence-deliberee-de-son-etat-sante\/#respond"]}]},{"@type":"WebPage","@id":"https:\/\/thedailyreports.com\/fr\/2021\/02\/22\/un-manifestant-iranien-meurt-en-prison-suite-a-une-negligence-deliberee-de-son-etat-sante\/","url":"https:\/\/thedailyreports.com\/fr\/2021\/02\/22\/un-manifestant-iranien-meurt-en-prison-suite-a-une-negligence-deliberee-de-son-etat-sante\/","name":"Un manifestant iranien meurt en prison suite \u00e0 une \"n\u00e9gligence d\u00e9lib\u00e9r\u00e9e\" de son \u00e9tat sant\u00e9 - Les Rapports Quotidiens","isPartOf":{"@id":"https:\/\/thedailyreports.com\/fr\/#website"},"primaryImageOfPage":{"@id":"https:\/\/thedailyreports.com\/fr\/2021\/02\/22\/un-manifestant-iranien-meurt-en-prison-suite-a-une-negligence-deliberee-de-son-etat-sante\/#primaryimage"},"image":{"@id":"https:\/\/thedailyreports.com\/fr\/2021\/02\/22\/un-manifestant-iranien-meurt-en-prison-suite-a-une-negligence-deliberee-de-son-etat-sante\/#primaryimage"},"thumbnailUrl":"https:\/\/thedailyreports.com\/fr\/wp-content\/uploads\/2021\/02\/prison_death.jpg","datePublished":"2021-02-22T16:39:28+00:00","dateModified":"2021-02-22T16:41:03+00:00","author":{"@id":"https:\/\/thedailyreports.com\/fr\/#\/schema\/person\/b00df16edad26ba8db109fb28c806a2a"},"breadcrumb":{"@id":"https:\/\/thedailyreports.com\/fr\/2021\/02\/22\/un-manifestant-iranien-meurt-en-prison-suite-a-une-negligence-deliberee-de-son-etat-sante\/#breadcrumb"},"inLanguage":"en-US","potentialAction":[{"@type":"ReadAction","target":["https:\/\/thedailyreports.com\/fr\/2021\/02\/22\/un-manifestant-iranien-meurt-en-prison-suite-a-une-negligence-deliberee-de-son-etat-sante\/"]}]},{"@type":"ImageObject","inLanguage":"en-US","@id":"https:\/\/thedailyreports.com\/fr\/2021\/02\/22\/un-manifestant-iranien-meurt-en-prison-suite-a-une-negligence-deliberee-de-son-etat-sante\/#primaryimage","url":"https:\/\/thedailyreports.com\/fr\/wp-content\/uploads\/2021\/02\/prison_death.jpg","contentUrl":"https:\/\/thedailyreports.com\/fr\/wp-content\/uploads\/2021\/02\/prison_death.jpg","width":850,"height":600},{"@type":"BreadcrumbList","@id":"https:\/\/thedailyreports.com\/fr\/2021\/02\/22\/un-manifestant-iranien-meurt-en-prison-suite-a-une-negligence-deliberee-de-son-etat-sante\/#breadcrumb","itemListElement":[{"@type":"ListItem","position":1,"name":"Home","item":"https:\/\/thedailyreports.com\/fr\/"},{"@type":"ListItem","position":2,"name":"Un manifestant iranien meurt en prison suite \u00e0 une &#8220;n\u00e9gligence d\u00e9lib\u00e9r\u00e9e&#8221; de son \u00e9tat sant\u00e9"}]},{"@type":"WebSite","@id":"https:\/\/thedailyreports.com\/fr\/#website","url":"https:\/\/thedailyreports.com\/fr\/","name":"Les Rapports Quotidiens","description":"Toute la v\u00e9rit\u00e9, rien que la v\u00e9rit\u00e9","potentialAction":[{"@type":"SearchAction","target":{"@type":"EntryPoint","urlTemplate":"https:\/\/thedailyreports.com\/fr\/?s={search_term_string}"},"query-input":{"@type":"PropertyValueSpecification","valueRequired":true,"valueName":"search_term_string"}}],"inLanguage":"en-US"},{"@type":"Person","@id":"https:\/\/thedailyreports.com\/fr\/#\/schema\/person\/b00df16edad26ba8db109fb28c806a2a","name":"The Daily Reports","image":{"@type":"ImageObject","inLanguage":"en-US","@id":"https:\/\/secure.gravatar.com\/avatar\/302a03d420eae20396406f37e0504a570385b6e8478a3733ea8ee684acee8497?s=96&d=mm&r=g","url":"https:\/\/secure.gravatar.com\/avatar\/302a03d420eae20396406f37e0504a570385b6e8478a3733ea8ee684acee8497?s=96&d=mm&r=g","contentUrl":"https:\/\/secure.gravatar.com\/avatar\/302a03d420eae20396406f37e0504a570385b6e8478a3733ea8ee684acee8497?s=96&d=mm&r=g","caption":"The Daily Reports"},"sameAs":["https:\/\/thedailyreports.com\/fr"],"url":"https:\/\/thedailyreports.com\/fr\/author\/haythem\/"}]}},"_links":{"self":[{"href":"https:\/\/thedailyreports.com\/fr\/wp-json\/wp\/v2\/posts\/2632","targetHints":{"allow":["GET"]}}],"collection":[{"href":"https:\/\/thedailyreports.com\/fr\/wp-json\/wp\/v2\/posts"}],"about":[{"href":"https:\/\/thedailyreports.com\/fr\/wp-json\/wp\/v2\/types\/post"}],"author":[{"embeddable":true,"href":"https:\/\/thedailyreports.com\/fr\/wp-json\/wp\/v2\/users\/5"}],"replies":[{"embeddable":true,"href":"https:\/\/thedailyreports.com\/fr\/wp-json\/wp\/v2\/comments?post=2632"}],"version-history":[{"count":1,"href":"https:\/\/thedailyreports.com\/fr\/wp-json\/wp\/v2\/posts\/2632\/revisions"}],"predecessor-version":[{"id":2634,"href":"https:\/\/thedailyreports.com\/fr\/wp-json\/wp\/v2\/posts\/2632\/revisions\/2634"}],"wp:featuredmedia":[{"embeddable":true,"href":"https:\/\/thedailyreports.com\/fr\/wp-json\/wp\/v2\/media\/2635"}],"wp:attachment":[{"href":"https:\/\/thedailyreports.com\/fr\/wp-json\/wp\/v2\/media?parent=2632"}],"wp:term":[{"taxonomy":"category","embeddable":true,"href":"https:\/\/thedailyreports.com\/fr\/wp-json\/wp\/v2\/categories?post=2632"},{"taxonomy":"post_tag","embeddable":true,"href":"https:\/\/thedailyreports.com\/fr\/wp-json\/wp\/v2\/tags?post=2632"}],"curies":[{"name":"wp","href":"https:\/\/api.w.org\/{rel}","templated":true}]}}