{"id":2608,"date":"2021-02-19T17:57:32","date_gmt":"2021-02-19T16:57:32","guid":{"rendered":"https:\/\/thedailyreports.com\/fr\/?p=2608"},"modified":"2021-02-26T19:38:35","modified_gmt":"2021-02-26T18:38:35","slug":"nucleaire-iranien-washington-tend-la-main-a-liran-pour-relancer-laccord-de-vienne","status":"publish","type":"post","link":"https:\/\/thedailyreports.com\/fr\/2021\/02\/19\/nucleaire-iranien-washington-tend-la-main-a-liran-pour-relancer-laccord-de-vienne\/","title":{"rendered":"Nucl\u00e9aire iranien: Washington tend la main \u00e0 l&#8217;Iran pour relancer l&#8217;accord de Vienne"},"content":{"rendered":"\n<p>L&#8217;Iran, dont l&#8217;activit\u00e9 \u00e9conomique est fortement alt\u00e9r\u00e9e en raison des sanctions am\u00e9ricaines pour non respect de l&#8217;accord de Vienne, n&#8217;a cess\u00e9 de r\u00e9clamer la lev\u00e9e de toutes les sanctions impos\u00e9es depuis 2018 par l&#8217;administration Trump avant de revenir \u00e0 ses engagements, exigeant de Washington de faire le premier pas et mena\u00e7ant d&#8217;abandonner d&#8217;autres engagements pris dans le cadre de l&#8217;accord de 2015.<\/p>\n\n\n\n<p>&#8220;T\u00e9h\u00e9ran annulera imm\u00e9diatement ses mesures de r\u00e9torsion si l&#8217;administration Biden l\u00e8ve sans condition toutes les sanctions impos\u00e9es, r\u00e9impos\u00e9es ou rebaptis\u00e9es par Trump&#8221;, a tweet\u00e9 Mohammad Javad Zarif, le ministre iranien des Affaires \u00e9trang\u00e8res.<\/p>\n\n\n\n<p>L&#8217;Union europ\u00e9enne a r\u00e9cemment mis en garde les iraniens contre leur intention de restreindre \u00e0 partir du 21 f\u00e9vrier, l&#8217;acc\u00e8s des inspecteurs de l&#8217;Agence internationale de l&#8217;\u00e9nergie atomique (AIEA) aux installations non nucl\u00e9aires, y compris les sites militaires suspect\u00e9s d&#8217;avoir une activit\u00e9 nucl\u00e9aire. Une initiative jug\u00e9e &#8220;dangereuse&#8221; par l&#8217;UE et les \u00c9tats-Unis qui on appel\u00e9 l&#8217;Iran \u00e0 peser &#8220;les cons\u00e9quences d&#8217;une mesure aussi grave, en particulier dans ce moment opportun pour un retour \u00e0 la diplomatie&#8221;.<\/p>\n\n\n\n<figure class=\"wp-block-embed is-type-video is-provider-youtube wp-block-embed-youtube wp-embed-aspect-16-9 wp-has-aspect-ratio\"><div class=\"wp-block-embed__wrapper\">\n<iframe title=\"Nucl\u00e9aire iranien : T\u00e9h\u00e9ran appelle Washington \u00e0 faire le premier pas\" width=\"801\" height=\"451\" src=\"https:\/\/www.youtube.com\/embed\/SgsjSXeNuNc?feature=oembed\" frameborder=\"0\" allow=\"accelerometer; autoplay; clipboard-write; encrypted-media; gyroscope; picture-in-picture; web-share\" referrerpolicy=\"strict-origin-when-cross-origin\" allowfullscreen><\/iframe>\n<\/div><\/figure>\n\n\n\n<p>Les \u00c9tats-Unis et les \u00c9tats membres s&#8217;inqui\u00e8tent \u00e9galement de la d\u00e9cision iranienne de produire de l&#8217;uranium enrichi \u00e0 20 % et de l&#8217;uranium m\u00e9tallique. Cette production repr\u00e9sente une &#8220;\u00e9tape-cl\u00e9 dans le d\u00e9veloppement d&#8217;une arme nucl\u00e9aire&#8221;.<\/p>\n\n\n\n<p>La derni\u00e8re menace iranienne en date semble avoir relativement port\u00e9 ses fruits. Les \u00c9tats-Unis ont d\u00e9cid\u00e9 depuis hier de proc\u00e9der \u00e0 quelques gestes d&#8217;ouverture envers l&#8217;Iran en intensifiant le dialogue en vue d&#8217;un retour \u00e0 l&#8217;accord de 2015.<\/p>\n\n\n\n<p>A l&#8217;issue d&#8217;une conf\u00e9rence virtuelle, les ministres am\u00e9ricain Antony Blinken, allemand Heiko Maas, fran\u00e7ais Jean-Yves Le Drian, et britannique Dominic Raab, ont exprim\u00e9 dans un communiqu\u00e9 leur objectif de &#8220;voir l&#8217;Iran revenir au plein respect de ses engagements&#8221; de 2015, afin de &#8220;pr\u00e9server le r\u00e9gime de non-prolif\u00e9ration nucl\u00e9aire et garantir que l&#8217;Iran ne puisse jamais acqu\u00e9rir une arme nucl\u00e9aire&#8221;.<\/p>\n\n\n\n<p>A la demande de l&#8217;Union Europ\u00e9enne, Washington a consenti \u00e0 se joindre aux repr\u00e9sentants diplomatiques fran\u00e7ais, allemands, anglais et am\u00e9ricains, pour relancer les n\u00e9gociations \u00e0 travers une r\u00e9union virtuelle.<\/p>\n\n\n\n<p>&#8220;Les \u00c9tats-Unis acceptent une invitation du haut repr\u00e9sentant de l&#8217;Union europ\u00e9enne \u00e0 une r\u00e9union du P5+1 (\u00c9tats-Unis, Royaume-Uni, France, Chine, Russie et Allemagne) et de l&#8217;Iran pour \u00e9voquer la meilleure fa\u00e7on d&#8217;avancer concernant le programme nucl\u00e9aire iranien&#8221;, a annonc\u00e9 Ned Price, le porte-parole du d\u00e9partement d&#8217;\u00c9tat.<\/p>\n\n\n\n<p>L&#8217;administration Biden a fait plusieurs gestes pour d\u00e9monter sa bonne volont\u00e9, dont la r\u00e9vocation de la d\u00e9cision unilat\u00e9rale de Donald Trump sur un retour de sanctions internationales contre l&#8217;Iran. Une d\u00e9cision qui avait \u00e9t\u00e9 jug\u00e9e nulle et non avenue par la majorit\u00e9 des membres du conseil de s\u00e9curit\u00e9.<\/p>\n\n\n\n<p>Un responsable am\u00e9ricain qui a souhait\u00e9 garder l&#8217;anonymat a d\u00e9clar\u00e9 : &#8220;Aujourd&#8217;hui, il s&#8217;agit de prendre des mesures diplomatiques pour voir si nous pouvons arriver \u00e0 l&#8217;objectif du pr\u00e9sident Joe Biden d&#8217;une remise en route de l&#8217;accord de Vienne.&#8221;<\/p>\n\n\n\n<p>Selon une annonce d&#8217;hier de la diplomatie am\u00e9ricaine, Washington a \u00e9galement pris la d\u00e9cision de r\u00e9duire les limitations impos\u00e9es aux d\u00e9placements des diplomates iraniens aupr\u00e8s de l&#8217;ONU \u00e0 New-York. Ces restrictions mises en \u0153uvre par Donald Trump, imposaient aux diplomates iraniens, y compris au chef de la diplomatie, de se tenir \u00e0 quelques rues du si\u00e8ge de l&#8217;ONU et de respecter un trajet tr\u00e8s pr\u00e9cis de et vers l&#8217;a\u00e9roport JFK. Ils sont \u00e0 nouveau libres de se d\u00e9placer librement \u00e0 New-York.<\/p>\n\n\n\n<p>&#8220;L&#8217;id\u00e9e est de prendre des mesures pour supprimer les obstacles inutiles \u00e0 la diplomatie multilat\u00e9rale en modifiant les restrictions sur les voyages int\u00e9rieurs qui ont \u00e9t\u00e9 extr\u00eamement restrictives&#8221;, a comment\u00e9 un responsable du d\u00e9partement d&#8217;\u00c9tat.<\/p>\n\n\n\n<p>&#8220;L&#8217;accord (de 2015) est moins que jamais mis en \u0153uvre, mais pour la premi\u00e8re fois depuis plus de deux ans, on a un consensus politique de toutes les parties initiales sur l&#8217;objectif politique commun, et les Am\u00e9ricains disent : \u00e7a doit commencer par une discussion&#8221;, a d\u00e9clar\u00e9 une source diplomatique fran\u00e7aise.<\/p>\n\n\n\n<p>Rafael Grossi, le directeur g\u00e9n\u00e9ral de l&#8217;Agence internationale de l&#8217;\u00e9nergie atomique bas\u00e9e \u00e0 Vienne, se rendra demain \u00e0 T\u00e9h\u00e9ran pour &#8220;trouver une solution mutuellement acceptable&#8221; selon une annonce de l&#8217;AIEA.<\/p>\n","protected":false},"excerpt":{"rendered":"<p>L&#8217;Iran, dont l&#8217;activit\u00e9 \u00e9conomique est fortement alt\u00e9r\u00e9e en raison des sanctions am\u00e9ricaines pour non respect de l&#8217;accord de Vienne, n&#8217;a cess\u00e9 de r\u00e9clamer la lev\u00e9e de toutes les sanctions impos\u00e9es depuis 2018 par l&#8217;administration Trump avant de revenir \u00e0 ses engagements, exigeant de Washington de faire le premier pas et mena\u00e7ant d&#8217;abandonner d&#8217;autres engagements pris<\/p>\n","protected":false},"author":5,"featured_media":2609,"comment_status":"open","ping_status":"open","sticky":false,"template":"","format":"standard","meta":{"footnotes":""},"categories":[25],"tags":[],"class_list":{"0":"post-2608","1":"post","2":"type-post","3":"status-publish","4":"format-standard","5":"has-post-thumbnail","7":"category-iran"},"yoast_head":"<!-- This site is optimized with the Yoast SEO plugin v27.4 - https:\/\/yoast.com\/product\/yoast-seo-wordpress\/ -->\n<title>Nucl\u00e9aire iranien: Washington tend la main \u00e0 l&#039;Iran pour relancer l&#039;accord de Vienne - Les Rapports Quotidiens<\/title>\n<meta name=\"robots\" content=\"index, follow, max-snippet:-1, max-image-preview:large, max-video-preview:-1\" \/>\n<link rel=\"canonical\" href=\"https:\/\/thedailyreports.com\/fr\/2021\/02\/19\/nucleaire-iranien-washington-tend-la-main-a-liran-pour-relancer-laccord-de-vienne\/\" \/>\n<meta property=\"og:locale\" content=\"en_US\" \/>\n<meta property=\"og:type\" content=\"article\" \/>\n<meta property=\"og:title\" content=\"Nucl\u00e9aire iranien: Washington tend la main \u00e0 l&#039;Iran pour relancer l&#039;accord de Vienne - Les Rapports Quotidiens\" \/>\n<meta property=\"og:description\" content=\"L&#8217;Iran, dont l&#8217;activit\u00e9 \u00e9conomique est fortement alt\u00e9r\u00e9e en raison des sanctions am\u00e9ricaines pour non respect de l&#8217;accord de Vienne, n&#8217;a cess\u00e9 de r\u00e9clamer la lev\u00e9e de toutes les sanctions impos\u00e9es depuis 2018 par l&#8217;administration Trump avant de revenir \u00e0 ses engagements, exigeant de Washington de faire le premier pas et mena\u00e7ant d&#8217;abandonner d&#8217;autres engagements pris\" \/>\n<meta property=\"og:url\" content=\"https:\/\/thedailyreports.com\/fr\/2021\/02\/19\/nucleaire-iranien-washington-tend-la-main-a-liran-pour-relancer-laccord-de-vienne\/\" \/>\n<meta property=\"og:site_name\" content=\"Les Rapports Quotidiens\" \/>\n<meta property=\"article:published_time\" content=\"2021-02-19T16:57:32+00:00\" \/>\n<meta property=\"article:modified_time\" content=\"2021-02-26T18:38:35+00:00\" \/>\n<meta property=\"og:image\" content=\"https:\/\/thedailyreports.com\/fr\/wp-content\/uploads\/2021\/02\/Ned-Price.jpg?v=1681242745\" \/>\n\t<meta property=\"og:image:width\" content=\"1328\" \/>\n\t<meta property=\"og:image:height\" content=\"889\" \/>\n\t<meta property=\"og:image:type\" content=\"image\/jpeg\" \/>\n<meta name=\"author\" content=\"The Daily Reports\" \/>\n<meta name=\"twitter:card\" content=\"summary_large_image\" \/>\n<meta name=\"twitter:label1\" content=\"Written by\" \/>\n\t<meta name=\"twitter:data1\" content=\"The Daily Reports\" \/>\n\t<meta name=\"twitter:label2\" content=\"Est. reading time\" \/>\n\t<meta name=\"twitter:data2\" content=\"3 minutes\" \/>\n<script type=\"application\/ld+json\" class=\"yoast-schema-graph\">{\"@context\":\"https:\\\/\\\/schema.org\",\"@graph\":[{\"@type\":\"Article\",\"@id\":\"https:\\\/\\\/thedailyreports.com\\\/fr\\\/2021\\\/02\\\/19\\\/nucleaire-iranien-washington-tend-la-main-a-liran-pour-relancer-laccord-de-vienne\\\/#article\",\"isPartOf\":{\"@id\":\"https:\\\/\\\/thedailyreports.com\\\/fr\\\/2021\\\/02\\\/19\\\/nucleaire-iranien-washington-tend-la-main-a-liran-pour-relancer-laccord-de-vienne\\\/\"},\"author\":{\"name\":\"The Daily Reports\",\"@id\":\"https:\\\/\\\/thedailyreports.com\\\/fr\\\/#\\\/schema\\\/person\\\/b00df16edad26ba8db109fb28c806a2a\"},\"headline\":\"Nucl\u00e9aire iranien: Washington tend la main \u00e0 l&#8217;Iran pour relancer l&#8217;accord de Vienne\",\"datePublished\":\"2021-02-19T16:57:32+00:00\",\"dateModified\":\"2021-02-26T18:38:35+00:00\",\"mainEntityOfPage\":{\"@id\":\"https:\\\/\\\/thedailyreports.com\\\/fr\\\/2021\\\/02\\\/19\\\/nucleaire-iranien-washington-tend-la-main-a-liran-pour-relancer-laccord-de-vienne\\\/\"},\"wordCount\":800,\"commentCount\":0,\"image\":{\"@id\":\"https:\\\/\\\/thedailyreports.com\\\/fr\\\/2021\\\/02\\\/19\\\/nucleaire-iranien-washington-tend-la-main-a-liran-pour-relancer-laccord-de-vienne\\\/#primaryimage\"},\"thumbnailUrl\":\"https:\\\/\\\/thedailyreports.com\\\/fr\\\/wp-content\\\/uploads\\\/2021\\\/02\\\/Ned-Price.jpg\",\"articleSection\":[\"Iran\"],\"inLanguage\":\"en-US\",\"potentialAction\":[{\"@type\":\"CommentAction\",\"name\":\"Comment\",\"target\":[\"https:\\\/\\\/thedailyreports.com\\\/fr\\\/2021\\\/02\\\/19\\\/nucleaire-iranien-washington-tend-la-main-a-liran-pour-relancer-laccord-de-vienne\\\/#respond\"]}]},{\"@type\":\"WebPage\",\"@id\":\"https:\\\/\\\/thedailyreports.com\\\/fr\\\/2021\\\/02\\\/19\\\/nucleaire-iranien-washington-tend-la-main-a-liran-pour-relancer-laccord-de-vienne\\\/\",\"url\":\"https:\\\/\\\/thedailyreports.com\\\/fr\\\/2021\\\/02\\\/19\\\/nucleaire-iranien-washington-tend-la-main-a-liran-pour-relancer-laccord-de-vienne\\\/\",\"name\":\"Nucl\u00e9aire iranien: Washington tend la main \u00e0 l'Iran pour relancer l'accord de Vienne - Les Rapports Quotidiens\",\"isPartOf\":{\"@id\":\"https:\\\/\\\/thedailyreports.com\\\/fr\\\/#website\"},\"primaryImageOfPage\":{\"@id\":\"https:\\\/\\\/thedailyreports.com\\\/fr\\\/2021\\\/02\\\/19\\\/nucleaire-iranien-washington-tend-la-main-a-liran-pour-relancer-laccord-de-vienne\\\/#primaryimage\"},\"image\":{\"@id\":\"https:\\\/\\\/thedailyreports.com\\\/fr\\\/2021\\\/02\\\/19\\\/nucleaire-iranien-washington-tend-la-main-a-liran-pour-relancer-laccord-de-vienne\\\/#primaryimage\"},\"thumbnailUrl\":\"https:\\\/\\\/thedailyreports.com\\\/fr\\\/wp-content\\\/uploads\\\/2021\\\/02\\\/Ned-Price.jpg\",\"datePublished\":\"2021-02-19T16:57:32+00:00\",\"dateModified\":\"2021-02-26T18:38:35+00:00\",\"author\":{\"@id\":\"https:\\\/\\\/thedailyreports.com\\\/fr\\\/#\\\/schema\\\/person\\\/b00df16edad26ba8db109fb28c806a2a\"},\"breadcrumb\":{\"@id\":\"https:\\\/\\\/thedailyreports.com\\\/fr\\\/2021\\\/02\\\/19\\\/nucleaire-iranien-washington-tend-la-main-a-liran-pour-relancer-laccord-de-vienne\\\/#breadcrumb\"},\"inLanguage\":\"en-US\",\"potentialAction\":[{\"@type\":\"ReadAction\",\"target\":[\"https:\\\/\\\/thedailyreports.com\\\/fr\\\/2021\\\/02\\\/19\\\/nucleaire-iranien-washington-tend-la-main-a-liran-pour-relancer-laccord-de-vienne\\\/\"]}]},{\"@type\":\"ImageObject\",\"inLanguage\":\"en-US\",\"@id\":\"https:\\\/\\\/thedailyreports.com\\\/fr\\\/2021\\\/02\\\/19\\\/nucleaire-iranien-washington-tend-la-main-a-liran-pour-relancer-laccord-de-vienne\\\/#primaryimage\",\"url\":\"https:\\\/\\\/thedailyreports.com\\\/fr\\\/wp-content\\\/uploads\\\/2021\\\/02\\\/Ned-Price.jpg\",\"contentUrl\":\"https:\\\/\\\/thedailyreports.com\\\/fr\\\/wp-content\\\/uploads\\\/2021\\\/02\\\/Ned-Price.jpg\",\"width\":1328,\"height\":889,\"caption\":\"Le porte-parole du d\u00e9partement d\u2019Etat am\u00e9ricain, Ned Price, lors d\u2019un point de presse \u00e0 Washington, le 17 f\u00e9vrier.\"},{\"@type\":\"BreadcrumbList\",\"@id\":\"https:\\\/\\\/thedailyreports.com\\\/fr\\\/2021\\\/02\\\/19\\\/nucleaire-iranien-washington-tend-la-main-a-liran-pour-relancer-laccord-de-vienne\\\/#breadcrumb\",\"itemListElement\":[{\"@type\":\"ListItem\",\"position\":1,\"name\":\"Home\",\"item\":\"https:\\\/\\\/thedailyreports.com\\\/fr\\\/\"},{\"@type\":\"ListItem\",\"position\":2,\"name\":\"Nucl\u00e9aire iranien: Washington tend la main \u00e0 l&#8217;Iran pour relancer l&#8217;accord de Vienne\"}]},{\"@type\":\"WebSite\",\"@id\":\"https:\\\/\\\/thedailyreports.com\\\/fr\\\/#website\",\"url\":\"https:\\\/\\\/thedailyreports.com\\\/fr\\\/\",\"name\":\"Les Rapports Quotidiens\",\"description\":\"Toute la v\u00e9rit\u00e9, rien que la v\u00e9rit\u00e9\",\"potentialAction\":[{\"@type\":\"SearchAction\",\"target\":{\"@type\":\"EntryPoint\",\"urlTemplate\":\"https:\\\/\\\/thedailyreports.com\\\/fr\\\/?s={search_term_string}\"},\"query-input\":{\"@type\":\"PropertyValueSpecification\",\"valueRequired\":true,\"valueName\":\"search_term_string\"}}],\"inLanguage\":\"en-US\"},{\"@type\":\"Person\",\"@id\":\"https:\\\/\\\/thedailyreports.com\\\/fr\\\/#\\\/schema\\\/person\\\/b00df16edad26ba8db109fb28c806a2a\",\"name\":\"The Daily Reports\",\"image\":{\"@type\":\"ImageObject\",\"inLanguage\":\"en-US\",\"@id\":\"https:\\\/\\\/secure.gravatar.com\\\/avatar\\\/302a03d420eae20396406f37e0504a570385b6e8478a3733ea8ee684acee8497?s=96&d=mm&r=g\",\"url\":\"https:\\\/\\\/secure.gravatar.com\\\/avatar\\\/302a03d420eae20396406f37e0504a570385b6e8478a3733ea8ee684acee8497?s=96&d=mm&r=g\",\"contentUrl\":\"https:\\\/\\\/secure.gravatar.com\\\/avatar\\\/302a03d420eae20396406f37e0504a570385b6e8478a3733ea8ee684acee8497?s=96&d=mm&r=g\",\"caption\":\"The Daily Reports\"},\"sameAs\":[\"https:\\\/\\\/thedailyreports.com\\\/fr\"],\"url\":\"https:\\\/\\\/thedailyreports.com\\\/fr\\\/author\\\/haythem\\\/\"}]}<\/script>\n<!-- \/ Yoast SEO plugin. -->","yoast_head_json":{"title":"Nucl\u00e9aire iranien: Washington tend la main \u00e0 l'Iran pour relancer l'accord de Vienne - Les Rapports Quotidiens","robots":{"index":"index","follow":"follow","max-snippet":"max-snippet:-1","max-image-preview":"max-image-preview:large","max-video-preview":"max-video-preview:-1"},"canonical":"https:\/\/thedailyreports.com\/fr\/2021\/02\/19\/nucleaire-iranien-washington-tend-la-main-a-liran-pour-relancer-laccord-de-vienne\/","og_locale":"en_US","og_type":"article","og_title":"Nucl\u00e9aire iranien: Washington tend la main \u00e0 l'Iran pour relancer l'accord de Vienne - Les Rapports Quotidiens","og_description":"L&#8217;Iran, dont l&#8217;activit\u00e9 \u00e9conomique est fortement alt\u00e9r\u00e9e en raison des sanctions am\u00e9ricaines pour non respect de l&#8217;accord de Vienne, n&#8217;a cess\u00e9 de r\u00e9clamer la lev\u00e9e de toutes les sanctions impos\u00e9es depuis 2018 par l&#8217;administration Trump avant de revenir \u00e0 ses engagements, exigeant de Washington de faire le premier pas et mena\u00e7ant d&#8217;abandonner d&#8217;autres engagements pris","og_url":"https:\/\/thedailyreports.com\/fr\/2021\/02\/19\/nucleaire-iranien-washington-tend-la-main-a-liran-pour-relancer-laccord-de-vienne\/","og_site_name":"Les Rapports Quotidiens","article_published_time":"2021-02-19T16:57:32+00:00","article_modified_time":"2021-02-26T18:38:35+00:00","og_image":[{"width":1328,"height":889,"url":"https:\/\/thedailyreports.com\/fr\/wp-content\/uploads\/2021\/02\/Ned-Price.jpg?v=1681242745","type":"image\/jpeg"}],"author":"The Daily Reports","twitter_card":"summary_large_image","twitter_misc":{"Written by":"The Daily Reports","Est. reading time":"3 minutes"},"schema":{"@context":"https:\/\/schema.org","@graph":[{"@type":"Article","@id":"https:\/\/thedailyreports.com\/fr\/2021\/02\/19\/nucleaire-iranien-washington-tend-la-main-a-liran-pour-relancer-laccord-de-vienne\/#article","isPartOf":{"@id":"https:\/\/thedailyreports.com\/fr\/2021\/02\/19\/nucleaire-iranien-washington-tend-la-main-a-liran-pour-relancer-laccord-de-vienne\/"},"author":{"name":"The Daily Reports","@id":"https:\/\/thedailyreports.com\/fr\/#\/schema\/person\/b00df16edad26ba8db109fb28c806a2a"},"headline":"Nucl\u00e9aire iranien: Washington tend la main \u00e0 l&#8217;Iran pour relancer l&#8217;accord de Vienne","datePublished":"2021-02-19T16:57:32+00:00","dateModified":"2021-02-26T18:38:35+00:00","mainEntityOfPage":{"@id":"https:\/\/thedailyreports.com\/fr\/2021\/02\/19\/nucleaire-iranien-washington-tend-la-main-a-liran-pour-relancer-laccord-de-vienne\/"},"wordCount":800,"commentCount":0,"image":{"@id":"https:\/\/thedailyreports.com\/fr\/2021\/02\/19\/nucleaire-iranien-washington-tend-la-main-a-liran-pour-relancer-laccord-de-vienne\/#primaryimage"},"thumbnailUrl":"https:\/\/thedailyreports.com\/fr\/wp-content\/uploads\/2021\/02\/Ned-Price.jpg","articleSection":["Iran"],"inLanguage":"en-US","potentialAction":[{"@type":"CommentAction","name":"Comment","target":["https:\/\/thedailyreports.com\/fr\/2021\/02\/19\/nucleaire-iranien-washington-tend-la-main-a-liran-pour-relancer-laccord-de-vienne\/#respond"]}]},{"@type":"WebPage","@id":"https:\/\/thedailyreports.com\/fr\/2021\/02\/19\/nucleaire-iranien-washington-tend-la-main-a-liran-pour-relancer-laccord-de-vienne\/","url":"https:\/\/thedailyreports.com\/fr\/2021\/02\/19\/nucleaire-iranien-washington-tend-la-main-a-liran-pour-relancer-laccord-de-vienne\/","name":"Nucl\u00e9aire iranien: Washington tend la main \u00e0 l'Iran pour relancer l'accord de Vienne - Les Rapports Quotidiens","isPartOf":{"@id":"https:\/\/thedailyreports.com\/fr\/#website"},"primaryImageOfPage":{"@id":"https:\/\/thedailyreports.com\/fr\/2021\/02\/19\/nucleaire-iranien-washington-tend-la-main-a-liran-pour-relancer-laccord-de-vienne\/#primaryimage"},"image":{"@id":"https:\/\/thedailyreports.com\/fr\/2021\/02\/19\/nucleaire-iranien-washington-tend-la-main-a-liran-pour-relancer-laccord-de-vienne\/#primaryimage"},"thumbnailUrl":"https:\/\/thedailyreports.com\/fr\/wp-content\/uploads\/2021\/02\/Ned-Price.jpg","datePublished":"2021-02-19T16:57:32+00:00","dateModified":"2021-02-26T18:38:35+00:00","author":{"@id":"https:\/\/thedailyreports.com\/fr\/#\/schema\/person\/b00df16edad26ba8db109fb28c806a2a"},"breadcrumb":{"@id":"https:\/\/thedailyreports.com\/fr\/2021\/02\/19\/nucleaire-iranien-washington-tend-la-main-a-liran-pour-relancer-laccord-de-vienne\/#breadcrumb"},"inLanguage":"en-US","potentialAction":[{"@type":"ReadAction","target":["https:\/\/thedailyreports.com\/fr\/2021\/02\/19\/nucleaire-iranien-washington-tend-la-main-a-liran-pour-relancer-laccord-de-vienne\/"]}]},{"@type":"ImageObject","inLanguage":"en-US","@id":"https:\/\/thedailyreports.com\/fr\/2021\/02\/19\/nucleaire-iranien-washington-tend-la-main-a-liran-pour-relancer-laccord-de-vienne\/#primaryimage","url":"https:\/\/thedailyreports.com\/fr\/wp-content\/uploads\/2021\/02\/Ned-Price.jpg","contentUrl":"https:\/\/thedailyreports.com\/fr\/wp-content\/uploads\/2021\/02\/Ned-Price.jpg","width":1328,"height":889,"caption":"Le porte-parole du d\u00e9partement d\u2019Etat am\u00e9ricain, Ned Price, lors d\u2019un point de presse \u00e0 Washington, le 17 f\u00e9vrier."},{"@type":"BreadcrumbList","@id":"https:\/\/thedailyreports.com\/fr\/2021\/02\/19\/nucleaire-iranien-washington-tend-la-main-a-liran-pour-relancer-laccord-de-vienne\/#breadcrumb","itemListElement":[{"@type":"ListItem","position":1,"name":"Home","item":"https:\/\/thedailyreports.com\/fr\/"},{"@type":"ListItem","position":2,"name":"Nucl\u00e9aire iranien: Washington tend la main \u00e0 l&#8217;Iran pour relancer l&#8217;accord de Vienne"}]},{"@type":"WebSite","@id":"https:\/\/thedailyreports.com\/fr\/#website","url":"https:\/\/thedailyreports.com\/fr\/","name":"Les Rapports Quotidiens","description":"Toute la v\u00e9rit\u00e9, rien que la v\u00e9rit\u00e9","potentialAction":[{"@type":"SearchAction","target":{"@type":"EntryPoint","urlTemplate":"https:\/\/thedailyreports.com\/fr\/?s={search_term_string}"},"query-input":{"@type":"PropertyValueSpecification","valueRequired":true,"valueName":"search_term_string"}}],"inLanguage":"en-US"},{"@type":"Person","@id":"https:\/\/thedailyreports.com\/fr\/#\/schema\/person\/b00df16edad26ba8db109fb28c806a2a","name":"The Daily Reports","image":{"@type":"ImageObject","inLanguage":"en-US","@id":"https:\/\/secure.gravatar.com\/avatar\/302a03d420eae20396406f37e0504a570385b6e8478a3733ea8ee684acee8497?s=96&d=mm&r=g","url":"https:\/\/secure.gravatar.com\/avatar\/302a03d420eae20396406f37e0504a570385b6e8478a3733ea8ee684acee8497?s=96&d=mm&r=g","contentUrl":"https:\/\/secure.gravatar.com\/avatar\/302a03d420eae20396406f37e0504a570385b6e8478a3733ea8ee684acee8497?s=96&d=mm&r=g","caption":"The Daily Reports"},"sameAs":["https:\/\/thedailyreports.com\/fr"],"url":"https:\/\/thedailyreports.com\/fr\/author\/haythem\/"}]}},"_links":{"self":[{"href":"https:\/\/thedailyreports.com\/fr\/wp-json\/wp\/v2\/posts\/2608","targetHints":{"allow":["GET"]}}],"collection":[{"href":"https:\/\/thedailyreports.com\/fr\/wp-json\/wp\/v2\/posts"}],"about":[{"href":"https:\/\/thedailyreports.com\/fr\/wp-json\/wp\/v2\/types\/post"}],"author":[{"embeddable":true,"href":"https:\/\/thedailyreports.com\/fr\/wp-json\/wp\/v2\/users\/5"}],"replies":[{"embeddable":true,"href":"https:\/\/thedailyreports.com\/fr\/wp-json\/wp\/v2\/comments?post=2608"}],"version-history":[{"count":5,"href":"https:\/\/thedailyreports.com\/fr\/wp-json\/wp\/v2\/posts\/2608\/revisions"}],"predecessor-version":[{"id":2687,"href":"https:\/\/thedailyreports.com\/fr\/wp-json\/wp\/v2\/posts\/2608\/revisions\/2687"}],"wp:featuredmedia":[{"embeddable":true,"href":"https:\/\/thedailyreports.com\/fr\/wp-json\/wp\/v2\/media\/2609"}],"wp:attachment":[{"href":"https:\/\/thedailyreports.com\/fr\/wp-json\/wp\/v2\/media?parent=2608"}],"wp:term":[{"taxonomy":"category","embeddable":true,"href":"https:\/\/thedailyreports.com\/fr\/wp-json\/wp\/v2\/categories?post=2608"},{"taxonomy":"post_tag","embeddable":true,"href":"https:\/\/thedailyreports.com\/fr\/wp-json\/wp\/v2\/tags?post=2608"}],"curies":[{"name":"wp","href":"https:\/\/api.w.org\/{rel}","templated":true}]}}