{"id":1112,"date":"2020-12-30T22:53:23","date_gmt":"2020-12-30T21:53:23","guid":{"rendered":"https:\/\/thedailyreports.com\/fr\/?p=1112"},"modified":"2021-01-09T19:12:48","modified_gmt":"2021-01-09T18:12:48","slug":"le-conflit-syrien-entre-le-discours-du-pape-et-celui-de-el-qardaoui","status":"publish","type":"post","link":"https:\/\/thedailyreports.com\/fr\/2020\/12\/30\/le-conflit-syrien-entre-le-discours-du-pape-et-celui-de-el-qardaoui\/","title":{"rendered":"Le conflit syrien, entre le discours du Pape et celui de El Qardaoui"},"content":{"rendered":"\r\n<p><strong>Par\u00a0: Kamel ABDERRAHMANI<\/strong><\/p>\r\n\r\n\r\n\r\n<p>Le pape Fran\u00e7ois ne cesse de nous \u00e9blouir par ses discours de tol\u00e9rance et ses appels \u00e0 la paix dans le monde entier. R\u00e9cemment, il a appel\u00e9 au dialogue entre les parties en conflit en Syrie et \u00e0 la fin de l\u2019extermination en Syrie. Pour \u00e9viter que l&#8217;on ajoute la guerre \u00e0 la guerre, il avait d\u00e9clar\u00e9 dans un fort et sinc\u00e8re appel\u00a0<em>: \u00ab\u00a0Nous chr\u00e9tiens, nous croyons et nous savons que la r\u00e9surrection du Christ est la v\u00e9ritable esp\u00e9rance du monde, celle qui ne d\u00e9\u00e7oit pas. Aujourd&#8217;hui nous demandons des fruits de paix pour le monde entier, \u00e0 commencer par la bien-aim\u00e9e et tourment\u00e9e Syrie, dont la population est \u00e9puis\u00e9e par une guerre qui ne voit pas de fin\u00a0\u00bb. \u00ab\u00a0Le dialogue est la seule voie pour la paix. Que tous d\u00e9posent les armes et se laissent guider par la voix de leur propre conscience pour ne pas se replier sur leurs propres int\u00e9r\u00eats, mais pour entreprendre avec courage le chemin de la discussion et de la n\u00e9gociation\u00a0\u00bb,<\/em> il avait rajout\u00e9\u00a0: <em>\u00ab\u00a0Mon c\u0153ur, a-t-il dit, est profond\u00e9ment bless\u00e9 par ce qui se passe en Syrie et angoiss\u00e9 par les d\u00e9veloppements dramatiques qui se profilent.\u00a0\u00bb<\/em>. Il s\u2019agit d\u2019une condamnation ferme et sans aucune ambigu\u00eft\u00e9 \u00e0 toute sorte de violence dans notre ch\u00e8re Syrie.<\/p>\r\n\r\n\r\n\r\n<p>Quant \u00e0 moi, je me pose sinc\u00e8rement la question, y a-t-il un discours qui appelle \u00e0 la paix et \u00e0 la s\u00e9r\u00e9nit\u00e9 mieux que celui-l\u00e0\u00a0? Ce n\u2019est pas la premi\u00e8re fois que le Pape Fran\u00e7ois fait de tels discours. Par exemple, lors de la c\u00e9l\u00e9bration de la traditionnelle messe de P\u00e2ques sur la Place Saint-Pierre\u00a0: celle de la r\u00e9surrection, il avait fait des pri\u00e8res o\u00f9 il a demand\u00e9 que la paix revienne partout o\u00f9 cela est possible, dans le monde entier et particuli\u00e8rement en Syrie. Avec la m\u00eame envergure, le m\u00eame amour et la m\u00eame ferveur, il avait d\u00e9cr\u00e9t\u00e9 le 7\u00a0septembre 2017, jour de je\u00fbne et de pri\u00e8re pour la paix en Syrie, au Moyen-Orient et dans le monde. Il n\u2019y a aucun doute sur sa bonne foi et sa volont\u00e9 d\u2019\u00e9teindre le feu de la guerre qui consume la Syrie. Ses discours et ses positions sont toujours ceux d\u2019un repr\u00e9sentant d\u2019une religion qui pr\u00f4ne l\u2019amour et la paix, lesquels m\u00e8neront subs\u00e9quemment vers la tranquillit\u00e9 de l\u2019\u00e2me ainsi vers la cessation des conflits et des combats, elle est cette voie du salut. Un repr\u00e9sentant digne de cette institution\u00a0; le Vatican.<\/p>\r\n\r\n\r\n\r\n<p>Je m\u2019incline devant lui pour le remercier et pour lui exprimer ma gratitude et mon amour pour les graines de paix sem\u00e9es dans ce monde. Et lorsque je me retourne vers l\u2019orient, vers ceux qui repr\u00e9sentent la religion musulmane \u00e0 laquelle j\u2019appartiens, je m\u2019\u00e9touffe de la d\u00e9ception qui me pince le c\u0153ur. Alors qu\u2019\u00e0 l\u2019oppos\u00e9 les voix des pr\u00e9dicateurs musulmans se l\u00e8vent pour inciter les masses populaires, les inviter vers la guerre en ajoutant de l\u2019huile sur le feu avec leurs discours haineux pleins d\u2019intol\u00e9rance, tout cela au nom d\u2019Allah.<\/p>\r\n\r\n\r\n\r\n<p>Je n\u2019invente rien, je ne fais que relater et remarquer ce qui se passe r\u00e9ellement dans le monde musulman, sans aucun maquillage. El Qardaoui, le mufti des fr\u00e8res musulmans et le pr\u00e9sident de l\u2019Union internationale des savants musulmans, dans son pr\u00eache du vendredi \u00e0 la mosqu\u00e9e de \u00ab Omar Ibn Al Khatab \u00bb avait \u00e9mis et annonc\u00e9 ses souhaits de voir les USA intervenir militairement, tout en les remerciant pour les derni\u00e8res frappes\u00a0: <em>\u00ab\u00a0Je voudrais que les USA soient \u00e0 ma hauteur et interviennent pour sauver le peuple syrien\u00a0\u00bb<a href=\"#_ftn1\"><strong>[1]<\/strong><\/a><\/em>. Ce n\u2019est pas la premi\u00e8re fois que cette r\u00e9f\u00e9rence musulmane appelle \u00e0 la guerre. Ce n\u2019est ni la premi\u00e8re fois, ni le premier, ni le dernier pr\u00e9dicateur \u00e0 encourager la guerre en Syrie, avec des discours au vitriol, je cite \u00e0 titre d\u2019exemple le cheikh Al Arifi, Nabil Al Iwadi, Salmane Al Ouda, etc., la liste est longue de ces riches pr\u00eacheurs de haine. Ils nourrissent la guerre avec leurs id\u00e9es v\u00e9n\u00e9neuses et qui empoisonnement les jeunes musulmans. Un enr\u00f4lement et un embrigadement des plus malsains. D\u2019ailleurs, ils ont fait de cette guerre un conflit confessionnel entre sunnites et chiites. Elle est cette autre forme d\u2019endoctrinement, pour s\u2019en oxyg\u00e9ner, car bien souvent les guerres et leurs atrocit\u00e9s sont une aubaine pour ces \u00ab\u00a0avocats de Dieu\u00a0\u00bb.<\/p>\r\n\r\n\r\n\r\n<p>Si je dis cela, c\u2019est pour que l\u2019on fasse aujourd\u2019hui une comparaison entre les discours de paix tenus par le Pape qui repr\u00e9sentent les \u2018m\u00e9cr\u00e9ants chr\u00e9tiens\u2018 comme il appara\u00eet, pour la majorit\u00e9 des musulmans et le discours de ces pr\u00e9dicateurs qui repr\u00e9sentent les vrais croyants qui ont confisqu\u00e9 l\u2019islam et qui en ont fait une religion de guerre, de haine et d\u2019intol\u00e9rance au point o\u00f9 aujourd\u2019hui j\u2019ai cette honte et cet amer regret d\u2019exprimer mon appartenance \u00e0 l\u2019Islam.<\/p>\r\n\r\n\r\n<hr class=\"wp-block-separator\" \/>\r\n\r\n\r\n<p><a href=\"#_ftnref1\">[1]<\/a> <a href=\"https:\/\/m.facebook.com\/groups\/1572211326400618?view=permalink&amp;id=2081960348759044\">https:\/\/m.facebook.com\/groups\/1572211326400618?view=permalink&amp;id=2081960348759044<\/a><\/p>\r\n","protected":false},"excerpt":{"rendered":"<p>Par\u00a0: Kamel ABDERRAHMANI Le pape Fran\u00e7ois ne cesse de nous \u00e9blouir par ses discours de tol\u00e9rance et ses appels \u00e0 la paix dans le monde entier. R\u00e9cemment, il a appel\u00e9 au dialogue entre les parties en conflit en Syrie et \u00e0 la fin de l\u2019extermination en Syrie. Pour \u00e9viter que l&#8217;on ajoute la guerre \u00e0<\/p>\n","protected":false},"author":5,"featured_media":1113,"comment_status":"open","ping_status":"open","sticky":false,"template":"","format":"standard","meta":{"footnotes":""},"categories":[114,27,113],"tags":[],"class_list":{"0":"post-1112","1":"post","2":"type-post","3":"status-publish","4":"format-standard","5":"has-post-thumbnail","7":"category-analyse-politique","8":"category-france","9":"category-les-freres-musulmans"},"yoast_head":"<!-- This site is optimized with the Yoast SEO plugin v27.4 - https:\/\/yoast.com\/product\/yoast-seo-wordpress\/ -->\n<title>Le conflit syrien, entre le discours du Pape et celui de El Qardaoui - Les Rapports Quotidiens<\/title>\n<meta name=\"robots\" content=\"index, follow, max-snippet:-1, max-image-preview:large, max-video-preview:-1\" \/>\n<link rel=\"canonical\" href=\"https:\/\/thedailyreports.com\/fr\/2020\/12\/30\/le-conflit-syrien-entre-le-discours-du-pape-et-celui-de-el-qardaoui\/\" \/>\n<meta property=\"og:locale\" content=\"en_US\" \/>\n<meta property=\"og:type\" content=\"article\" \/>\n<meta property=\"og:title\" content=\"Le conflit syrien, entre le discours du Pape et celui de El Qardaoui - Les Rapports Quotidiens\" \/>\n<meta property=\"og:description\" content=\"Par\u00a0: Kamel ABDERRAHMANI Le pape Fran\u00e7ois ne cesse de nous \u00e9blouir par ses discours de tol\u00e9rance et ses appels \u00e0 la paix dans le monde entier. R\u00e9cemment, il a appel\u00e9 au dialogue entre les parties en conflit en Syrie et \u00e0 la fin de l\u2019extermination en Syrie. Pour \u00e9viter que l&#8217;on ajoute la guerre \u00e0\" \/>\n<meta property=\"og:url\" content=\"https:\/\/thedailyreports.com\/fr\/2020\/12\/30\/le-conflit-syrien-entre-le-discours-du-pape-et-celui-de-el-qardaoui\/\" \/>\n<meta property=\"og:site_name\" content=\"Les Rapports Quotidiens\" \/>\n<meta property=\"article:published_time\" content=\"2020-12-30T21:53:23+00:00\" \/>\n<meta property=\"article:modified_time\" content=\"2021-01-09T18:12:48+00:00\" \/>\n<meta property=\"og:image\" content=\"https:\/\/thedailyreports.com\/fr\/wp-content\/uploads\/2020\/12\/8.jpg\" \/>\n\t<meta property=\"og:image:width\" content=\"1127\" \/>\n\t<meta property=\"og:image:height\" content=\"776\" \/>\n\t<meta property=\"og:image:type\" content=\"image\/jpeg\" \/>\n<meta name=\"author\" content=\"The Daily Reports\" \/>\n<meta name=\"twitter:card\" content=\"summary_large_image\" \/>\n<meta name=\"twitter:label1\" content=\"Written by\" \/>\n\t<meta name=\"twitter:data1\" content=\"The Daily Reports\" \/>\n\t<meta name=\"twitter:label2\" content=\"Est. reading time\" \/>\n\t<meta name=\"twitter:data2\" content=\"4 minutes\" \/>\n<script type=\"application\/ld+json\" class=\"yoast-schema-graph\">{\"@context\":\"https:\\\/\\\/schema.org\",\"@graph\":[{\"@type\":\"Article\",\"@id\":\"https:\\\/\\\/thedailyreports.com\\\/fr\\\/2020\\\/12\\\/30\\\/le-conflit-syrien-entre-le-discours-du-pape-et-celui-de-el-qardaoui\\\/#article\",\"isPartOf\":{\"@id\":\"https:\\\/\\\/thedailyreports.com\\\/fr\\\/2020\\\/12\\\/30\\\/le-conflit-syrien-entre-le-discours-du-pape-et-celui-de-el-qardaoui\\\/\"},\"author\":{\"name\":\"The Daily Reports\",\"@id\":\"https:\\\/\\\/thedailyreports.com\\\/fr\\\/#\\\/schema\\\/person\\\/b00df16edad26ba8db109fb28c806a2a\"},\"headline\":\"Le conflit syrien, entre le discours du Pape et celui de El Qardaoui\",\"datePublished\":\"2020-12-30T21:53:23+00:00\",\"dateModified\":\"2021-01-09T18:12:48+00:00\",\"mainEntityOfPage\":{\"@id\":\"https:\\\/\\\/thedailyreports.com\\\/fr\\\/2020\\\/12\\\/30\\\/le-conflit-syrien-entre-le-discours-du-pape-et-celui-de-el-qardaoui\\\/\"},\"wordCount\":905,\"commentCount\":0,\"image\":{\"@id\":\"https:\\\/\\\/thedailyreports.com\\\/fr\\\/2020\\\/12\\\/30\\\/le-conflit-syrien-entre-le-discours-du-pape-et-celui-de-el-qardaoui\\\/#primaryimage\"},\"thumbnailUrl\":\"https:\\\/\\\/thedailyreports.com\\\/fr\\\/wp-content\\\/uploads\\\/2020\\\/12\\\/8.jpg\",\"articleSection\":[\"Analyse politique\",\"France\",\"Les Fr\u00e8res musulmans\"],\"inLanguage\":\"en-US\",\"potentialAction\":[{\"@type\":\"CommentAction\",\"name\":\"Comment\",\"target\":[\"https:\\\/\\\/thedailyreports.com\\\/fr\\\/2020\\\/12\\\/30\\\/le-conflit-syrien-entre-le-discours-du-pape-et-celui-de-el-qardaoui\\\/#respond\"]}]},{\"@type\":\"WebPage\",\"@id\":\"https:\\\/\\\/thedailyreports.com\\\/fr\\\/2020\\\/12\\\/30\\\/le-conflit-syrien-entre-le-discours-du-pape-et-celui-de-el-qardaoui\\\/\",\"url\":\"https:\\\/\\\/thedailyreports.com\\\/fr\\\/2020\\\/12\\\/30\\\/le-conflit-syrien-entre-le-discours-du-pape-et-celui-de-el-qardaoui\\\/\",\"name\":\"Le conflit syrien, entre le discours du Pape et celui de El Qardaoui - Les Rapports Quotidiens\",\"isPartOf\":{\"@id\":\"https:\\\/\\\/thedailyreports.com\\\/fr\\\/#website\"},\"primaryImageOfPage\":{\"@id\":\"https:\\\/\\\/thedailyreports.com\\\/fr\\\/2020\\\/12\\\/30\\\/le-conflit-syrien-entre-le-discours-du-pape-et-celui-de-el-qardaoui\\\/#primaryimage\"},\"image\":{\"@id\":\"https:\\\/\\\/thedailyreports.com\\\/fr\\\/2020\\\/12\\\/30\\\/le-conflit-syrien-entre-le-discours-du-pape-et-celui-de-el-qardaoui\\\/#primaryimage\"},\"thumbnailUrl\":\"https:\\\/\\\/thedailyreports.com\\\/fr\\\/wp-content\\\/uploads\\\/2020\\\/12\\\/8.jpg\",\"datePublished\":\"2020-12-30T21:53:23+00:00\",\"dateModified\":\"2021-01-09T18:12:48+00:00\",\"author\":{\"@id\":\"https:\\\/\\\/thedailyreports.com\\\/fr\\\/#\\\/schema\\\/person\\\/b00df16edad26ba8db109fb28c806a2a\"},\"breadcrumb\":{\"@id\":\"https:\\\/\\\/thedailyreports.com\\\/fr\\\/2020\\\/12\\\/30\\\/le-conflit-syrien-entre-le-discours-du-pape-et-celui-de-el-qardaoui\\\/#breadcrumb\"},\"inLanguage\":\"en-US\",\"potentialAction\":[{\"@type\":\"ReadAction\",\"target\":[\"https:\\\/\\\/thedailyreports.com\\\/fr\\\/2020\\\/12\\\/30\\\/le-conflit-syrien-entre-le-discours-du-pape-et-celui-de-el-qardaoui\\\/\"]}]},{\"@type\":\"ImageObject\",\"inLanguage\":\"en-US\",\"@id\":\"https:\\\/\\\/thedailyreports.com\\\/fr\\\/2020\\\/12\\\/30\\\/le-conflit-syrien-entre-le-discours-du-pape-et-celui-de-el-qardaoui\\\/#primaryimage\",\"url\":\"https:\\\/\\\/thedailyreports.com\\\/fr\\\/wp-content\\\/uploads\\\/2020\\\/12\\\/8.jpg\",\"contentUrl\":\"https:\\\/\\\/thedailyreports.com\\\/fr\\\/wp-content\\\/uploads\\\/2020\\\/12\\\/8.jpg\",\"width\":1127,\"height\":776},{\"@type\":\"BreadcrumbList\",\"@id\":\"https:\\\/\\\/thedailyreports.com\\\/fr\\\/2020\\\/12\\\/30\\\/le-conflit-syrien-entre-le-discours-du-pape-et-celui-de-el-qardaoui\\\/#breadcrumb\",\"itemListElement\":[{\"@type\":\"ListItem\",\"position\":1,\"name\":\"Home\",\"item\":\"https:\\\/\\\/thedailyreports.com\\\/fr\\\/\"},{\"@type\":\"ListItem\",\"position\":2,\"name\":\"Le conflit syrien, entre le discours du Pape et celui de El Qardaoui\"}]},{\"@type\":\"WebSite\",\"@id\":\"https:\\\/\\\/thedailyreports.com\\\/fr\\\/#website\",\"url\":\"https:\\\/\\\/thedailyreports.com\\\/fr\\\/\",\"name\":\"Les Rapports Quotidiens\",\"description\":\"Toute la v\u00e9rit\u00e9, rien que la v\u00e9rit\u00e9\",\"potentialAction\":[{\"@type\":\"SearchAction\",\"target\":{\"@type\":\"EntryPoint\",\"urlTemplate\":\"https:\\\/\\\/thedailyreports.com\\\/fr\\\/?s={search_term_string}\"},\"query-input\":{\"@type\":\"PropertyValueSpecification\",\"valueRequired\":true,\"valueName\":\"search_term_string\"}}],\"inLanguage\":\"en-US\"},{\"@type\":\"Person\",\"@id\":\"https:\\\/\\\/thedailyreports.com\\\/fr\\\/#\\\/schema\\\/person\\\/b00df16edad26ba8db109fb28c806a2a\",\"name\":\"The Daily Reports\",\"image\":{\"@type\":\"ImageObject\",\"inLanguage\":\"en-US\",\"@id\":\"https:\\\/\\\/secure.gravatar.com\\\/avatar\\\/302a03d420eae20396406f37e0504a570385b6e8478a3733ea8ee684acee8497?s=96&d=mm&r=g\",\"url\":\"https:\\\/\\\/secure.gravatar.com\\\/avatar\\\/302a03d420eae20396406f37e0504a570385b6e8478a3733ea8ee684acee8497?s=96&d=mm&r=g\",\"contentUrl\":\"https:\\\/\\\/secure.gravatar.com\\\/avatar\\\/302a03d420eae20396406f37e0504a570385b6e8478a3733ea8ee684acee8497?s=96&d=mm&r=g\",\"caption\":\"The Daily Reports\"},\"sameAs\":[\"https:\\\/\\\/thedailyreports.com\\\/fr\"],\"url\":\"https:\\\/\\\/thedailyreports.com\\\/fr\\\/author\\\/haythem\\\/\"}]}<\/script>\n<!-- \/ Yoast SEO plugin. -->","yoast_head_json":{"title":"Le conflit syrien, entre le discours du Pape et celui de El Qardaoui - Les Rapports Quotidiens","robots":{"index":"index","follow":"follow","max-snippet":"max-snippet:-1","max-image-preview":"max-image-preview:large","max-video-preview":"max-video-preview:-1"},"canonical":"https:\/\/thedailyreports.com\/fr\/2020\/12\/30\/le-conflit-syrien-entre-le-discours-du-pape-et-celui-de-el-qardaoui\/","og_locale":"en_US","og_type":"article","og_title":"Le conflit syrien, entre le discours du Pape et celui de El Qardaoui - Les Rapports Quotidiens","og_description":"Par\u00a0: Kamel ABDERRAHMANI Le pape Fran\u00e7ois ne cesse de nous \u00e9blouir par ses discours de tol\u00e9rance et ses appels \u00e0 la paix dans le monde entier. R\u00e9cemment, il a appel\u00e9 au dialogue entre les parties en conflit en Syrie et \u00e0 la fin de l\u2019extermination en Syrie. Pour \u00e9viter que l&#8217;on ajoute la guerre \u00e0","og_url":"https:\/\/thedailyreports.com\/fr\/2020\/12\/30\/le-conflit-syrien-entre-le-discours-du-pape-et-celui-de-el-qardaoui\/","og_site_name":"Les Rapports Quotidiens","article_published_time":"2020-12-30T21:53:23+00:00","article_modified_time":"2021-01-09T18:12:48+00:00","og_image":[{"width":1127,"height":776,"url":"https:\/\/thedailyreports.com\/fr\/wp-content\/uploads\/2020\/12\/8.jpg","type":"image\/jpeg"}],"author":"The Daily Reports","twitter_card":"summary_large_image","twitter_misc":{"Written by":"The Daily Reports","Est. reading time":"4 minutes"},"schema":{"@context":"https:\/\/schema.org","@graph":[{"@type":"Article","@id":"https:\/\/thedailyreports.com\/fr\/2020\/12\/30\/le-conflit-syrien-entre-le-discours-du-pape-et-celui-de-el-qardaoui\/#article","isPartOf":{"@id":"https:\/\/thedailyreports.com\/fr\/2020\/12\/30\/le-conflit-syrien-entre-le-discours-du-pape-et-celui-de-el-qardaoui\/"},"author":{"name":"The Daily Reports","@id":"https:\/\/thedailyreports.com\/fr\/#\/schema\/person\/b00df16edad26ba8db109fb28c806a2a"},"headline":"Le conflit syrien, entre le discours du Pape et celui de El Qardaoui","datePublished":"2020-12-30T21:53:23+00:00","dateModified":"2021-01-09T18:12:48+00:00","mainEntityOfPage":{"@id":"https:\/\/thedailyreports.com\/fr\/2020\/12\/30\/le-conflit-syrien-entre-le-discours-du-pape-et-celui-de-el-qardaoui\/"},"wordCount":905,"commentCount":0,"image":{"@id":"https:\/\/thedailyreports.com\/fr\/2020\/12\/30\/le-conflit-syrien-entre-le-discours-du-pape-et-celui-de-el-qardaoui\/#primaryimage"},"thumbnailUrl":"https:\/\/thedailyreports.com\/fr\/wp-content\/uploads\/2020\/12\/8.jpg","articleSection":["Analyse politique","France","Les Fr\u00e8res musulmans"],"inLanguage":"en-US","potentialAction":[{"@type":"CommentAction","name":"Comment","target":["https:\/\/thedailyreports.com\/fr\/2020\/12\/30\/le-conflit-syrien-entre-le-discours-du-pape-et-celui-de-el-qardaoui\/#respond"]}]},{"@type":"WebPage","@id":"https:\/\/thedailyreports.com\/fr\/2020\/12\/30\/le-conflit-syrien-entre-le-discours-du-pape-et-celui-de-el-qardaoui\/","url":"https:\/\/thedailyreports.com\/fr\/2020\/12\/30\/le-conflit-syrien-entre-le-discours-du-pape-et-celui-de-el-qardaoui\/","name":"Le conflit syrien, entre le discours du Pape et celui de El Qardaoui - Les Rapports Quotidiens","isPartOf":{"@id":"https:\/\/thedailyreports.com\/fr\/#website"},"primaryImageOfPage":{"@id":"https:\/\/thedailyreports.com\/fr\/2020\/12\/30\/le-conflit-syrien-entre-le-discours-du-pape-et-celui-de-el-qardaoui\/#primaryimage"},"image":{"@id":"https:\/\/thedailyreports.com\/fr\/2020\/12\/30\/le-conflit-syrien-entre-le-discours-du-pape-et-celui-de-el-qardaoui\/#primaryimage"},"thumbnailUrl":"https:\/\/thedailyreports.com\/fr\/wp-content\/uploads\/2020\/12\/8.jpg","datePublished":"2020-12-30T21:53:23+00:00","dateModified":"2021-01-09T18:12:48+00:00","author":{"@id":"https:\/\/thedailyreports.com\/fr\/#\/schema\/person\/b00df16edad26ba8db109fb28c806a2a"},"breadcrumb":{"@id":"https:\/\/thedailyreports.com\/fr\/2020\/12\/30\/le-conflit-syrien-entre-le-discours-du-pape-et-celui-de-el-qardaoui\/#breadcrumb"},"inLanguage":"en-US","potentialAction":[{"@type":"ReadAction","target":["https:\/\/thedailyreports.com\/fr\/2020\/12\/30\/le-conflit-syrien-entre-le-discours-du-pape-et-celui-de-el-qardaoui\/"]}]},{"@type":"ImageObject","inLanguage":"en-US","@id":"https:\/\/thedailyreports.com\/fr\/2020\/12\/30\/le-conflit-syrien-entre-le-discours-du-pape-et-celui-de-el-qardaoui\/#primaryimage","url":"https:\/\/thedailyreports.com\/fr\/wp-content\/uploads\/2020\/12\/8.jpg","contentUrl":"https:\/\/thedailyreports.com\/fr\/wp-content\/uploads\/2020\/12\/8.jpg","width":1127,"height":776},{"@type":"BreadcrumbList","@id":"https:\/\/thedailyreports.com\/fr\/2020\/12\/30\/le-conflit-syrien-entre-le-discours-du-pape-et-celui-de-el-qardaoui\/#breadcrumb","itemListElement":[{"@type":"ListItem","position":1,"name":"Home","item":"https:\/\/thedailyreports.com\/fr\/"},{"@type":"ListItem","position":2,"name":"Le conflit syrien, entre le discours du Pape et celui de El Qardaoui"}]},{"@type":"WebSite","@id":"https:\/\/thedailyreports.com\/fr\/#website","url":"https:\/\/thedailyreports.com\/fr\/","name":"Les Rapports Quotidiens","description":"Toute la v\u00e9rit\u00e9, rien que la v\u00e9rit\u00e9","potentialAction":[{"@type":"SearchAction","target":{"@type":"EntryPoint","urlTemplate":"https:\/\/thedailyreports.com\/fr\/?s={search_term_string}"},"query-input":{"@type":"PropertyValueSpecification","valueRequired":true,"valueName":"search_term_string"}}],"inLanguage":"en-US"},{"@type":"Person","@id":"https:\/\/thedailyreports.com\/fr\/#\/schema\/person\/b00df16edad26ba8db109fb28c806a2a","name":"The Daily Reports","image":{"@type":"ImageObject","inLanguage":"en-US","@id":"https:\/\/secure.gravatar.com\/avatar\/302a03d420eae20396406f37e0504a570385b6e8478a3733ea8ee684acee8497?s=96&d=mm&r=g","url":"https:\/\/secure.gravatar.com\/avatar\/302a03d420eae20396406f37e0504a570385b6e8478a3733ea8ee684acee8497?s=96&d=mm&r=g","contentUrl":"https:\/\/secure.gravatar.com\/avatar\/302a03d420eae20396406f37e0504a570385b6e8478a3733ea8ee684acee8497?s=96&d=mm&r=g","caption":"The Daily Reports"},"sameAs":["https:\/\/thedailyreports.com\/fr"],"url":"https:\/\/thedailyreports.com\/fr\/author\/haythem\/"}]}},"_links":{"self":[{"href":"https:\/\/thedailyreports.com\/fr\/wp-json\/wp\/v2\/posts\/1112","targetHints":{"allow":["GET"]}}],"collection":[{"href":"https:\/\/thedailyreports.com\/fr\/wp-json\/wp\/v2\/posts"}],"about":[{"href":"https:\/\/thedailyreports.com\/fr\/wp-json\/wp\/v2\/types\/post"}],"author":[{"embeddable":true,"href":"https:\/\/thedailyreports.com\/fr\/wp-json\/wp\/v2\/users\/5"}],"replies":[{"embeddable":true,"href":"https:\/\/thedailyreports.com\/fr\/wp-json\/wp\/v2\/comments?post=1112"}],"version-history":[{"count":4,"href":"https:\/\/thedailyreports.com\/fr\/wp-json\/wp\/v2\/posts\/1112\/revisions"}],"predecessor-version":[{"id":1889,"href":"https:\/\/thedailyreports.com\/fr\/wp-json\/wp\/v2\/posts\/1112\/revisions\/1889"}],"wp:featuredmedia":[{"embeddable":true,"href":"https:\/\/thedailyreports.com\/fr\/wp-json\/wp\/v2\/media\/1113"}],"wp:attachment":[{"href":"https:\/\/thedailyreports.com\/fr\/wp-json\/wp\/v2\/media?parent=1112"}],"wp:term":[{"taxonomy":"category","embeddable":true,"href":"https:\/\/thedailyreports.com\/fr\/wp-json\/wp\/v2\/categories?post=1112"},{"taxonomy":"post_tag","embeddable":true,"href":"https:\/\/thedailyreports.com\/fr\/wp-json\/wp\/v2\/tags?post=1112"}],"curies":[{"name":"wp","href":"https:\/\/api.w.org\/{rel}","templated":true}]}}