{"id":1094,"date":"2020-12-26T16:44:34","date_gmt":"2020-12-26T15:44:34","guid":{"rendered":"https:\/\/thedailyreports.com\/fr\/?p=1094"},"modified":"2021-01-09T19:10:03","modified_gmt":"2021-01-09T18:10:03","slug":"boualem-djouhri-un-imam-eclaire-qui-sest-fait-lyncher-par-la-horde-islamiste","status":"publish","type":"post","link":"https:\/\/thedailyreports.com\/fr\/2020\/12\/26\/boualem-djouhri-un-imam-eclaire-qui-sest-fait-lyncher-par-la-horde-islamiste\/","title":{"rendered":"BOUALEM  DJOUHRI, un imam \u00e9clair\u00e9 qui s\u2019est fait lyncher par la horde islamiste"},"content":{"rendered":"\r\n<p><strong>Kamel ABDERRAHMANI <\/strong><\/p>\r\n\r\n\r\n\r\n<p><strong>Paris le 10\/05\/20<\/strong><\/p>\r\n\r\n\r\n\r\n<p>La mort d\u2019Idir, monument de la chanson kabyle,\u00a0 d\u00e9fenseur de l&#8217;identit\u00e9 berb\u00e8re \u00e0 travers le monde et interpr\u00e8te du c\u00e9l\u00e8bre\u00a0\u00ab\u00a0<em>A Vava Inouva<\/em>\u00a0\u00bb a touch\u00e9 \u00e9norm\u00e9ment de monde, que ce soit sur la sc\u00e8ne artistique et culturelle. D\u00e8s l&#8217;annonce de sa mort, les hommages se comptent par milliers. Sur Twitter, le pr\u00e9sident alg\u00e9rien Abdelmadjid Tebboune a fait part de son &#8220;immense tristesse&#8221;. &#8220;Avec sa disparition, l&#8217;Alg\u00e9rie perd un de ses monuments&#8221;, \u00e9crit-il. Parmi tous les beaux hommages, il y a celui de Boualem Djouhri, enseignant universitaire, imam et directeur des affaires religieuses de Bejaia<a href=\"#_ftn1\">[1]<\/a>. En effet, dans une vid\u00e9o publi\u00e9e sur sa page Facebook, Boualem Djouhri a repris <strong>une des chansons d\u2019Idir et dans laquelle il a admirablement interpr\u00e9t\u00e9 \u201cA mimi\u201d, un des titres de l\u2019artiste, d\u00e9c\u00e9d\u00e9 ce 02\/05\/2020. <\/strong><\/p>\r\n\r\n\r\n\r\n<p>Boualem Djouhri est un imam qui s\u2019est distingu\u00e9 toujours par sa tol\u00e9rance, son humanisme et son attachement \u00e0 la culture berb\u00e8re \u00e0 travers ses livres, dans lesquels il aborde des questions li\u00e9es \u00e0 l\u2019identit\u00e9 Amazigh et kabyle, \u00e0 la langue, \u00e0 la po\u00e9sie, \u00e0 la litt\u00e9rature et aux chants berb\u00e8res. Autrement dit, C\u2019est un imam qui d\u00e9fendait les valeurs humaines universelles \u00e0 travers ses discours et ses pr\u00eaches. Par exemple, lors d\u2019un colloque organis\u00e9 en janvier 2018 au Canada, et qui a co\u00efncid\u00e9 avec la comm\u00e9moration de l\u2019attentat meurtrier, perp\u00e9tr\u00e9 le 27 janvier 2017 contre la Grande Mosqu\u00e9e de Qu\u00e9bec, l\u2019imam Djouhri s\u2019est sp\u00e9cialement distingu\u00e9 par son intervention sur \u00ab\u00a0les diff\u00e9rences et la cohabitation interreligieuse.\u00a0\u00bb<\/p>\r\n\r\n\r\n\r\n<p>Les int\u00e9gristes qui se sont attaqu\u00e9s \u00e0 cet imam sur les r\u00e9seaux sociaux sont partis un peu loin en usant d\u2019un vocabulaire virulent et vulgaire, en demandant \u00e0 ce qu\u2019il soit limog\u00e9 de son poste qu\u2019il occupe depuis octobre 2016. Parmi les chefs de cette horde islamiste, Abdelkader Dehbi, un islamiste adepte du Front islamique de Salut, sur sa page Facebook a \u00e9crit\u00a0: <em>\u00abQuand l\u2019exercice d\u2019une fonction publique se conjugue avec la connerie assum\u00e9e sans complexes&#8230;Ce &#8220;cr\u00e9tin&#8221; qui pleure en dialecte kabyle son idole, &#8220;l&#8217;apostat&#8221; Idir&#8230; est cens\u00e9 \u00eatre le Directeur des Affaires Religieuses de Beja\u00efa !&#8230;\u00bb<\/em>. Rien d\u2019\u00e9tonnant, ils sont capables d\u2019aller plus loin. Ces obscurantistes et ces pr\u00eacheurs de haine se rendent-ils compte qu\u2019ils sont moins instruits que lui pour vouloir lui donner des le\u00e7ons sur l\u2019islam\u00a0?<\/p>\r\n\r\n\r\n\r\n<p>Certainement, rendre hommage \u00e0 un artiste musulman, pour eux n\u2019est pas un interdit sacr\u00e9 \u00ab\u00a0haram\u00a0\u00bb, mais le fait que le d\u00e9funt chanteur ait critiqu\u00e9 et refus\u00e9 l\u2019id\u00e9e que l\u2019islam soit la religion d\u2019Etat est consid\u00e9r\u00e9 comme une position blasph\u00e9matoire pour eux, donc un ren\u00e9gat, un apostat. Et Le fait qu\u2019un imam de la trempe de Boualem Djouhri, tr\u00e8s connu dans le milieu religieux en Alg\u00e9rie rend hommage de la sorte \u00e0 un monument du combat amazigh les rend furieux. Autrement dit, pour les islamistes, ledit Imam a fait passer son amazighit\u00e9 avant son islamit\u00e9, car, au-del\u00e0 du \u00ab\u00a0haram\u00a0\u00bb ou du \u00ab\u00a0hallal\u00a0\u00bb, il y a surtout cette haine envers tout ce qui est Amazigh. Cependant, pour Boualem Djouhri, l\u2019amoureux de la po\u00e9sie, de l\u2019art et de la culture berb\u00e8re, les choses sont vues autrement\u00a0: <em>\u201cJe suis tr\u00e8s fier de mon Alg\u00e9rianit\u00e9, de ma religion, mais aussi de mes origines berb\u00e8res. Personne ne peut me d\u00e9nier mes droits identitaires\u201d,<\/em> avait d\u00e9clar\u00e9 au journal francophone alg\u00e9rien \u00ab\u00a0Libert\u00e9\u00a0\u00bb.<\/p>\r\n\r\n\r\n\r\n<p>Devant toutes ses attaques et insultes \u00e0 l\u2019\u00e9gard d\u2019un imam universitaire r\u00e9put\u00e9 pour ses pr\u00eaches ouverts et non-violents, des personnalit\u00e9s politiques, universitaires, culturelles, religieuses, associatifs et des blogueurs ont port\u00e9 leur soutien \u00e0 Boualem Djouhri et ont exprim\u00e9 ouvertement et avec force leur solidarit\u00e9 avec lui.<\/p>\r\n\r\n\r\n\r\n<p>Donc face \u00e0 cette compagne haineuse, est ce que la justice alg\u00e9rienne va r\u00e9agir ? Surtout que \u00a0le gouvernement vient de faire adopter la nouvelle loi contre la discrimination et le discours de haine\u00a0? Jusqu\u2019\u00e0 quand le pouvoir reste passif devant ce ph\u00e9nom\u00e8ne tr\u00e8s r\u00e9pandu en Alg\u00e9rie, celui d\u2019atteinte aux libert\u00e9s individuelles\u00a0?<\/p>\r\n\r\n\r\n<hr class=\"wp-block-separator\" \/>\r\n\r\n\r\n<p><a href=\"#_ftnref1\">[1]<\/a> <a href=\"https:\/\/fr.wikipedia.org\/wiki\/Wilaya_de_B%C3%A9ja%C3%AFa\">https:\/\/fr.wikipedia.org\/wiki\/Wilaya_de_B%C3%A9ja%C3%AFa<\/a><\/p>\r\n","protected":false},"excerpt":{"rendered":"<p>Kamel ABDERRAHMANI Paris le 10\/05\/20 La mort d\u2019Idir, monument de la chanson kabyle,\u00a0 d\u00e9fenseur de l&#8217;identit\u00e9 berb\u00e8re \u00e0 travers le monde et interpr\u00e8te du c\u00e9l\u00e8bre\u00a0\u00ab\u00a0A Vava Inouva\u00a0\u00bb a touch\u00e9 \u00e9norm\u00e9ment de monde, que ce soit sur la sc\u00e8ne artistique et culturelle. D\u00e8s l&#8217;annonce de sa mort, les hommages se comptent par milliers. Sur Twitter, le<\/p>\n","protected":false},"author":5,"featured_media":1095,"comment_status":"open","ping_status":"open","sticky":false,"template":"","format":"standard","meta":{"footnotes":""},"categories":[114,27,25,113],"tags":[],"class_list":{"0":"post-1094","1":"post","2":"type-post","3":"status-publish","4":"format-standard","5":"has-post-thumbnail","7":"category-analyse-politique","8":"category-france","9":"category-iran","10":"category-les-freres-musulmans"},"yoast_head":"<!-- This site is optimized with the Yoast SEO plugin v27.4 - https:\/\/yoast.com\/product\/yoast-seo-wordpress\/ -->\n<title>BOUALEM DJOUHRI, un imam \u00e9clair\u00e9 qui s\u2019est fait lyncher par la horde islamiste - Les Rapports Quotidiens<\/title>\n<meta name=\"robots\" content=\"index, follow, max-snippet:-1, max-image-preview:large, max-video-preview:-1\" \/>\n<link rel=\"canonical\" href=\"https:\/\/thedailyreports.com\/fr\/2020\/12\/26\/boualem-djouhri-un-imam-eclaire-qui-sest-fait-lyncher-par-la-horde-islamiste\/\" \/>\n<meta property=\"og:locale\" content=\"en_US\" \/>\n<meta property=\"og:type\" content=\"article\" \/>\n<meta property=\"og:title\" content=\"BOUALEM DJOUHRI, un imam \u00e9clair\u00e9 qui s\u2019est fait lyncher par la horde islamiste - Les Rapports Quotidiens\" \/>\n<meta property=\"og:description\" content=\"Kamel ABDERRAHMANI Paris le 10\/05\/20 La mort d\u2019Idir, monument de la chanson kabyle,\u00a0 d\u00e9fenseur de l&#8217;identit\u00e9 berb\u00e8re \u00e0 travers le monde et interpr\u00e8te du c\u00e9l\u00e8bre\u00a0\u00ab\u00a0A Vava Inouva\u00a0\u00bb a touch\u00e9 \u00e9norm\u00e9ment de monde, que ce soit sur la sc\u00e8ne artistique et culturelle. D\u00e8s l&#8217;annonce de sa mort, les hommages se comptent par milliers. Sur Twitter, le\" \/>\n<meta property=\"og:url\" content=\"https:\/\/thedailyreports.com\/fr\/2020\/12\/26\/boualem-djouhri-un-imam-eclaire-qui-sest-fait-lyncher-par-la-horde-islamiste\/\" \/>\n<meta property=\"og:site_name\" content=\"Les Rapports Quotidiens\" \/>\n<meta property=\"article:published_time\" content=\"2020-12-26T15:44:34+00:00\" \/>\n<meta property=\"article:modified_time\" content=\"2021-01-09T18:10:03+00:00\" \/>\n<meta property=\"og:image\" content=\"https:\/\/thedailyreports.com\/fr\/wp-content\/uploads\/2020\/12\/d-boualem-djouhri-un-imam-progressiste-d9fd5.jpg\" \/>\n\t<meta property=\"og:image:width\" content=\"620\" \/>\n\t<meta property=\"og:image:height\" content=\"413\" \/>\n\t<meta property=\"og:image:type\" content=\"image\/jpeg\" \/>\n<meta name=\"author\" content=\"The Daily Reports\" \/>\n<meta name=\"twitter:card\" content=\"summary_large_image\" \/>\n<meta name=\"twitter:label1\" content=\"Written by\" \/>\n\t<meta name=\"twitter:data1\" content=\"The Daily Reports\" \/>\n\t<meta name=\"twitter:label2\" content=\"Est. reading time\" \/>\n\t<meta name=\"twitter:data2\" content=\"4 minutes\" \/>\n<script type=\"application\/ld+json\" class=\"yoast-schema-graph\">{\"@context\":\"https:\\\/\\\/schema.org\",\"@graph\":[{\"@type\":\"Article\",\"@id\":\"https:\\\/\\\/thedailyreports.com\\\/fr\\\/2020\\\/12\\\/26\\\/boualem-djouhri-un-imam-eclaire-qui-sest-fait-lyncher-par-la-horde-islamiste\\\/#article\",\"isPartOf\":{\"@id\":\"https:\\\/\\\/thedailyreports.com\\\/fr\\\/2020\\\/12\\\/26\\\/boualem-djouhri-un-imam-eclaire-qui-sest-fait-lyncher-par-la-horde-islamiste\\\/\"},\"author\":{\"name\":\"The Daily Reports\",\"@id\":\"https:\\\/\\\/thedailyreports.com\\\/fr\\\/#\\\/schema\\\/person\\\/b00df16edad26ba8db109fb28c806a2a\"},\"headline\":\"BOUALEM DJOUHRI, un imam \u00e9clair\u00e9 qui s\u2019est fait lyncher par la horde islamiste\",\"datePublished\":\"2020-12-26T15:44:34+00:00\",\"dateModified\":\"2021-01-09T18:10:03+00:00\",\"mainEntityOfPage\":{\"@id\":\"https:\\\/\\\/thedailyreports.com\\\/fr\\\/2020\\\/12\\\/26\\\/boualem-djouhri-un-imam-eclaire-qui-sest-fait-lyncher-par-la-horde-islamiste\\\/\"},\"wordCount\":743,\"commentCount\":0,\"image\":{\"@id\":\"https:\\\/\\\/thedailyreports.com\\\/fr\\\/2020\\\/12\\\/26\\\/boualem-djouhri-un-imam-eclaire-qui-sest-fait-lyncher-par-la-horde-islamiste\\\/#primaryimage\"},\"thumbnailUrl\":\"https:\\\/\\\/thedailyreports.com\\\/fr\\\/wp-content\\\/uploads\\\/2020\\\/12\\\/d-boualem-djouhri-un-imam-progressiste-d9fd5.jpg\",\"articleSection\":[\"Analyse politique\",\"France\",\"Iran\",\"Les Fr\u00e8res musulmans\"],\"inLanguage\":\"en-US\",\"potentialAction\":[{\"@type\":\"CommentAction\",\"name\":\"Comment\",\"target\":[\"https:\\\/\\\/thedailyreports.com\\\/fr\\\/2020\\\/12\\\/26\\\/boualem-djouhri-un-imam-eclaire-qui-sest-fait-lyncher-par-la-horde-islamiste\\\/#respond\"]}]},{\"@type\":\"WebPage\",\"@id\":\"https:\\\/\\\/thedailyreports.com\\\/fr\\\/2020\\\/12\\\/26\\\/boualem-djouhri-un-imam-eclaire-qui-sest-fait-lyncher-par-la-horde-islamiste\\\/\",\"url\":\"https:\\\/\\\/thedailyreports.com\\\/fr\\\/2020\\\/12\\\/26\\\/boualem-djouhri-un-imam-eclaire-qui-sest-fait-lyncher-par-la-horde-islamiste\\\/\",\"name\":\"BOUALEM DJOUHRI, un imam \u00e9clair\u00e9 qui s\u2019est fait lyncher par la horde islamiste - Les Rapports Quotidiens\",\"isPartOf\":{\"@id\":\"https:\\\/\\\/thedailyreports.com\\\/fr\\\/#website\"},\"primaryImageOfPage\":{\"@id\":\"https:\\\/\\\/thedailyreports.com\\\/fr\\\/2020\\\/12\\\/26\\\/boualem-djouhri-un-imam-eclaire-qui-sest-fait-lyncher-par-la-horde-islamiste\\\/#primaryimage\"},\"image\":{\"@id\":\"https:\\\/\\\/thedailyreports.com\\\/fr\\\/2020\\\/12\\\/26\\\/boualem-djouhri-un-imam-eclaire-qui-sest-fait-lyncher-par-la-horde-islamiste\\\/#primaryimage\"},\"thumbnailUrl\":\"https:\\\/\\\/thedailyreports.com\\\/fr\\\/wp-content\\\/uploads\\\/2020\\\/12\\\/d-boualem-djouhri-un-imam-progressiste-d9fd5.jpg\",\"datePublished\":\"2020-12-26T15:44:34+00:00\",\"dateModified\":\"2021-01-09T18:10:03+00:00\",\"author\":{\"@id\":\"https:\\\/\\\/thedailyreports.com\\\/fr\\\/#\\\/schema\\\/person\\\/b00df16edad26ba8db109fb28c806a2a\"},\"breadcrumb\":{\"@id\":\"https:\\\/\\\/thedailyreports.com\\\/fr\\\/2020\\\/12\\\/26\\\/boualem-djouhri-un-imam-eclaire-qui-sest-fait-lyncher-par-la-horde-islamiste\\\/#breadcrumb\"},\"inLanguage\":\"en-US\",\"potentialAction\":[{\"@type\":\"ReadAction\",\"target\":[\"https:\\\/\\\/thedailyreports.com\\\/fr\\\/2020\\\/12\\\/26\\\/boualem-djouhri-un-imam-eclaire-qui-sest-fait-lyncher-par-la-horde-islamiste\\\/\"]}]},{\"@type\":\"ImageObject\",\"inLanguage\":\"en-US\",\"@id\":\"https:\\\/\\\/thedailyreports.com\\\/fr\\\/2020\\\/12\\\/26\\\/boualem-djouhri-un-imam-eclaire-qui-sest-fait-lyncher-par-la-horde-islamiste\\\/#primaryimage\",\"url\":\"https:\\\/\\\/thedailyreports.com\\\/fr\\\/wp-content\\\/uploads\\\/2020\\\/12\\\/d-boualem-djouhri-un-imam-progressiste-d9fd5.jpg\",\"contentUrl\":\"https:\\\/\\\/thedailyreports.com\\\/fr\\\/wp-content\\\/uploads\\\/2020\\\/12\\\/d-boualem-djouhri-un-imam-progressiste-d9fd5.jpg\",\"width\":620,\"height\":413},{\"@type\":\"BreadcrumbList\",\"@id\":\"https:\\\/\\\/thedailyreports.com\\\/fr\\\/2020\\\/12\\\/26\\\/boualem-djouhri-un-imam-eclaire-qui-sest-fait-lyncher-par-la-horde-islamiste\\\/#breadcrumb\",\"itemListElement\":[{\"@type\":\"ListItem\",\"position\":1,\"name\":\"Home\",\"item\":\"https:\\\/\\\/thedailyreports.com\\\/fr\\\/\"},{\"@type\":\"ListItem\",\"position\":2,\"name\":\"BOUALEM DJOUHRI, un imam \u00e9clair\u00e9 qui s\u2019est fait lyncher par la horde islamiste\"}]},{\"@type\":\"WebSite\",\"@id\":\"https:\\\/\\\/thedailyreports.com\\\/fr\\\/#website\",\"url\":\"https:\\\/\\\/thedailyreports.com\\\/fr\\\/\",\"name\":\"Les Rapports Quotidiens\",\"description\":\"Toute la v\u00e9rit\u00e9, rien que la v\u00e9rit\u00e9\",\"potentialAction\":[{\"@type\":\"SearchAction\",\"target\":{\"@type\":\"EntryPoint\",\"urlTemplate\":\"https:\\\/\\\/thedailyreports.com\\\/fr\\\/?s={search_term_string}\"},\"query-input\":{\"@type\":\"PropertyValueSpecification\",\"valueRequired\":true,\"valueName\":\"search_term_string\"}}],\"inLanguage\":\"en-US\"},{\"@type\":\"Person\",\"@id\":\"https:\\\/\\\/thedailyreports.com\\\/fr\\\/#\\\/schema\\\/person\\\/b00df16edad26ba8db109fb28c806a2a\",\"name\":\"The Daily Reports\",\"image\":{\"@type\":\"ImageObject\",\"inLanguage\":\"en-US\",\"@id\":\"https:\\\/\\\/secure.gravatar.com\\\/avatar\\\/302a03d420eae20396406f37e0504a570385b6e8478a3733ea8ee684acee8497?s=96&d=mm&r=g\",\"url\":\"https:\\\/\\\/secure.gravatar.com\\\/avatar\\\/302a03d420eae20396406f37e0504a570385b6e8478a3733ea8ee684acee8497?s=96&d=mm&r=g\",\"contentUrl\":\"https:\\\/\\\/secure.gravatar.com\\\/avatar\\\/302a03d420eae20396406f37e0504a570385b6e8478a3733ea8ee684acee8497?s=96&d=mm&r=g\",\"caption\":\"The Daily Reports\"},\"sameAs\":[\"https:\\\/\\\/thedailyreports.com\\\/fr\"],\"url\":\"https:\\\/\\\/thedailyreports.com\\\/fr\\\/author\\\/haythem\\\/\"}]}<\/script>\n<!-- \/ Yoast SEO plugin. -->","yoast_head_json":{"title":"BOUALEM DJOUHRI, un imam \u00e9clair\u00e9 qui s\u2019est fait lyncher par la horde islamiste - Les Rapports Quotidiens","robots":{"index":"index","follow":"follow","max-snippet":"max-snippet:-1","max-image-preview":"max-image-preview:large","max-video-preview":"max-video-preview:-1"},"canonical":"https:\/\/thedailyreports.com\/fr\/2020\/12\/26\/boualem-djouhri-un-imam-eclaire-qui-sest-fait-lyncher-par-la-horde-islamiste\/","og_locale":"en_US","og_type":"article","og_title":"BOUALEM DJOUHRI, un imam \u00e9clair\u00e9 qui s\u2019est fait lyncher par la horde islamiste - Les Rapports Quotidiens","og_description":"Kamel ABDERRAHMANI Paris le 10\/05\/20 La mort d\u2019Idir, monument de la chanson kabyle,\u00a0 d\u00e9fenseur de l&#8217;identit\u00e9 berb\u00e8re \u00e0 travers le monde et interpr\u00e8te du c\u00e9l\u00e8bre\u00a0\u00ab\u00a0A Vava Inouva\u00a0\u00bb a touch\u00e9 \u00e9norm\u00e9ment de monde, que ce soit sur la sc\u00e8ne artistique et culturelle. D\u00e8s l&#8217;annonce de sa mort, les hommages se comptent par milliers. Sur Twitter, le","og_url":"https:\/\/thedailyreports.com\/fr\/2020\/12\/26\/boualem-djouhri-un-imam-eclaire-qui-sest-fait-lyncher-par-la-horde-islamiste\/","og_site_name":"Les Rapports Quotidiens","article_published_time":"2020-12-26T15:44:34+00:00","article_modified_time":"2021-01-09T18:10:03+00:00","og_image":[{"width":620,"height":413,"url":"https:\/\/thedailyreports.com\/fr\/wp-content\/uploads\/2020\/12\/d-boualem-djouhri-un-imam-progressiste-d9fd5.jpg","type":"image\/jpeg"}],"author":"The Daily Reports","twitter_card":"summary_large_image","twitter_misc":{"Written by":"The Daily Reports","Est. reading time":"4 minutes"},"schema":{"@context":"https:\/\/schema.org","@graph":[{"@type":"Article","@id":"https:\/\/thedailyreports.com\/fr\/2020\/12\/26\/boualem-djouhri-un-imam-eclaire-qui-sest-fait-lyncher-par-la-horde-islamiste\/#article","isPartOf":{"@id":"https:\/\/thedailyreports.com\/fr\/2020\/12\/26\/boualem-djouhri-un-imam-eclaire-qui-sest-fait-lyncher-par-la-horde-islamiste\/"},"author":{"name":"The Daily Reports","@id":"https:\/\/thedailyreports.com\/fr\/#\/schema\/person\/b00df16edad26ba8db109fb28c806a2a"},"headline":"BOUALEM DJOUHRI, un imam \u00e9clair\u00e9 qui s\u2019est fait lyncher par la horde islamiste","datePublished":"2020-12-26T15:44:34+00:00","dateModified":"2021-01-09T18:10:03+00:00","mainEntityOfPage":{"@id":"https:\/\/thedailyreports.com\/fr\/2020\/12\/26\/boualem-djouhri-un-imam-eclaire-qui-sest-fait-lyncher-par-la-horde-islamiste\/"},"wordCount":743,"commentCount":0,"image":{"@id":"https:\/\/thedailyreports.com\/fr\/2020\/12\/26\/boualem-djouhri-un-imam-eclaire-qui-sest-fait-lyncher-par-la-horde-islamiste\/#primaryimage"},"thumbnailUrl":"https:\/\/thedailyreports.com\/fr\/wp-content\/uploads\/2020\/12\/d-boualem-djouhri-un-imam-progressiste-d9fd5.jpg","articleSection":["Analyse politique","France","Iran","Les Fr\u00e8res musulmans"],"inLanguage":"en-US","potentialAction":[{"@type":"CommentAction","name":"Comment","target":["https:\/\/thedailyreports.com\/fr\/2020\/12\/26\/boualem-djouhri-un-imam-eclaire-qui-sest-fait-lyncher-par-la-horde-islamiste\/#respond"]}]},{"@type":"WebPage","@id":"https:\/\/thedailyreports.com\/fr\/2020\/12\/26\/boualem-djouhri-un-imam-eclaire-qui-sest-fait-lyncher-par-la-horde-islamiste\/","url":"https:\/\/thedailyreports.com\/fr\/2020\/12\/26\/boualem-djouhri-un-imam-eclaire-qui-sest-fait-lyncher-par-la-horde-islamiste\/","name":"BOUALEM DJOUHRI, un imam \u00e9clair\u00e9 qui s\u2019est fait lyncher par la horde islamiste - Les Rapports Quotidiens","isPartOf":{"@id":"https:\/\/thedailyreports.com\/fr\/#website"},"primaryImageOfPage":{"@id":"https:\/\/thedailyreports.com\/fr\/2020\/12\/26\/boualem-djouhri-un-imam-eclaire-qui-sest-fait-lyncher-par-la-horde-islamiste\/#primaryimage"},"image":{"@id":"https:\/\/thedailyreports.com\/fr\/2020\/12\/26\/boualem-djouhri-un-imam-eclaire-qui-sest-fait-lyncher-par-la-horde-islamiste\/#primaryimage"},"thumbnailUrl":"https:\/\/thedailyreports.com\/fr\/wp-content\/uploads\/2020\/12\/d-boualem-djouhri-un-imam-progressiste-d9fd5.jpg","datePublished":"2020-12-26T15:44:34+00:00","dateModified":"2021-01-09T18:10:03+00:00","author":{"@id":"https:\/\/thedailyreports.com\/fr\/#\/schema\/person\/b00df16edad26ba8db109fb28c806a2a"},"breadcrumb":{"@id":"https:\/\/thedailyreports.com\/fr\/2020\/12\/26\/boualem-djouhri-un-imam-eclaire-qui-sest-fait-lyncher-par-la-horde-islamiste\/#breadcrumb"},"inLanguage":"en-US","potentialAction":[{"@type":"ReadAction","target":["https:\/\/thedailyreports.com\/fr\/2020\/12\/26\/boualem-djouhri-un-imam-eclaire-qui-sest-fait-lyncher-par-la-horde-islamiste\/"]}]},{"@type":"ImageObject","inLanguage":"en-US","@id":"https:\/\/thedailyreports.com\/fr\/2020\/12\/26\/boualem-djouhri-un-imam-eclaire-qui-sest-fait-lyncher-par-la-horde-islamiste\/#primaryimage","url":"https:\/\/thedailyreports.com\/fr\/wp-content\/uploads\/2020\/12\/d-boualem-djouhri-un-imam-progressiste-d9fd5.jpg","contentUrl":"https:\/\/thedailyreports.com\/fr\/wp-content\/uploads\/2020\/12\/d-boualem-djouhri-un-imam-progressiste-d9fd5.jpg","width":620,"height":413},{"@type":"BreadcrumbList","@id":"https:\/\/thedailyreports.com\/fr\/2020\/12\/26\/boualem-djouhri-un-imam-eclaire-qui-sest-fait-lyncher-par-la-horde-islamiste\/#breadcrumb","itemListElement":[{"@type":"ListItem","position":1,"name":"Home","item":"https:\/\/thedailyreports.com\/fr\/"},{"@type":"ListItem","position":2,"name":"BOUALEM DJOUHRI, un imam \u00e9clair\u00e9 qui s\u2019est fait lyncher par la horde islamiste"}]},{"@type":"WebSite","@id":"https:\/\/thedailyreports.com\/fr\/#website","url":"https:\/\/thedailyreports.com\/fr\/","name":"Les Rapports Quotidiens","description":"Toute la v\u00e9rit\u00e9, rien que la v\u00e9rit\u00e9","potentialAction":[{"@type":"SearchAction","target":{"@type":"EntryPoint","urlTemplate":"https:\/\/thedailyreports.com\/fr\/?s={search_term_string}"},"query-input":{"@type":"PropertyValueSpecification","valueRequired":true,"valueName":"search_term_string"}}],"inLanguage":"en-US"},{"@type":"Person","@id":"https:\/\/thedailyreports.com\/fr\/#\/schema\/person\/b00df16edad26ba8db109fb28c806a2a","name":"The Daily Reports","image":{"@type":"ImageObject","inLanguage":"en-US","@id":"https:\/\/secure.gravatar.com\/avatar\/302a03d420eae20396406f37e0504a570385b6e8478a3733ea8ee684acee8497?s=96&d=mm&r=g","url":"https:\/\/secure.gravatar.com\/avatar\/302a03d420eae20396406f37e0504a570385b6e8478a3733ea8ee684acee8497?s=96&d=mm&r=g","contentUrl":"https:\/\/secure.gravatar.com\/avatar\/302a03d420eae20396406f37e0504a570385b6e8478a3733ea8ee684acee8497?s=96&d=mm&r=g","caption":"The Daily Reports"},"sameAs":["https:\/\/thedailyreports.com\/fr"],"url":"https:\/\/thedailyreports.com\/fr\/author\/haythem\/"}]}},"_links":{"self":[{"href":"https:\/\/thedailyreports.com\/fr\/wp-json\/wp\/v2\/posts\/1094","targetHints":{"allow":["GET"]}}],"collection":[{"href":"https:\/\/thedailyreports.com\/fr\/wp-json\/wp\/v2\/posts"}],"about":[{"href":"https:\/\/thedailyreports.com\/fr\/wp-json\/wp\/v2\/types\/post"}],"author":[{"embeddable":true,"href":"https:\/\/thedailyreports.com\/fr\/wp-json\/wp\/v2\/users\/5"}],"replies":[{"embeddable":true,"href":"https:\/\/thedailyreports.com\/fr\/wp-json\/wp\/v2\/comments?post=1094"}],"version-history":[{"count":2,"href":"https:\/\/thedailyreports.com\/fr\/wp-json\/wp\/v2\/posts\/1094\/revisions"}],"predecessor-version":[{"id":2150,"href":"https:\/\/thedailyreports.com\/fr\/wp-json\/wp\/v2\/posts\/1094\/revisions\/2150"}],"wp:featuredmedia":[{"embeddable":true,"href":"https:\/\/thedailyreports.com\/fr\/wp-json\/wp\/v2\/media\/1095"}],"wp:attachment":[{"href":"https:\/\/thedailyreports.com\/fr\/wp-json\/wp\/v2\/media?parent=1094"}],"wp:term":[{"taxonomy":"category","embeddable":true,"href":"https:\/\/thedailyreports.com\/fr\/wp-json\/wp\/v2\/categories?post=1094"},{"taxonomy":"post_tag","embeddable":true,"href":"https:\/\/thedailyreports.com\/fr\/wp-json\/wp\/v2\/tags?post=1094"}],"curies":[{"name":"wp","href":"https:\/\/api.w.org\/{rel}","templated":true}]}}