{"id":9249,"date":"2022-05-10T08:30:23","date_gmt":"2022-05-10T08:30:23","guid":{"rendered":"https:\/\/thedailyreports.com\/es\/?p=9249"},"modified":"2022-05-11T07:03:11","modified_gmt":"2022-05-11T07:03:11","slug":"el-emir-de-catar-visitara-iran-para-conversar-sobre-el-acuerdo-nuclear","status":"publish","type":"post","link":"https:\/\/thedailyreports.com\/es\/qatar\/el-emir-de-catar-visitara-iran-para-conversar-sobre-el-acuerdo-nuclear\/","title":{"rendered":"El emir de Catar visitar\u00e1 Ir\u00e1n para conversar sobre el acuerdo nuclear"},"content":{"rendered":"\n<h2 class=\"wp-block-heading\">Catar busca mediar entre las partes del acuerdo<\/h2>\n\n\n\n<p>El vocero del Ministerio de Asuntos Exteriores de Ir\u00e1n, Saeed Khatibzadeh, confirm\u00f3 que el emir de Catar visitar\u00e1 pronto Ir\u00e1n. <\/p>\n\n\n\n<p>&#8220;<strong>La visita del emir de Catar a Ir\u00e1n est\u00e1 en la agenda. Su paso por nuestro pa\u00eds incluye asuntos bilaterales, regionales e internacionales. Despu\u00e9s de este viaje, el presidente de Ir\u00e1n visitar\u00e1 un pa\u00eds del golfo P\u00e9rsico<\/strong>&#8220;, adelant\u00f3 Khatibzadeh. <\/p>\n\n\n\n<p>Reuters inform\u00f3 el domingo que el emir Tamim bin Hamad Al Thani visitar\u00e1 la Rep\u00fablica Isl\u00e1mica antes de viajar a Gran Breta\u00f1a, Alemania y otros pa\u00edses europeos para discutir sobre la seguridad energ\u00e9tica en Europa y los esfuerzos para reactivar el acuerdo nuclear de 2015.<\/p>\n\n\n\n<p>El viaje del emir tendr\u00eda como objetivo convencer a las partes del acuerdo de avanzar hacia un &#8220;nuevo t\u00e9rmino medio&#8221;. Actualmente, las negociaciones se encuentran en un punto muerto a causa de las exigencias de Teher\u00e1n a Washington de que retire de su lista de organizaciones terroristas a la Guardia Revolucionaria Isl\u00e1mica. <\/p>\n\n\n\n<p>Otros pa\u00edses de la regi\u00f3n, como Israel, Arabia Saudita y Emiratos \u00c1rabes Unidos, rechazan la vuelta al acuerdo nuclear, lo que implicar\u00eda el levantamiento de sanciones econ\u00f3micas sobre Ir\u00e1n y la eliminaci\u00f3n de la Guardia Revolucionaria Isl\u00e1mica de la lista de terroristas de Estados Unidos.<\/p>\n\n\n\n<p>La \u00faltima vez que el emir de Catar visit\u00f3 Ir\u00e1n fue en enero de 2020, con la intenci\u00f3n de aliviar las tensiones entre iran\u00edes y estadounidenses tras asesinato del comandante Qasem Soleimani en Irak. <\/p>\n","protected":false},"excerpt":{"rendered":"<p>Catar busca mediar entre las partes del acuerdo El vocero del Ministerio de Asuntos Exteriores de Ir\u00e1n, Saeed Khatibzadeh, confirm\u00f3 que el emir de Catar visitar\u00e1 pronto Ir\u00e1n. &#8220;La visita del emir de Catar a Ir\u00e1n est\u00e1 en la agenda. Su paso por nuestro pa\u00eds incluye asuntos bilaterales, regionales e internacionales. Despu\u00e9s de este viaje,<\/p>\n","protected":false},"author":1,"featured_media":8052,"comment_status":"open","ping_status":"open","sticky":false,"template":"","format":"standard","meta":{"footnotes":""},"categories":[40],"tags":[689,512],"class_list":{"0":"post-9249","1":"post","2":"type-post","3":"status-publish","4":"format-standard","5":"has-post-thumbnail","7":"category-qatar","8":"tag-catar","9":"tag-iran-2"},"_links":{"self":[{"href":"https:\/\/thedailyreports.com\/es\/wp-json\/wp\/v2\/posts\/9249","targetHints":{"allow":["GET"]}}],"collection":[{"href":"https:\/\/thedailyreports.com\/es\/wp-json\/wp\/v2\/posts"}],"about":[{"href":"https:\/\/thedailyreports.com\/es\/wp-json\/wp\/v2\/types\/post"}],"author":[{"embeddable":true,"href":"https:\/\/thedailyreports.com\/es\/wp-json\/wp\/v2\/users\/1"}],"replies":[{"embeddable":true,"href":"https:\/\/thedailyreports.com\/es\/wp-json\/wp\/v2\/comments?post=9249"}],"version-history":[{"count":7,"href":"https:\/\/thedailyreports.com\/es\/wp-json\/wp\/v2\/posts\/9249\/revisions"}],"predecessor-version":[{"id":9256,"href":"https:\/\/thedailyreports.com\/es\/wp-json\/wp\/v2\/posts\/9249\/revisions\/9256"}],"wp:featuredmedia":[{"embeddable":true,"href":"https:\/\/thedailyreports.com\/es\/wp-json\/wp\/v2\/media\/8052"}],"wp:attachment":[{"href":"https:\/\/thedailyreports.com\/es\/wp-json\/wp\/v2\/media?parent=9249"}],"wp:term":[{"taxonomy":"category","embeddable":true,"href":"https:\/\/thedailyreports.com\/es\/wp-json\/wp\/v2\/categories?post=9249"},{"taxonomy":"post_tag","embeddable":true,"href":"https:\/\/thedailyreports.com\/es\/wp-json\/wp\/v2\/tags?post=9249"}],"curies":[{"name":"wp","href":"https:\/\/api.w.org\/{rel}","templated":true}]}}