{"id":8377,"date":"2022-02-24T03:46:58","date_gmt":"2022-02-24T03:46:58","guid":{"rendered":"https:\/\/thedailyreports.com\/es\/?p=8377"},"modified":"2022-02-24T03:46:59","modified_gmt":"2022-02-24T03:46:59","slug":"el-medio-aleman-deutsche-welle-iniciara-acciones-legales-contra-turquia-por-intentar-prohibir-su-transmision","status":"publish","type":"post","link":"https:\/\/thedailyreports.com\/es\/turkey\/el-medio-aleman-deutsche-welle-iniciara-acciones-legales-contra-turquia-por-intentar-prohibir-su-transmision\/","title":{"rendered":"El medio alem\u00e1n Deutsche Welle iniciar\u00e1 acciones legales contra Turqu\u00eda por intentar prohibir su transmisi\u00f3n"},"content":{"rendered":"\n<h2 class=\"wp-block-heading\">Turqu\u00eda busca prohibir a Deutsche Welle y otros medios occidentales<\/h2>\n\n\n\n<p>Turqu\u00eda, a trav\u00e9s de su organismo de control de radiodifusi\u00f3n, ha vuelto a amenazar a Deutsche Welle (DW) y otros medios de comunicaci\u00f3n occidentales con bloquear sus transmisiones a menos que soliciten una licencia especial en un plazo de 72 horas. <\/p>\n\n\n\n<p>&#8220;<strong>Apelaremos contra esta medida e iniciaremos acciones legales contra Turqu\u00eda en los tribunales<\/strong>&#8220;, asegur\u00f3 Peter Limbourg, director general de DW. <\/p>\n\n\n\n<p>Limbourg agreg\u00f3 que la decisi\u00f3n tiene como objetivo &#8220;<strong>restringir la informaci\u00f3n de los medios de comunicaci\u00f3n internacionales<\/strong>&#8220;, seg\u00fan cit\u00f3 el propio medio alem\u00e1n.<\/p>\n\n\n\n<p>DW, que transmite noticias en 32 idiomas, incluido el turco, tiene una de sus oficinas en Turqu\u00eda y est\u00e1 registrada en el ministerio turco desde febrero de 2020. <\/p>\n\n\n\n<p>A principios de mes, el organismo de control de radiodifusi\u00f3n turco advirti\u00f3 a DW que le dar\u00eda 72 horas para presentar una licencia relacionada con la ley de medios de 2019, o de lo contrario &#8220;hacer frente a una prohibici\u00f3n de transmisi\u00f3n&#8221; y bloqueo de su sitio web en el pa\u00eds. Esta exigencia tambi\u00e9n est\u00e1 dirigida al medio europeo Euronews y al estadounidense Voice of America (VOA). <\/p>\n\n\n\n<p>Rusia, por su parte, ha vetado la transmisi\u00f3n de Deutsche Welle y cerrado la corresponsal\u00eda en el pa\u00eds. La medida habr\u00eda sido tomada por el Gobierno ruso en represalia por el veto impuesto a Russia Today (RT) en suelo alem\u00e1n.<\/p>\n\n\n\n<p><br><br><\/p>\n\n\n\n<p><br><br><\/p>\n\n\n\n<p><br><\/p>\n","protected":false},"excerpt":{"rendered":"<p>Turqu\u00eda busca prohibir a Deutsche Welle y otros medios occidentales Turqu\u00eda, a trav\u00e9s de su organismo de control de radiodifusi\u00f3n, ha vuelto a amenazar a Deutsche Welle (DW) y otros medios de comunicaci\u00f3n occidentales con bloquear sus transmisiones a menos que soliciten una licencia especial en un plazo de 72 horas. &#8220;Apelaremos contra esta medida<\/p>\n","protected":false},"author":1,"featured_media":8378,"comment_status":"open","ping_status":"open","sticky":false,"template":"","format":"standard","meta":{"footnotes":""},"categories":[42],"tags":[735,536],"class_list":{"0":"post-8377","1":"post","2":"type-post","3":"status-publish","4":"format-standard","5":"has-post-thumbnail","7":"category-turkey","8":"tag-deutsche-welle","9":"tag-turquia"},"_links":{"self":[{"href":"https:\/\/thedailyreports.com\/es\/wp-json\/wp\/v2\/posts\/8377","targetHints":{"allow":["GET"]}}],"collection":[{"href":"https:\/\/thedailyreports.com\/es\/wp-json\/wp\/v2\/posts"}],"about":[{"href":"https:\/\/thedailyreports.com\/es\/wp-json\/wp\/v2\/types\/post"}],"author":[{"embeddable":true,"href":"https:\/\/thedailyreports.com\/es\/wp-json\/wp\/v2\/users\/1"}],"replies":[{"embeddable":true,"href":"https:\/\/thedailyreports.com\/es\/wp-json\/wp\/v2\/comments?post=8377"}],"version-history":[{"count":4,"href":"https:\/\/thedailyreports.com\/es\/wp-json\/wp\/v2\/posts\/8377\/revisions"}],"predecessor-version":[{"id":8382,"href":"https:\/\/thedailyreports.com\/es\/wp-json\/wp\/v2\/posts\/8377\/revisions\/8382"}],"wp:featuredmedia":[{"embeddable":true,"href":"https:\/\/thedailyreports.com\/es\/wp-json\/wp\/v2\/media\/8378"}],"wp:attachment":[{"href":"https:\/\/thedailyreports.com\/es\/wp-json\/wp\/v2\/media?parent=8377"}],"wp:term":[{"taxonomy":"category","embeddable":true,"href":"https:\/\/thedailyreports.com\/es\/wp-json\/wp\/v2\/categories?post=8377"},{"taxonomy":"post_tag","embeddable":true,"href":"https:\/\/thedailyreports.com\/es\/wp-json\/wp\/v2\/tags?post=8377"}],"curies":[{"name":"wp","href":"https:\/\/api.w.org\/{rel}","templated":true}]}}