{"id":7447,"date":"2021-12-19T06:15:29","date_gmt":"2021-12-19T06:15:29","guid":{"rendered":"https:\/\/thedailyreports.com\/es\/?p=7447"},"modified":"2021-12-19T06:15:29","modified_gmt":"2021-12-19T06:15:29","slug":"iran-acuso-a-las-potencias-europeas-de-distorsionar-la-verdad-sobre-las-conversaciones-nucleares-en-viena","status":"publish","type":"post","link":"https:\/\/thedailyreports.com\/es\/iran\/iran-acuso-a-las-potencias-europeas-de-distorsionar-la-verdad-sobre-las-conversaciones-nucleares-en-viena\/","title":{"rendered":"Ir\u00e1n acus\u00f3 a las potencias europeas de &#8220;distorsionar la verdad&#8221; sobre las conversaciones nucleares en Viena"},"content":{"rendered":"<h2>Fuertes acusaciones de Ir\u00e1n a la Uni\u00f3n Europea<\/h2>\n<p>El vocero del Ministerio de Asuntos Exteriores iran\u00ed, Saeed Khatibzadeh, acus\u00f3 a la Uni\u00f3n Europea de &#8220;distorsionar la verdad&#8221;, en respuesta a la reacci\u00f3n de las potencias europeas al regreso de los diplom\u00e1ticos iran\u00edes a su pa\u00eds, despu\u00e9s de una ronda de conversaciones que buscan reactivar el acuerdo nuclear de 2015.<\/p>\n<p>&#8220;<strong>Se fij\u00f3 un calendario tras un consenso entre las partes. Ellos son conscientes de esto. Se hizo teniendo presentes las vacaciones de los europeos con motivo de Navidad y A\u00f1o Nuevo<\/strong>&#8220;, dijo Khatibzadeh, citado por el ministerio iran\u00ed.<\/p>\n<p>Asimismo, denunci\u00f3 que no es la primera vez que desde las partes occidentales se &#8220;recurre a la difusi\u00f3n de informaci\u00f3n err\u00f3nea y a la distorsi\u00f3n de la verdad&#8221;.<\/p>\n<p>&#8220;<strong>Los europeos deber\u00edan mostrar mayor seriedad estos asuntos, con el fin de avanzar en las negociaciones, y dejar de insistir en la b\u00fasqueda de culpables, ya que esto es in\u00fatil<\/strong>&#8220;, enfatiz\u00f3 el funcionario.<\/p>\n<p>Los representantes europeos calificaron de &#8220;pausa decepcionante&#8221; el regreso de los diplom\u00e1ticos iran\u00edes a su pa\u00eds, y advirtieron que las conversaciones en la capital austr\u00edaca est\u00e1n &#8220;llegado r\u00e1pidamente a su fin&#8221;. No obstante, destacaron &#8220;ciertos avances&#8221; hasta el momento.<\/p>\n<h3><\/h3>\n<p>&nbsp;<\/p>\n","protected":false},"excerpt":{"rendered":"<p>Fuertes acusaciones de Ir\u00e1n a la Uni\u00f3n Europea El vocero del Ministerio de Asuntos Exteriores iran\u00ed, Saeed Khatibzadeh, acus\u00f3 a la Uni\u00f3n Europea de &#8220;distorsionar la verdad&#8221;, en respuesta a la reacci\u00f3n de las potencias europeas al regreso de los diplom\u00e1ticos iran\u00edes a su pa\u00eds, despu\u00e9s de una ronda de conversaciones que buscan reactivar el<\/p>\n","protected":false},"author":1,"featured_media":6790,"comment_status":"open","ping_status":"open","sticky":false,"template":"","format":"standard","meta":{"footnotes":""},"categories":[36],"tags":[],"class_list":{"0":"post-7447","1":"post","2":"type-post","3":"status-publish","4":"format-standard","5":"has-post-thumbnail","7":"category-iran"},"_links":{"self":[{"href":"https:\/\/thedailyreports.com\/es\/wp-json\/wp\/v2\/posts\/7447","targetHints":{"allow":["GET"]}}],"collection":[{"href":"https:\/\/thedailyreports.com\/es\/wp-json\/wp\/v2\/posts"}],"about":[{"href":"https:\/\/thedailyreports.com\/es\/wp-json\/wp\/v2\/types\/post"}],"author":[{"embeddable":true,"href":"https:\/\/thedailyreports.com\/es\/wp-json\/wp\/v2\/users\/1"}],"replies":[{"embeddable":true,"href":"https:\/\/thedailyreports.com\/es\/wp-json\/wp\/v2\/comments?post=7447"}],"version-history":[{"count":3,"href":"https:\/\/thedailyreports.com\/es\/wp-json\/wp\/v2\/posts\/7447\/revisions"}],"predecessor-version":[{"id":7450,"href":"https:\/\/thedailyreports.com\/es\/wp-json\/wp\/v2\/posts\/7447\/revisions\/7450"}],"wp:featuredmedia":[{"embeddable":true,"href":"https:\/\/thedailyreports.com\/es\/wp-json\/wp\/v2\/media\/6790"}],"wp:attachment":[{"href":"https:\/\/thedailyreports.com\/es\/wp-json\/wp\/v2\/media?parent=7447"}],"wp:term":[{"taxonomy":"category","embeddable":true,"href":"https:\/\/thedailyreports.com\/es\/wp-json\/wp\/v2\/categories?post=7447"},{"taxonomy":"post_tag","embeddable":true,"href":"https:\/\/thedailyreports.com\/es\/wp-json\/wp\/v2\/tags?post=7447"}],"curies":[{"name":"wp","href":"https:\/\/api.w.org\/{rel}","templated":true}]}}