{"id":6402,"date":"2021-09-25T05:23:30","date_gmt":"2021-09-25T05:23:30","guid":{"rendered":"https:\/\/thedailyreports.com\/es\/?p=6402"},"modified":"2021-09-25T05:32:26","modified_gmt":"2021-09-25T05:32:26","slug":"erdogan-critico-a-estados-unidos-por-no-hacer-mas-por-los-refugiados-afganos","status":"publish","type":"post","link":"https:\/\/thedailyreports.com\/es\/turkey\/erdogan-critico-a-estados-unidos-por-no-hacer-mas-por-los-refugiados-afganos\/","title":{"rendered":"Erdogan critic\u00f3 a Estados Unidos por &#8220;no hacer m\u00e1s&#8221; por los refugiados afganos"},"content":{"rendered":"\n<h2 class=\"wp-block-heading\">El presidente turco arremeti\u00f3 contra Estados Unidos <\/h2>\n\n\n\n<p>El presidente de Turqu\u00eda, Recep Tayyip Erdogan, dijo que Estados Unidos deber\u00eda hacer m\u00e1s por los afganos refugiados que han hu\u00eddo de su pa\u00eds luego de su retirada y el ascenso al poder de los talibanes.<\/p>\n\n\n\n<p>En declaraciones a CBS News, el mandatario turco acus\u00f3 a Estados Unidos de no haber cumplido con sus obligaciones en Afganist\u00e1n.<\/p>\n\n\n\n<p>&#8220;<strong>En la actualidad, tenemos en Turqu\u00eda a m\u00e1s de 30.000 refugiados afganos y lamentablemente no podemos acoger m\u00e1s<\/strong>&#8220;, explic\u00f3 Erdogan.<\/p>\n\n\n\n<p>El l\u00edder turco dijo que Washington &#8220;deber\u00eda invertir&#8221; para aligerar la carga que representan los inmigrante del pa\u00eds centroasi\u00e1tico para aquellas naciones que los reciben, como es el caso de Turqu\u00eda.<\/p>\n\n\n\n<p>&#8220;<strong>Durante veinte a\u00f1os Estados Unidos estuvo en Afganist\u00e1n. \u00bfPor qu\u00e9? Ellos deben responder a esa pregunta<\/strong>&#8220;, dijo Erdogan.<\/p>\n\n\n\n<div class=\"wp-block-image\"><figure class=\"aligncenter\"><img decoding=\"async\" src=\"https:\/\/i.duvarenglish.com\/storage\/files\/images\/2021\/09\/09\/biden-erdogan-Fvcx_cover.jpg\" alt=\"Erdo\u011fan says he and Biden did not have a good start\" \/><figcaption><em>El presidente de Turqu\u00eda, Recep Tayyip Erdogan (izq.) junto a su hom\u00f3logo estadounidense, Joe Biden (Duvar English)<\/em><\/figcaption><\/figure><\/div>\n\n\n\n<h3 class=\"wp-block-heading\">Erdogan tambi\u00e9n apunt\u00f3 recientemente contra la Uni\u00f3n Europea<\/h3>\n\n\n\n<p>El mes pasado, el presidente turco y otras autoridades del pa\u00eds advirtieron que Turqu\u00eda no se convertir\u00eda en el almac\u00e9n de refugiados de Europa y que reforzar\u00eda sus fronteras para controlar la afluencia de inmigrantes. <\/p>\n\n\n\n<p>Actualmente, Turqu\u00eda alberga unos tres millones de inmigrantes sirios, quienes atravesaron la l\u00ednea fronteriza que divide ambos territorios huyendo de la guerra en su pa\u00eds.  <\/p>\n\n\n\n<p><\/p>\n\n\n\n<p><\/p>\n","protected":false},"excerpt":{"rendered":"<p>El presidente turco arremeti\u00f3 contra Estados Unidos El presidente de Turqu\u00eda, Recep Tayyip Erdogan, dijo que Estados Unidos deber\u00eda hacer m\u00e1s por los afganos refugiados que han hu\u00eddo de su pa\u00eds luego de su retirada y el ascenso al poder de los talibanes. En declaraciones a CBS News, el mandatario turco acus\u00f3 a Estados Unidos<\/p>\n","protected":false},"author":1,"featured_media":5162,"comment_status":"open","ping_status":"open","sticky":false,"template":"","format":"standard","meta":{"footnotes":""},"categories":[42],"tags":[542,543,536],"class_list":{"0":"post-6402","1":"post","2":"type-post","3":"status-publish","4":"format-standard","5":"has-post-thumbnail","7":"category-turkey","8":"tag-erdogan-2","9":"tag-estados-unidos","10":"tag-turquia"},"_links":{"self":[{"href":"https:\/\/thedailyreports.com\/es\/wp-json\/wp\/v2\/posts\/6402","targetHints":{"allow":["GET"]}}],"collection":[{"href":"https:\/\/thedailyreports.com\/es\/wp-json\/wp\/v2\/posts"}],"about":[{"href":"https:\/\/thedailyreports.com\/es\/wp-json\/wp\/v2\/types\/post"}],"author":[{"embeddable":true,"href":"https:\/\/thedailyreports.com\/es\/wp-json\/wp\/v2\/users\/1"}],"replies":[{"embeddable":true,"href":"https:\/\/thedailyreports.com\/es\/wp-json\/wp\/v2\/comments?post=6402"}],"version-history":[{"count":6,"href":"https:\/\/thedailyreports.com\/es\/wp-json\/wp\/v2\/posts\/6402\/revisions"}],"predecessor-version":[{"id":6409,"href":"https:\/\/thedailyreports.com\/es\/wp-json\/wp\/v2\/posts\/6402\/revisions\/6409"}],"wp:featuredmedia":[{"embeddable":true,"href":"https:\/\/thedailyreports.com\/es\/wp-json\/wp\/v2\/media\/5162"}],"wp:attachment":[{"href":"https:\/\/thedailyreports.com\/es\/wp-json\/wp\/v2\/media?parent=6402"}],"wp:term":[{"taxonomy":"category","embeddable":true,"href":"https:\/\/thedailyreports.com\/es\/wp-json\/wp\/v2\/categories?post=6402"},{"taxonomy":"post_tag","embeddable":true,"href":"https:\/\/thedailyreports.com\/es\/wp-json\/wp\/v2\/tags?post=6402"}],"curies":[{"name":"wp","href":"https:\/\/api.w.org\/{rel}","templated":true}]}}