{"id":6195,"date":"2021-08-25T05:21:46","date_gmt":"2021-08-25T05:21:46","guid":{"rendered":"https:\/\/thedailyreports.com\/es\/?p=6195"},"modified":"2021-08-25T05:21:48","modified_gmt":"2021-08-25T05:21:48","slug":"erdogan-advierte-a-la-union-europea-no-seremos-su-centro-de-refugiados","status":"publish","type":"post","link":"https:\/\/thedailyreports.com\/es\/turkey\/erdogan-advierte-a-la-union-europea-no-seremos-su-centro-de-refugiados\/","title":{"rendered":"Erdogan advierte a la Uni\u00f3n Europea: &#8220;No seremos su centro de refugiados&#8221;"},"content":{"rendered":"\n<h2 class=\"wp-block-heading\">El presidente turco se niega a abrir las puertas de Turqu\u00eda a los refugiados afganos<\/h2>\n\n\n\n<p>El presidente de Turqu\u00eda, Recep Tayyip Erdogan, dijo este domingo que su pa\u00eds no asumir\u00eda la responsabilidad de otros pa\u00edses, en referencia a los colaboradores afganos que han formado parte de instituciones occidentales y que aguardan a ser evacuados tras el ascenso de los talibanes al poder.<\/p>\n\n\n\n<p>&#8220;<strong>Una misi\u00f3n de la Uni\u00f3n Europea en Afganist\u00e1n nos ha solicitado recibir personal local. Los Estados miembros solo reciben a una peque\u00f1a parte de quienes les han prestado servicios y se encuentran en apuros. No deben esperar a que Turqu\u00eda asuma lo que le corresponde hacer a otros pa\u00edses<\/strong>&#8220;, dijo Erdogan al presidente del Consejo Europeo, Charles Michel, durante una conversaci\u00f3n v\u00eda telef\u00f3nica, seg\u00fan inform\u00f3 un comunicado de Presidencia. <\/p>\n\n\n\n<p>El mandatario turco agreg\u00f3 que <strong>&#8220;Turqu\u00eda no puede soportar una migraci\u00f3n adicional, ya que aloja actualmente a cinco millones de refugiados<\/strong>&#8220;.<\/p>\n\n\n\n<p>Por su parte, Michel dijo a trav\u00e9s de Twitter que hab\u00eda discutido los asuntos recientes en Afganist\u00e1n con Erdogan, a los que calific\u00f3 como &#8220;un desaf\u00edo com\u00fan entre la Uni\u00f3n Europea y Turqu\u00eda&#8221;. <\/p>\n\n\n\n<p>&#8220;<strong>Debemos asegurar la evacuaci\u00f3n de los ciudadanos, el personal local y sus familias, as\u00ed como ofrecerles apoyo a los afganos vulnerables<\/strong>&#8220;, explic\u00f3.<\/p>\n\n\n\n<p>El s\u00e1bado pasado (21\/08\/2021), la presidente de la Comisi\u00f3n Europea, Ursula von der Leyen, exhort\u00f3 a todas las naciones, especialmente a las europeas, a abrir sus puertas a los refugiados afganos. Entretanto, Erdogan insisti\u00f3 en que no ser\u00eda realista que el bloque europeo tuviera expectativas respecto a la recepci\u00f3n de migrantes por parte de Turqu\u00eda, mientras el acuerdo Turqu\u00eda-UE no se aplica plenamente.<\/p>\n\n\n\n<figure class=\"wp-block-embed is-type-video is-provider-youtube wp-block-embed-youtube wp-embed-aspect-16-9 wp-has-aspect-ratio\"><div class=\"wp-block-embed__wrapper\">\n<iframe title=\"Hostilidad contra los refugiados afganos en Turqu\u00eda\" width=\"801\" height=\"451\" src=\"https:\/\/www.youtube.com\/embed\/MpVilJvIciQ?feature=oembed\" frameborder=\"0\" allow=\"accelerometer; autoplay; clipboard-write; encrypted-media; gyroscope; picture-in-picture; web-share\" referrerpolicy=\"strict-origin-when-cross-origin\" allowfullscreen><\/iframe>\n<\/div><\/figure>\n","protected":false},"excerpt":{"rendered":"<p>El presidente turco se niega a abrir las puertas de Turqu\u00eda a los refugiados afganos El presidente de Turqu\u00eda, Recep Tayyip Erdogan, dijo este domingo que su pa\u00eds no asumir\u00eda la responsabilidad de otros pa\u00edses, en referencia a los colaboradores afganos que han formado parte de instituciones occidentales y que aguardan a ser evacuados tras<\/p>\n","protected":false},"author":1,"featured_media":5127,"comment_status":"open","ping_status":"open","sticky":false,"template":"","format":"standard","meta":{"footnotes":""},"categories":[42],"tags":[542,536,548],"class_list":{"0":"post-6195","1":"post","2":"type-post","3":"status-publish","4":"format-standard","5":"has-post-thumbnail","7":"category-turkey","8":"tag-erdogan-2","9":"tag-turquia","10":"tag-union-europea"},"_links":{"self":[{"href":"https:\/\/thedailyreports.com\/es\/wp-json\/wp\/v2\/posts\/6195","targetHints":{"allow":["GET"]}}],"collection":[{"href":"https:\/\/thedailyreports.com\/es\/wp-json\/wp\/v2\/posts"}],"about":[{"href":"https:\/\/thedailyreports.com\/es\/wp-json\/wp\/v2\/types\/post"}],"author":[{"embeddable":true,"href":"https:\/\/thedailyreports.com\/es\/wp-json\/wp\/v2\/users\/1"}],"replies":[{"embeddable":true,"href":"https:\/\/thedailyreports.com\/es\/wp-json\/wp\/v2\/comments?post=6195"}],"version-history":[{"count":1,"href":"https:\/\/thedailyreports.com\/es\/wp-json\/wp\/v2\/posts\/6195\/revisions"}],"predecessor-version":[{"id":6196,"href":"https:\/\/thedailyreports.com\/es\/wp-json\/wp\/v2\/posts\/6195\/revisions\/6196"}],"wp:featuredmedia":[{"embeddable":true,"href":"https:\/\/thedailyreports.com\/es\/wp-json\/wp\/v2\/media\/5127"}],"wp:attachment":[{"href":"https:\/\/thedailyreports.com\/es\/wp-json\/wp\/v2\/media?parent=6195"}],"wp:term":[{"taxonomy":"category","embeddable":true,"href":"https:\/\/thedailyreports.com\/es\/wp-json\/wp\/v2\/categories?post=6195"},{"taxonomy":"post_tag","embeddable":true,"href":"https:\/\/thedailyreports.com\/es\/wp-json\/wp\/v2\/tags?post=6195"}],"curies":[{"name":"wp","href":"https:\/\/api.w.org\/{rel}","templated":true}]}}