{"id":6025,"date":"2021-08-03T18:39:26","date_gmt":"2021-08-03T18:39:26","guid":{"rendered":"https:\/\/thedailyreports.com\/es\/?p=6025"},"modified":"2021-08-03T18:39:28","modified_gmt":"2021-08-03T18:39:28","slug":"turquia-aumentan-las-criticas-a-erdogan-por-los-incendios-forestales","status":"publish","type":"post","link":"https:\/\/thedailyreports.com\/es\/turkey\/turquia-aumentan-las-criticas-a-erdogan-por-los-incendios-forestales\/","title":{"rendered":"Turqu\u00eda: Aumentan las cr\u00edticas a Erdogan por los incendios forestales"},"content":{"rendered":"\n<h2 class=\"wp-block-heading\">Llueven las acusaciones a Erdogan por sus malas decisiones<\/h2>\n\n\n\n<p>Mientras los incendios avanzan por los bosques y la costa sur de Turqu\u00eda, las cr\u00edticas al gobierno de Erdogan aumentan. Se lo acusa de mala gesti\u00f3n y de una preparaci\u00f3n inadecuada para afrontar los incidentes de la \u00faltima semana. <\/p>\n\n\n\n<p>Los incendios que comenzaron el viernes han matado a ocho personas y forzado a residentes y miles de turistas a huir de sus hogares y complejos tur\u00edsticos, ya sea en barco o en autos y camiones, formando largas caravanas. <\/p>\n\n\n\n<p>El paisaje de colinas con pinares de la costa turca se ha transformado en un panorama desolador calcinado por la acci\u00f3n del fuego. Muchos ciudadanos han perdido sus casas y ganado. <\/p>\n\n\n\n<p>Los bomberos contin\u00faan combatiendo los incendios en las provincias costeras de Mugla y Antalya, importantes centros tur\u00edsticos. Asimismo se ha reportado el avance del fuego en las provincias de Isparta y Adana. Desde el mi\u00e9rcoles se han apagado 137 incendios en 30 provincias.<\/p>\n\n\n\n<p>Frente a la p\u00e9rdida de ganado y hogares, el malestar de la poblaci\u00f3n se volc\u00f3 contra el gobierno, que reconoci\u00f3 que no ten\u00eda aeronaves contra incendios y que los aviones con los que se contaba no estaban en condiciones de ser utilizados. <\/p>\n\n\n\n<figure class=\"wp-block-embed is-type-video is-provider-youtube wp-block-embed-youtube wp-embed-aspect-16-9 wp-has-aspect-ratio\"><div class=\"wp-block-embed__wrapper\">\n<iframe title=\"Las llamas arrasan la costa turca\" width=\"801\" height=\"451\" src=\"https:\/\/www.youtube.com\/embed\/A3KGig-PmtY?feature=oembed\" frameborder=\"0\" allow=\"accelerometer; autoplay; clipboard-write; encrypted-media; gyroscope; picture-in-picture; web-share\" referrerpolicy=\"strict-origin-when-cross-origin\" allowfullscreen><\/iframe>\n<\/div><\/figure>\n\n\n\n<h3 class=\"wp-block-heading\">La cr\u00edtica de la oposici\u00f3n turca<\/h3>\n\n\n\n<p>La oposici\u00f3n turca acus\u00f3 a Erdogan de utilizar los fondos que deber\u00edan haber sido empleados en la compra de aviones para frenar los incendios en proyectos de construcci\u00f3n da\u00f1inos para el medio ambiente.<\/p>\n\n\n\n<p>Asimismo, Erdogan fue acusado de poner en riesgo los esfuerzos de extinci\u00f3n, luego de rechazar la ayuda de pa\u00edses como Grecia. Bekir Pakdemirili, ministro de Agricultura y Bosques, neg\u00f3 esta acusaci\u00f3n y asegur\u00f3 que el gobierno simplemente hab\u00eda rechazado las propuestas de enviar aviones con capacidad para cargar menos de cinco toneladas de agua. <\/p>\n\n\n\n<p>Al parecer, Israel tambi\u00e9n le ofreci\u00f3 ayuda a Ankara y \u00e9sta fue rechazada por las autoridades turcas, respondiendo que &#8220;la situaci\u00f3n est\u00e1 bajo control&#8221;.<\/p>\n\n\n\n<p><\/p>\n","protected":false},"excerpt":{"rendered":"<p>Llueven las acusaciones a Erdogan por sus malas decisiones Mientras los incendios avanzan por los bosques y la costa sur de Turqu\u00eda, las cr\u00edticas al gobierno de Erdogan aumentan. Se lo acusa de mala gesti\u00f3n y de una preparaci\u00f3n inadecuada para afrontar los incidentes de la \u00faltima semana. Los incendios que comenzaron el viernes han<\/p>\n","protected":false},"author":1,"featured_media":6026,"comment_status":"open","ping_status":"open","sticky":false,"template":"","format":"standard","meta":{"footnotes":""},"categories":[42],"tags":[542,654,536],"class_list":{"0":"post-6025","1":"post","2":"type-post","3":"status-publish","4":"format-standard","5":"has-post-thumbnail","7":"category-turkey","8":"tag-erdogan-2","9":"tag-incendios","10":"tag-turquia"},"_links":{"self":[{"href":"https:\/\/thedailyreports.com\/es\/wp-json\/wp\/v2\/posts\/6025","targetHints":{"allow":["GET"]}}],"collection":[{"href":"https:\/\/thedailyreports.com\/es\/wp-json\/wp\/v2\/posts"}],"about":[{"href":"https:\/\/thedailyreports.com\/es\/wp-json\/wp\/v2\/types\/post"}],"author":[{"embeddable":true,"href":"https:\/\/thedailyreports.com\/es\/wp-json\/wp\/v2\/users\/1"}],"replies":[{"embeddable":true,"href":"https:\/\/thedailyreports.com\/es\/wp-json\/wp\/v2\/comments?post=6025"}],"version-history":[{"count":1,"href":"https:\/\/thedailyreports.com\/es\/wp-json\/wp\/v2\/posts\/6025\/revisions"}],"predecessor-version":[{"id":6027,"href":"https:\/\/thedailyreports.com\/es\/wp-json\/wp\/v2\/posts\/6025\/revisions\/6027"}],"wp:featuredmedia":[{"embeddable":true,"href":"https:\/\/thedailyreports.com\/es\/wp-json\/wp\/v2\/media\/6026"}],"wp:attachment":[{"href":"https:\/\/thedailyreports.com\/es\/wp-json\/wp\/v2\/media?parent=6025"}],"wp:term":[{"taxonomy":"category","embeddable":true,"href":"https:\/\/thedailyreports.com\/es\/wp-json\/wp\/v2\/categories?post=6025"},{"taxonomy":"post_tag","embeddable":true,"href":"https:\/\/thedailyreports.com\/es\/wp-json\/wp\/v2\/tags?post=6025"}],"curies":[{"name":"wp","href":"https:\/\/api.w.org\/{rel}","templated":true}]}}