{"id":5807,"date":"2021-07-11T17:26:36","date_gmt":"2021-07-11T17:26:36","guid":{"rendered":"https:\/\/thedailyreports.com\/es\/?p=5807"},"modified":"2021-07-11T17:27:36","modified_gmt":"2021-07-11T17:27:36","slug":"erdogan-se-reunion-con-abbas-y-apunto-contra-israel-no-callaremos-ante-sus-atrocidades","status":"publish","type":"post","link":"https:\/\/thedailyreports.com\/es\/turkey\/erdogan-se-reunion-con-abbas-y-apunto-contra-israel-no-callaremos-ante-sus-atrocidades\/","title":{"rendered":"Erdogan se reuni\u00f3 con Abbas y apunt\u00f3 contra Israel: &#8220;No callaremos ante sus atrocidades&#8221;"},"content":{"rendered":"\n<h2 class=\"wp-block-heading\">Erdogan volvi\u00f3 a criticar al Estado jud\u00edo<\/h2>\n\n\n\n<p>Este s\u00e1bado, el presidente de Turqu\u00eda, Recep Tayyip Erdogan, dijo que su pa\u00eds no se mantendr\u00e1 callado ante &#8220;las atrocidades de Israel en Palestina&#8221;. <\/p>\n\n\n\n<p>Adem\u00e1s, asegur\u00f3 que no habr\u00e1 paz ni una estabilidad duradera en la regi\u00f3n mientras Israel contin\u00fae oprimiendo a los palestinos.<\/p>\n\n\n\n<p>Estas palabras fueron pronunciadas por el mandatario turco tras una reuni\u00f3n con su hom\u00f3logo palestino Mahmoud Abbas. El encuentro entre ambos l\u00edderes se produjo en el Pabell\u00f3n Vahdettin de Estambul. <\/p>\n\n\n\n<p>Las conversaciones entre los dirigentes estuvieron centradas en los desarrollos regionales y en los pasos a dar para fortalecer los v\u00ednculos bilaterales, seg\u00fan inform\u00f3 la Direcci\u00f3n de Comunicaciones de Turqu\u00eda. <\/p>\n\n\n\n<p>La reuni\u00f3n entre Erdogan y Abbas dur\u00f3 una hora y quince minutos y fue seguida de una nueva reuni\u00f3n a la que asistieron funcionarios de ambas naciones.<\/p>\n\n\n\n<p>Abbas lleg\u00f3 a Turqu\u00eda por invitaci\u00f3n de Erdogan y estar\u00e1 tres d\u00edas en el pa\u00eds. La Direcci\u00f3n de Comunicaciones de Turqu\u00eda inform\u00f3 que todos los aspectos de las relaciones entre Turqu\u00eda y Palestina ser\u00e1n discutidas durante su viaje.<\/p>\n\n\n\n<p>Asimismo, el comunicado inform\u00f3 que se debatir\u00e1 sobre la situaci\u00f3n humanitaria en Palestina y el conflicto palestino-israel\u00ed. <\/p>\n\n\n\n<p>La agenda incluye el tratamiento de temas como el acercamiento entre grupos palestinos hoy distanciados, as\u00ed como las pr\u00f3ximas elecciones en Palestina.<\/p>\n\n\n\n<figure class=\"wp-block-embed is-type-video is-provider-youtube wp-block-embed-youtube wp-embed-aspect-16-9 wp-has-aspect-ratio\"><div class=\"wp-block-embed__wrapper\">\nhttps:\/\/www.youtube.com\/watch?v=Bc2z7hZ_lNU\n<\/div><\/figure>\n","protected":false},"excerpt":{"rendered":"<p>Erdogan volvi\u00f3 a criticar al Estado jud\u00edo Este s\u00e1bado, el presidente de Turqu\u00eda, Recep Tayyip Erdogan, dijo que su pa\u00eds no se mantendr\u00e1 callado ante &#8220;las atrocidades de Israel en Palestina&#8221;. Adem\u00e1s, asegur\u00f3 que no habr\u00e1 paz ni una estabilidad duradera en la regi\u00f3n mientras Israel contin\u00fae oprimiendo a los palestinos. Estas palabras fueron pronunciadas<\/p>\n","protected":false},"author":1,"featured_media":5808,"comment_status":"open","ping_status":"open","sticky":false,"template":"","format":"standard","meta":{"footnotes":""},"categories":[42],"tags":[474,542,632,536],"class_list":{"0":"post-5807","1":"post","2":"type-post","3":"status-publish","4":"format-standard","5":"has-post-thumbnail","7":"category-turkey","8":"tag-abbas","9":"tag-erdogan-2","10":"tag-palestina","11":"tag-turquia"},"_links":{"self":[{"href":"https:\/\/thedailyreports.com\/es\/wp-json\/wp\/v2\/posts\/5807","targetHints":{"allow":["GET"]}}],"collection":[{"href":"https:\/\/thedailyreports.com\/es\/wp-json\/wp\/v2\/posts"}],"about":[{"href":"https:\/\/thedailyreports.com\/es\/wp-json\/wp\/v2\/types\/post"}],"author":[{"embeddable":true,"href":"https:\/\/thedailyreports.com\/es\/wp-json\/wp\/v2\/users\/1"}],"replies":[{"embeddable":true,"href":"https:\/\/thedailyreports.com\/es\/wp-json\/wp\/v2\/comments?post=5807"}],"version-history":[{"count":3,"href":"https:\/\/thedailyreports.com\/es\/wp-json\/wp\/v2\/posts\/5807\/revisions"}],"predecessor-version":[{"id":5811,"href":"https:\/\/thedailyreports.com\/es\/wp-json\/wp\/v2\/posts\/5807\/revisions\/5811"}],"wp:featuredmedia":[{"embeddable":true,"href":"https:\/\/thedailyreports.com\/es\/wp-json\/wp\/v2\/media\/5808"}],"wp:attachment":[{"href":"https:\/\/thedailyreports.com\/es\/wp-json\/wp\/v2\/media?parent=5807"}],"wp:term":[{"taxonomy":"category","embeddable":true,"href":"https:\/\/thedailyreports.com\/es\/wp-json\/wp\/v2\/categories?post=5807"},{"taxonomy":"post_tag","embeddable":true,"href":"https:\/\/thedailyreports.com\/es\/wp-json\/wp\/v2\/tags?post=5807"}],"curies":[{"name":"wp","href":"https:\/\/api.w.org\/{rel}","templated":true}]}}