{"id":4617,"date":"2021-03-23T19:26:25","date_gmt":"2021-03-23T19:26:25","guid":{"rendered":"https:\/\/thedailyreports.com\/es\/?p=4617"},"modified":"2021-03-23T19:26:29","modified_gmt":"2021-03-23T19:26:29","slug":"erdogan-retira-a-turquia-de-un-tratado-contra-la-violencia-machista-y-se-producen-seis-feminicidios-en-veinticuatro-horas","status":"publish","type":"post","link":"https:\/\/thedailyreports.com\/es\/turkey\/erdogan-retira-a-turquia-de-un-tratado-contra-la-violencia-machista-y-se-producen-seis-feminicidios-en-veinticuatro-horas\/","title":{"rendered":"Erdogan retira a Turqu\u00eda de un tratado contra la violencia machista y se producen seis feminicidios en veinticuatro horas"},"content":{"rendered":"\n<h2 class=\"wp-block-heading\">Erdogan y el feminicidio<\/h2>\n\n\n\n<p>Seis mujeres turcas han sido asesinadas en tan solo veinticuatro horas. Las muertes se producen tan solo un par de d\u00edas despu\u00e9s de que Erdogan retirara a Turqu\u00eda de la Convenci\u00f3n de Estambul, un acuerdo en el que 34 naciones se  comprometieron en 2011 a luchar contra la violencia machista y los feminicidios.<\/p>\n\n\n\n<h3 class=\"wp-block-heading\">La influencia de sectores religiosos <\/h3>\n\n\n\n<p>Detr\u00e1s de esta decisi\u00f3n se encuentran los sectores m\u00e1s conservadores de la sociedad turca, grupos islamistas radicales, entre los que se encuentra el propio presidente. Fahrettin Altun, jefe de Comunicaciones del Gobierno turco, se\u00f1al\u00f3 que &#8220;La Convenci\u00f3n fue secuestrada por personas que quer\u00edan <strong>normalizar la homosexualidad<\/strong>, un estilo de vida incompatible <strong>con los principios y valores de la familia turca<\/strong>. Esa es la raz\u00f3n de que nos hayamos retirado&#8221;.<\/p>\n\n\n\n<figure class=\"wp-block-embed is-type-video is-provider-youtube wp-block-embed-youtube wp-embed-aspect-16-9 wp-has-aspect-ratio\"><div class=\"wp-block-embed__wrapper\">\n<iframe title=\"Turqu\u00eda abandona el Convenio de Estambul porque &quot;normaliza la homosexualidad&quot;\" width=\"801\" height=\"451\" src=\"https:\/\/www.youtube.com\/embed\/8PoZEtZIO18?feature=oembed\" frameborder=\"0\" allow=\"accelerometer; autoplay; clipboard-write; encrypted-media; gyroscope; picture-in-picture; web-share\" referrerpolicy=\"strict-origin-when-cross-origin\" allowfullscreen><\/iframe>\n<\/div><\/figure>\n\n\n\n<p>Luego de abandonar la Convenci\u00f3n por decreto, Recep Tayyip Erdogan no se ha pronunciado en p\u00fablico en relaci\u00f3n a este tema. Esto no ha evitado que surgiesen duras cr\u00edticas a su gobierno por esta decisi\u00f3n. La oposici\u00f3n ha atacado con dureza la  unilateralidad de la medida. Por su parte, los distintos grupos feministas del pa\u00eds han movilizado a sus miembros y seguidores para que el Gobierno de marcha atr\u00e1s.<\/p>\n\n\n\n<p>El a\u00f1o pasado, seg\u00fan datos obtenidos por organismos turcos especializados en violencia de g\u00e9nero, cerca de 400 mujeres fueron v\u00edctimas de feminicidios. En este 2021 el promedio es de m\u00e1s de un feminicidio al d\u00eda. Son 84 las mujeres que han muerto hasta ahora.<\/p>\n\n\n\n<p><\/p>\n","protected":false},"excerpt":{"rendered":"<p>Erdogan y el feminicidio Seis mujeres turcas han sido asesinadas en tan solo veinticuatro horas. Las muertes se producen tan solo un par de d\u00edas despu\u00e9s de que Erdogan retirara a Turqu\u00eda de la Convenci\u00f3n de Estambul, un acuerdo en el que 34 naciones se comprometieron en 2011 a luchar contra la violencia machista y<\/p>\n","protected":false},"author":1,"featured_media":4618,"comment_status":"open","ping_status":"open","sticky":false,"template":"","format":"standard","meta":{"footnotes":""},"categories":[42],"tags":[536],"class_list":{"0":"post-4617","1":"post","2":"type-post","3":"status-publish","4":"format-standard","5":"has-post-thumbnail","7":"category-turkey","8":"tag-turquia"},"_links":{"self":[{"href":"https:\/\/thedailyreports.com\/es\/wp-json\/wp\/v2\/posts\/4617","targetHints":{"allow":["GET"]}}],"collection":[{"href":"https:\/\/thedailyreports.com\/es\/wp-json\/wp\/v2\/posts"}],"about":[{"href":"https:\/\/thedailyreports.com\/es\/wp-json\/wp\/v2\/types\/post"}],"author":[{"embeddable":true,"href":"https:\/\/thedailyreports.com\/es\/wp-json\/wp\/v2\/users\/1"}],"replies":[{"embeddable":true,"href":"https:\/\/thedailyreports.com\/es\/wp-json\/wp\/v2\/comments?post=4617"}],"version-history":[{"count":3,"href":"https:\/\/thedailyreports.com\/es\/wp-json\/wp\/v2\/posts\/4617\/revisions"}],"predecessor-version":[{"id":4621,"href":"https:\/\/thedailyreports.com\/es\/wp-json\/wp\/v2\/posts\/4617\/revisions\/4621"}],"wp:featuredmedia":[{"embeddable":true,"href":"https:\/\/thedailyreports.com\/es\/wp-json\/wp\/v2\/media\/4618"}],"wp:attachment":[{"href":"https:\/\/thedailyreports.com\/es\/wp-json\/wp\/v2\/media?parent=4617"}],"wp:term":[{"taxonomy":"category","embeddable":true,"href":"https:\/\/thedailyreports.com\/es\/wp-json\/wp\/v2\/categories?post=4617"},{"taxonomy":"post_tag","embeddable":true,"href":"https:\/\/thedailyreports.com\/es\/wp-json\/wp\/v2\/tags?post=4617"}],"curies":[{"name":"wp","href":"https:\/\/api.w.org\/{rel}","templated":true}]}}