{"id":3708,"date":"2021-01-30T13:59:25","date_gmt":"2021-01-30T13:59:25","guid":{"rendered":"https:\/\/thedailyreports.com\/es\/?p=3708"},"modified":"2021-01-30T14:31:53","modified_gmt":"2021-01-30T14:31:53","slug":"iran-ejecutan-activista-politico-a-pesar-de-las-advertencias-de-naciones-unidas","status":"publish","type":"post","link":"https:\/\/thedailyreports.com\/es\/iran\/iran-ejecutan-activista-politico-a-pesar-de-las-advertencias-de-naciones-unidas\/","title":{"rendered":"Ir\u00e1n: Ejecutan activista pol\u00edtico a pesar de las advertencias de Naciones Unidas"},"content":{"rendered":"\n<h2 class=\"wp-block-heading\">Denuncias de Naciones Unidas<\/h2>\n\n\n\n<p><span style=\"color:#000000\" class=\"tadv-color\">Las Naciones Unidas, a trav\u00e9s de la Oficina del Alto Comisionado de Derechos Humanos (OHCHR), ha condenado la sentencia a muerte de Javid Dehghan Khald, un activista pol\u00edtico iran\u00ed acusado de colaborar con grupos contrarios al r\u00e9gimen. <\/span><\/p>\n\n\n\n<p>Desde el organismo internacional se ha pedido, adem\u00e1s, que se detenga su ejecuci\u00f3n. Amnist\u00eda Internacional, por su parte, se ha sumado a este reclamo y ha requerido la intervenci\u00f3n del l\u00edder supremo de la Rep\u00fablica Isl\u00e1mica, el ayatol\u00e1 Al\u00ed Jamenei, para que se reconsiderara el caso. <\/p>\n\n\n\n<p>Lamentablemente, las autoridades de la naci\u00f3n persa han vuelto a deso\u00edr a los organismos internacionales y han realizado la sentencia y ejecutado al activista, quien fuera acusado de colaborar con &#8220;grupos enemigos&#8221; del r\u00e9gimen teocr\u00e1tico. <\/p>\n\n\n\n<h3 class=\"wp-block-heading\">Denuncias de Amnist\u00eda Internacional<\/h3>\n\n\n\n<p>Seg\u00fan se ha informado desde Amnist\u00eda Internacional, el activista fue condenado a muerte luego de ser declarado culpable de formar parte de un grupo armado enemigo del r\u00e9gimen y de participar en un asalto que provoc\u00f3 la muerte de dos guardias de la Revoluci\u00f3n. <\/p>\n\n\n\n<p>La ONG se\u00f1al\u00f3, adem\u00e1s, lo siguiente:<\/p>\n\n\n\n<blockquote class=\"wp-block-quote is-layout-flow wp-block-quote-is-layout-flow\"><p>&#8220;El tribunal se bas\u00f3 confesiones contaminadas por la tortura e ignor\u00f3 los graves abusos contra las garant\u00edas procesales cometidos por los agentes de la Guardia Revolucionaria y las autoridades judiciales durante el proceso de investigaci\u00f3n&#8221;.<\/p><\/blockquote>\n\n\n\n<p>Desde el sitio web oficial del Poder Judicial iran\u00ed se comunic\u00f3 al respecto que el activista era miembro del grupo militante sun\u00ed Jaish Al-Adl o Ej\u00e9rcito de la Justicia. Y que fue ahorcado luego de ser acusado de asesinar a dos guardias cinco a\u00f1os atr\u00e1s en la provincia de Sist\u00e1n.Baluchist\u00e1n, al sudeste de Ir\u00e1n.  <\/p>\n\n\n\n<h3 class=\"wp-block-heading\">Ir\u00e1n y un largo historial de violaciones a los derechos humanos<\/h3>\n\n\n\n<p>Cabe recordar que la Rep\u00fablica Isl\u00e1mica cuenta con un largo historial de violaciones a los derechos humanos, y de denuncias por parte de organismos reputados en la materia, como es el caso de Amnist\u00eda Internacional y Human Right Watch. <\/p>\n\n\n\n<p><strong>LEER:<\/strong> <a href=\"https:\/\/thedailyreports.com\/es\/countries\/iran\/iran-el-infierno-de-los-homosexuales\/\">Ir\u00e1n: El infierno de los homosexuales<\/a><\/p>\n\n\n\n<p>Ir\u00e1n cuenta con el n\u00famero m\u00e1s alto de ejecuciones en todo el planeta, despu\u00e9s de la Rep\u00fablica Popular China. Desde el pa\u00eds persa se suelen rechazar las cr\u00edticas a estas pol\u00edticas de hierro tild\u00e1ndolas de infundadas, producto del prejuicio Occidental hacia la ley isl\u00e1mica. <\/p>\n\n\n\n<p>La OHCHR ha estado denunciando en los \u00faltimos meses un creciente n\u00famero de casos de violencia contra minor\u00edas religiosas residentes en el pa\u00eds. Las autoridades iran\u00edes han ejecutado en los \u00faltimas d\u00edas a unos 20 ciudadanos baluchis, en las ciudades de Zahedan y Mashhad. <\/p>\n\n\n\n<p><\/p>\n","protected":false},"excerpt":{"rendered":"<p>Denuncias de Naciones Unidas Las Naciones Unidas, a trav\u00e9s de la Oficina del Alto Comisionado de Derechos Humanos (OHCHR), ha condenado la sentencia a muerte de Javid Dehghan Khald, un activista pol\u00edtico iran\u00ed acusado de colaborar con grupos contrarios al r\u00e9gimen. Desde el organismo internacional se ha pedido, adem\u00e1s, que se detenga su ejecuci\u00f3n. Amnist\u00eda<\/p>\n","protected":false},"author":1,"featured_media":3709,"comment_status":"open","ping_status":"open","sticky":false,"template":"","format":"standard","meta":{"footnotes":""},"categories":[36],"tags":[512,557],"class_list":{"0":"post-3708","1":"post","2":"type-post","3":"status-publish","4":"format-standard","5":"has-post-thumbnail","7":"category-iran","8":"tag-iran-2","9":"tag-naciones-unidas"},"_links":{"self":[{"href":"https:\/\/thedailyreports.com\/es\/wp-json\/wp\/v2\/posts\/3708","targetHints":{"allow":["GET"]}}],"collection":[{"href":"https:\/\/thedailyreports.com\/es\/wp-json\/wp\/v2\/posts"}],"about":[{"href":"https:\/\/thedailyreports.com\/es\/wp-json\/wp\/v2\/types\/post"}],"author":[{"embeddable":true,"href":"https:\/\/thedailyreports.com\/es\/wp-json\/wp\/v2\/users\/1"}],"replies":[{"embeddable":true,"href":"https:\/\/thedailyreports.com\/es\/wp-json\/wp\/v2\/comments?post=3708"}],"version-history":[{"count":5,"href":"https:\/\/thedailyreports.com\/es\/wp-json\/wp\/v2\/posts\/3708\/revisions"}],"predecessor-version":[{"id":3716,"href":"https:\/\/thedailyreports.com\/es\/wp-json\/wp\/v2\/posts\/3708\/revisions\/3716"}],"wp:featuredmedia":[{"embeddable":true,"href":"https:\/\/thedailyreports.com\/es\/wp-json\/wp\/v2\/media\/3709"}],"wp:attachment":[{"href":"https:\/\/thedailyreports.com\/es\/wp-json\/wp\/v2\/media?parent=3708"}],"wp:term":[{"taxonomy":"category","embeddable":true,"href":"https:\/\/thedailyreports.com\/es\/wp-json\/wp\/v2\/categories?post=3708"},{"taxonomy":"post_tag","embeddable":true,"href":"https:\/\/thedailyreports.com\/es\/wp-json\/wp\/v2\/tags?post=3708"}],"curies":[{"name":"wp","href":"https:\/\/api.w.org\/{rel}","templated":true}]}}