{"id":14808,"date":"2024-09-14T22:02:39","date_gmt":"2024-09-14T22:02:39","guid":{"rendered":"https:\/\/thedailyreports.com\/es\/?p=14808"},"modified":"2024-09-14T22:02:40","modified_gmt":"2024-09-14T22:02:40","slug":"iran-mueren-tres-guardias-fronterizos-tras-ataque-de-grupo-islamista-en-sistan-y-baluchistan","status":"publish","type":"post","link":"https:\/\/thedailyreports.com\/es\/iran\/iran-mueren-tres-guardias-fronterizos-tras-ataque-de-grupo-islamista-en-sistan-y-baluchistan\/","title":{"rendered":"Ir\u00e1n: mueren tres guardias fronterizos tras ataque de grupo islamista en Sist\u00e1n y Baluchist\u00e1n"},"content":{"rendered":"\n<h2 class=\"wp-block-heading\">Nuevos ataques mortales contra guardias iran\u00edes en frontera con Pakist\u00e1n<\/h2>\n\n\n\n<p>Tres guardias fronterizos iran\u00edes perdieron la vida este jueves tras un ataque en el sureste de la Rep\u00fablica Isl\u00e1mica. <\/p>\n\n\n\n<p>El hecho fue reivindicado por <strong>Jaish al-Adl<\/strong>, un grupo militante islamista sunita, seg\u00fan inform\u00f3 la agencia estatal de noticias iran\u00ed.<\/p>\n\n\n\n<p>El ataque se produjo en<strong> <\/strong>Mirjaveh, una localidad de la provincia de Sist\u00e1n y Baluchist\u00e1n, cercana a la frontera con Pakist\u00e1n. <\/p>\n\n\n\n<p><em>IRNA<\/em> report\u00f3 que hombres armados abrieron fuego desde un veh\u00edculo contra un coche del regimiento fronterizo, causando la muerte de dos soldados y un oficial, adem\u00e1s de herir a un civil.<\/p>\n\n\n\n<p>Este episodio se produce en un contexto m\u00e1s amplio de violencia en Sist\u00e1n y Baluchist\u00e1n, una regi\u00f3n que ha sido escenario de numerosos ataques atribuidos a Jaish al-Adl.<\/p>\n\n\n\n<p>A principios de a\u00f1o, Ir\u00e1n lanz\u00f3 misiles contra objetivos en Pakist\u00e1n, afirmando que era una represalia contra Jaish al-Adl. <\/p>\n\n\n\n<p>En respuesta, Pakist\u00e1n realiz\u00f3 ataques a\u00e9reos en territorio iran\u00ed contra presuntas bases de insurgentes baluchis. <\/p>\n\n\n\n<p>Estas acciones transfronterizas elevaron las tensiones entre ambos pa\u00edses, aunque ambos insistieron en que sus objetivos principales eran las facciones separatistas baluchis.<\/p>\n\n\n\n<p>Jaish al-Adl tiene un largo historial de emboscadas, atentados con bombas y otras operaciones violentas que han resultado en muertes tanto de civiles como de personal de seguridad. <\/p>\n\n\n\n<p>En abril, al menos 22 polic\u00edas iran\u00edes fallecieron en dos enfrentamientos separados en la provincia.<\/p>\n","protected":false},"excerpt":{"rendered":"<p>Nuevos ataques mortales contra guardias iran\u00edes en frontera con Pakist\u00e1n Tres guardias fronterizos iran\u00edes perdieron la vida este jueves tras un ataque en el sureste de la Rep\u00fablica Isl\u00e1mica. El hecho fue reivindicado por Jaish al-Adl, un grupo militante islamista sunita, seg\u00fan inform\u00f3 la agencia estatal de noticias iran\u00ed. El ataque se produjo en Mirjaveh,<\/p>\n","protected":false},"author":1,"featured_media":13771,"comment_status":"closed","ping_status":"closed","sticky":false,"template":"","format":"standard","meta":{"footnotes":""},"categories":[36],"tags":[512,892],"class_list":{"0":"post-14808","1":"post","2":"type-post","3":"status-publish","4":"format-standard","5":"has-post-thumbnail","7":"category-iran","8":"tag-iran-2","9":"tag-sistan-y-baluchistan"},"_links":{"self":[{"href":"https:\/\/thedailyreports.com\/es\/wp-json\/wp\/v2\/posts\/14808","targetHints":{"allow":["GET"]}}],"collection":[{"href":"https:\/\/thedailyreports.com\/es\/wp-json\/wp\/v2\/posts"}],"about":[{"href":"https:\/\/thedailyreports.com\/es\/wp-json\/wp\/v2\/types\/post"}],"author":[{"embeddable":true,"href":"https:\/\/thedailyreports.com\/es\/wp-json\/wp\/v2\/users\/1"}],"replies":[{"embeddable":true,"href":"https:\/\/thedailyreports.com\/es\/wp-json\/wp\/v2\/comments?post=14808"}],"version-history":[{"count":1,"href":"https:\/\/thedailyreports.com\/es\/wp-json\/wp\/v2\/posts\/14808\/revisions"}],"predecessor-version":[{"id":14809,"href":"https:\/\/thedailyreports.com\/es\/wp-json\/wp\/v2\/posts\/14808\/revisions\/14809"}],"wp:featuredmedia":[{"embeddable":true,"href":"https:\/\/thedailyreports.com\/es\/wp-json\/wp\/v2\/media\/13771"}],"wp:attachment":[{"href":"https:\/\/thedailyreports.com\/es\/wp-json\/wp\/v2\/media?parent=14808"}],"wp:term":[{"taxonomy":"category","embeddable":true,"href":"https:\/\/thedailyreports.com\/es\/wp-json\/wp\/v2\/categories?post=14808"},{"taxonomy":"post_tag","embeddable":true,"href":"https:\/\/thedailyreports.com\/es\/wp-json\/wp\/v2\/tags?post=14808"}],"curies":[{"name":"wp","href":"https:\/\/api.w.org\/{rel}","templated":true}]}}