{"id":14690,"date":"2024-08-23T19:24:54","date_gmt":"2024-08-23T19:24:54","guid":{"rendered":"https:\/\/thedailyreports.com\/es\/?p=14690"},"modified":"2024-08-23T19:24:56","modified_gmt":"2024-08-23T19:24:56","slug":"tres-muertos-tras-ataque-con-dron-atribuido-a-turquia-en-el-kurdistan-iraqui","status":"publish","type":"post","link":"https:\/\/thedailyreports.com\/es\/turkey\/tres-muertos-tras-ataque-con-dron-atribuido-a-turquia-en-el-kurdistan-iraqui\/","title":{"rendered":"Tres muertos tras ataque con dron atribuido a Turqu\u00eda en el Kurdist\u00e1n iraqu\u00ed"},"content":{"rendered":"\n<h2 class=\"wp-block-heading\">Una de las v\u00edctimas era un alto rango del PKK<\/h2>\n\n\n\n<p>Un ataque con dron, presuntamente realizado por Turqu\u00eda, caus\u00f3 tres v\u00edctimas mortales en la regi\u00f3n del Kurdist\u00e1n iraqu\u00ed este viernes. Entre los fallecidos se encontraba un alto rango del Partido de los Trabajadores del Kurdist\u00e1n (PKK).<\/p>\n\n\n\n<p>El Servicio de Lucha contra el Terrorismo kurdo inform\u00f3 que el incidente ocurri\u00f3 cerca de Sayed Sadiq, en Suleimaniya, alrededor de las 11:00 hora local. El dron impact\u00f3 un veh\u00edculo, matando a su ocupante del PKK, su acompa\u00f1ante y el conductor.<\/p>\n\n\n\n<p>Ese mismo d\u00eda, el Ministerio de Defensa turco anunci\u00f3 haber eliminado a 16 miembros del PKK en el norte de Irak.<\/p>\n\n\n\n<p>Turqu\u00eda mantiene una presencia militar en una franja de 30 kil\u00f3metros a lo largo de la frontera turco-iraqu\u00ed, con el objetivo de contrarrestar al PKK.<\/p>\n\n\n\n<p>Las autoridades turcas reportan frecuentemente sobre \u201cterroristas neutralizados\u201d en Irak y Siria, t\u00e9rmino que abarca tanto bajas como heridos y capturados. Estas cifras no suelen ser verificables de manera independiente.<\/p>\n\n\n\n<p>Seg\u00fan el Ministerio de Defensa turco, desde principios de a\u00f1o, sus fuerzas han \u201cneutralizado\u201d a m\u00e1s de 1.500 militantes kurdos en ambos pa\u00edses.<\/p>\n","protected":false},"excerpt":{"rendered":"<p>Una de las v\u00edctimas era un alto rango del PKK Un ataque con dron, presuntamente realizado por Turqu\u00eda, caus\u00f3 tres v\u00edctimas mortales en la regi\u00f3n del Kurdist\u00e1n iraqu\u00ed este viernes. Entre los fallecidos se encontraba un alto rango del Partido de los Trabajadores del Kurdist\u00e1n (PKK). El Servicio de Lucha contra el Terrorismo kurdo inform\u00f3<\/p>\n","protected":false},"author":1,"featured_media":12221,"comment_status":"closed","ping_status":"closed","sticky":false,"template":"","format":"standard","meta":{"footnotes":""},"categories":[42],"tags":[549,1076,536],"class_list":{"0":"post-14690","1":"post","2":"type-post","3":"status-publish","4":"format-standard","5":"has-post-thumbnail","7":"category-turkey","8":"tag-irak","9":"tag-kurdistan","10":"tag-turquia"},"_links":{"self":[{"href":"https:\/\/thedailyreports.com\/es\/wp-json\/wp\/v2\/posts\/14690","targetHints":{"allow":["GET"]}}],"collection":[{"href":"https:\/\/thedailyreports.com\/es\/wp-json\/wp\/v2\/posts"}],"about":[{"href":"https:\/\/thedailyreports.com\/es\/wp-json\/wp\/v2\/types\/post"}],"author":[{"embeddable":true,"href":"https:\/\/thedailyreports.com\/es\/wp-json\/wp\/v2\/users\/1"}],"replies":[{"embeddable":true,"href":"https:\/\/thedailyreports.com\/es\/wp-json\/wp\/v2\/comments?post=14690"}],"version-history":[{"count":1,"href":"https:\/\/thedailyreports.com\/es\/wp-json\/wp\/v2\/posts\/14690\/revisions"}],"predecessor-version":[{"id":14691,"href":"https:\/\/thedailyreports.com\/es\/wp-json\/wp\/v2\/posts\/14690\/revisions\/14691"}],"wp:featuredmedia":[{"embeddable":true,"href":"https:\/\/thedailyreports.com\/es\/wp-json\/wp\/v2\/media\/12221"}],"wp:attachment":[{"href":"https:\/\/thedailyreports.com\/es\/wp-json\/wp\/v2\/media?parent=14690"}],"wp:term":[{"taxonomy":"category","embeddable":true,"href":"https:\/\/thedailyreports.com\/es\/wp-json\/wp\/v2\/categories?post=14690"},{"taxonomy":"post_tag","embeddable":true,"href":"https:\/\/thedailyreports.com\/es\/wp-json\/wp\/v2\/tags?post=14690"}],"curies":[{"name":"wp","href":"https:\/\/api.w.org\/{rel}","templated":true}]}}