{"id":14626,"date":"2024-08-12T22:46:48","date_gmt":"2024-08-12T22:46:48","guid":{"rendered":"https:\/\/thedailyreports.com\/es\/?p=14626"},"modified":"2024-08-12T22:47:30","modified_gmt":"2024-08-12T22:47:30","slug":"iran-policia-dispara-y-deja-paralitica-a-una-mujer-por-no-llevar-el-velo-islamico","status":"publish","type":"post","link":"https:\/\/thedailyreports.com\/es\/iran\/iran-policia-dispara-y-deja-paralitica-a-una-mujer-por-no-llevar-el-velo-islamico\/","title":{"rendered":"Ir\u00e1n: Polic\u00eda dispara y deja paral\u00edtica a una mujer por no llevar el velo isl\u00e1mico"},"content":{"rendered":"\n<h2 class=\"wp-block-heading\">Aumentan los ataques policiales contra mujeres que no respetan el c\u00f3digo de vestimenta en Ir\u00e1n<\/h2>\n\n\n\n<p>Una mujer iran\u00ed qued\u00f3 paral\u00edtica tras recibir un disparo en la espalda por parte de las fuerzas de seguridad, seg\u00fan reportaron los medios de comunicaci\u00f3n.<\/p>\n\n\n\n<p>La mujer, identificada como <strong>Arezou Badri<\/strong>, de 31 a\u00f1os, madre de dos ni\u00f1os peque\u00f1os, fue baleada el 22 de julio mientras conduc\u00eda en la ciudad de Nour, ubicada en la provincia septentrional de Mazandaran, luego de ignorar la orden de la polic\u00eda de detenerse, seg\u00fan un reciente informe de la <em>BBC<\/em> <em>Persa <\/em>que cita a una fuente informada.<\/p>\n\n\n\n<p>Los agentes intentaron detener su veh\u00edculo al percatarse de que exist\u00eda una orden para confiscarlo debido a la violaci\u00f3n del estricto c\u00f3digo del hiyab.<\/p>\n\n\n\n<p>Esta medida ha sido implementada en el pa\u00eds en los \u00faltimos meses para reforzar el uso obligatorio del velo isl\u00e1mico. Las autoridades env\u00edan un mensaje de texto a los propietarios de veh\u00edculos que han sido captados con mujeres sin velo, notific\u00e1ndoles que su coche ser\u00e1 confiscado.<\/p>\n\n\n\n<p>En el caso de Badri, al no detenerse, los agentes primero dispararon contra los neum\u00e1ticos del veh\u00edculo y luego le dispararon a ella, impact\u00e1ndole en la espalda.<\/p>\n\n\n\n<p>Despu\u00e9s de diez d\u00edas, los m\u00e9dicos lograron extraer la bala de la cintura de Badri, pero sus pulmones y m\u00e9dula espinal sufrieron graves da\u00f1os, dej\u00e1ndola incapaz de caminar.<\/p>\n\n\n\n<p>Seg\u00fan los m\u00e9dicos, a\u00fan no est\u00e1 claro si la par\u00e1lisis de la mujer ser\u00e1 permanente o temporal.<\/p>\n\n\n\n<p>Actualmente, Badri se encuentra bajo estrictas medidas de seguridad en la Unidad de Cuidados Intensivos (UCI) del Hospital Valiasr, en Teher\u00e1n. Los agentes solo permiten que su familia la visite por unos minutos, tras confiscarles los tel\u00e9fonos m\u00f3viles, para evitar la divulgaci\u00f3n de im\u00e1genes de la v\u00edctima.<\/p>\n\n\n\n<p>Desde abril pasado, las autoridades iran\u00edes han lanzado una campa\u00f1a llamada &#8220;Plan Luz&#8221; con el objetivo de imponer el uso del velo isl\u00e1mico a las mujeres que dejaron de usarlo despu\u00e9s de la muerte de <strong>Mahsa Amini<\/strong>, en septiembre de 2022, mientras estaba bajo custodia policial por no llevar correctamente el hiyab.<\/p>\n\n\n\n<p>La muerte de Amini provoc\u00f3 masivas protestas durante meses en todo el pa\u00eds, en las que se exig\u00edan mayores libertades sociales y el fin de la Rep\u00fablica Isl\u00e1mica.<\/p>\n\n\n\n<p>Finalmente, las fuerzas de seguridad lograron sofocar las protestas mediante una represi\u00f3n que dej\u00f3 alrededor de 500 muertos.<\/p>\n\n\n\n<p><\/p>\n","protected":false},"excerpt":{"rendered":"<p>Aumentan los ataques policiales contra mujeres que no respetan el c\u00f3digo de vestimenta en Ir\u00e1n Una mujer iran\u00ed qued\u00f3 paral\u00edtica tras recibir un disparo en la espalda por parte de las fuerzas de seguridad, seg\u00fan reportaron los medios de comunicaci\u00f3n. La mujer, identificada como Arezou Badri, de 31 a\u00f1os, madre de dos ni\u00f1os peque\u00f1os, fue<\/p>\n","protected":false},"author":1,"featured_media":11551,"comment_status":"closed","ping_status":"closed","sticky":false,"template":"","format":"standard","meta":{"footnotes":""},"categories":[36],"tags":[512,867],"class_list":{"0":"post-14626","1":"post","2":"type-post","3":"status-publish","4":"format-standard","5":"has-post-thumbnail","7":"category-iran","8":"tag-iran-2","9":"tag-velo-islamico"},"_links":{"self":[{"href":"https:\/\/thedailyreports.com\/es\/wp-json\/wp\/v2\/posts\/14626","targetHints":{"allow":["GET"]}}],"collection":[{"href":"https:\/\/thedailyreports.com\/es\/wp-json\/wp\/v2\/posts"}],"about":[{"href":"https:\/\/thedailyreports.com\/es\/wp-json\/wp\/v2\/types\/post"}],"author":[{"embeddable":true,"href":"https:\/\/thedailyreports.com\/es\/wp-json\/wp\/v2\/users\/1"}],"replies":[{"embeddable":true,"href":"https:\/\/thedailyreports.com\/es\/wp-json\/wp\/v2\/comments?post=14626"}],"version-history":[{"count":1,"href":"https:\/\/thedailyreports.com\/es\/wp-json\/wp\/v2\/posts\/14626\/revisions"}],"predecessor-version":[{"id":14627,"href":"https:\/\/thedailyreports.com\/es\/wp-json\/wp\/v2\/posts\/14626\/revisions\/14627"}],"wp:featuredmedia":[{"embeddable":true,"href":"https:\/\/thedailyreports.com\/es\/wp-json\/wp\/v2\/media\/11551"}],"wp:attachment":[{"href":"https:\/\/thedailyreports.com\/es\/wp-json\/wp\/v2\/media?parent=14626"}],"wp:term":[{"taxonomy":"category","embeddable":true,"href":"https:\/\/thedailyreports.com\/es\/wp-json\/wp\/v2\/categories?post=14626"},{"taxonomy":"post_tag","embeddable":true,"href":"https:\/\/thedailyreports.com\/es\/wp-json\/wp\/v2\/tags?post=14626"}],"curies":[{"name":"wp","href":"https:\/\/api.w.org\/{rel}","templated":true}]}}