{"id":14579,"date":"2024-08-03T19:30:38","date_gmt":"2024-08-03T19:30:38","guid":{"rendered":"https:\/\/thedailyreports.com\/es\/?p=14579"},"modified":"2024-08-03T19:32:10","modified_gmt":"2024-08-03T19:32:10","slug":"erdogan-hablo-con-el-papa-francisco-sobre-el-asesinato-del-lider-de-hamas-y-de-la-polemica-ceremonia-inaugural-en-paris-2024","status":"publish","type":"post","link":"https:\/\/thedailyreports.com\/es\/turkey\/erdogan-hablo-con-el-papa-francisco-sobre-el-asesinato-del-lider-de-hamas-y-de-la-polemica-ceremonia-inaugural-en-paris-2024\/","title":{"rendered":"Erdo\u011fan habl\u00f3 con el papa Francisco sobre el asesinato del l\u00edder de Ham\u00e1s y de la pol\u00e9mica ceremonia inaugural en Par\u00eds 2024"},"content":{"rendered":"\n<h2 class=\"wp-block-heading\">El presidente turco habl\u00f3 con el papa Francisco en las \u00faltimas horas<\/h2>\n\n\n\n<p>El presidente turco, <strong>Recep Tayyip Erdo\u011fan<\/strong>, mantuvo una conversaci\u00f3n telef\u00f3nica con el papa Francisco, en la que abord\u00f3 dos temas principales: la controversia en torno a la ceremonia inaugural de los Juegos Ol\u00edmpicos de Par\u00eds 2024 y el reciente asesinato del l\u00edder pol\u00edtico de Ham\u00e1s, <strong>Ismail Haniya<\/strong>, seg\u00fan inform\u00f3 <em>TRT Haber<\/em>.<\/p>\n\n\n\n<p>Respecto a los Juegos Ol\u00edmpicos, Erdo\u011fan expres\u00f3 su preocupaci\u00f3n por lo que percibi\u00f3 como una afrenta a los valores religiosos durante la ceremonia de apertura. <\/p>\n\n\n\n<p>El mandatario turco calific\u00f3 el evento como \u201c<strong>una se\u00f1al de alarma del colapso moral<\/strong>\u201d, aludiendo a una supuesta propaganda LGBT que, en su opini\u00f3n, result\u00f3 ofensiva tanto para cristianos como para musulmanes.<\/p>\n\n\n\n<p>\u201c<strong>La escena en Par\u00eds no solo ofendi\u00f3 al mundo cat\u00f3lico y cristiano, sino que tambi\u00e9n caus\u00f3 indignaci\u00f3n en nosotros<\/strong>\u201d, declar\u00f3 Erdogan.<\/p>\n\n\n\n<p>En cuanto al asesinato de Haniya y el ataque en Beirut, el presidente turco manifest\u00f3 que estos incidentes demuestran que \u201c<strong>Israel representa una amenaza para toda la regi\u00f3n, el mundo y la humanidad<\/strong>\u201d. <\/p>\n\n\n\n<p>Erdo\u011fan enfatiz\u00f3 la urgencia de tomar medidas para garantizar la paz para los musulmanes y cristianos que viven en Palestina.<\/p>\n\n\n\n<p>Finalmente, el l\u00edder turco expres\u00f3 su esperanza de que las conversaciones del papa con pa\u00edses que apoyan a Israel puedan contribuir a detener los ataques y lograr una paz duradera en la regi\u00f3n.<\/p>\n","protected":false},"excerpt":{"rendered":"<p>El presidente turco habl\u00f3 con el papa Francisco en las \u00faltimas horas El presidente turco, Recep Tayyip Erdo\u011fan, mantuvo una conversaci\u00f3n telef\u00f3nica con el papa Francisco, en la que abord\u00f3 dos temas principales: la controversia en torno a la ceremonia inaugural de los Juegos Ol\u00edmpicos de Par\u00eds 2024 y el reciente asesinato del l\u00edder pol\u00edtico<\/p>\n","protected":false},"author":1,"featured_media":14580,"comment_status":"open","ping_status":"open","sticky":false,"template":"","format":"standard","meta":{"footnotes":""},"categories":[42],"tags":[542,631,1101,986,536],"class_list":{"0":"post-14579","1":"post","2":"type-post","3":"status-publish","4":"format-standard","5":"has-post-thumbnail","7":"category-turkey","8":"tag-erdogan-2","9":"tag-hamas-2","10":"tag-haniya","11":"tag-papa-francisco","12":"tag-turquia"},"_links":{"self":[{"href":"https:\/\/thedailyreports.com\/es\/wp-json\/wp\/v2\/posts\/14579","targetHints":{"allow":["GET"]}}],"collection":[{"href":"https:\/\/thedailyreports.com\/es\/wp-json\/wp\/v2\/posts"}],"about":[{"href":"https:\/\/thedailyreports.com\/es\/wp-json\/wp\/v2\/types\/post"}],"author":[{"embeddable":true,"href":"https:\/\/thedailyreports.com\/es\/wp-json\/wp\/v2\/users\/1"}],"replies":[{"embeddable":true,"href":"https:\/\/thedailyreports.com\/es\/wp-json\/wp\/v2\/comments?post=14579"}],"version-history":[{"count":1,"href":"https:\/\/thedailyreports.com\/es\/wp-json\/wp\/v2\/posts\/14579\/revisions"}],"predecessor-version":[{"id":14581,"href":"https:\/\/thedailyreports.com\/es\/wp-json\/wp\/v2\/posts\/14579\/revisions\/14581"}],"wp:featuredmedia":[{"embeddable":true,"href":"https:\/\/thedailyreports.com\/es\/wp-json\/wp\/v2\/media\/14580"}],"wp:attachment":[{"href":"https:\/\/thedailyreports.com\/es\/wp-json\/wp\/v2\/media?parent=14579"}],"wp:term":[{"taxonomy":"category","embeddable":true,"href":"https:\/\/thedailyreports.com\/es\/wp-json\/wp\/v2\/categories?post=14579"},{"taxonomy":"post_tag","embeddable":true,"href":"https:\/\/thedailyreports.com\/es\/wp-json\/wp\/v2\/tags?post=14579"}],"curies":[{"name":"wp","href":"https:\/\/api.w.org\/{rel}","templated":true}]}}