{"id":14373,"date":"2024-06-18T20:25:26","date_gmt":"2024-06-18T20:25:26","guid":{"rendered":"https:\/\/thedailyreports.com\/es\/?p=14373"},"modified":"2024-06-18T20:35:22","modified_gmt":"2024-06-18T20:35:22","slug":"erdogan-afirma-que-espana-es-un-faro-para-la-humanidad-por-su-apoyo-a-los-palestinos","status":"publish","type":"post","link":"https:\/\/thedailyreports.com\/es\/turkey\/erdogan-afirma-que-espana-es-un-faro-para-la-humanidad-por-su-apoyo-a-los-palestinos\/","title":{"rendered":"Erdogan afirma que \u201cEspa\u00f1a es un faro para la humanidad\u201d por su apoyo a los palestinos"},"content":{"rendered":"\n<h2 class=\"wp-block-heading\">El presidente turco celebra la posici\u00f3n espa\u00f1ola ante el conflicto palestino-israel\u00ed<\/h2>\n\n\n\n<p>El presidente de Turqu\u00eda, <strong>Recep Tayyip Erdogan<\/strong>, ha elogiado a Espa\u00f1a, calific\u00e1ndola como un \u201cfaro de la humanidad\u201d por su postura en el conflicto de Gaza y su reconocimiento de Palestina como Estado, seg\u00fan informan este s\u00e1bado los medios turcos.<\/p>\n\n\n\n<p>\u201c<strong>El apoyo del se\u00f1or (Pedro) S\u00e1nchez a la leg\u00edtima lucha de Palestina, a pesar de todas las presiones, es encomiable. Continuaremos actuando en solidaridad con Espa\u00f1a para resolver el conflicto palestino-israel\u00ed<\/strong>\u201d, declar\u00f3 Erdogan respecto al presidente del Gobierno espa\u00f1ol en declaraciones a medios turcos.<\/p>\n\n\n\n<p>El mandatario turco afirm\u00f3 que Espa\u00f1a es \u201c<strong>un faro que gu\u00eda a la humanidad en la oscuridad<\/strong>\u201d, en una charla con periodistas durante el vuelo de regreso a Turqu\u00eda tras sus recientes visitas a Espa\u00f1a e Italia, donde particip\u00f3 en la reuni\u00f3n del G7.<\/p>\n\n\n\n<p>Erdogan expres\u00f3 su satisfacci\u00f3n porque Espa\u00f1a comparta los \u201csentimientos\u201d y \u201cpreocupaciones\u201d de Turqu\u00eda ante lo que calific\u00f3 como \u201cmasacres de Israel que ignoran el derecho internacional\u201d, en referencia a los ataques de represalia contra los atentados del grupo Ham\u00e1s que dejaron 1.400 muertos el pasado 7 de octubre.<\/p>\n\n\n\n<p>En la represalia israel\u00ed ya han muerto 37.296 personas, seg\u00fan el Ministerio de Sanidad de Gaza, controlado por Ham\u00e1s.<\/p>\n\n\n<div class=\"wp-block-image\">\n<figure class=\"aligncenter size-full\"><img fetchpriority=\"high\" decoding=\"async\" width=\"852\" height=\"479\" src=\"https:\/\/thedailyreports.com\/es\/wp-content\/uploads\/2024\/06\/erdogan-sanchez.jpg?v=1718742725\" alt=\"\" class=\"wp-image-14377\" srcset=\"https:\/\/thedailyreports.com\/es\/wp-content\/uploads\/2024\/06\/erdogan-sanchez.jpg 852w, https:\/\/thedailyreports.com\/es\/wp-content\/uploads\/2024\/06\/erdogan-sanchez-640x360.jpg 640w\" sizes=\"(max-width: 852px) 100vw, 852px\" \/><\/figure>\n<\/div>\n\n\n<p class=\"has-text-align-center\"><em>El presidente de Espa\u00f1a, Pedro S\u00e1nchez (izq.) junto a su hom\u00f3logo turco, Tayyip Erdogan <\/em><\/p>\n\n\n\n<h3 class=\"wp-block-heading\">Cr\u00edticas de Erdogan a EE.UU. y reconocimiento a S\u00e1nchez<\/h3>\n\n\n\n<p>El presidente turco opin\u00f3 que el reconocimiento de Palestina provocar\u00e1 divisiones entre los pa\u00edses que apoyan a Israel.<\/p>\n\n\n\n<p>Erdogan tambi\u00e9n critic\u00f3 el bloqueo de Estados Unidos a resoluciones de la ONU en apoyo a Gaza, aunque especul\u00f3 sobre un posible descontento de Washington con la \u201ccreciente arrogancia de Israel\u201d.<\/p>\n\n\n\n<p>Adem\u00e1s, el l\u00edder turco asegur\u00f3 que S\u00e1nchez respondi\u00f3 de forma positiva a su solicitud de que Espa\u00f1a interceda a favor de Ankara para que Alemania levante su bloqueo a la adquisici\u00f3n de aviones de combate Eurofighter, debido a varios motivos, incluidas las operaciones militares turcas en el norte de Siria.<\/p>\n\n\n\n<p>El fabricante de este caza es un consorcio europeo del que forman parte Reino Unido, Italia, Alemania y Espa\u00f1a, y hasta ahora se ha exportado a Austria, Arabia Saud\u00ed, Kuwait, Catar y Om\u00e1n.<\/p>\n\n\n\n<p>Asimismo, Erdogan a\u00f1adi\u00f3 que Espa\u00f1a podr\u00eda contribuir al entrenamiento de pilotos turcos con esos aviones.<\/p>\n\n\n\n<p>El presidente afirm\u00f3 que Turqu\u00eda prioriza satisfacer sus necesidades militares con sus aliados en la OTAN, pero se\u00f1al\u00f3 que su pa\u00eds cuenta con alternativas en caso de que esto no sea posible.<\/p>\n","protected":false},"excerpt":{"rendered":"<p>El presidente turco celebra la posici\u00f3n espa\u00f1ola ante el conflicto palestino-israel\u00ed El presidente de Turqu\u00eda, Recep Tayyip Erdogan, ha elogiado a Espa\u00f1a, calific\u00e1ndola como un \u201cfaro de la humanidad\u201d por su postura en el conflicto de Gaza y su reconocimiento de Palestina como Estado, seg\u00fan informan este s\u00e1bado los medios turcos. \u201cEl apoyo del se\u00f1or<\/p>\n","protected":false},"author":1,"featured_media":11536,"comment_status":"open","ping_status":"open","sticky":false,"template":"","format":"standard","meta":{"footnotes":""},"categories":[42],"tags":[542,761,90,1078,536],"class_list":{"0":"post-14373","1":"post","2":"type-post","3":"status-publish","4":"format-standard","5":"has-post-thumbnail","7":"category-turkey","8":"tag-erdogan-2","9":"tag-espana","10":"tag-israel","11":"tag-palestinos","12":"tag-turquia"},"_links":{"self":[{"href":"https:\/\/thedailyreports.com\/es\/wp-json\/wp\/v2\/posts\/14373","targetHints":{"allow":["GET"]}}],"collection":[{"href":"https:\/\/thedailyreports.com\/es\/wp-json\/wp\/v2\/posts"}],"about":[{"href":"https:\/\/thedailyreports.com\/es\/wp-json\/wp\/v2\/types\/post"}],"author":[{"embeddable":true,"href":"https:\/\/thedailyreports.com\/es\/wp-json\/wp\/v2\/users\/1"}],"replies":[{"embeddable":true,"href":"https:\/\/thedailyreports.com\/es\/wp-json\/wp\/v2\/comments?post=14373"}],"version-history":[{"count":4,"href":"https:\/\/thedailyreports.com\/es\/wp-json\/wp\/v2\/posts\/14373\/revisions"}],"predecessor-version":[{"id":14381,"href":"https:\/\/thedailyreports.com\/es\/wp-json\/wp\/v2\/posts\/14373\/revisions\/14381"}],"wp:featuredmedia":[{"embeddable":true,"href":"https:\/\/thedailyreports.com\/es\/wp-json\/wp\/v2\/media\/11536"}],"wp:attachment":[{"href":"https:\/\/thedailyreports.com\/es\/wp-json\/wp\/v2\/media?parent=14373"}],"wp:term":[{"taxonomy":"category","embeddable":true,"href":"https:\/\/thedailyreports.com\/es\/wp-json\/wp\/v2\/categories?post=14373"},{"taxonomy":"post_tag","embeddable":true,"href":"https:\/\/thedailyreports.com\/es\/wp-json\/wp\/v2\/tags?post=14373"}],"curies":[{"name":"wp","href":"https:\/\/api.w.org\/{rel}","templated":true}]}}