{"id":13753,"date":"2024-01-25T04:29:58","date_gmt":"2024-01-25T04:29:58","guid":{"rendered":"https:\/\/thedailyreports.com\/es\/?p=13753"},"modified":"2024-01-25T04:29:59","modified_gmt":"2024-01-25T04:29:59","slug":"el-parlamento-de-turquia-aprobo-el-ingreso-de-suecia-a-la-otan","status":"publish","type":"post","link":"https:\/\/thedailyreports.com\/es\/turkey\/el-parlamento-de-turquia-aprobo-el-ingreso-de-suecia-a-la-otan\/","title":{"rendered":"El Parlamento de Turqu\u00eda aprob\u00f3 el ingreso de Suecia a la OTAN"},"content":{"rendered":"\n<h2 class=\"wp-block-heading\">Suecia se acerca a la OTAN<\/h2>\n\n\n\n<p>El Parlamento de Turqu\u00eda aprob\u00f3 en votaci\u00f3n general la entrada de Suecia en la OTAN, poniendo fin a meses de bloqueo por entender que el pa\u00eds n\u00f3rdico no estaba haciendo lo suficiente contra los militantes kurdos.<\/p>\n\n\n\n<p>En total, la votaci\u00f3n cont\u00f3 con 287 votos a favor, 55 en contra y 4 abstenciones, mientras que el resto de los 600 parlamentarios no participaron en la votaci\u00f3n.<\/p>\n\n\n\n<p>Tanto el AKP, el partido islamista que ha gobernado Turqu\u00eda desde 2002, como el CHP, el principal partido de la oposici\u00f3n de orientaci\u00f3n socialdem\u00f3crata, expresaron su apoyo durante el debate.<\/p>\n\n\n\n<p>Sin embargo, algunos partidos minoritarios, como el islamista Saadet, el izquierdista TIP y el fundamentalista H\u00fcda-Par, aliado del AKP, manifestaron su rechazo a la OTAN en su conjunto.<\/p>\n\n\n\n<p>En los meses previos, el presidente turco, <strong>Recep Tayyip Erdogan<\/strong>, hab\u00eda vinculado la aprobaci\u00f3n del acuerdo con la venta por parte de Estados Unidos a Turqu\u00eda de cazabombarderos F-16, una transacci\u00f3n planificada desde hace a\u00f1os pero bloqueada por el Congreso estadounidense.<\/p>\n\n\n\n<p>Aunque el estado actual de estas negociaciones no est\u00e1 claro, el Parlamento turco respald\u00f3 la entrada de Suecia a la Alianza Atl\u00e1ntica. Ahora solo falta la aprobaci\u00f3n de Hungr\u00eda, gobernada por el ultranacionalista Viktor Orb\u00e1n.<\/p>\n\n\n\n<p>Durante el a\u00f1o pasado, Hungr\u00eda hab\u00eda insinuado que no se opondr\u00eda a la entrada de Suecia si Turqu\u00eda daba su aprobaci\u00f3n. Ayer, Orb\u00e1n invit\u00f3 a su hom\u00f3logo sueco, <strong>Ulf Kristersson<\/strong>, para abordar la ratificaci\u00f3n de la adhesi\u00f3n de Suecia a la OTAN.<\/p>\n\n\n\n<p>Kristersson celebr\u00f3 la decisi\u00f3n en la red social X, declarando: &#8220;<strong>Hoy hemos dado un paso m\u00e1s hacia la plena integraci\u00f3n en la OTAN<\/strong>&#8220;.<\/p>\n","protected":false},"excerpt":{"rendered":"<p>Suecia se acerca a la OTAN El Parlamento de Turqu\u00eda aprob\u00f3 en votaci\u00f3n general la entrada de Suecia en la OTAN, poniendo fin a meses de bloqueo por entender que el pa\u00eds n\u00f3rdico no estaba haciendo lo suficiente contra los militantes kurdos. En total, la votaci\u00f3n cont\u00f3 con 287 votos a favor, 55 en contra<\/p>\n","protected":false},"author":1,"featured_media":13116,"comment_status":"open","ping_status":"open","sticky":false,"template":"","format":"standard","meta":{"footnotes":""},"categories":[42],"tags":[620,749,536],"class_list":{"0":"post-13753","1":"post","2":"type-post","3":"status-publish","4":"format-standard","5":"has-post-thumbnail","7":"category-turkey","8":"tag-otan","9":"tag-suecia","10":"tag-turquia"},"_links":{"self":[{"href":"https:\/\/thedailyreports.com\/es\/wp-json\/wp\/v2\/posts\/13753","targetHints":{"allow":["GET"]}}],"collection":[{"href":"https:\/\/thedailyreports.com\/es\/wp-json\/wp\/v2\/posts"}],"about":[{"href":"https:\/\/thedailyreports.com\/es\/wp-json\/wp\/v2\/types\/post"}],"author":[{"embeddable":true,"href":"https:\/\/thedailyreports.com\/es\/wp-json\/wp\/v2\/users\/1"}],"replies":[{"embeddable":true,"href":"https:\/\/thedailyreports.com\/es\/wp-json\/wp\/v2\/comments?post=13753"}],"version-history":[{"count":1,"href":"https:\/\/thedailyreports.com\/es\/wp-json\/wp\/v2\/posts\/13753\/revisions"}],"predecessor-version":[{"id":13754,"href":"https:\/\/thedailyreports.com\/es\/wp-json\/wp\/v2\/posts\/13753\/revisions\/13754"}],"wp:featuredmedia":[{"embeddable":true,"href":"https:\/\/thedailyreports.com\/es\/wp-json\/wp\/v2\/media\/13116"}],"wp:attachment":[{"href":"https:\/\/thedailyreports.com\/es\/wp-json\/wp\/v2\/media?parent=13753"}],"wp:term":[{"taxonomy":"category","embeddable":true,"href":"https:\/\/thedailyreports.com\/es\/wp-json\/wp\/v2\/categories?post=13753"},{"taxonomy":"post_tag","embeddable":true,"href":"https:\/\/thedailyreports.com\/es\/wp-json\/wp\/v2\/tags?post=13753"}],"curies":[{"name":"wp","href":"https:\/\/api.w.org\/{rel}","templated":true}]}}