{"id":13541,"date":"2023-12-19T09:25:06","date_gmt":"2023-12-19T09:25:06","guid":{"rendered":"https:\/\/thedailyreports.com\/es\/?p=13541"},"modified":"2023-12-19T09:25:06","modified_gmt":"2023-12-19T09:25:06","slug":"erdogan-visito-hungria-y-hablo-con-orban-sobre-israel-y-la-crisis-en-gaza","status":"publish","type":"post","link":"https:\/\/thedailyreports.com\/es\/turkey\/erdogan-visito-hungria-y-hablo-con-orban-sobre-israel-y-la-crisis-en-gaza\/","title":{"rendered":"Erdogan visit\u00f3 Hungr\u00eda y habl\u00f3 con Orban sobre Israel y la crisis en Gaza"},"content":{"rendered":"\n<h2 class=\"wp-block-heading\">El presidente turco visit\u00f3 Hungr\u00eda<\/h2>\n\n\n\n<p>El presidente turco, <strong>Recep Tayyip Erdogan<\/strong>, se reuni\u00f3 en Hungr\u00eda con la presidenta <strong>Katalin Novak <\/strong>y el primer ministro <strong>Viktor Orban<\/strong>.<\/p>\n\n\n\n<p>Durante la reuni\u00f3n con Novak se abordaron temas como las relaciones bilaterales entre Turqu\u00eda y Hungr\u00eda, asuntos globales y regionales, y la situaci\u00f3n en Gaza tras los ataques de Israel.<\/p>\n\n\n\n<p>Seg\u00fan la declaraci\u00f3n de la Direcci\u00f3n de Comunicaciones de la Presidencia en redes sociales, Erdogan afirm\u00f3 que los esfuerzos de Turqu\u00eda para promover la paz global contin\u00faan, buscando la estabilidad en todas las zonas de conflicto. <\/p>\n\n\n\n<p>Adem\u00e1s, el madatario turco subray\u00f3 la importancia de poner fin a los ataques de Israel en tierras palestinas para proteger la paz regional y global, as\u00ed como los derechos humanos y el derecho internacional. <\/p>\n\n\n\n<p>Asimismo, expres\u00f3 su confianza en que las relaciones entre Turqu\u00eda y Hungr\u00eda se fortalecer\u00e1n a\u00fan m\u00e1s despu\u00e9s de su visita a Budapest.<\/p>\n\n\n\n<p>Despu\u00e9s de encontrarse con su hom\u00f3loga h\u00fangara, Katalin Novak, en el Palacio Sandor, Erdogan visit\u00f3 el Monasterio Carmelita. Durante la visita, obsequi\u00f3 un autom\u00f3vil Togg, de fabricaci\u00f3n local, a Orban, quien lo condujo. <\/p>\n\n\n\n<p>A su vez, Orban le regal\u00f3 un caballo h\u00fangaro al presidente turco. Ambos l\u00edderes presidieron una reuni\u00f3n entre las delegaciones tras el encuentro bilateral, que estuvo cerrado a la prensa.<\/p>\n","protected":false},"excerpt":{"rendered":"<p>El presidente turco visit\u00f3 Hungr\u00eda El presidente turco, Recep Tayyip Erdogan, se reuni\u00f3 en Hungr\u00eda con la presidenta Katalin Novak y el primer ministro Viktor Orban. Durante la reuni\u00f3n con Novak se abordaron temas como las relaciones bilaterales entre Turqu\u00eda y Hungr\u00eda, asuntos globales y regionales, y la situaci\u00f3n en Gaza tras los ataques de<\/p>\n","protected":false},"author":1,"featured_media":13542,"comment_status":"open","ping_status":"open","sticky":false,"template":"","format":"standard","meta":{"footnotes":""},"categories":[42],"tags":[542,168,1017,90,1016,536],"class_list":{"0":"post-13541","1":"post","2":"type-post","3":"status-publish","4":"format-standard","5":"has-post-thumbnail","7":"category-turkey","8":"tag-erdogan-2","9":"tag-gaza","10":"tag-hungria","11":"tag-israel","12":"tag-orban","13":"tag-turquia"},"_links":{"self":[{"href":"https:\/\/thedailyreports.com\/es\/wp-json\/wp\/v2\/posts\/13541","targetHints":{"allow":["GET"]}}],"collection":[{"href":"https:\/\/thedailyreports.com\/es\/wp-json\/wp\/v2\/posts"}],"about":[{"href":"https:\/\/thedailyreports.com\/es\/wp-json\/wp\/v2\/types\/post"}],"author":[{"embeddable":true,"href":"https:\/\/thedailyreports.com\/es\/wp-json\/wp\/v2\/users\/1"}],"replies":[{"embeddable":true,"href":"https:\/\/thedailyreports.com\/es\/wp-json\/wp\/v2\/comments?post=13541"}],"version-history":[{"count":1,"href":"https:\/\/thedailyreports.com\/es\/wp-json\/wp\/v2\/posts\/13541\/revisions"}],"predecessor-version":[{"id":13543,"href":"https:\/\/thedailyreports.com\/es\/wp-json\/wp\/v2\/posts\/13541\/revisions\/13543"}],"wp:featuredmedia":[{"embeddable":true,"href":"https:\/\/thedailyreports.com\/es\/wp-json\/wp\/v2\/media\/13542"}],"wp:attachment":[{"href":"https:\/\/thedailyreports.com\/es\/wp-json\/wp\/v2\/media?parent=13541"}],"wp:term":[{"taxonomy":"category","embeddable":true,"href":"https:\/\/thedailyreports.com\/es\/wp-json\/wp\/v2\/categories?post=13541"},{"taxonomy":"post_tag","embeddable":true,"href":"https:\/\/thedailyreports.com\/es\/wp-json\/wp\/v2\/tags?post=13541"}],"curies":[{"name":"wp","href":"https:\/\/api.w.org\/{rel}","templated":true}]}}