{"id":13043,"date":"2023-10-11T07:34:52","date_gmt":"2023-10-11T07:34:52","guid":{"rendered":"https:\/\/thedailyreports.com\/es\/?p=13043"},"modified":"2023-10-11T07:34:53","modified_gmt":"2023-10-11T07:34:53","slug":"erdogan-critico-la-presencia-de-portaaviones-de-ee-uu-en-israel","status":"publish","type":"post","link":"https:\/\/thedailyreports.com\/es\/turkey\/erdogan-critico-la-presencia-de-portaaviones-de-ee-uu-en-israel\/","title":{"rendered":"Erdogan critic\u00f3 la presencia de portaaviones de EE.UU. en Israel"},"content":{"rendered":"\n<h2 class=\"wp-block-heading\">El presidente turco apunt\u00f3 contra Estados Unidos<\/h2>\n\n\n\n<p>El presidente de Turqu\u00eda, <strong>Recep Tayyip Erdogan<\/strong>, critic\u00f3 este martes el despliegue del portaaviones USS Gerald R. Ford en el mar Mediterr\u00e1neo, enviado por EE. UU. a Israel. <\/p>\n\n\n\n<p>El mandatario advirti\u00f3 que el buque de guerra podr\u00eda ser utilizado para cometer &#8220;graves masacres&#8221; contra los palestinos y destruir la Franja de Gaza.<\/p>\n\n\n\n<p>En una rueda de prensa conjunta con el canciller austr\u00edaco, <strong>Karl Nehammer<\/strong>, Erdogan cuestion\u00f3 la presencia del portaaviones en Israel y expres\u00f3 su preocupaci\u00f3n de que pueda desencadenar ataques y la destrucci\u00f3n en Gaza. <\/p>\n\n\n\n<p>Tambi\u00e9n conden\u00f3 el bloqueo total de la Franja de Gaza por parte de Israel, consider\u00e1ndolo una violaci\u00f3n de los derechos humanos. Adem\u00e1s, enfatiz\u00f3 que los derechos humanos no deben ser violados, seg\u00fan la Declaraci\u00f3n Universal de los Derechos Humanos.<\/p>\n\n\n\n<p>El presidente turco subray\u00f3 la importancia de evitar acciones que agraven los problemas en la regi\u00f3n y causen m\u00e1s derramamiento de sangre. <\/p>\n\n\n\n<p>Seg\u00fan Erdogan, la escalada del conflicto entre Israel y Ham\u00e1s no se resolver\u00e1 en el corto plazo, por lo que Turqu\u00eda est\u00e1 buscando formas de mediar entre ambas partes, manteniendo conversaciones con l\u00edderes regionales, como el presidente ruso, <strong>Vlad\u00edmir Putin<\/strong>, y el secretario general de la ONU, <strong>Ant\u00f3nio Guterres<\/strong>.<\/p>\n","protected":false},"excerpt":{"rendered":"<p>El presidente turco apunt\u00f3 contra Estados Unidos El presidente de Turqu\u00eda, Recep Tayyip Erdogan, critic\u00f3 este martes el despliegue del portaaviones USS Gerald R. Ford en el mar Mediterr\u00e1neo, enviado por EE. UU. a Israel. El mandatario advirti\u00f3 que el buque de guerra podr\u00eda ser utilizado para cometer &#8220;graves masacres&#8221; contra los palestinos y destruir<\/p>\n","protected":false},"author":1,"featured_media":11612,"comment_status":"open","ping_status":"open","sticky":false,"template":"","format":"standard","meta":{"footnotes":""},"categories":[42],"tags":[542,543,90,536],"class_list":{"0":"post-13043","1":"post","2":"type-post","3":"status-publish","4":"format-standard","5":"has-post-thumbnail","7":"category-turkey","8":"tag-erdogan-2","9":"tag-estados-unidos","10":"tag-israel","11":"tag-turquia"},"_links":{"self":[{"href":"https:\/\/thedailyreports.com\/es\/wp-json\/wp\/v2\/posts\/13043","targetHints":{"allow":["GET"]}}],"collection":[{"href":"https:\/\/thedailyreports.com\/es\/wp-json\/wp\/v2\/posts"}],"about":[{"href":"https:\/\/thedailyreports.com\/es\/wp-json\/wp\/v2\/types\/post"}],"author":[{"embeddable":true,"href":"https:\/\/thedailyreports.com\/es\/wp-json\/wp\/v2\/users\/1"}],"replies":[{"embeddable":true,"href":"https:\/\/thedailyreports.com\/es\/wp-json\/wp\/v2\/comments?post=13043"}],"version-history":[{"count":1,"href":"https:\/\/thedailyreports.com\/es\/wp-json\/wp\/v2\/posts\/13043\/revisions"}],"predecessor-version":[{"id":13044,"href":"https:\/\/thedailyreports.com\/es\/wp-json\/wp\/v2\/posts\/13043\/revisions\/13044"}],"wp:featuredmedia":[{"embeddable":true,"href":"https:\/\/thedailyreports.com\/es\/wp-json\/wp\/v2\/media\/11612"}],"wp:attachment":[{"href":"https:\/\/thedailyreports.com\/es\/wp-json\/wp\/v2\/media?parent=13043"}],"wp:term":[{"taxonomy":"category","embeddable":true,"href":"https:\/\/thedailyreports.com\/es\/wp-json\/wp\/v2\/categories?post=13043"},{"taxonomy":"post_tag","embeddable":true,"href":"https:\/\/thedailyreports.com\/es\/wp-json\/wp\/v2\/tags?post=13043"}],"curies":[{"name":"wp","href":"https:\/\/api.w.org\/{rel}","templated":true}]}}