{"id":12554,"date":"2023-08-08T04:59:27","date_gmt":"2023-08-08T04:59:27","guid":{"rendered":"https:\/\/thedailyreports.com\/es\/?p=12554"},"modified":"2023-08-08T04:59:28","modified_gmt":"2023-08-08T04:59:28","slug":"erdogan-califica-de-marginales-a-ecologistas-que-protestan-contra-la-deforestacion-del-bosque-de-akbelen","status":"publish","type":"post","link":"https:\/\/thedailyreports.com\/es\/turkey\/erdogan-califica-de-marginales-a-ecologistas-que-protestan-contra-la-deforestacion-del-bosque-de-akbelen\/","title":{"rendered":"Erdogan califica de &#8220;marginales&#8221; a ecologistas que protestan contra la deforestaci\u00f3n del bosque de Akbelen"},"content":{"rendered":"\n<h2 class=\"wp-block-heading\">Erdogan arremete contra ecologistas y lugare\u00f1os en defensa de intereses mineros<\/h2>\n\n\n\n<p>El presidente de Turqu\u00eda, <strong>Recep Tayyip Erdo\u011fan<\/strong>, ha calificado de &#8220;marginales disfrazados de ecologistas&#8221; a un grupo de activistas y habitantes locales que se han estado manifestando en contra de la deforestaci\u00f3n en el bosque de Akbelen. <\/p>\n\n\n\n<p>La deforestaci\u00f3n se lleva a cabo para dar lugar a la expansi\u00f3n de una mina de carb\u00f3n en el distrito de \u0130kizk\u00f6y, en la provincia meridional de Mu\u011fla.<\/p>\n\n\n\n<p>En una declaraci\u00f3n posterior a una reuni\u00f3n de gabinete, Erdo\u011fan afirm\u00f3 que la central termoel\u00e9ctrica de Akbelen, la cual aporta cerca de dos tercios de la electricidad utilizada en la regi\u00f3n del Egeo Meridional, es un recurso nacional de gran importancia para el pa\u00eds. <\/p>\n\n\n\n<p>El mandatario expres\u00f3 la necesidad de que contin\u00fae operando con carb\u00f3n. Mientras que no ve objeciones al aumento de la producci\u00f3n de carb\u00f3n en Europa, critic\u00f3 las protestas en Turqu\u00eda en nombre del amor por los \u00e1rboles, calific\u00e1ndolas de provocadoras.<\/p>\n\n\n\n<p>Erdo\u011fan dijo que no cree que la protesta est\u00e9 basada solo &#8220;en el amor por los \u00e1rboles&#8221;.<\/p>\n\n\n\n<p>&#8220;Nosotros no nos preocupamos por aquellos que parecen ecologistas marginales, estamos enfocados en nuestros asuntos. Te pregunto, \u00bfcu\u00e1ntos olivos has plantado hasta ahora? Sal y expl\u00edcalo. Como gobierno del AKP, hemos plantado miles de millones de \u00e1rboles. En los \u00faltimos 21 a\u00f1os, Turqu\u00eda ha plantado 6 mil millones de \u00e1rboles, estableciendo un r\u00e9cord en este \u00e1mbito&#8221;, agreg\u00f3 el presidente.<\/p>\n\n\n\n<p>El bosque Akbelen y la comunidad de \u0130kizk\u00f6y se han enfrentado a la amenaza de la expansi\u00f3n de las minas de carb\u00f3n desde 2019. <\/p>\n\n\n\n<p>En la b\u00fasqueda de anular el proyecto, los residentes presentaron en 2021 una demanda en contra de la empresa YK Energy, una filial conjunta de IC Holding y Limak Holding, conocida por sus estrechos lazos con el gobierno turco.<\/p>\n\n\n\n<p>A lo largo del proceso legal, los tribunales han fallado en varias ocasiones a favor de suspender el proyecto minero, pero la empresa ha hecho caso omiso de estas decisiones judiciales.<\/p>\n\n\n\n<p>En las \u00faltimas dos semanas, la tala de \u00e1rboles se ha intensificado, y los manifestantes han sido objeto de fuertes represiones por parte de las fuerzas de seguridad, sin importar su edad.<\/p>\n\n\n\n<p>La gendarmer\u00eda ha empleado gas pimienta a corta distancia y disparado cartuchos de gas en el \u00e1rea boscosa, incluso en medio de un calor intenso.<\/p>\n\n\n\n<p><\/p>\n","protected":false},"excerpt":{"rendered":"<p>Erdogan arremete contra ecologistas y lugare\u00f1os en defensa de intereses mineros El presidente de Turqu\u00eda, Recep Tayyip Erdo\u011fan, ha calificado de &#8220;marginales disfrazados de ecologistas&#8221; a un grupo de activistas y habitantes locales que se han estado manifestando en contra de la deforestaci\u00f3n en el bosque de Akbelen. La deforestaci\u00f3n se lleva a cabo para<\/p>\n","protected":false},"author":1,"featured_media":11571,"comment_status":"open","ping_status":"open","sticky":false,"template":"","format":"standard","meta":{"footnotes":""},"categories":[42],"tags":[940,542,536],"class_list":{"0":"post-12554","1":"post","2":"type-post","3":"status-publish","4":"format-standard","5":"has-post-thumbnail","7":"category-turkey","8":"tag-ecologistas","9":"tag-erdogan-2","10":"tag-turquia"},"_links":{"self":[{"href":"https:\/\/thedailyreports.com\/es\/wp-json\/wp\/v2\/posts\/12554","targetHints":{"allow":["GET"]}}],"collection":[{"href":"https:\/\/thedailyreports.com\/es\/wp-json\/wp\/v2\/posts"}],"about":[{"href":"https:\/\/thedailyreports.com\/es\/wp-json\/wp\/v2\/types\/post"}],"author":[{"embeddable":true,"href":"https:\/\/thedailyreports.com\/es\/wp-json\/wp\/v2\/users\/1"}],"replies":[{"embeddable":true,"href":"https:\/\/thedailyreports.com\/es\/wp-json\/wp\/v2\/comments?post=12554"}],"version-history":[{"count":1,"href":"https:\/\/thedailyreports.com\/es\/wp-json\/wp\/v2\/posts\/12554\/revisions"}],"predecessor-version":[{"id":12555,"href":"https:\/\/thedailyreports.com\/es\/wp-json\/wp\/v2\/posts\/12554\/revisions\/12555"}],"wp:featuredmedia":[{"embeddable":true,"href":"https:\/\/thedailyreports.com\/es\/wp-json\/wp\/v2\/media\/11571"}],"wp:attachment":[{"href":"https:\/\/thedailyreports.com\/es\/wp-json\/wp\/v2\/media?parent=12554"}],"wp:term":[{"taxonomy":"category","embeddable":true,"href":"https:\/\/thedailyreports.com\/es\/wp-json\/wp\/v2\/categories?post=12554"},{"taxonomy":"post_tag","embeddable":true,"href":"https:\/\/thedailyreports.com\/es\/wp-json\/wp\/v2\/tags?post=12554"}],"curies":[{"name":"wp","href":"https:\/\/api.w.org\/{rel}","templated":true}]}}