{"id":12509,"date":"2023-08-02T08:03:32","date_gmt":"2023-08-02T08:03:32","guid":{"rendered":"https:\/\/thedailyreports.com\/es\/?p=12509"},"modified":"2023-08-02T08:03:33","modified_gmt":"2023-08-02T08:03:33","slug":"un-herido-tras-tiroteo-en-consulado-sueco-en-turquia","status":"publish","type":"post","link":"https:\/\/thedailyreports.com\/es\/turkey\/un-herido-tras-tiroteo-en-consulado-sueco-en-turquia\/","title":{"rendered":"Un herido tras tiroteo en consulado sueco en Turqu\u00eda"},"content":{"rendered":"\n<h2 class=\"wp-block-heading\">Inseguridad diplom\u00e1tica en Turqu\u00eda  <\/h2>\n\n\n\n<p>Este martes, fue herido de gravedad un empleado turco del consulado honorario de Suecia en Izmir, seg\u00fan inform\u00f3 la emisora estatal turca <em>TRT<\/em>. El incidente ocurri\u00f3 frente al edificio del consulado. <\/p>\n\n\n\n<p>La oficina del gobernador de Izmir comunic\u00f3 que un ciudadano turco de la provincia oriental de Agri fue arrestado tras el tiroteo. Las autoridades turcas han iniciado una investigaci\u00f3n sobre el hecho.<\/p>\n\n\n\n<p>Despu\u00e9s del incidente, se anunci\u00f3 que el c\u00f3nsul general sueco viajar\u00eda a Izmir el mi\u00e9rcoles para obtener m\u00e1s informaci\u00f3n. <\/p>\n\n\n\n<p>Adem\u00e1s, se inform\u00f3 que el ministerio est\u00e1 en estrecho contacto con el Consulado General en Estambul y su personal en Turqu\u00eda, as\u00ed como con el Consulado Honorario en Izmir y las autoridades locales.<\/p>\n\n\n\n<p>No obstante, el Ministerio de Relaciones Exteriores de Suecia se abstuvo de comentar sobre posibles amenazas a los servicios diplom\u00e1ticos o sobre las medidas de seguridad espec\u00edficas que se est\u00e1n llevando a cabo, alegando que dicha informaci\u00f3n podr\u00eda disminuir la eficacia de estas acciones.<\/p>\n\n\n\n<p>El ministro de Justicia turco, <strong>Y\u0131lmaz Tun\u00e7<\/strong>, conden\u00f3 vehementemente el ataque. En una declaraci\u00f3n en la red social X, antes conocida como Twitter, Tun\u00e7 revel\u00f3 que existe una investigaci\u00f3n criminal en curso para esclarecer las circunstancias que desembocaron en el incidente.<\/p>\n\n\n\n<p>Este ataque a un integrante del personal del consulado sueco plantea serias dudas acerca de la seguridad diplom\u00e1tica en la regi\u00f3n, y alerta sobre los posibles peligros a los que se exponen las misiones extranjeras en Turqu\u00eda.<\/p>\n","protected":false},"excerpt":{"rendered":"<p>Inseguridad diplom\u00e1tica en Turqu\u00eda Este martes, fue herido de gravedad un empleado turco del consulado honorario de Suecia en Izmir, seg\u00fan inform\u00f3 la emisora estatal turca TRT. El incidente ocurri\u00f3 frente al edificio del consulado. La oficina del gobernador de Izmir comunic\u00f3 que un ciudadano turco de la provincia oriental de Agri fue arrestado tras<\/p>\n","protected":false},"author":1,"featured_media":12510,"comment_status":"open","ping_status":"open","sticky":false,"template":"","format":"standard","meta":{"footnotes":""},"categories":[42],"tags":[749,536],"class_list":{"0":"post-12509","1":"post","2":"type-post","3":"status-publish","4":"format-standard","5":"has-post-thumbnail","7":"category-turkey","8":"tag-suecia","9":"tag-turquia"},"_links":{"self":[{"href":"https:\/\/thedailyreports.com\/es\/wp-json\/wp\/v2\/posts\/12509","targetHints":{"allow":["GET"]}}],"collection":[{"href":"https:\/\/thedailyreports.com\/es\/wp-json\/wp\/v2\/posts"}],"about":[{"href":"https:\/\/thedailyreports.com\/es\/wp-json\/wp\/v2\/types\/post"}],"author":[{"embeddable":true,"href":"https:\/\/thedailyreports.com\/es\/wp-json\/wp\/v2\/users\/1"}],"replies":[{"embeddable":true,"href":"https:\/\/thedailyreports.com\/es\/wp-json\/wp\/v2\/comments?post=12509"}],"version-history":[{"count":1,"href":"https:\/\/thedailyreports.com\/es\/wp-json\/wp\/v2\/posts\/12509\/revisions"}],"predecessor-version":[{"id":12511,"href":"https:\/\/thedailyreports.com\/es\/wp-json\/wp\/v2\/posts\/12509\/revisions\/12511"}],"wp:featuredmedia":[{"embeddable":true,"href":"https:\/\/thedailyreports.com\/es\/wp-json\/wp\/v2\/media\/12510"}],"wp:attachment":[{"href":"https:\/\/thedailyreports.com\/es\/wp-json\/wp\/v2\/media?parent=12509"}],"wp:term":[{"taxonomy":"category","embeddable":true,"href":"https:\/\/thedailyreports.com\/es\/wp-json\/wp\/v2\/categories?post=12509"},{"taxonomy":"post_tag","embeddable":true,"href":"https:\/\/thedailyreports.com\/es\/wp-json\/wp\/v2\/tags?post=12509"}],"curies":[{"name":"wp","href":"https:\/\/api.w.org\/{rel}","templated":true}]}}