{"id":12455,"date":"2023-07-25T22:33:56","date_gmt":"2023-07-25T22:33:56","guid":{"rendered":"https:\/\/thedailyreports.com\/es\/?p=12455"},"modified":"2023-07-25T22:33:57","modified_gmt":"2023-07-25T22:33:57","slug":"el-lider-palestino-abbas-se-reunira-con-erdogan-en-turquia-antes-de-visita-de-netanyahu","status":"publish","type":"post","link":"https:\/\/thedailyreports.com\/es\/turkey\/el-lider-palestino-abbas-se-reunira-con-erdogan-en-turquia-antes-de-visita-de-netanyahu\/","title":{"rendered":"El l\u00edder palestino Abbas se reunir\u00e1 con Erdogan en Turqu\u00eda antes de visita de Netanyahu"},"content":{"rendered":"\n<h2 class=\"wp-block-heading\">Erdogan recibir\u00e1 a Abbas en Ankara<\/h2>\n\n\n\n<p>Este martes, el presidente de Turqu\u00eda, <strong>Recep Tayyip Erdogan<\/strong>, recibir\u00e1 en Ankara a su hom\u00f3logo palestino, <strong>Mahmoud Abbas<\/strong>, para discutir sobre el conflicto israel\u00ed-palestino, mejorar las relaciones turco-palestinas y otros asuntos regionales e internacionales, seg\u00fan un comunicado de la oficina de Erdogan.<\/p>\n\n\n\n<p>La reuni\u00f3n con Abbas se produce solo unos d\u00edas antes de que Erdogan reciba al primer ministro israel\u00ed, <strong>Benjamin Netanyahu<\/strong>.<\/p>\n\n\n\n<p>Erdogan y Netanyahu revisar\u00e1n las relaciones bilaterales &#8220;en todos los aspectos&#8221; y discutir\u00e1n los pasos para mejorar la cooperaci\u00f3n entre sus naciones, seg\u00fan la oficina de Erdogan.<\/p>\n\n\n\n<p>Hasta el a\u00f1o pasado, las relaciones entre Turqu\u00eda e Israel estuvieron tensas, en gran parte debido a la incursi\u00f3n israel\u00ed de 2010 en la flotilla de Gaza, durante la cual murieron 10 ciudadanos turcos. <\/p>\n\n\n\n<p>Las tensiones se intensificaron a\u00fan m\u00e1s con el asesinato de 60 palestinos por parte de Israel durante una protesta en Gaza. <\/p>\n\n\n\n<p>Esto llev\u00f3 a Erdogan a acusar a Israel de ejercer el &#8220;terror de Estado&#8221; y de llevar a cabo pr\u00e1cticas &#8220;genocidas&#8221;, lo que result\u00f3 en la destituci\u00f3n del c\u00f3nsul general turco en Jerusal\u00e9n.<\/p>\n\n\n\n<p>En el \u00faltimo a\u00f1o, ambas partes han trabajado para normalizar completamente sus relaciones, y la visita del presidente israel\u00ed Isaac Herzog a Ankara el a\u00f1o pasado pareci\u00f3 calmar una d\u00e9cada de tensi\u00f3n mutua.<\/p>\n","protected":false},"excerpt":{"rendered":"<p>Erdogan recibir\u00e1 a Abbas en Ankara Este martes, el presidente de Turqu\u00eda, Recep Tayyip Erdogan, recibir\u00e1 en Ankara a su hom\u00f3logo palestino, Mahmoud Abbas, para discutir sobre el conflicto israel\u00ed-palestino, mejorar las relaciones turco-palestinas y otros asuntos regionales e internacionales, seg\u00fan un comunicado de la oficina de Erdogan. La reuni\u00f3n con Abbas se produce solo<\/p>\n","protected":false},"author":1,"featured_media":12456,"comment_status":"open","ping_status":"open","sticky":false,"template":"","format":"standard","meta":{"footnotes":""},"categories":[42],"tags":[474,542,860,536],"class_list":{"0":"post-12455","1":"post","2":"type-post","3":"status-publish","4":"format-standard","5":"has-post-thumbnail","7":"category-turkey","8":"tag-abbas","9":"tag-erdogan-2","10":"tag-netanyahu","11":"tag-turquia"},"_links":{"self":[{"href":"https:\/\/thedailyreports.com\/es\/wp-json\/wp\/v2\/posts\/12455","targetHints":{"allow":["GET"]}}],"collection":[{"href":"https:\/\/thedailyreports.com\/es\/wp-json\/wp\/v2\/posts"}],"about":[{"href":"https:\/\/thedailyreports.com\/es\/wp-json\/wp\/v2\/types\/post"}],"author":[{"embeddable":true,"href":"https:\/\/thedailyreports.com\/es\/wp-json\/wp\/v2\/users\/1"}],"replies":[{"embeddable":true,"href":"https:\/\/thedailyreports.com\/es\/wp-json\/wp\/v2\/comments?post=12455"}],"version-history":[{"count":1,"href":"https:\/\/thedailyreports.com\/es\/wp-json\/wp\/v2\/posts\/12455\/revisions"}],"predecessor-version":[{"id":12457,"href":"https:\/\/thedailyreports.com\/es\/wp-json\/wp\/v2\/posts\/12455\/revisions\/12457"}],"wp:featuredmedia":[{"embeddable":true,"href":"https:\/\/thedailyreports.com\/es\/wp-json\/wp\/v2\/media\/12456"}],"wp:attachment":[{"href":"https:\/\/thedailyreports.com\/es\/wp-json\/wp\/v2\/media?parent=12455"}],"wp:term":[{"taxonomy":"category","embeddable":true,"href":"https:\/\/thedailyreports.com\/es\/wp-json\/wp\/v2\/categories?post=12455"},{"taxonomy":"post_tag","embeddable":true,"href":"https:\/\/thedailyreports.com\/es\/wp-json\/wp\/v2\/tags?post=12455"}],"curies":[{"name":"wp","href":"https:\/\/api.w.org\/{rel}","templated":true}]}}