{"id":12201,"date":"2023-06-18T03:53:42","date_gmt":"2023-06-18T03:53:42","guid":{"rendered":"https:\/\/thedailyreports.com\/es\/?p=12201"},"modified":"2023-06-18T03:53:43","modified_gmt":"2023-06-18T03:53:43","slug":"erdogan-dijo-que-las-protestas-contra-su-gobierno-obstaculizan-el-ingreso-de-suecia-a-la-otan","status":"publish","type":"post","link":"https:\/\/thedailyreports.com\/es\/turkey\/erdogan-dijo-que-las-protestas-contra-su-gobierno-obstaculizan-el-ingreso-de-suecia-a-la-otan\/","title":{"rendered":"Erdogan dijo que las protestas contra su gobierno obstaculizan el ingreso de Suecia a la OTAN"},"content":{"rendered":"\n<h2 class=\"wp-block-heading\">El presidente turco no cede ante las demandas de Suecia<\/h2>\n\n\n\n<p>El presidente turco, <strong>Recep Tayyip Erdogan<\/strong>, afirm\u00f3 este mi\u00e9rcoles que Suecia no deber\u00eda esperar la aprobaci\u00f3n turca de su oferta de adhesi\u00f3n a la OTAN antes de la cumbre de l\u00edderes de la alianza, que se llevar\u00e1 a cabo el pr\u00f3ximo mes en la capital lituana, Vilnius. <\/p>\n\n\n\n<p>Erdogan hizo estas declaraciones despu\u00e9s de regresar de Azerbaiy\u00e1n, mientras en Ankara se llevaba a cabo la \u00faltima ronda de conversaciones entre los negociadores suecos, turcos y de la OTAN.<\/p>\n\n\n\n<p>El presidente turco se\u00f1al\u00f3 que la delegaci\u00f3n turca transmitir\u00e1 en la reuni\u00f3n el mensaje de que esa es la opini\u00f3n del presidente, y que no se debe esperar algo diferente en Vilnius. <\/p>\n\n\n\n<p>Adem\u00e1s, el mandatario expres\u00f3 su descontento respecto a la respuesta de Suecia ante las protestas contra su gobierno y el apoyo a los kurdos o al PKK. Erdogan puntualiz\u00f3 que Suecia no estaba haciendo lo suficiente para sofocar estas protestas.<\/p>\n\n\n\n<p>Asimismo, hizo hincapi\u00e9 en el rol de la polic\u00eda y su responsabilidad de ejercer sus derechos constitucionales para evitar las manifestaciones. <\/p>\n\n\n\n<p>Se han producido dos manifestaciones recientes, una de las cuales coincidi\u00f3 con la reuni\u00f3n de Erdogan con el secretario general de la OTAN, <strong>Jens Stoltenberg<\/strong>, el 4 de junio.<\/p>\n\n\n\n<p>Durante la reuni\u00f3n, Stoltenberg pidi\u00f3 a Erdogan que recordara por qu\u00e9 se estaban produciendo estas protestas, sugiriendo que la postura de Turqu\u00eda hab\u00eda contribuido a ellas.<\/p>\n","protected":false},"excerpt":{"rendered":"<p>El presidente turco no cede ante las demandas de Suecia El presidente turco, Recep Tayyip Erdogan, afirm\u00f3 este mi\u00e9rcoles que Suecia no deber\u00eda esperar la aprobaci\u00f3n turca de su oferta de adhesi\u00f3n a la OTAN antes de la cumbre de l\u00edderes de la alianza, que se llevar\u00e1 a cabo el pr\u00f3ximo mes en la capital<\/p>\n","protected":false},"author":1,"featured_media":11612,"comment_status":"open","ping_status":"open","sticky":false,"template":"","format":"standard","meta":{"footnotes":""},"categories":[42],"tags":[542,620,749,536],"class_list":{"0":"post-12201","1":"post","2":"type-post","3":"status-publish","4":"format-standard","5":"has-post-thumbnail","7":"category-turkey","8":"tag-erdogan-2","9":"tag-otan","10":"tag-suecia","11":"tag-turquia"},"_links":{"self":[{"href":"https:\/\/thedailyreports.com\/es\/wp-json\/wp\/v2\/posts\/12201","targetHints":{"allow":["GET"]}}],"collection":[{"href":"https:\/\/thedailyreports.com\/es\/wp-json\/wp\/v2\/posts"}],"about":[{"href":"https:\/\/thedailyreports.com\/es\/wp-json\/wp\/v2\/types\/post"}],"author":[{"embeddable":true,"href":"https:\/\/thedailyreports.com\/es\/wp-json\/wp\/v2\/users\/1"}],"replies":[{"embeddable":true,"href":"https:\/\/thedailyreports.com\/es\/wp-json\/wp\/v2\/comments?post=12201"}],"version-history":[{"count":2,"href":"https:\/\/thedailyreports.com\/es\/wp-json\/wp\/v2\/posts\/12201\/revisions"}],"predecessor-version":[{"id":12203,"href":"https:\/\/thedailyreports.com\/es\/wp-json\/wp\/v2\/posts\/12201\/revisions\/12203"}],"wp:featuredmedia":[{"embeddable":true,"href":"https:\/\/thedailyreports.com\/es\/wp-json\/wp\/v2\/media\/11612"}],"wp:attachment":[{"href":"https:\/\/thedailyreports.com\/es\/wp-json\/wp\/v2\/media?parent=12201"}],"wp:term":[{"taxonomy":"category","embeddable":true,"href":"https:\/\/thedailyreports.com\/es\/wp-json\/wp\/v2\/categories?post=12201"},{"taxonomy":"post_tag","embeddable":true,"href":"https:\/\/thedailyreports.com\/es\/wp-json\/wp\/v2\/tags?post=12201"}],"curies":[{"name":"wp","href":"https:\/\/api.w.org\/{rel}","templated":true}]}}