{"id":12176,"date":"2023-06-14T02:09:27","date_gmt":"2023-06-14T02:09:27","guid":{"rendered":"https:\/\/thedailyreports.com\/es\/?p=12176"},"modified":"2023-06-14T02:09:28","modified_gmt":"2023-06-14T02:09:28","slug":"la-guardia-revolucionaria-bombardea-las-regiones-kurdas-de-iran","status":"publish","type":"post","link":"https:\/\/thedailyreports.com\/es\/iran\/la-guardia-revolucionaria-bombardea-las-regiones-kurdas-de-iran\/","title":{"rendered":"La Guardia Revolucionaria bombardea las regiones kurdas de Ir\u00e1n"},"content":{"rendered":"\n<h2 class=\"wp-block-heading\">El r\u00e9gimen irani provoca terror entre los kurdos del pa\u00eds<\/h2>\n\n\n\n<p>Este lunes, las fuerzas iran\u00edes llevaron a cabo ataques en varias regiones kurdas, generando terror entre los residentes de las aldeas cercanas. <\/p>\n\n\n\n<p>Seg\u00fan la Red de Derechos Humanos del Kurdist\u00e1n (KHRN), con sede en Francia, la Guardia Revolucionaria bombarde\u00f3 las alturas de la monta\u00f1a Kosalan, cerca de la ciudad de Sarvabad, en la provincia de Kordist\u00e1n. <\/p>\n\n\n\n<p>Los ataques ocurrieron mientras las fuerzas del Cuerpo de la Guardia Revolucionaria Isl\u00e1mica (CGRI) se desplegaban en la regi\u00f3n realizando operativos contra la poblaci\u00f3n kurda de Ir\u00e1n.<\/p>\n\n\n\n<p>Los aldeanos informaron a la organizaci\u00f3n de derechos humanos que las alturas de la aldea de Razab tambi\u00e9n fueron bombardeadas. A continuaci\u00f3n, las fuerzas del CGRI fueron enviadas al \u00e1rea junto con excavadoras. La raz\u00f3n de los ataques nocturnos sigue sienda desconocida.<\/p>\n\n\n\n<p>En la semana anterior, las fuerzas del CGRI tambi\u00e9n se desplegaron en las ciudades de Ravansar, Paveh y Sarvabad, en las provincias de Kermanshah y Kordestan, y bombardearon esas \u00e1reas con drones.<\/p>\n\n\n\n<p>La Rep\u00fablica Isl\u00e1mica considera a los grupos armados kurdos iran\u00edes como &#8221; organizaciones terroristas&#8221;. Por su parte, estas agrupaciones afirman que su campa\u00f1a armada tiene como objetivo &#8220;defender los derechos de los kurdos&#8221;.<\/p>\n\n\n\n<p>La situaci\u00f3n pol\u00edtica actual en Ir\u00e1n es compleja y en constante evoluci\u00f3n. Durante los \u00falimos meses, se han registrado protestas y disturbios en todo el pa\u00eds, incluyendo las regiones kurdas. Las autoridades iran\u00edes han desplegado refuerzos militares en las regiones kurdas en respuesta a las intensificadas protestas.<\/p>\n","protected":false},"excerpt":{"rendered":"<p>El r\u00e9gimen irani provoca terror entre los kurdos del pa\u00eds Este lunes, las fuerzas iran\u00edes llevaron a cabo ataques en varias regiones kurdas, generando terror entre los residentes de las aldeas cercanas. Seg\u00fan la Red de Derechos Humanos del Kurdist\u00e1n (KHRN), con sede en Francia, la Guardia Revolucionaria bombarde\u00f3 las alturas de la monta\u00f1a Kosalan,<\/p>\n","protected":false},"author":1,"featured_media":12124,"comment_status":"open","ping_status":"open","sticky":false,"template":"","format":"standard","meta":{"footnotes":""},"categories":[36],"tags":[572,512],"class_list":{"0":"post-12176","1":"post","2":"type-post","3":"status-publish","4":"format-standard","5":"has-post-thumbnail","7":"category-iran","8":"tag-guardia-revolucionaria","9":"tag-iran-2"},"_links":{"self":[{"href":"https:\/\/thedailyreports.com\/es\/wp-json\/wp\/v2\/posts\/12176","targetHints":{"allow":["GET"]}}],"collection":[{"href":"https:\/\/thedailyreports.com\/es\/wp-json\/wp\/v2\/posts"}],"about":[{"href":"https:\/\/thedailyreports.com\/es\/wp-json\/wp\/v2\/types\/post"}],"author":[{"embeddable":true,"href":"https:\/\/thedailyreports.com\/es\/wp-json\/wp\/v2\/users\/1"}],"replies":[{"embeddable":true,"href":"https:\/\/thedailyreports.com\/es\/wp-json\/wp\/v2\/comments?post=12176"}],"version-history":[{"count":1,"href":"https:\/\/thedailyreports.com\/es\/wp-json\/wp\/v2\/posts\/12176\/revisions"}],"predecessor-version":[{"id":12177,"href":"https:\/\/thedailyreports.com\/es\/wp-json\/wp\/v2\/posts\/12176\/revisions\/12177"}],"wp:featuredmedia":[{"embeddable":true,"href":"https:\/\/thedailyreports.com\/es\/wp-json\/wp\/v2\/media\/12124"}],"wp:attachment":[{"href":"https:\/\/thedailyreports.com\/es\/wp-json\/wp\/v2\/media?parent=12176"}],"wp:term":[{"taxonomy":"category","embeddable":true,"href":"https:\/\/thedailyreports.com\/es\/wp-json\/wp\/v2\/categories?post=12176"},{"taxonomy":"post_tag","embeddable":true,"href":"https:\/\/thedailyreports.com\/es\/wp-json\/wp\/v2\/tags?post=12176"}],"curies":[{"name":"wp","href":"https:\/\/api.w.org\/{rel}","templated":true}]}}