{"id":12115,"date":"2023-06-05T03:25:09","date_gmt":"2023-06-05T03:25:09","guid":{"rendered":"https:\/\/thedailyreports.com\/es\/?p=12115"},"modified":"2023-06-05T03:25:55","modified_gmt":"2023-06-05T03:25:55","slug":"jefe-de-la-otan-presiono-a-erdogan-para-que-levante-veto-de-ingreso-de-suecia-a-la-alianza","status":"publish","type":"post","link":"https:\/\/thedailyreports.com\/es\/turkey\/jefe-de-la-otan-presiono-a-erdogan-para-que-levante-veto-de-ingreso-de-suecia-a-la-alianza\/","title":{"rendered":"Jefe de la OTAN presion\u00f3 a Erdogan para que permita ingreso de Suecia a la Alianza"},"content":{"rendered":"\n<h2 class=\"wp-block-heading\">La OTAN presiona a Erdogan<\/h2>\n\n\n\n<p>El secretario general de la OTAN, <strong>Jens Stoltenberg<\/strong>, ha instado al presidente turco <strong>Recep Tayyip Erdogan<\/strong> a levantar su veto a la candidatura sueca, afirmando que Suecia ha cumplido con las exigencias de Ankara. <\/p>\n\n\n\n<p>Seg\u00fan las declaraciones recogidas por <em>AFP<\/em>, Stoltenberg asegur\u00f3 que Suecia ha cumplido con sus responsabilidades, tomando medidas concretas y significativas para abordar las preocupaciones de Turqu\u00eda.<\/p>\n\n\n\n<p>Estas medidas incluyen la modificaci\u00f3n de su pol\u00edtica de acogida a individuos buscados por Ankara por su supuesta afiliaci\u00f3n al Partido de los Trabajadores del Kurdist\u00e1n (PKK) y grupos relacionados, considerados como organizaciones terroristas por el Gobierno turco.<\/p>\n\n\n\n<p>El secretario general de la OTAN enfatiz\u00f3 que Suecia ha cumplido con sus obligaciones y subray\u00f3 este hecho durante la ceremonia de investidura de Erdogan, a la que asistieron l\u00edderes de todo el mundo. <\/p>\n\n\n\n<p>Actualmente, Turqu\u00eda y Hungr\u00eda son los \u00fanicos pa\u00edses miembros de la OTAN que a\u00fan no han ratificado la adhesi\u00f3n de Suecia a la Alianza. <\/p>\n\n\n\n<p>Sin embargo, se espera que Suecia se convierta en miembro de pleno derecho en la cumbre de l\u00edderes que se celebrar\u00e1 en Lituania los d\u00edas 11 y 12 de julio.<\/p>\n\n\n\n<p>Estas declaraciones reflejan los esfuerzos de la OTAN para resolver las diferencias entre Turqu\u00eda y Suecia, permitiendo que la candidatura sueca avance hacia la membres\u00eda plena en la Alianza Atl\u00e1ntica. <\/p>\n\n\n\n<p>La superaci\u00f3n de los obst\u00e1culos presentados por Turqu\u00eda es un paso importante para fortalecer la cooperaci\u00f3n y la unidad dentro de la OTAN, mientras se contin\u00faa trabajando en la lucha contra el terrorismo y otros desaf\u00edos de seguridad comunes.<\/p>\n","protected":false},"excerpt":{"rendered":"<p>La OTAN presiona a Erdogan El secretario general de la OTAN, Jens Stoltenberg, ha instado al presidente turco Recep Tayyip Erdogan a levantar su veto a la candidatura sueca, afirmando que Suecia ha cumplido con las exigencias de Ankara. Seg\u00fan las declaraciones recogidas por AFP, Stoltenberg asegur\u00f3 que Suecia ha cumplido con sus responsabilidades, tomando<\/p>\n","protected":false},"author":1,"featured_media":12116,"comment_status":"open","ping_status":"open","sticky":false,"template":"","format":"standard","meta":{"footnotes":""},"categories":[42],"tags":[620,749,536],"class_list":{"0":"post-12115","1":"post","2":"type-post","3":"status-publish","4":"format-standard","5":"has-post-thumbnail","7":"category-turkey","8":"tag-otan","9":"tag-suecia","10":"tag-turquia"},"_links":{"self":[{"href":"https:\/\/thedailyreports.com\/es\/wp-json\/wp\/v2\/posts\/12115","targetHints":{"allow":["GET"]}}],"collection":[{"href":"https:\/\/thedailyreports.com\/es\/wp-json\/wp\/v2\/posts"}],"about":[{"href":"https:\/\/thedailyreports.com\/es\/wp-json\/wp\/v2\/types\/post"}],"author":[{"embeddable":true,"href":"https:\/\/thedailyreports.com\/es\/wp-json\/wp\/v2\/users\/1"}],"replies":[{"embeddable":true,"href":"https:\/\/thedailyreports.com\/es\/wp-json\/wp\/v2\/comments?post=12115"}],"version-history":[{"count":2,"href":"https:\/\/thedailyreports.com\/es\/wp-json\/wp\/v2\/posts\/12115\/revisions"}],"predecessor-version":[{"id":12118,"href":"https:\/\/thedailyreports.com\/es\/wp-json\/wp\/v2\/posts\/12115\/revisions\/12118"}],"wp:featuredmedia":[{"embeddable":true,"href":"https:\/\/thedailyreports.com\/es\/wp-json\/wp\/v2\/media\/12116"}],"wp:attachment":[{"href":"https:\/\/thedailyreports.com\/es\/wp-json\/wp\/v2\/media?parent=12115"}],"wp:term":[{"taxonomy":"category","embeddable":true,"href":"https:\/\/thedailyreports.com\/es\/wp-json\/wp\/v2\/categories?post=12115"},{"taxonomy":"post_tag","embeddable":true,"href":"https:\/\/thedailyreports.com\/es\/wp-json\/wp\/v2\/tags?post=12115"}],"curies":[{"name":"wp","href":"https:\/\/api.w.org\/{rel}","templated":true}]}}