{"id":12103,"date":"2023-06-04T00:16:51","date_gmt":"2023-06-04T00:16:51","guid":{"rendered":"https:\/\/thedailyreports.com\/es\/?p=12103"},"modified":"2023-06-04T00:17:34","modified_gmt":"2023-06-04T00:17:34","slug":"cop28-y-el-rol-de-las-religiones-para-enfrentar-el-cambio-climatico","status":"publish","type":"post","link":"https:\/\/thedailyreports.com\/es\/cop28\/cop28-y-el-rol-de-las-religiones-para-enfrentar-el-cambio-climatico\/","title":{"rendered":"COP28 y el rol de las religiones para enfrentar el cambio clim\u00e1tico"},"content":{"rendered":"\n<h2 class=\"wp-block-heading\">Las religiones se unen para proteger el planeta<\/h2>\n\n\n\n<p>En una reuni\u00f3n llevada a cabo el 29 de mayo, el papa Francisco se encontr\u00f3 con el juez Abdelsalam y autoridades de los Emiratos \u00c1rabes Unidos con el objetivo de promover el papel de las religiones en la b\u00fasqueda de soluciones pr\u00e1cticas para hacer frente al cambio clim\u00e1tico.<\/p>\n\n\n\n<p>No solo la pol\u00edtica o la sociedad civil, sino tambi\u00e9n las religiones desean y aspiran a desempe\u00f1ar un papel protag\u00f3nico en la protecci\u00f3n pr\u00e1ctica de la Tierra. <\/p>\n\n\n\n<p>Esta es la meta de una iniciativa que fue discutida recientemente por el papa y el juez Mohamed Abdelsalam, Secretario General del Consejo Musulm\u00e1n de Ancianos, as\u00ed como el embajador Majid Al-Suwaidi, Director General y Representante Especial de la Presidencia de la COP28, la cual se llevar\u00e1 a cabo en los Emiratos \u00c1rabes Unidos a finales de este a\u00f1o, del 30 de noviembre al 12 de diciembre.<\/p>\n\n\n\n<p>La Oficina de Prensa del Vaticano inform\u00f3 sobre esta reuni\u00f3n, la cual tuvo lugar el 29 de mayo en la Casa Santa Marta. <\/p>\n\n\n\n<p>Durante el encuentro, se discuti\u00f3 la posibilidad de &#8220;<strong>lanzar una iniciativa conjunta sobre el cambio clim\u00e1tico en preparaci\u00f3n y con motivo de la pr\u00f3xima COP28<\/strong>&#8221; con el fin de &#8220;<strong>involucrar a las instituciones religiosas, l\u00edderes y organizaciones de la sociedad civil en el establecimiento de objetivos<\/strong>&#8221; para la cumbre.<\/p>\n\n\n\n<p>Con este prop\u00f3sito, se invitar\u00e1 a todas las instituciones religiosas, l\u00edderes y organizaciones de la sociedad civil de todo el mundo &#8220;a unirse&#8221;, seg\u00fan el comunicado, &#8220;<strong>para lograr el objetivo com\u00fan de proteger la Tierra, nuestro hogar compartido<\/strong>&#8220;. <\/p>\n\n\n\n<p>La iniciativa busca &#8220;<strong>fortalecer el papel de las religiones como un puente entre naciones, culturas e individuos, y abrir nuevos horizontes para la acci\u00f3n clim\u00e1tica<\/strong>&#8220;. <\/p>\n\n\n\n<p>Se destaca la &#8220;<strong>firme creencia en la importancia del papel de los l\u00edderes e instituciones religiosas en la promoci\u00f3n de soluciones pr\u00e1cticas para enfrentar las consecuencias perjudiciales del cambio clim\u00e1tico<\/strong>&#8220;.<\/p>\n\n\n\n<p>Adem\u00e1s, durante la reuni\u00f3n se consider\u00f3 la posibilidad de establecer un pabell\u00f3n dedicado al di\u00e1logo interreligioso e intercultural en la COP28. <\/p>\n\n\n\n<p>Este espacio tendr\u00eda como objetivo fomentar el discurso religioso ilustrado y el intercambio de conocimientos, sirviendo como plataforma para el di\u00e1logo entre religiones y culturas, y resaltando el papel crucial de las perspectivas y valores religiosos en la abordar la crisis clim\u00e1tica.<\/p>\n","protected":false},"excerpt":{"rendered":"<p>Las religiones se unen para proteger el planeta En una reuni\u00f3n llevada a cabo el 29 de mayo, el papa Francisco se encontr\u00f3 con el juez Abdelsalam y autoridades de los Emiratos \u00c1rabes Unidos con el objetivo de promover el papel de las religiones en la b\u00fasqueda de soluciones pr\u00e1cticas para hacer frente al cambio<\/p>\n","protected":false},"author":1,"featured_media":12104,"comment_status":"open","ping_status":"open","sticky":false,"template":"","format":"standard","meta":{"footnotes":""},"categories":[854],"tags":[859,861],"class_list":{"0":"post-12103","1":"post","2":"type-post","3":"status-publish","4":"format-standard","5":"has-post-thumbnail","7":"category-cop28","8":"tag-cambio-climatico","9":"tag-cop28"},"_links":{"self":[{"href":"https:\/\/thedailyreports.com\/es\/wp-json\/wp\/v2\/posts\/12103","targetHints":{"allow":["GET"]}}],"collection":[{"href":"https:\/\/thedailyreports.com\/es\/wp-json\/wp\/v2\/posts"}],"about":[{"href":"https:\/\/thedailyreports.com\/es\/wp-json\/wp\/v2\/types\/post"}],"author":[{"embeddable":true,"href":"https:\/\/thedailyreports.com\/es\/wp-json\/wp\/v2\/users\/1"}],"replies":[{"embeddable":true,"href":"https:\/\/thedailyreports.com\/es\/wp-json\/wp\/v2\/comments?post=12103"}],"version-history":[{"count":2,"href":"https:\/\/thedailyreports.com\/es\/wp-json\/wp\/v2\/posts\/12103\/revisions"}],"predecessor-version":[{"id":12106,"href":"https:\/\/thedailyreports.com\/es\/wp-json\/wp\/v2\/posts\/12103\/revisions\/12106"}],"wp:featuredmedia":[{"embeddable":true,"href":"https:\/\/thedailyreports.com\/es\/wp-json\/wp\/v2\/media\/12104"}],"wp:attachment":[{"href":"https:\/\/thedailyreports.com\/es\/wp-json\/wp\/v2\/media?parent=12103"}],"wp:term":[{"taxonomy":"category","embeddable":true,"href":"https:\/\/thedailyreports.com\/es\/wp-json\/wp\/v2\/categories?post=12103"},{"taxonomy":"post_tag","embeddable":true,"href":"https:\/\/thedailyreports.com\/es\/wp-json\/wp\/v2\/tags?post=12103"}],"curies":[{"name":"wp","href":"https:\/\/api.w.org\/{rel}","templated":true}]}}